{"id":6897,"date":"2008-12-06T18:53:26","date_gmt":"2008-12-06T17:53:26","guid":{"rendered":"http:\/\/www.visit-ulcinj.com\/blog\/?p=6897"},"modified":"2008-12-07T20:38:13","modified_gmt":"2008-12-07T19:38:13","slug":"formirana-nvo-mreza-za-clanstvo-u-nato","status":"publish","type":"post","link":"https:\/\/www.visit-ulcinj.com\/blog\/2008\/12\/06\/formirana-nvo-mreza-za-clanstvo-u-nato\/","title":{"rendered":"Ulcinj: Formirana NVO mre\u017ea za ?lanstvo u Nato"},"content":{"rendered":"<p><a title=\"NATO MONTENEGRO\" href=\"http:\/\/www.ngo-horizonti.org\/images\/download\/publikacije\/1_BROSHURA_NATO_2008.pdf\" target=\"_blank\"><img loading=\"lazy\" class=\"alignleft size-medium wp-image-6898\" title=\"formirana-nvo-mreza-za-clanstvo-u-nato\" src=\"http:\/\/www.visit-ulcinj.com\/blog\/wp-content\/uploads\/2008\/12\/formirana-nvo-mreza-za-clanstvo-u-nato-300x300.jpg\" alt=\"\" width=\"346\" height=\"346\" srcset=\"https:\/\/www.visit-ulcinj.com\/blog\/wp-content\/uploads\/2008\/12\/formirana-nvo-mreza-za-clanstvo-u-nato-300x300.jpg 300w, https:\/\/www.visit-ulcinj.com\/blog\/wp-content\/uploads\/2008\/12\/formirana-nvo-mreza-za-clanstvo-u-nato-150x150.jpg 150w, https:\/\/www.visit-ulcinj.com\/blog\/wp-content\/uploads\/2008\/12\/formirana-nvo-mreza-za-clanstvo-u-nato.jpg 557w\" sizes=\"(max-width: 346px) 100vw, 346px\" \/><\/a><strong>Spremaju se za debatu<\/strong><br \/>\nPodgorica &#8211; Javna debata o ?lanstvu Crne Gore u NATO mora biti sveobuhvatnija, sa izno\u0161enjem i pozitivnih i negativnih aspekata ?lanstva, ocijenjeno je na ju?era\u0161njem osniva?kom sastanku Alfa mre\u017ee za podr\u0161ku NATO integracijama Crne Gore.<br \/>\nMre\u017eu nevladinih organizacija, ?iji je cilj podr\u0161ka ?lanstvu Crne Gore u Alijansi, ?ine Alfa centar iz Nik\u0161i?a, Fridom centar iz Tuzi, Fridom iz Pljevalja, Paks iz Ulcinja, bjelopoljski Demokratski centar i Omladinski pokret za evroatlantske integracije iz Podgorice. Te organizacije ju?e su u Podgorici potpisale Memorandum o saradnji i najavile budu?e aktivnosti u informisanju javnosti o procesu uklju?enja u NATO.<br \/>\nDirektor Alfa centra Aleksandar Dedovi? ocijenio je ju?e da javna debata o NATO treba da bude mnogo \u0161ira, a informacije koje se plasiranju gra?anima \u201crazne i korektne\u201d, zbog ?ega je, dodao je on, i formirana Alfa mre\u017ea.<a title=\"NATO MONTENEGRO\" href=\"http:\/\/www.ngo-horizonti.org\/images\/download\/publikacije\/1_BROSHURA_NATO_2008.pdf\" target=\"_blank\"><img loading=\"lazy\" class=\"alignright size-full wp-image-6899\" title=\"aleanca-veri-atlantike\" src=\"http:\/\/www.visit-ulcinj.com\/blog\/wp-content\/uploads\/2008\/12\/aleanca-veri-atlantike.jpg\" alt=\"\" width=\"190\" height=\"110\" \/><\/a><br \/>\n\u201dCilj je da se realizuju aktivnosti na \u0161irenju i ja?anju javne debate o pozitivnim i negativnim implikacijama ?lanstva u NATO, kontaktiraju?i sa neistomi\u0161ljenicima i tra\u017ee?i dijalog\u201d, kazao je Dedovi?.<br \/>\nOn je ocijenio da su se na dosada\u0161njim aktivnostima tog tipa u Crnoj Gori \u201cokupljali istomi\u0161ljenici, a sve pod velom misterije i tajne\u201d.<br \/>\n<strong>D\u0161.T.<br \/>\nIzvor \/ Vijesti<\/strong><\/p>\n","protected":false},"excerpt":{"rendered":"<p>Spremaju se za debatu Podgorica &#8211; Javna debata o ?lanstvu Crne Gore u NATO mora biti sveobuhvatnija, sa izno\u0161enjem i pozitivnih i negativnih aspekata ?lanstva, ocijenjeno je na ju?era\u0161njem osniva?kom sastanku Alfa mre\u017ee za podr\u0161ku NATO integracijama Crne Gore. Mre\u017eu nevladinih organizacija, ?iji je cilj podr\u0161ka ?lanstvu Crne Gore u Alijansi, ?ine Alfa centar iz [&hellip;]<\/p>\n","protected":false},"author":1,"featured_media":0,"comment_status":"open","ping_status":"closed","sticky":false,"template":"","format":"standard","meta":{"spay_email":"","jetpack_publicize_message":"","jetpack_is_tweetstorm":false,"jetpack_publicize_feature_enabled":true},"categories":[11],"tags":[20,1753],"jetpack_publicize_connections":[],"yoast_head":"<!-- This site is optimized with the Yoast SEO plugin v19.1 - https:\/\/yoast.com\/wordpress\/plugins\/seo\/ -->\n<title>Ulcinj: Formirana NVO mre\u017ea za ?lanstvo u Nato - Lajme nga Ulqini<\/title>\n<meta name=\"description\" content=\"Spremaju se za debatu Podgorica - Javna debata o ?lanstvu Crne Gore u NATO mora biti sveobuhvatnija, sa izno\u0161enjem i pozitivnih i negativnih aspekata\" \/>\n<meta name=\"robots\" content=\"index, follow, max-snippet:-1, max-image-preview:large, max-video-preview:-1\" \/>\n<link rel=\"canonical\" href=\"https:\/\/www.visit-ulcinj.com\/blog\/2008\/12\/06\/formirana-nvo-mreza-za-clanstvo-u-nato\/\" \/>\n<meta property=\"og:locale\" content=\"en_US\" \/>\n<meta property=\"og:type\" content=\"article\" \/>\n<meta property=\"og:title\" content=\"Ulcinj: Formirana NVO mre\u017ea za ?lanstvo u Nato - Lajme nga Ulqini\" \/>\n<meta property=\"og:description\" content=\"Spremaju se za debatu Podgorica - Javna debata o ?lanstvu Crne Gore u NATO mora biti sveobuhvatnija, sa izno\u0161enjem i pozitivnih i negativnih aspekata\" \/>\n<meta property=\"og:url\" content=\"https:\/\/www.visit-ulcinj.com\/blog\/2008\/12\/06\/formirana-nvo-mreza-za-clanstvo-u-nato\/\" \/>\n<meta property=\"og:site_name\" content=\"Lajme nga Ulqini\" \/>\n<meta property=\"article:published_time\" content=\"2008-12-06T17:53:26+00:00\" \/>\n<meta property=\"article:modified_time\" content=\"2008-12-07T19:38:13+00:00\" \/>\n<meta property=\"og:image\" content=\"http:\/\/www.visit-ulcinj.com\/blog\/wp-content\/uploads\/2008\/12\/formirana-nvo-mreza-za-clanstvo-u-nato-300x300.jpg\" \/>\n<meta name=\"twitter:label1\" content=\"Written by\" \/>\n\t<meta name=\"twitter:data1\" content=\"ulqini\" \/>\n\t<meta name=\"twitter:label2\" content=\"Est. reading time\" \/>\n\t<meta name=\"twitter:data2\" content=\"1 minute\" \/>\n<script type=\"application\/ld+json\" class=\"yoast-schema-graph\">{\"@context\":\"https:\/\/schema.org\",\"@graph\":[{\"@type\":\"WebSite\",\"@id\":\"https:\/\/www.visit-ulcinj.com\/blog\/#website\",\"url\":\"https:\/\/www.visit-ulcinj.com\/blog\/\",\"name\":\"Lajme nga Ulqini\",\"description\":\"Lajme,Vijesti,Ulqini,Ulqin,Crna Gora,Mali i Zi\",\"potentialAction\":[{\"@type\":\"SearchAction\",\"target\":{\"@type\":\"EntryPoint\",\"urlTemplate\":\"https:\/\/www.visit-ulcinj.com\/blog\/?s={search_term_string}\"},\"query-input\":\"required name=search_term_string\"}],\"inLanguage\":\"en-US\"},{\"@type\":\"ImageObject\",\"inLanguage\":\"en-US\",\"@id\":\"https:\/\/www.visit-ulcinj.com\/blog\/2008\/12\/06\/formirana-nvo-mreza-za-clanstvo-u-nato\/#primaryimage\",\"url\":\"http:\/\/www.visit-ulcinj.com\/blog\/wp-content\/uploads\/2008\/12\/formirana-nvo-mreza-za-clanstvo-u-nato-300x300.jpg\",\"contentUrl\":\"http:\/\/www.visit-ulcinj.com\/blog\/wp-content\/uploads\/2008\/12\/formirana-nvo-mreza-za-clanstvo-u-nato-300x300.jpg\"},{\"@type\":\"WebPage\",\"@id\":\"https:\/\/www.visit-ulcinj.com\/blog\/2008\/12\/06\/formirana-nvo-mreza-za-clanstvo-u-nato\/#webpage\",\"url\":\"https:\/\/www.visit-ulcinj.com\/blog\/2008\/12\/06\/formirana-nvo-mreza-za-clanstvo-u-nato\/\",\"name\":\"Ulcinj: Formirana NVO mre\u017ea za ?lanstvo u Nato - Lajme nga Ulqini\",\"isPartOf\":{\"@id\":\"https:\/\/www.visit-ulcinj.com\/blog\/#website\"},\"primaryImageOfPage\":{\"@id\":\"https:\/\/www.visit-ulcinj.com\/blog\/2008\/12\/06\/formirana-nvo-mreza-za-clanstvo-u-nato\/#primaryimage\"},\"datePublished\":\"2008-12-06T17:53:26+00:00\",\"dateModified\":\"2008-12-07T19:38:13+00:00\",\"author\":{\"@id\":\"https:\/\/www.visit-ulcinj.com\/blog\/#\/schema\/person\/dcab619c614d3038751c63bc2aadc06d\"},\"description\":\"Spremaju se za debatu Podgorica - Javna debata o ?lanstvu Crne Gore u NATO mora biti sveobuhvatnija, sa izno\u0161enjem i pozitivnih i negativnih aspekata\",\"breadcrumb\":{\"@id\":\"https:\/\/www.visit-ulcinj.com\/blog\/2008\/12\/06\/formirana-nvo-mreza-za-clanstvo-u-nato\/#breadcrumb\"},\"inLanguage\":\"en-US\",\"potentialAction\":[{\"@type\":\"ReadAction\",\"target\":[\"https:\/\/www.visit-ulcinj.com\/blog\/2008\/12\/06\/formirana-nvo-mreza-za-clanstvo-u-nato\/\"]}]},{\"@type\":\"BreadcrumbList\",\"@id\":\"https:\/\/www.visit-ulcinj.com\/blog\/2008\/12\/06\/formirana-nvo-mreza-za-clanstvo-u-nato\/#breadcrumb\",\"itemListElement\":[{\"@type\":\"ListItem\",\"position\":1,\"name\":\"Ulcinj: Formirana NVO mre\u017ea za ?lanstvo u Nato\"}]},{\"@type\":\"Person\",\"@id\":\"https:\/\/www.visit-ulcinj.com\/blog\/#\/schema\/person\/dcab619c614d3038751c63bc2aadc06d\",\"name\":\"ulqini\",\"sameAs\":[\"http:\/\/www.visit-ulcinj.com\"],\"url\":\"https:\/\/www.visit-ulcinj.com\/blog\/author\/admin\/\"}]}<\/script>\n<!-- \/ Yoast SEO plugin. -->","yoast_head_json":{"title":"Ulcinj: Formirana NVO mre\u017ea za ?lanstvo u Nato - Lajme nga Ulqini","description":"Spremaju se za debatu Podgorica - Javna debata o ?lanstvu Crne Gore u NATO mora biti sveobuhvatnija, sa izno\u0161enjem i pozitivnih i negativnih aspekata","robots":{"index":"index","follow":"follow","max-snippet":"max-snippet:-1","max-image-preview":"max-image-preview:large","max-video-preview":"max-video-preview:-1"},"canonical":"https:\/\/www.visit-ulcinj.com\/blog\/2008\/12\/06\/formirana-nvo-mreza-za-clanstvo-u-nato\/","og_locale":"en_US","og_type":"article","og_title":"Ulcinj: Formirana NVO mre\u017ea za ?lanstvo u Nato - Lajme nga Ulqini","og_description":"Spremaju se za debatu Podgorica - Javna debata o ?lanstvu Crne Gore u NATO mora biti sveobuhvatnija, sa izno\u0161enjem i pozitivnih i negativnih aspekata","og_url":"https:\/\/www.visit-ulcinj.com\/blog\/2008\/12\/06\/formirana-nvo-mreza-za-clanstvo-u-nato\/","og_site_name":"Lajme nga Ulqini","article_published_time":"2008-12-06T17:53:26+00:00","article_modified_time":"2008-12-07T19:38:13+00:00","og_image":[{"url":"http:\/\/www.visit-ulcinj.com\/blog\/wp-content\/uploads\/2008\/12\/formirana-nvo-mreza-za-clanstvo-u-nato-300x300.jpg"}],"twitter_misc":{"Written by":"ulqini","Est. reading time":"1 minute"},"schema":{"@context":"https:\/\/schema.org","@graph":[{"@type":"WebSite","@id":"https:\/\/www.visit-ulcinj.com\/blog\/#website","url":"https:\/\/www.visit-ulcinj.com\/blog\/","name":"Lajme nga Ulqini","description":"Lajme,Vijesti,Ulqini,Ulqin,Crna Gora,Mali i Zi","potentialAction":[{"@type":"SearchAction","target":{"@type":"EntryPoint","urlTemplate":"https:\/\/www.visit-ulcinj.com\/blog\/?s={search_term_string}"},"query-input":"required name=search_term_string"}],"inLanguage":"en-US"},{"@type":"ImageObject","inLanguage":"en-US","@id":"https:\/\/www.visit-ulcinj.com\/blog\/2008\/12\/06\/formirana-nvo-mreza-za-clanstvo-u-nato\/#primaryimage","url":"http:\/\/www.visit-ulcinj.com\/blog\/wp-content\/uploads\/2008\/12\/formirana-nvo-mreza-za-clanstvo-u-nato-300x300.jpg","contentUrl":"http:\/\/www.visit-ulcinj.com\/blog\/wp-content\/uploads\/2008\/12\/formirana-nvo-mreza-za-clanstvo-u-nato-300x300.jpg"},{"@type":"WebPage","@id":"https:\/\/www.visit-ulcinj.com\/blog\/2008\/12\/06\/formirana-nvo-mreza-za-clanstvo-u-nato\/#webpage","url":"https:\/\/www.visit-ulcinj.com\/blog\/2008\/12\/06\/formirana-nvo-mreza-za-clanstvo-u-nato\/","name":"Ulcinj: Formirana NVO mre\u017ea za ?lanstvo u Nato - Lajme nga Ulqini","isPartOf":{"@id":"https:\/\/www.visit-ulcinj.com\/blog\/#website"},"primaryImageOfPage":{"@id":"https:\/\/www.visit-ulcinj.com\/blog\/2008\/12\/06\/formirana-nvo-mreza-za-clanstvo-u-nato\/#primaryimage"},"datePublished":"2008-12-06T17:53:26+00:00","dateModified":"2008-12-07T19:38:13+00:00","author":{"@id":"https:\/\/www.visit-ulcinj.com\/blog\/#\/schema\/person\/dcab619c614d3038751c63bc2aadc06d"},"description":"Spremaju se za debatu Podgorica - Javna debata o ?lanstvu Crne Gore u NATO mora biti sveobuhvatnija, sa izno\u0161enjem i pozitivnih i negativnih aspekata","breadcrumb":{"@id":"https:\/\/www.visit-ulcinj.com\/blog\/2008\/12\/06\/formirana-nvo-mreza-za-clanstvo-u-nato\/#breadcrumb"},"inLanguage":"en-US","potentialAction":[{"@type":"ReadAction","target":["https:\/\/www.visit-ulcinj.com\/blog\/2008\/12\/06\/formirana-nvo-mreza-za-clanstvo-u-nato\/"]}]},{"@type":"BreadcrumbList","@id":"https:\/\/www.visit-ulcinj.com\/blog\/2008\/12\/06\/formirana-nvo-mreza-za-clanstvo-u-nato\/#breadcrumb","itemListElement":[{"@type":"ListItem","position":1,"name":"Ulcinj: Formirana NVO mre\u017ea za ?lanstvo u Nato"}]},{"@type":"Person","@id":"https:\/\/www.visit-ulcinj.com\/blog\/#\/schema\/person\/dcab619c614d3038751c63bc2aadc06d","name":"ulqini","sameAs":["http:\/\/www.visit-ulcinj.com"],"url":"https:\/\/www.visit-ulcinj.com\/blog\/author\/admin\/"}]}},"jetpack_featured_media_url":"","jetpack_sharing_enabled":true,"jetpack_shortlink":"https:\/\/wp.me\/pe6lTn-1Nf","_links":{"self":[{"href":"https:\/\/www.visit-ulcinj.com\/blog\/wp-json\/wp\/v2\/posts\/6897"}],"collection":[{"href":"https:\/\/www.visit-ulcinj.com\/blog\/wp-json\/wp\/v2\/posts"}],"about":[{"href":"https:\/\/www.visit-ulcinj.com\/blog\/wp-json\/wp\/v2\/types\/post"}],"author":[{"embeddable":true,"href":"https:\/\/www.visit-ulcinj.com\/blog\/wp-json\/wp\/v2\/users\/1"}],"replies":[{"embeddable":true,"href":"https:\/\/www.visit-ulcinj.com\/blog\/wp-json\/wp\/v2\/comments?post=6897"}],"version-history":[{"count":0,"href":"https:\/\/www.visit-ulcinj.com\/blog\/wp-json\/wp\/v2\/posts\/6897\/revisions"}],"wp:attachment":[{"href":"https:\/\/www.visit-ulcinj.com\/blog\/wp-json\/wp\/v2\/media?parent=6897"}],"wp:term":[{"taxonomy":"category","embeddable":true,"href":"https:\/\/www.visit-ulcinj.com\/blog\/wp-json\/wp\/v2\/categories?post=6897"},{"taxonomy":"post_tag","embeddable":true,"href":"https:\/\/www.visit-ulcinj.com\/blog\/wp-json\/wp\/v2\/tags?post=6897"}],"curies":[{"name":"wp","href":"https:\/\/api.w.org\/{rel}","templated":true}]}}