{"id":68982,"date":"2013-02-20T21:02:28","date_gmt":"2013-02-20T20:02:28","guid":{"rendered":"http:\/\/www.visit-ulcinj.com\/blog\/?p=68982"},"modified":"2013-02-20T21:08:39","modified_gmt":"2013-02-20T20:08:39","slug":"meka-za-investitore","status":"publish","type":"post","link":"https:\/\/www.visit-ulcinj.com\/blog\/2013\/02\/20\/meka-za-investitore\/","title":{"rendered":"Meka za investitore"},"content":{"rendered":"<p><strong>Stav novinara<\/strong><\/p>\n<p>Ulcinjani jo\u0161 jednom poru\u010duju Vladi da \u0107e ponovo navijati za strate\u0161kog partnera, koga god Vlada odabere jer su jednostavno takvi &#8211; vole svoje da daju nekom koga Podgorica odabere. Ne zaboravljaju da ih je Vlada zadu\u017eila, treba vratiti pone\u0161to<\/p>\n<div id=\"article_text\">\n<p>Ulcinjani zaista mogu biti sretni \u0161to imaju ovakvu Vladu i strate\u0161ke investitore koji su u apsolutno transparentnim privatizacijama svojevremeno pokupovali gotovo sve \u0161to se moglo kupiti. Sre\u0107ni su i \u0161to imaju lijepe i pametne ministre koji ponekad navrate da im ka\u017eu \u0161ta je Vlada napravila za grad i \u0161ta tek planira da napravi od njega.<\/p>\n<p><a href=\"http:\/\/www.visit-ulcinj.com\/blog\/wp-content\/uploads\/2013\/02\/Ulcinj.jpg\"><img loading=\"lazy\" class=\"alignleft  wp-image-68983\" alt=\"Ulcinj\" src=\"http:\/\/www.visit-ulcinj.com\/blog\/wp-content\/uploads\/2013\/02\/Ulcinj.jpg\" width=\"508\" height=\"360\" \/><\/a><\/p>\n<p>Tako je jedan ministar nedavno gostuju\u0107i u radnoj posjeti gradu, saop\u0161tio, na op\u0161te zadovoljstvo naroda, da je Vlada izgradila regionalni vodovod, sanitarnu deponiju, a uskoro \u0107e i most na Port Milenijumu.<\/p>\n<p>Ministar je, slu\u010dajno ili namjerno, napravio lapsus jer je valjda mislio na onaj podgori\u010dki pa nam potonju kraljicu, ni krivu ni du\u017enu, ostavi bez mosta. Nije rekao da li i investiranje u op\u0161tine pripada po obimnom opisu posla Vlade, ali nije ni morao jer Ulcinjani dobro znaju da Vlada najvi\u0161e voli njihov grad.<\/p>\n<p>Pa zato i ula\u017ee u njega dok ostale op\u0161tine \u010de\u017enjivo posmatraju kako se jedan grad di\u017ee iz pepela i izgra\u0111uje po uzoru na napresti\u017enija mondenska ljetovali\u0161ta Evrope i svijeta.<\/p>\n<p>Ne\u0161to ranije, jedan drugi ministar saop\u0161tio je Ulcinjanima da \u0107e most na Port Mileni biti gotov do aprila, misle\u0107i valjda do predsjedni\u010dkih izbora. Na op\u0161te zadovoljstvo naroda, ministar je na mostu obznanio da most ipak ne\u0107e biti u funkciji kako je to bilo planirano projektom.<\/p>\n<p>Objelodanio je da u po\u010detku ne\u0107e biti aktivirana hidraulika tako da most ne\u0107e biti rasklopnog karaktera sve dok Port Milena ne postane plovna i zaklju\u010dio da \u0107e bogami, podosta vode Bojanom pro\u0107i dok se to ne desi. Ministar je bio upu\u0107en u to da su Ulcinjani naviknuti na prijatna iznena\u0111enja iz Podgorice i Budve pa ga zato nije iznenadilo op\u0161tenarodno veselje nakon otkri\u0107a da most zadugo ne\u0107e biti rasklopni.<\/p>\n<p>Naprotiv, za\u010dudio se bistrini naroda koji je odmah shatio krajnu nakanu Vlade koja je tim potezom samo potvrdila da upravo i samo misli na taj narod &#8211; taman posla da ljudi \u010dekaju pred rasklopnim mostom dok portom prolaze jedrenjaci i jahte kakvih bjelosvjetskih bogata\u0161a i to jo\u0161 po nesnosnim vru\u0107inama.<\/p>\n<p>Nikakvo rasklapanje ne dolazi u obzir jer ljudi obolijevaju od raznih bolesti \u010diji je uzrok nervoza pa ranije idu u invalidsku penziju. A grad treba da se gradi i mje\u0161tani da rade u slozi i veselju.<\/p>\n<p><a href=\"http:\/\/www.visit-ulcinj.com\/blog\/wp-content\/uploads\/2013\/02\/NazifCungu_Brajovic.jpg\"><img loading=\"lazy\" class=\"alignleft  wp-image-68984\" alt=\"NazifCungu_Brajovic\" src=\"http:\/\/www.visit-ulcinj.com\/blog\/wp-content\/uploads\/2013\/02\/NazifCungu_Brajovic.jpg\" width=\"508\" height=\"251\" \/><\/a>Ulcinjani su odu\u0161evljeno prihvatili najavu Vlade da raspi\u0161e novi tender za valorizaciju Valdanosa. Iskreno se raduju dolasku novog strate\u0161kog partnera poput ruskog Capital estatea, vlasnika Lida ili prebogatog britanskog Kjubus Luksa. Ulcinjani su dobro zapamtili bogate ostrvljane koji su svojevremeno u posljednji \u010das odustali od zakupnine prekrasne uvale o\u017ealostiv\u0161i cijelu naciju, a posebno Vladu.<\/p>\n<p>Odustali su, ka\u017eu, jer su im dosadili mje\u0161tani koji su redovno i organizovano sa parolama podr\u0161ke dolazili na najljep\u0161u kapiju ovog dijela Balkana da poka\u017eu da se sla\u017eu sa svim \u0161to su dogovrili Kjubus i Vlada. Tako navalentne doma\u0107ine jo\u0161 nijesu sreli &#8211; &#8216;ajd sporadi\u010dno, al&#8217; svaki dan &#8211; pretjerano.<\/p>\n<p>Nijesu mogli da se izbore sa tolikim i takvim izlivima ljubavi, pa su s obzirom na pozama\u0161na sredstva na \u017eiro-ra\u010dunima \u0161irom svijeta, odlu\u010dili da se ukotve tu i gdje jesu &#8211; na ostrvu obavijenom maglom, kakav im je i posao.<\/p>\n<p>Ulcinjani jo\u0161 jednom poru\u010duju Vladi da \u0107e ponovo navijati za strate\u0161kog partnera, koga god Vlada odabere jer su jednostavno takvi &#8211; vole svoje da daju nekom koga Podgorica odabere. Ne zaboravljaju da ih je Vlada zadu\u017eila, treba vratiti pone\u0161to. Mole je da tender raspi\u0161e \u0161to br\u017ee jer su se u\u017eeljeli okupljanja kod kapije i no\u0161enja parola sa porukama apsolutne podr\u0161ke partneru.<\/p>\n<p>Nemaju ni\u0161ta protiv namjere Vlade da maslinjake ne vrati vlasnicima. Naprotiv, \u010dvrsto vjeruju da \u0107e Vlada izgraditi tu vojnu bazu da investitore branimo od naprijatelja sa mora. Uostalom, ko \u0107e obra\u0111ivati 18 hiljada korijena? A i prinos od njih u iznosu od nekoliko miliona eura si\u0107a je za ono \u0161to Vlada namjerava da da mje\u0161tanima kada izda uvalu. Pa ko ne bi bio sre\u0107an sa takvom Vladom.<\/p>\n<p>Eto, dovela je i Ruse koji su kupili Lido, do tada najskuplje pla\u0107en hotel u Crnoj Gori. I taman kad su htjeli da grade novi hotel sa pet zvjezdica, po\u010delo je ne\u0161to da im smrdi. Sjetili su odakle dolazi smrad &#8211; iz Port Milene, ali su bili u \u010dudu kako je mogu\u0107e tako brzo zagaditi kanal. Kad su zaklju\u010divali ugovor i obilazili hotel, kanal im je mirisao na lavandu.<\/p>\n<p>Ali, Vlada je na zadovoljstvo Ulcinjana napravila aneks ugovora sa Capital estatetom tako da sada niko, pa ni Rusi, ne zna kad \u0107e biti izgra\u0111en novi hotel na ve\u0107 ocvalim ru\u0161evinama starog. Novac kojim je trebalo da bude izgra\u0111en hotel u Ulcinju, Rusi su ulo\u017eili u Budvu, opet na op\u0161tu radost Ulcinjana.<\/p>\n<p>Oni poru\u010duju da tako i treba, jer i u ovim kriznim vremenima \u010dovjek mora biti solidaran pa pustiti da se malo razvijaju i drugi gradovi, a ne samo njegov. Pamte Ulcinjani da je Budva nekad gradila Ulcinj, pa je vrijeme da joj se to lijepo vrati. Sve zahvaljuju\u0107i na\u0161oj Vladi.<\/p>\n<p><a href=\"http:\/\/www.visit-ulcinj.com\/blog\/wp-content\/uploads\/2013\/02\/solana_port-milena.jpg\"><img loading=\"lazy\" class=\"alignleft  wp-image-68987\" alt=\"solana_port milena\" src=\"http:\/\/www.visit-ulcinj.com\/blog\/wp-content\/uploads\/2013\/02\/solana_port-milena.jpg\" width=\"508\" height=\"300\" \/><\/a>Tako plemenitih investitora u Ulcinju ima napretek. Evo Eurofond, koji gazduje Solanom, prosto plijeni na\u010dinom na koji brine o radnicima i fabrici. Dodu\u0161e, malo su im \u010dudni radnici jer ho\u0107e da rade a oni bi da ih po\u0161tede od posla. Na nedavni sastanak kako da se rije\u0161i taj, problem vlasnici su poslali \u010dovjeka koji je stanje u fabrici znao do najsitnijeg detalja i bio spreman da odgovara na sva postavljena i nepostavljena pitanja. \u010covjek je solanu imao u malom prstu.<\/p>\n<p>Zato groteskno zvu\u010de primjedbe pojednih prisutnih na ra\u010dun izlaganja i odnosa govornika prema sindikalcima i tvrdnje o tobo\u017enjim makijavelisti\u010dkim namjerama vlasnika. Na svu sre\u0107u radnika Solane, predstavnik vlasnika je tog dana bio slu\u010dajno u gradu, pa kad je ve\u0107 do\u0161ao, vlasnici mu predlolo\u017eili da malo popri\u010da na sazvanoj konferenciji.<\/p>\n<p>Ina\u010de, na sastanku se moglo \u010duti da je na Solani med, mlijeko i coca-cola, redovne plate, proizvodnja i prodaja, modernizovana oprema, a samohodni transporter je u takvom stanju da ga od silnih ulaganja bera\u010di iz pro\u0161le sezone danas vjerovatno ne bi ni prepoznali. Na sastanku je izra\u017eeno i \u010du\u0111enje \u0161to je fabrika jo\u0161 u ste\u010daju, ali i zaklju\u010deno da je to mo\u017eda manevarski trik vlasnika kako bi \u0161to bolje prodao fabriku.<\/p>\n<p>Data je podr\u0161ka ste\u010dajnoj upravi da hrabro nastavi sa prodajom zemlji\u0161ta i fabrike i svega i sva\u010deg u njoj osim radnika, po cijeni od 200 i kusur miliona eura na radost svih radnika i mje\u0161tana. Jer, ko danas na svijetu ima takve investiore kao Ulcinj &#8211; hrabre, bogate i promu\u0107urne. Na sre\u0107u Ulcinjana, ama ba\u0161 niko. Nema svako ni takvu Vladu, njojzi hvala za njih.<\/p>\n<p>&nbsp;<\/p>\n<h3><a href=\"http:\/\/www.vijesti.me\/kolumne\/meka-investitore-kolumna-114537\">Samir Adrovi\u0107<\/a><br \/>\n<a href=\"http:\/\/www.vijesti.me\/kolumne\/meka-investitore-kolumna-114537\">Vijesti online<\/a><\/h3>\n<p>&nbsp;<\/p>\n<\/div>\n","protected":false},"excerpt":{"rendered":"<p>Stav novinara Ulcinjani jo\u0161 jednom poru\u010duju Vladi da \u0107e ponovo navijati za strate\u0161kog partnera, koga god Vlada odabere jer su jednostavno takvi &#8211; vole svoje da daju nekom koga Podgorica odabere. Ne zaboravljaju da ih je Vlada zadu\u017eila, treba vratiti pone\u0161to Ulcinjani zaista mogu biti sretni \u0161to imaju ovakvu Vladu i strate\u0161ke investitore koji su [&hellip;]<\/p>\n","protected":false},"author":1,"featured_media":0,"comment_status":"open","ping_status":"closed","sticky":false,"template":"","format":"standard","meta":{"spay_email":"","jetpack_publicize_message":"","jetpack_is_tweetstorm":false,"jetpack_publicize_feature_enabled":true},"categories":[6950],"tags":[],"jetpack_publicize_connections":[],"yoast_head":"<!-- This site is optimized with the Yoast SEO plugin v19.1 - https:\/\/yoast.com\/wordpress\/plugins\/seo\/ -->\n<title>Meka za investitore - Lajme nga Ulqini<\/title>\n<meta name=\"description\" content=\"Stav novinara Ulcinjani jo\u0161 jednom poru\u010duju Vladi da \u0107e ponovo navijati za strate\u0161kog partnera, koga god Vlada odabere jer su jednostavno takvi - vole\" \/>\n<meta name=\"robots\" content=\"index, follow, max-snippet:-1, max-image-preview:large, max-video-preview:-1\" \/>\n<link rel=\"canonical\" href=\"https:\/\/www.visit-ulcinj.com\/blog\/2013\/02\/20\/meka-za-investitore\/\" \/>\n<meta property=\"og:locale\" content=\"en_US\" \/>\n<meta property=\"og:type\" content=\"article\" \/>\n<meta property=\"og:title\" content=\"Meka za investitore - Lajme nga Ulqini\" \/>\n<meta property=\"og:description\" content=\"Stav novinara Ulcinjani jo\u0161 jednom poru\u010duju Vladi da \u0107e ponovo navijati za strate\u0161kog partnera, koga god Vlada odabere jer su jednostavno takvi - vole\" \/>\n<meta property=\"og:url\" content=\"https:\/\/www.visit-ulcinj.com\/blog\/2013\/02\/20\/meka-za-investitore\/\" \/>\n<meta property=\"og:site_name\" content=\"Lajme nga Ulqini\" \/>\n<meta property=\"article:published_time\" content=\"2013-02-20T20:02:28+00:00\" \/>\n<meta property=\"article:modified_time\" content=\"2013-02-20T20:08:39+00:00\" \/>\n<meta property=\"og:image\" content=\"http:\/\/www.visit-ulcinj.com\/blog\/wp-content\/uploads\/2013\/02\/Ulcinj.jpg\" \/>\n<meta name=\"twitter:label1\" content=\"Written by\" \/>\n\t<meta name=\"twitter:data1\" content=\"ulqini\" \/>\n\t<meta name=\"twitter:label2\" content=\"Est. reading time\" \/>\n\t<meta name=\"twitter:data2\" content=\"6 minutes\" \/>\n<script type=\"application\/ld+json\" class=\"yoast-schema-graph\">{\"@context\":\"https:\/\/schema.org\",\"@graph\":[{\"@type\":\"WebSite\",\"@id\":\"https:\/\/www.visit-ulcinj.com\/blog\/#website\",\"url\":\"https:\/\/www.visit-ulcinj.com\/blog\/\",\"name\":\"Lajme nga Ulqini\",\"description\":\"Lajme,Vijesti,Ulqini,Ulqin,Crna Gora,Mali i Zi\",\"potentialAction\":[{\"@type\":\"SearchAction\",\"target\":{\"@type\":\"EntryPoint\",\"urlTemplate\":\"https:\/\/www.visit-ulcinj.com\/blog\/?s={search_term_string}\"},\"query-input\":\"required name=search_term_string\"}],\"inLanguage\":\"en-US\"},{\"@type\":\"ImageObject\",\"inLanguage\":\"en-US\",\"@id\":\"https:\/\/www.visit-ulcinj.com\/blog\/2013\/02\/20\/meka-za-investitore\/#primaryimage\",\"url\":\"https:\/\/www.visit-ulcinj.com\/blog\/wp-content\/uploads\/2013\/02\/Ulcinj.jpg\",\"contentUrl\":\"https:\/\/www.visit-ulcinj.com\/blog\/wp-content\/uploads\/2013\/02\/Ulcinj.jpg\",\"width\":720,\"height\":464},{\"@type\":\"WebPage\",\"@id\":\"https:\/\/www.visit-ulcinj.com\/blog\/2013\/02\/20\/meka-za-investitore\/#webpage\",\"url\":\"https:\/\/www.visit-ulcinj.com\/blog\/2013\/02\/20\/meka-za-investitore\/\",\"name\":\"Meka za investitore - Lajme nga Ulqini\",\"isPartOf\":{\"@id\":\"https:\/\/www.visit-ulcinj.com\/blog\/#website\"},\"primaryImageOfPage\":{\"@id\":\"https:\/\/www.visit-ulcinj.com\/blog\/2013\/02\/20\/meka-za-investitore\/#primaryimage\"},\"datePublished\":\"2013-02-20T20:02:28+00:00\",\"dateModified\":\"2013-02-20T20:08:39+00:00\",\"author\":{\"@id\":\"https:\/\/www.visit-ulcinj.com\/blog\/#\/schema\/person\/dcab619c614d3038751c63bc2aadc06d\"},\"description\":\"Stav novinara Ulcinjani jo\u0161 jednom poru\u010duju Vladi da \u0107e ponovo navijati za strate\u0161kog partnera, koga god Vlada odabere jer su jednostavno takvi - vole\",\"breadcrumb\":{\"@id\":\"https:\/\/www.visit-ulcinj.com\/blog\/2013\/02\/20\/meka-za-investitore\/#breadcrumb\"},\"inLanguage\":\"en-US\",\"potentialAction\":[{\"@type\":\"ReadAction\",\"target\":[\"https:\/\/www.visit-ulcinj.com\/blog\/2013\/02\/20\/meka-za-investitore\/\"]}]},{\"@type\":\"BreadcrumbList\",\"@id\":\"https:\/\/www.visit-ulcinj.com\/blog\/2013\/02\/20\/meka-za-investitore\/#breadcrumb\",\"itemListElement\":[{\"@type\":\"ListItem\",\"position\":1,\"name\":\"Meka za investitore\"}]},{\"@type\":\"Person\",\"@id\":\"https:\/\/www.visit-ulcinj.com\/blog\/#\/schema\/person\/dcab619c614d3038751c63bc2aadc06d\",\"name\":\"ulqini\",\"sameAs\":[\"http:\/\/www.visit-ulcinj.com\"],\"url\":\"https:\/\/www.visit-ulcinj.com\/blog\/author\/admin\/\"}]}<\/script>\n<!-- \/ Yoast SEO plugin. -->","yoast_head_json":{"title":"Meka za investitore - Lajme nga Ulqini","description":"Stav novinara Ulcinjani jo\u0161 jednom poru\u010duju Vladi da \u0107e ponovo navijati za strate\u0161kog partnera, koga god Vlada odabere jer su jednostavno takvi - vole","robots":{"index":"index","follow":"follow","max-snippet":"max-snippet:-1","max-image-preview":"max-image-preview:large","max-video-preview":"max-video-preview:-1"},"canonical":"https:\/\/www.visit-ulcinj.com\/blog\/2013\/02\/20\/meka-za-investitore\/","og_locale":"en_US","og_type":"article","og_title":"Meka za investitore - Lajme nga Ulqini","og_description":"Stav novinara Ulcinjani jo\u0161 jednom poru\u010duju Vladi da \u0107e ponovo navijati za strate\u0161kog partnera, koga god Vlada odabere jer su jednostavno takvi - vole","og_url":"https:\/\/www.visit-ulcinj.com\/blog\/2013\/02\/20\/meka-za-investitore\/","og_site_name":"Lajme nga Ulqini","article_published_time":"2013-02-20T20:02:28+00:00","article_modified_time":"2013-02-20T20:08:39+00:00","og_image":[{"url":"http:\/\/www.visit-ulcinj.com\/blog\/wp-content\/uploads\/2013\/02\/Ulcinj.jpg"}],"twitter_misc":{"Written by":"ulqini","Est. reading time":"6 minutes"},"schema":{"@context":"https:\/\/schema.org","@graph":[{"@type":"WebSite","@id":"https:\/\/www.visit-ulcinj.com\/blog\/#website","url":"https:\/\/www.visit-ulcinj.com\/blog\/","name":"Lajme nga Ulqini","description":"Lajme,Vijesti,Ulqini,Ulqin,Crna Gora,Mali i Zi","potentialAction":[{"@type":"SearchAction","target":{"@type":"EntryPoint","urlTemplate":"https:\/\/www.visit-ulcinj.com\/blog\/?s={search_term_string}"},"query-input":"required name=search_term_string"}],"inLanguage":"en-US"},{"@type":"ImageObject","inLanguage":"en-US","@id":"https:\/\/www.visit-ulcinj.com\/blog\/2013\/02\/20\/meka-za-investitore\/#primaryimage","url":"https:\/\/www.visit-ulcinj.com\/blog\/wp-content\/uploads\/2013\/02\/Ulcinj.jpg","contentUrl":"https:\/\/www.visit-ulcinj.com\/blog\/wp-content\/uploads\/2013\/02\/Ulcinj.jpg","width":720,"height":464},{"@type":"WebPage","@id":"https:\/\/www.visit-ulcinj.com\/blog\/2013\/02\/20\/meka-za-investitore\/#webpage","url":"https:\/\/www.visit-ulcinj.com\/blog\/2013\/02\/20\/meka-za-investitore\/","name":"Meka za investitore - Lajme nga Ulqini","isPartOf":{"@id":"https:\/\/www.visit-ulcinj.com\/blog\/#website"},"primaryImageOfPage":{"@id":"https:\/\/www.visit-ulcinj.com\/blog\/2013\/02\/20\/meka-za-investitore\/#primaryimage"},"datePublished":"2013-02-20T20:02:28+00:00","dateModified":"2013-02-20T20:08:39+00:00","author":{"@id":"https:\/\/www.visit-ulcinj.com\/blog\/#\/schema\/person\/dcab619c614d3038751c63bc2aadc06d"},"description":"Stav novinara Ulcinjani jo\u0161 jednom poru\u010duju Vladi da \u0107e ponovo navijati za strate\u0161kog partnera, koga god Vlada odabere jer su jednostavno takvi - vole","breadcrumb":{"@id":"https:\/\/www.visit-ulcinj.com\/blog\/2013\/02\/20\/meka-za-investitore\/#breadcrumb"},"inLanguage":"en-US","potentialAction":[{"@type":"ReadAction","target":["https:\/\/www.visit-ulcinj.com\/blog\/2013\/02\/20\/meka-za-investitore\/"]}]},{"@type":"BreadcrumbList","@id":"https:\/\/www.visit-ulcinj.com\/blog\/2013\/02\/20\/meka-za-investitore\/#breadcrumb","itemListElement":[{"@type":"ListItem","position":1,"name":"Meka za investitore"}]},{"@type":"Person","@id":"https:\/\/www.visit-ulcinj.com\/blog\/#\/schema\/person\/dcab619c614d3038751c63bc2aadc06d","name":"ulqini","sameAs":["http:\/\/www.visit-ulcinj.com"],"url":"https:\/\/www.visit-ulcinj.com\/blog\/author\/admin\/"}]}},"jetpack_featured_media_url":"","jetpack_sharing_enabled":true,"jetpack_shortlink":"https:\/\/wp.me\/pe6lTn-hWC","_links":{"self":[{"href":"https:\/\/www.visit-ulcinj.com\/blog\/wp-json\/wp\/v2\/posts\/68982"}],"collection":[{"href":"https:\/\/www.visit-ulcinj.com\/blog\/wp-json\/wp\/v2\/posts"}],"about":[{"href":"https:\/\/www.visit-ulcinj.com\/blog\/wp-json\/wp\/v2\/types\/post"}],"author":[{"embeddable":true,"href":"https:\/\/www.visit-ulcinj.com\/blog\/wp-json\/wp\/v2\/users\/1"}],"replies":[{"embeddable":true,"href":"https:\/\/www.visit-ulcinj.com\/blog\/wp-json\/wp\/v2\/comments?post=68982"}],"version-history":[{"count":4,"href":"https:\/\/www.visit-ulcinj.com\/blog\/wp-json\/wp\/v2\/posts\/68982\/revisions"}],"predecessor-version":[{"id":68988,"href":"https:\/\/www.visit-ulcinj.com\/blog\/wp-json\/wp\/v2\/posts\/68982\/revisions\/68988"}],"wp:attachment":[{"href":"https:\/\/www.visit-ulcinj.com\/blog\/wp-json\/wp\/v2\/media?parent=68982"}],"wp:term":[{"taxonomy":"category","embeddable":true,"href":"https:\/\/www.visit-ulcinj.com\/blog\/wp-json\/wp\/v2\/categories?post=68982"},{"taxonomy":"post_tag","embeddable":true,"href":"https:\/\/www.visit-ulcinj.com\/blog\/wp-json\/wp\/v2\/tags?post=68982"}],"curies":[{"name":"wp","href":"https:\/\/api.w.org\/{rel}","templated":true}]}}