{"id":68991,"date":"2013-02-20T23:39:09","date_gmt":"2013-02-20T22:39:09","guid":{"rendered":"http:\/\/www.visit-ulcinj.com\/blog\/?p=68991"},"modified":"2013-02-20T23:39:09","modified_gmt":"2013-02-20T22:39:09","slug":"feronikeli-ne-pergatitje-ne-ulqin","status":"publish","type":"post","link":"https:\/\/www.visit-ulcinj.com\/blog\/2013\/02\/20\/feronikeli-ne-pergatitje-ne-ulqin\/","title":{"rendered":"Feronikeli n\u00eb p\u00ebrgatitje n\u00eb Ulqin"},"content":{"rendered":"<p><a href=\"http:\/\/www.visit-ulcinj.com\/blog\/wp-content\/uploads\/2013\/02\/ferronikeli.jpg\"><img loading=\"lazy\" class=\"alignleft  wp-image-68992\" alt=\"ferronikeli\" src=\"http:\/\/www.visit-ulcinj.com\/blog\/wp-content\/uploads\/2013\/02\/ferronikeli.jpg\" width=\"508\" height=\"360\" \/><\/a>Skuadra e Feronikelit, do t\u2019i vazhdoj p\u00ebrgatitjet n\u00eb Ulqin. Lajmin e ka konfirmuar p\u00ebr \u201cKorneri.net\u201d trajneri i njohur Ramiz Krasniqi. P\u00ebrve\u00e7 p\u00ebrgatitjeve t\u00eb ve\u00e7anta dhe t\u00eb zakonshme kondicionale, n\u00eb Ulqin priten t\u00eb zhvillohen edhe disa ndeshje kontrolluese me skuadra nga Mali i Zi, por \u00ebsht\u00eb konfirmuar edhe miq\u00ebsorja nd\u00ebrmjet Feronikelit dhe Prishtin\u00ebs.<\/p>\n","protected":false},"excerpt":{"rendered":"<p>Skuadra e Feronikelit, do t\u2019i vazhdoj p\u00ebrgatitjet n\u00eb Ulqin. Lajmin e ka konfirmuar p\u00ebr \u201cKorneri.net\u201d trajneri i njohur Ramiz Krasniqi. P\u00ebrve\u00e7 p\u00ebrgatitjeve t\u00eb ve\u00e7anta dhe t\u00eb zakonshme kondicionale, n\u00eb Ulqin priten t\u00eb zhvillohen edhe disa ndeshje kontrolluese me skuadra nga Mali i Zi, por \u00ebsht\u00eb konfirmuar edhe miq\u00ebsorja nd\u00ebrmjet Feronikelit dhe Prishtin\u00ebs.<\/p>\n","protected":false},"author":1,"featured_media":0,"comment_status":"open","ping_status":"closed","sticky":false,"template":"","format":"standard","meta":{"spay_email":"","jetpack_publicize_message":"","jetpack_is_tweetstorm":false,"jetpack_publicize_feature_enabled":true},"categories":[3],"tags":[200],"jetpack_publicize_connections":[],"yoast_head":"<!-- This site is optimized with the Yoast SEO plugin v19.1 - https:\/\/yoast.com\/wordpress\/plugins\/seo\/ -->\n<title>Feronikeli n\u00eb p\u00ebrgatitje n\u00eb Ulqin - Lajme nga Ulqini<\/title>\n<meta name=\"description\" content=\"Skuadra e Feronikelit, do t\u2019i vazhdoj p\u00ebrgatitjet n\u00eb Ulqin. Lajmin e ka konfirmuar p\u00ebr \u201cKorneri.net\u201d trajneri i njohur Ramiz Krasniqi. P\u00ebrve\u00e7 p\u00ebrgatitjeve\" \/>\n<meta name=\"robots\" content=\"index, follow, max-snippet:-1, max-image-preview:large, max-video-preview:-1\" \/>\n<link rel=\"canonical\" href=\"https:\/\/www.visit-ulcinj.com\/blog\/2013\/02\/20\/feronikeli-ne-pergatitje-ne-ulqin\/\" \/>\n<meta property=\"og:locale\" content=\"en_US\" \/>\n<meta property=\"og:type\" content=\"article\" \/>\n<meta property=\"og:title\" content=\"Feronikeli n\u00eb p\u00ebrgatitje n\u00eb Ulqin - Lajme nga Ulqini\" \/>\n<meta property=\"og:description\" content=\"Skuadra e Feronikelit, do t\u2019i vazhdoj p\u00ebrgatitjet n\u00eb Ulqin. Lajmin e ka konfirmuar p\u00ebr \u201cKorneri.net\u201d trajneri i njohur Ramiz Krasniqi. P\u00ebrve\u00e7 p\u00ebrgatitjeve\" \/>\n<meta property=\"og:url\" content=\"https:\/\/www.visit-ulcinj.com\/blog\/2013\/02\/20\/feronikeli-ne-pergatitje-ne-ulqin\/\" \/>\n<meta property=\"og:site_name\" content=\"Lajme nga Ulqini\" \/>\n<meta property=\"article:published_time\" content=\"2013-02-20T22:39:09+00:00\" \/>\n<meta property=\"og:image\" content=\"http:\/\/www.visit-ulcinj.com\/blog\/wp-content\/uploads\/2013\/02\/ferronikeli.jpg\" \/>\n<meta name=\"twitter:label1\" content=\"Written by\" \/>\n\t<meta name=\"twitter:data1\" content=\"ulqini\" \/>\n<script type=\"application\/ld+json\" class=\"yoast-schema-graph\">{\"@context\":\"https:\/\/schema.org\",\"@graph\":[{\"@type\":\"WebSite\",\"@id\":\"https:\/\/www.visit-ulcinj.com\/blog\/#website\",\"url\":\"https:\/\/www.visit-ulcinj.com\/blog\/\",\"name\":\"Lajme nga Ulqini\",\"description\":\"Lajme,Vijesti,Ulqini,Ulqin,Crna Gora,Mali i Zi\",\"potentialAction\":[{\"@type\":\"SearchAction\",\"target\":{\"@type\":\"EntryPoint\",\"urlTemplate\":\"https:\/\/www.visit-ulcinj.com\/blog\/?s={search_term_string}\"},\"query-input\":\"required name=search_term_string\"}],\"inLanguage\":\"en-US\"},{\"@type\":\"ImageObject\",\"inLanguage\":\"en-US\",\"@id\":\"https:\/\/www.visit-ulcinj.com\/blog\/2013\/02\/20\/feronikeli-ne-pergatitje-ne-ulqin\/#primaryimage\",\"url\":\"https:\/\/www.visit-ulcinj.com\/blog\/wp-content\/uploads\/2013\/02\/ferronikeli.jpg\",\"contentUrl\":\"https:\/\/www.visit-ulcinj.com\/blog\/wp-content\/uploads\/2013\/02\/ferronikeli.jpg\",\"width\":576,\"height\":384},{\"@type\":\"WebPage\",\"@id\":\"https:\/\/www.visit-ulcinj.com\/blog\/2013\/02\/20\/feronikeli-ne-pergatitje-ne-ulqin\/#webpage\",\"url\":\"https:\/\/www.visit-ulcinj.com\/blog\/2013\/02\/20\/feronikeli-ne-pergatitje-ne-ulqin\/\",\"name\":\"Feronikeli n\u00eb p\u00ebrgatitje n\u00eb Ulqin - Lajme nga Ulqini\",\"isPartOf\":{\"@id\":\"https:\/\/www.visit-ulcinj.com\/blog\/#website\"},\"primaryImageOfPage\":{\"@id\":\"https:\/\/www.visit-ulcinj.com\/blog\/2013\/02\/20\/feronikeli-ne-pergatitje-ne-ulqin\/#primaryimage\"},\"datePublished\":\"2013-02-20T22:39:09+00:00\",\"dateModified\":\"2013-02-20T22:39:09+00:00\",\"author\":{\"@id\":\"https:\/\/www.visit-ulcinj.com\/blog\/#\/schema\/person\/dcab619c614d3038751c63bc2aadc06d\"},\"description\":\"Skuadra e Feronikelit, do t\u2019i vazhdoj p\u00ebrgatitjet n\u00eb Ulqin. Lajmin e ka konfirmuar p\u00ebr \u201cKorneri.net\u201d trajneri i njohur Ramiz Krasniqi. P\u00ebrve\u00e7 p\u00ebrgatitjeve\",\"breadcrumb\":{\"@id\":\"https:\/\/www.visit-ulcinj.com\/blog\/2013\/02\/20\/feronikeli-ne-pergatitje-ne-ulqin\/#breadcrumb\"},\"inLanguage\":\"en-US\",\"potentialAction\":[{\"@type\":\"ReadAction\",\"target\":[\"https:\/\/www.visit-ulcinj.com\/blog\/2013\/02\/20\/feronikeli-ne-pergatitje-ne-ulqin\/\"]}]},{\"@type\":\"BreadcrumbList\",\"@id\":\"https:\/\/www.visit-ulcinj.com\/blog\/2013\/02\/20\/feronikeli-ne-pergatitje-ne-ulqin\/#breadcrumb\",\"itemListElement\":[{\"@type\":\"ListItem\",\"position\":1,\"name\":\"Feronikeli n\u00eb p\u00ebrgatitje n\u00eb Ulqin\"}]},{\"@type\":\"Person\",\"@id\":\"https:\/\/www.visit-ulcinj.com\/blog\/#\/schema\/person\/dcab619c614d3038751c63bc2aadc06d\",\"name\":\"ulqini\",\"sameAs\":[\"http:\/\/www.visit-ulcinj.com\"],\"url\":\"https:\/\/www.visit-ulcinj.com\/blog\/author\/admin\/\"}]}<\/script>\n<!-- \/ Yoast SEO plugin. -->","yoast_head_json":{"title":"Feronikeli n\u00eb p\u00ebrgatitje n\u00eb Ulqin - Lajme nga Ulqini","description":"Skuadra e Feronikelit, do t\u2019i vazhdoj p\u00ebrgatitjet n\u00eb Ulqin. Lajmin e ka konfirmuar p\u00ebr \u201cKorneri.net\u201d trajneri i njohur Ramiz Krasniqi. P\u00ebrve\u00e7 p\u00ebrgatitjeve","robots":{"index":"index","follow":"follow","max-snippet":"max-snippet:-1","max-image-preview":"max-image-preview:large","max-video-preview":"max-video-preview:-1"},"canonical":"https:\/\/www.visit-ulcinj.com\/blog\/2013\/02\/20\/feronikeli-ne-pergatitje-ne-ulqin\/","og_locale":"en_US","og_type":"article","og_title":"Feronikeli n\u00eb p\u00ebrgatitje n\u00eb Ulqin - Lajme nga Ulqini","og_description":"Skuadra e Feronikelit, do t\u2019i vazhdoj p\u00ebrgatitjet n\u00eb Ulqin. Lajmin e ka konfirmuar p\u00ebr \u201cKorneri.net\u201d trajneri i njohur Ramiz Krasniqi. P\u00ebrve\u00e7 p\u00ebrgatitjeve","og_url":"https:\/\/www.visit-ulcinj.com\/blog\/2013\/02\/20\/feronikeli-ne-pergatitje-ne-ulqin\/","og_site_name":"Lajme nga Ulqini","article_published_time":"2013-02-20T22:39:09+00:00","og_image":[{"url":"http:\/\/www.visit-ulcinj.com\/blog\/wp-content\/uploads\/2013\/02\/ferronikeli.jpg"}],"twitter_misc":{"Written by":"ulqini"},"schema":{"@context":"https:\/\/schema.org","@graph":[{"@type":"WebSite","@id":"https:\/\/www.visit-ulcinj.com\/blog\/#website","url":"https:\/\/www.visit-ulcinj.com\/blog\/","name":"Lajme nga Ulqini","description":"Lajme,Vijesti,Ulqini,Ulqin,Crna Gora,Mali i Zi","potentialAction":[{"@type":"SearchAction","target":{"@type":"EntryPoint","urlTemplate":"https:\/\/www.visit-ulcinj.com\/blog\/?s={search_term_string}"},"query-input":"required name=search_term_string"}],"inLanguage":"en-US"},{"@type":"ImageObject","inLanguage":"en-US","@id":"https:\/\/www.visit-ulcinj.com\/blog\/2013\/02\/20\/feronikeli-ne-pergatitje-ne-ulqin\/#primaryimage","url":"https:\/\/www.visit-ulcinj.com\/blog\/wp-content\/uploads\/2013\/02\/ferronikeli.jpg","contentUrl":"https:\/\/www.visit-ulcinj.com\/blog\/wp-content\/uploads\/2013\/02\/ferronikeli.jpg","width":576,"height":384},{"@type":"WebPage","@id":"https:\/\/www.visit-ulcinj.com\/blog\/2013\/02\/20\/feronikeli-ne-pergatitje-ne-ulqin\/#webpage","url":"https:\/\/www.visit-ulcinj.com\/blog\/2013\/02\/20\/feronikeli-ne-pergatitje-ne-ulqin\/","name":"Feronikeli n\u00eb p\u00ebrgatitje n\u00eb Ulqin - Lajme nga Ulqini","isPartOf":{"@id":"https:\/\/www.visit-ulcinj.com\/blog\/#website"},"primaryImageOfPage":{"@id":"https:\/\/www.visit-ulcinj.com\/blog\/2013\/02\/20\/feronikeli-ne-pergatitje-ne-ulqin\/#primaryimage"},"datePublished":"2013-02-20T22:39:09+00:00","dateModified":"2013-02-20T22:39:09+00:00","author":{"@id":"https:\/\/www.visit-ulcinj.com\/blog\/#\/schema\/person\/dcab619c614d3038751c63bc2aadc06d"},"description":"Skuadra e Feronikelit, do t\u2019i vazhdoj p\u00ebrgatitjet n\u00eb Ulqin. Lajmin e ka konfirmuar p\u00ebr \u201cKorneri.net\u201d trajneri i njohur Ramiz Krasniqi. P\u00ebrve\u00e7 p\u00ebrgatitjeve","breadcrumb":{"@id":"https:\/\/www.visit-ulcinj.com\/blog\/2013\/02\/20\/feronikeli-ne-pergatitje-ne-ulqin\/#breadcrumb"},"inLanguage":"en-US","potentialAction":[{"@type":"ReadAction","target":["https:\/\/www.visit-ulcinj.com\/blog\/2013\/02\/20\/feronikeli-ne-pergatitje-ne-ulqin\/"]}]},{"@type":"BreadcrumbList","@id":"https:\/\/www.visit-ulcinj.com\/blog\/2013\/02\/20\/feronikeli-ne-pergatitje-ne-ulqin\/#breadcrumb","itemListElement":[{"@type":"ListItem","position":1,"name":"Feronikeli n\u00eb p\u00ebrgatitje n\u00eb Ulqin"}]},{"@type":"Person","@id":"https:\/\/www.visit-ulcinj.com\/blog\/#\/schema\/person\/dcab619c614d3038751c63bc2aadc06d","name":"ulqini","sameAs":["http:\/\/www.visit-ulcinj.com"],"url":"https:\/\/www.visit-ulcinj.com\/blog\/author\/admin\/"}]}},"jetpack_featured_media_url":"","jetpack_sharing_enabled":true,"jetpack_shortlink":"https:\/\/wp.me\/pe6lTn-hWL","_links":{"self":[{"href":"https:\/\/www.visit-ulcinj.com\/blog\/wp-json\/wp\/v2\/posts\/68991"}],"collection":[{"href":"https:\/\/www.visit-ulcinj.com\/blog\/wp-json\/wp\/v2\/posts"}],"about":[{"href":"https:\/\/www.visit-ulcinj.com\/blog\/wp-json\/wp\/v2\/types\/post"}],"author":[{"embeddable":true,"href":"https:\/\/www.visit-ulcinj.com\/blog\/wp-json\/wp\/v2\/users\/1"}],"replies":[{"embeddable":true,"href":"https:\/\/www.visit-ulcinj.com\/blog\/wp-json\/wp\/v2\/comments?post=68991"}],"version-history":[{"count":1,"href":"https:\/\/www.visit-ulcinj.com\/blog\/wp-json\/wp\/v2\/posts\/68991\/revisions"}],"predecessor-version":[{"id":68993,"href":"https:\/\/www.visit-ulcinj.com\/blog\/wp-json\/wp\/v2\/posts\/68991\/revisions\/68993"}],"wp:attachment":[{"href":"https:\/\/www.visit-ulcinj.com\/blog\/wp-json\/wp\/v2\/media?parent=68991"}],"wp:term":[{"taxonomy":"category","embeddable":true,"href":"https:\/\/www.visit-ulcinj.com\/blog\/wp-json\/wp\/v2\/categories?post=68991"},{"taxonomy":"post_tag","embeddable":true,"href":"https:\/\/www.visit-ulcinj.com\/blog\/wp-json\/wp\/v2\/tags?post=68991"}],"curies":[{"name":"wp","href":"https:\/\/api.w.org\/{rel}","templated":true}]}}