{"id":68995,"date":"2013-02-21T09:26:04","date_gmt":"2013-02-21T08:26:04","guid":{"rendered":"http:\/\/www.visit-ulcinj.com\/blog\/?p=68995"},"modified":"2013-02-22T16:19:39","modified_gmt":"2013-02-22T15:19:39","slug":"hitna-reakcija-u-crnoj-gori-kontaminirano-mlijeko-sest-proizvodaca-nalozeno-povlacenje","status":"publish","type":"post","link":"https:\/\/www.visit-ulcinj.com\/blog\/2013\/02\/21\/hitna-reakcija-u-crnoj-gori-kontaminirano-mlijeko-sest-proizvodaca-nalozeno-povlacenje\/","title":{"rendered":"HITNA REAKCIJA: U Crnoj Gori kontaminirano mlijeko \u0161est proizvo\u0111a\u010da: Nalo\u017eeno povla\u010denje"},"content":{"rendered":"<div id=\"attachment_68996\" style=\"width: 518px\" class=\"wp-caption alignleft\"><a href=\"http:\/\/www.visit-ulcinj.com\/blog\/wp-content\/uploads\/2013\/02\/kontamirano-mlijeko.jpg\"><img aria-describedby=\"caption-attachment-68996\" loading=\"lazy\" class=\" wp-image-68996  \" alt=\"kontamirano mlijeko\" src=\"http:\/\/www.visit-ulcinj.com\/blog\/wp-content\/uploads\/2013\/02\/kontamirano-mlijeko.jpg\" width=\"508\" height=\"360\" \/><\/a><p id=\"caption-attachment-68996\" class=\"wp-caption-text\">Foto: Zoran \u0110uri\u0107<\/p><\/div>\n<p>&nbsp;<\/p>\n<p>Ministarstvo poljoprivrede i ruralnog razvoja nalo\u017eilo je Veterinarskoj inspekciji povla\u010denje mlijeka \u0161est proizvo\u0111a\u010da iz Srbije i Bosne i Hercegovine kod kojih je laboratorijskim analizama utvr\u0111ena visoka koncentracija aflatoksina.<\/p>\n<p><strong><a href=\"http:\/\/www.vijesti.me\/vijesti\/ako-aflatoksina-ima-mlijeku-meso-je-rizicno-clanak-114825\" target=\"_blank\">Ako aflatoksina ima u mlijeku i meso je rizi\u010dno<\/a><\/strong><\/p>\n<p>Kako javlja TV Vijesti, istovremeno je nalo\u017eeno Veterinarskoj upravi da dodatno prekontroli\u0161e doma\u0107e proizvo\u0111a\u010de mlijeka.<\/p>\n<p>Prema nalazima Centra za ekotoksikolo\u0161ka ispitivanja, kontaminirana su mlijeka Ni\u0161ke mljekare, Imleka Beograd, Imleka Kozarska Dubica, Mljekare \u0160abac, Meggle Kragujevac i Milkop Ra\u0161ka.<\/p>\n<p>U dopisu ministra Petra Ivanovi\u0107a se navodi da se bez odlaganja obavijesti svi uvoznici i distributeri kontaminiranog mlijeka i da se obezbijede sve mjere za njegovo povla\u010denje iz prodaje.<\/p>\n<p>&nbsp;<\/p>\n<p><a href=\"http:\/\/www.vijesti.me\/vijesti\/u-crnoj-gori-kontaminirano-mlijeko-sest-proizvodaca-nalozeno-povlacenje-clanak-114860\"><strong>Vijesti online<\/strong><\/a><\/p>\n","protected":false},"excerpt":{"rendered":"<p>&nbsp; Ministarstvo poljoprivrede i ruralnog razvoja nalo\u017eilo je Veterinarskoj inspekciji povla\u010denje mlijeka \u0161est proizvo\u0111a\u010da iz Srbije i Bosne i Hercegovine kod kojih je laboratorijskim analizama utvr\u0111ena visoka koncentracija aflatoksina. Ako aflatoksina ima u mlijeku i meso je rizi\u010dno Kako javlja TV Vijesti, istovremeno je nalo\u017eeno Veterinarskoj upravi da dodatno prekontroli\u0161e doma\u0107e proizvo\u0111a\u010de mlijeka. Prema nalazima [&hellip;]<\/p>\n","protected":false},"author":1,"featured_media":0,"comment_status":"open","ping_status":"closed","sticky":false,"template":"","format":"standard","meta":{"spay_email":"","jetpack_publicize_message":"","jetpack_is_tweetstorm":false,"jetpack_publicize_feature_enabled":true},"categories":[8],"tags":[20,21888,21889],"jetpack_publicize_connections":[],"yoast_head":"<!-- This site is optimized with the Yoast SEO plugin v19.1 - https:\/\/yoast.com\/wordpress\/plugins\/seo\/ -->\n<title>HITNA REAKCIJA: U Crnoj Gori kontaminirano mlijeko \u0161est proizvo\u0111a\u010da: Nalo\u017eeno povla\u010denje - Lajme nga Ulqini<\/title>\n<meta name=\"description\" content=\"&nbsp; Ministarstvo poljoprivrede i ruralnog razvoja nalo\u017eilo je Veterinarskoj inspekciji povla\u010denje mlijeka \u0161est proizvo\u0111a\u010da iz Srbije i Bosne i\" \/>\n<meta name=\"robots\" content=\"index, follow, max-snippet:-1, max-image-preview:large, max-video-preview:-1\" \/>\n<link rel=\"canonical\" href=\"https:\/\/www.visit-ulcinj.com\/blog\/2013\/02\/21\/hitna-reakcija-u-crnoj-gori-kontaminirano-mlijeko-sest-proizvodaca-nalozeno-povlacenje\/\" \/>\n<meta property=\"og:locale\" content=\"en_US\" \/>\n<meta property=\"og:type\" content=\"article\" \/>\n<meta property=\"og:title\" content=\"HITNA REAKCIJA: U Crnoj Gori kontaminirano mlijeko \u0161est proizvo\u0111a\u010da: Nalo\u017eeno povla\u010denje - Lajme nga Ulqini\" \/>\n<meta property=\"og:description\" content=\"&nbsp; Ministarstvo poljoprivrede i ruralnog razvoja nalo\u017eilo je Veterinarskoj inspekciji povla\u010denje mlijeka \u0161est proizvo\u0111a\u010da iz Srbije i Bosne i\" \/>\n<meta property=\"og:url\" content=\"https:\/\/www.visit-ulcinj.com\/blog\/2013\/02\/21\/hitna-reakcija-u-crnoj-gori-kontaminirano-mlijeko-sest-proizvodaca-nalozeno-povlacenje\/\" \/>\n<meta property=\"og:site_name\" content=\"Lajme nga Ulqini\" \/>\n<meta property=\"article:published_time\" content=\"2013-02-21T08:26:04+00:00\" \/>\n<meta property=\"article:modified_time\" content=\"2013-02-22T15:19:39+00:00\" \/>\n<meta property=\"og:image\" content=\"http:\/\/www.visit-ulcinj.com\/blog\/wp-content\/uploads\/2013\/02\/kontamirano-mlijeko.jpg\" \/>\n<meta name=\"twitter:label1\" content=\"Written by\" \/>\n\t<meta name=\"twitter:data1\" content=\"ulqini\" \/>\n\t<meta name=\"twitter:label2\" content=\"Est. reading time\" \/>\n\t<meta name=\"twitter:data2\" content=\"1 minute\" \/>\n<script type=\"application\/ld+json\" class=\"yoast-schema-graph\">{\"@context\":\"https:\/\/schema.org\",\"@graph\":[{\"@type\":\"WebSite\",\"@id\":\"https:\/\/www.visit-ulcinj.com\/blog\/#website\",\"url\":\"https:\/\/www.visit-ulcinj.com\/blog\/\",\"name\":\"Lajme nga Ulqini\",\"description\":\"Lajme,Vijesti,Ulqini,Ulqin,Crna Gora,Mali i Zi\",\"potentialAction\":[{\"@type\":\"SearchAction\",\"target\":{\"@type\":\"EntryPoint\",\"urlTemplate\":\"https:\/\/www.visit-ulcinj.com\/blog\/?s={search_term_string}\"},\"query-input\":\"required name=search_term_string\"}],\"inLanguage\":\"en-US\"},{\"@type\":\"ImageObject\",\"inLanguage\":\"en-US\",\"@id\":\"https:\/\/www.visit-ulcinj.com\/blog\/2013\/02\/21\/hitna-reakcija-u-crnoj-gori-kontaminirano-mlijeko-sest-proizvodaca-nalozeno-povlacenje\/#primaryimage\",\"url\":\"https:\/\/www.visit-ulcinj.com\/blog\/wp-content\/uploads\/2013\/02\/kontamirano-mlijeko.jpg\",\"contentUrl\":\"https:\/\/www.visit-ulcinj.com\/blog\/wp-content\/uploads\/2013\/02\/kontamirano-mlijeko.jpg\",\"width\":1000,\"height\":576},{\"@type\":\"WebPage\",\"@id\":\"https:\/\/www.visit-ulcinj.com\/blog\/2013\/02\/21\/hitna-reakcija-u-crnoj-gori-kontaminirano-mlijeko-sest-proizvodaca-nalozeno-povlacenje\/#webpage\",\"url\":\"https:\/\/www.visit-ulcinj.com\/blog\/2013\/02\/21\/hitna-reakcija-u-crnoj-gori-kontaminirano-mlijeko-sest-proizvodaca-nalozeno-povlacenje\/\",\"name\":\"HITNA REAKCIJA: U Crnoj Gori kontaminirano mlijeko \u0161est proizvo\u0111a\u010da: Nalo\u017eeno povla\u010denje - Lajme nga Ulqini\",\"isPartOf\":{\"@id\":\"https:\/\/www.visit-ulcinj.com\/blog\/#website\"},\"primaryImageOfPage\":{\"@id\":\"https:\/\/www.visit-ulcinj.com\/blog\/2013\/02\/21\/hitna-reakcija-u-crnoj-gori-kontaminirano-mlijeko-sest-proizvodaca-nalozeno-povlacenje\/#primaryimage\"},\"datePublished\":\"2013-02-21T08:26:04+00:00\",\"dateModified\":\"2013-02-22T15:19:39+00:00\",\"author\":{\"@id\":\"https:\/\/www.visit-ulcinj.com\/blog\/#\/schema\/person\/dcab619c614d3038751c63bc2aadc06d\"},\"description\":\"&nbsp; Ministarstvo poljoprivrede i ruralnog razvoja nalo\u017eilo je Veterinarskoj inspekciji povla\u010denje mlijeka \u0161est proizvo\u0111a\u010da iz Srbije i Bosne i\",\"breadcrumb\":{\"@id\":\"https:\/\/www.visit-ulcinj.com\/blog\/2013\/02\/21\/hitna-reakcija-u-crnoj-gori-kontaminirano-mlijeko-sest-proizvodaca-nalozeno-povlacenje\/#breadcrumb\"},\"inLanguage\":\"en-US\",\"potentialAction\":[{\"@type\":\"ReadAction\",\"target\":[\"https:\/\/www.visit-ulcinj.com\/blog\/2013\/02\/21\/hitna-reakcija-u-crnoj-gori-kontaminirano-mlijeko-sest-proizvodaca-nalozeno-povlacenje\/\"]}]},{\"@type\":\"BreadcrumbList\",\"@id\":\"https:\/\/www.visit-ulcinj.com\/blog\/2013\/02\/21\/hitna-reakcija-u-crnoj-gori-kontaminirano-mlijeko-sest-proizvodaca-nalozeno-povlacenje\/#breadcrumb\",\"itemListElement\":[{\"@type\":\"ListItem\",\"position\":1,\"name\":\"HITNA REAKCIJA: U Crnoj Gori kontaminirano mlijeko \u0161est proizvo\u0111a\u010da: Nalo\u017eeno povla\u010denje\"}]},{\"@type\":\"Person\",\"@id\":\"https:\/\/www.visit-ulcinj.com\/blog\/#\/schema\/person\/dcab619c614d3038751c63bc2aadc06d\",\"name\":\"ulqini\",\"sameAs\":[\"http:\/\/www.visit-ulcinj.com\"],\"url\":\"https:\/\/www.visit-ulcinj.com\/blog\/author\/admin\/\"}]}<\/script>\n<!-- \/ Yoast SEO plugin. -->","yoast_head_json":{"title":"HITNA REAKCIJA: U Crnoj Gori kontaminirano mlijeko \u0161est proizvo\u0111a\u010da: Nalo\u017eeno povla\u010denje - Lajme nga Ulqini","description":"&nbsp; Ministarstvo poljoprivrede i ruralnog razvoja nalo\u017eilo je Veterinarskoj inspekciji povla\u010denje mlijeka \u0161est proizvo\u0111a\u010da iz Srbije i Bosne i","robots":{"index":"index","follow":"follow","max-snippet":"max-snippet:-1","max-image-preview":"max-image-preview:large","max-video-preview":"max-video-preview:-1"},"canonical":"https:\/\/www.visit-ulcinj.com\/blog\/2013\/02\/21\/hitna-reakcija-u-crnoj-gori-kontaminirano-mlijeko-sest-proizvodaca-nalozeno-povlacenje\/","og_locale":"en_US","og_type":"article","og_title":"HITNA REAKCIJA: U Crnoj Gori kontaminirano mlijeko \u0161est proizvo\u0111a\u010da: Nalo\u017eeno povla\u010denje - Lajme nga Ulqini","og_description":"&nbsp; Ministarstvo poljoprivrede i ruralnog razvoja nalo\u017eilo je Veterinarskoj inspekciji povla\u010denje mlijeka \u0161est proizvo\u0111a\u010da iz Srbije i Bosne i","og_url":"https:\/\/www.visit-ulcinj.com\/blog\/2013\/02\/21\/hitna-reakcija-u-crnoj-gori-kontaminirano-mlijeko-sest-proizvodaca-nalozeno-povlacenje\/","og_site_name":"Lajme nga Ulqini","article_published_time":"2013-02-21T08:26:04+00:00","article_modified_time":"2013-02-22T15:19:39+00:00","og_image":[{"url":"http:\/\/www.visit-ulcinj.com\/blog\/wp-content\/uploads\/2013\/02\/kontamirano-mlijeko.jpg"}],"twitter_misc":{"Written by":"ulqini","Est. reading time":"1 minute"},"schema":{"@context":"https:\/\/schema.org","@graph":[{"@type":"WebSite","@id":"https:\/\/www.visit-ulcinj.com\/blog\/#website","url":"https:\/\/www.visit-ulcinj.com\/blog\/","name":"Lajme nga Ulqini","description":"Lajme,Vijesti,Ulqini,Ulqin,Crna Gora,Mali i Zi","potentialAction":[{"@type":"SearchAction","target":{"@type":"EntryPoint","urlTemplate":"https:\/\/www.visit-ulcinj.com\/blog\/?s={search_term_string}"},"query-input":"required name=search_term_string"}],"inLanguage":"en-US"},{"@type":"ImageObject","inLanguage":"en-US","@id":"https:\/\/www.visit-ulcinj.com\/blog\/2013\/02\/21\/hitna-reakcija-u-crnoj-gori-kontaminirano-mlijeko-sest-proizvodaca-nalozeno-povlacenje\/#primaryimage","url":"https:\/\/www.visit-ulcinj.com\/blog\/wp-content\/uploads\/2013\/02\/kontamirano-mlijeko.jpg","contentUrl":"https:\/\/www.visit-ulcinj.com\/blog\/wp-content\/uploads\/2013\/02\/kontamirano-mlijeko.jpg","width":1000,"height":576},{"@type":"WebPage","@id":"https:\/\/www.visit-ulcinj.com\/blog\/2013\/02\/21\/hitna-reakcija-u-crnoj-gori-kontaminirano-mlijeko-sest-proizvodaca-nalozeno-povlacenje\/#webpage","url":"https:\/\/www.visit-ulcinj.com\/blog\/2013\/02\/21\/hitna-reakcija-u-crnoj-gori-kontaminirano-mlijeko-sest-proizvodaca-nalozeno-povlacenje\/","name":"HITNA REAKCIJA: U Crnoj Gori kontaminirano mlijeko \u0161est proizvo\u0111a\u010da: Nalo\u017eeno povla\u010denje - Lajme nga Ulqini","isPartOf":{"@id":"https:\/\/www.visit-ulcinj.com\/blog\/#website"},"primaryImageOfPage":{"@id":"https:\/\/www.visit-ulcinj.com\/blog\/2013\/02\/21\/hitna-reakcija-u-crnoj-gori-kontaminirano-mlijeko-sest-proizvodaca-nalozeno-povlacenje\/#primaryimage"},"datePublished":"2013-02-21T08:26:04+00:00","dateModified":"2013-02-22T15:19:39+00:00","author":{"@id":"https:\/\/www.visit-ulcinj.com\/blog\/#\/schema\/person\/dcab619c614d3038751c63bc2aadc06d"},"description":"&nbsp; Ministarstvo poljoprivrede i ruralnog razvoja nalo\u017eilo je Veterinarskoj inspekciji povla\u010denje mlijeka \u0161est proizvo\u0111a\u010da iz Srbije i Bosne i","breadcrumb":{"@id":"https:\/\/www.visit-ulcinj.com\/blog\/2013\/02\/21\/hitna-reakcija-u-crnoj-gori-kontaminirano-mlijeko-sest-proizvodaca-nalozeno-povlacenje\/#breadcrumb"},"inLanguage":"en-US","potentialAction":[{"@type":"ReadAction","target":["https:\/\/www.visit-ulcinj.com\/blog\/2013\/02\/21\/hitna-reakcija-u-crnoj-gori-kontaminirano-mlijeko-sest-proizvodaca-nalozeno-povlacenje\/"]}]},{"@type":"BreadcrumbList","@id":"https:\/\/www.visit-ulcinj.com\/blog\/2013\/02\/21\/hitna-reakcija-u-crnoj-gori-kontaminirano-mlijeko-sest-proizvodaca-nalozeno-povlacenje\/#breadcrumb","itemListElement":[{"@type":"ListItem","position":1,"name":"HITNA REAKCIJA: U Crnoj Gori kontaminirano mlijeko \u0161est proizvo\u0111a\u010da: Nalo\u017eeno povla\u010denje"}]},{"@type":"Person","@id":"https:\/\/www.visit-ulcinj.com\/blog\/#\/schema\/person\/dcab619c614d3038751c63bc2aadc06d","name":"ulqini","sameAs":["http:\/\/www.visit-ulcinj.com"],"url":"https:\/\/www.visit-ulcinj.com\/blog\/author\/admin\/"}]}},"jetpack_featured_media_url":"","jetpack_sharing_enabled":true,"jetpack_shortlink":"https:\/\/wp.me\/pe6lTn-hWP","_links":{"self":[{"href":"https:\/\/www.visit-ulcinj.com\/blog\/wp-json\/wp\/v2\/posts\/68995"}],"collection":[{"href":"https:\/\/www.visit-ulcinj.com\/blog\/wp-json\/wp\/v2\/posts"}],"about":[{"href":"https:\/\/www.visit-ulcinj.com\/blog\/wp-json\/wp\/v2\/types\/post"}],"author":[{"embeddable":true,"href":"https:\/\/www.visit-ulcinj.com\/blog\/wp-json\/wp\/v2\/users\/1"}],"replies":[{"embeddable":true,"href":"https:\/\/www.visit-ulcinj.com\/blog\/wp-json\/wp\/v2\/comments?post=68995"}],"version-history":[{"count":5,"href":"https:\/\/www.visit-ulcinj.com\/blog\/wp-json\/wp\/v2\/posts\/68995\/revisions"}],"predecessor-version":[{"id":69076,"href":"https:\/\/www.visit-ulcinj.com\/blog\/wp-json\/wp\/v2\/posts\/68995\/revisions\/69076"}],"wp:attachment":[{"href":"https:\/\/www.visit-ulcinj.com\/blog\/wp-json\/wp\/v2\/media?parent=68995"}],"wp:term":[{"taxonomy":"category","embeddable":true,"href":"https:\/\/www.visit-ulcinj.com\/blog\/wp-json\/wp\/v2\/categories?post=68995"},{"taxonomy":"post_tag","embeddable":true,"href":"https:\/\/www.visit-ulcinj.com\/blog\/wp-json\/wp\/v2\/tags?post=68995"}],"curies":[{"name":"wp","href":"https:\/\/api.w.org\/{rel}","templated":true}]}}