{"id":69010,"date":"2013-02-21T17:54:52","date_gmt":"2013-02-21T16:54:52","guid":{"rendered":"http:\/\/www.visit-ulcinj.com\/blog\/?p=69010"},"modified":"2013-02-21T17:58:06","modified_gmt":"2013-02-21T16:58:06","slug":"luana-vjollca-i-ka-fryre-buzet","status":"publish","type":"post","link":"https:\/\/www.visit-ulcinj.com\/blog\/2013\/02\/21\/luana-vjollca-i-ka-fryre-buzet\/","title":{"rendered":"Luana Vjollca i ka fryr\u00eb buz\u00ebt?"},"content":{"rendered":"<p><a href=\"http:\/\/www.visit-ulcinj.com\/blog\/wp-content\/uploads\/2013\/02\/Luana-Vjollca-instagram.jpg\"><img loading=\"lazy\" class=\"alignleft  wp-image-69017\" alt=\"Luana Vjollca instagram\" src=\"http:\/\/www.visit-ulcinj.com\/blog\/wp-content\/uploads\/2013\/02\/Luana-Vjollca-instagram.jpg\" width=\"508\" height=\"400\" \/><\/a>Prezantuesja e njohur e ekranit, Luana Vjollca ka hedhur posht\u00eb t\u00eb gjitha thashethemet p\u00ebr nd\u00ebrhyrje n\u00eb buz\u00ebt e saj.<\/p>\n<p>P\u00ebrball\u00eb k\u00ebtyre thashetheme, ajo ka vendosur t\u00eb reagoj\u00eb, duke postuar nj\u00eb foto n\u00eb Instagram, me buz\u00eb t\u00eb palyera, pasi sipas saj, k\u00ebshtu kuptohet n\u00ebse jan\u00eb b\u00ebr\u00eb apo jo.<\/p>\n<p>\u201c\u00c7udia e rradh\u00ebs: Paskam b\u00ebr\u00eb buz\u00ebt! \u00cbsht\u00eb qesharake sepse \u00ebsht\u00eb leht\u00eb e verifikueshme por po i kushtoj pak koh\u00eb me nj\u00eb foto pa buz\u00ebkuq, vendosja e t\u00eb cilit n\u00eb foto t\u00eb tjera mi ka d\u00ebrguar m\u00eb t\u00eb trasha.<\/p>\n<p>Nuk kam paragjykime kundrejt askujt, por personalisht si\u00e7 e kam theksuar shum\u00eb her\u00eb jam kundra nd\u00ebrhyrje p\u00ebr ekzagjerime t\u00eb tilla.\u201d- shkruan Luana n\u00eb Instagram.<\/p>\n<p>Vipat.info<\/p>\n<p><br \/>\n<!--YouTube Error: bad URL entered--><\/p>\n","protected":false},"excerpt":{"rendered":"<p>Prezantuesja e njohur e ekranit, Luana Vjollca ka hedhur posht\u00eb t\u00eb gjitha thashethemet p\u00ebr nd\u00ebrhyrje n\u00eb buz\u00ebt e saj. P\u00ebrball\u00eb k\u00ebtyre thashetheme, ajo ka vendosur t\u00eb reagoj\u00eb, duke postuar nj\u00eb foto n\u00eb Instagram, me buz\u00eb t\u00eb palyera, pasi sipas saj, k\u00ebshtu kuptohet n\u00ebse jan\u00eb b\u00ebr\u00eb apo jo. \u201c\u00c7udia e rradh\u00ebs: Paskam b\u00ebr\u00eb buz\u00ebt! \u00cbsht\u00eb qesharake [&hellip;]<\/p>\n","protected":false},"author":1,"featured_media":0,"comment_status":"open","ping_status":"closed","sticky":false,"template":"","format":"standard","meta":{"spay_email":"","jetpack_publicize_message":"","jetpack_is_tweetstorm":false,"jetpack_publicize_feature_enabled":true},"categories":[1],"tags":[19677,19806,16036,19514,21890,19511,19513,6693,4684,19460],"jetpack_publicize_connections":[],"yoast_head":"<!-- This site is optimized with the Yoast SEO plugin v19.1 - https:\/\/yoast.com\/wordpress\/plugins\/seo\/ -->\n<title>Luana Vjollca i ka fryr\u00eb buz\u00ebt? - Lajme nga Ulqini<\/title>\n<meta name=\"description\" content=\"Prezantuesja e njohur e ekranit, Luana Vjollca ka hedhur posht\u00eb t\u00eb gjitha thashethemet p\u00ebr nd\u00ebrhyrje n\u00eb buz\u00ebt e saj. P\u00ebrball\u00eb k\u00ebtyre thashetheme, ajo ka\" \/>\n<meta name=\"robots\" content=\"index, follow, max-snippet:-1, max-image-preview:large, max-video-preview:-1\" \/>\n<link rel=\"canonical\" href=\"https:\/\/www.visit-ulcinj.com\/blog\/2013\/02\/21\/luana-vjollca-i-ka-fryre-buzet\/\" \/>\n<meta property=\"og:locale\" content=\"en_US\" \/>\n<meta property=\"og:type\" content=\"article\" \/>\n<meta property=\"og:title\" content=\"Luana Vjollca i ka fryr\u00eb buz\u00ebt? - Lajme nga Ulqini\" \/>\n<meta property=\"og:description\" content=\"Prezantuesja e njohur e ekranit, Luana Vjollca ka hedhur posht\u00eb t\u00eb gjitha thashethemet p\u00ebr nd\u00ebrhyrje n\u00eb buz\u00ebt e saj. P\u00ebrball\u00eb k\u00ebtyre thashetheme, ajo ka\" \/>\n<meta property=\"og:url\" content=\"https:\/\/www.visit-ulcinj.com\/blog\/2013\/02\/21\/luana-vjollca-i-ka-fryre-buzet\/\" \/>\n<meta property=\"og:site_name\" content=\"Lajme nga Ulqini\" \/>\n<meta property=\"article:published_time\" content=\"2013-02-21T16:54:52+00:00\" \/>\n<meta property=\"article:modified_time\" content=\"2013-02-21T16:58:06+00:00\" \/>\n<meta property=\"og:image\" content=\"https:\/\/www.visit-ulcinj.com\/blog\/wp-content\/uploads\/2013\/02\/Luana-Vjollca-instagram.1-150x150.jpg\" \/>\n<meta name=\"twitter:label1\" content=\"Written by\" \/>\n\t<meta name=\"twitter:data1\" content=\"ulqini\" \/>\n\t<meta name=\"twitter:label2\" content=\"Est. reading time\" \/>\n\t<meta name=\"twitter:data2\" content=\"1 minute\" \/>\n<script type=\"application\/ld+json\" class=\"yoast-schema-graph\">{\"@context\":\"https:\/\/schema.org\",\"@graph\":[{\"@type\":\"WebSite\",\"@id\":\"https:\/\/www.visit-ulcinj.com\/blog\/#website\",\"url\":\"https:\/\/www.visit-ulcinj.com\/blog\/\",\"name\":\"Lajme nga Ulqini\",\"description\":\"Lajme,Vijesti,Ulqini,Ulqin,Crna Gora,Mali i Zi\",\"potentialAction\":[{\"@type\":\"SearchAction\",\"target\":{\"@type\":\"EntryPoint\",\"urlTemplate\":\"https:\/\/www.visit-ulcinj.com\/blog\/?s={search_term_string}\"},\"query-input\":\"required name=search_term_string\"}],\"inLanguage\":\"en-US\"},{\"@type\":\"ImageObject\",\"inLanguage\":\"en-US\",\"@id\":\"https:\/\/www.visit-ulcinj.com\/blog\/2013\/02\/21\/luana-vjollca-i-ka-fryre-buzet\/#primaryimage\",\"url\":\"http:\/\/www.visit-ulcinj.com\/blog\/wp-content\/uploads\/2013\/02\/Luana-Vjollca-instagram.jpg\",\"contentUrl\":\"http:\/\/www.visit-ulcinj.com\/blog\/wp-content\/uploads\/2013\/02\/Luana-Vjollca-instagram.jpg\"},{\"@type\":\"WebPage\",\"@id\":\"https:\/\/www.visit-ulcinj.com\/blog\/2013\/02\/21\/luana-vjollca-i-ka-fryre-buzet\/#webpage\",\"url\":\"https:\/\/www.visit-ulcinj.com\/blog\/2013\/02\/21\/luana-vjollca-i-ka-fryre-buzet\/\",\"name\":\"Luana Vjollca i ka fryr\u00eb buz\u00ebt? - Lajme nga Ulqini\",\"isPartOf\":{\"@id\":\"https:\/\/www.visit-ulcinj.com\/blog\/#website\"},\"primaryImageOfPage\":{\"@id\":\"https:\/\/www.visit-ulcinj.com\/blog\/2013\/02\/21\/luana-vjollca-i-ka-fryre-buzet\/#primaryimage\"},\"datePublished\":\"2013-02-21T16:54:52+00:00\",\"dateModified\":\"2013-02-21T16:58:06+00:00\",\"author\":{\"@id\":\"https:\/\/www.visit-ulcinj.com\/blog\/#\/schema\/person\/dcab619c614d3038751c63bc2aadc06d\"},\"description\":\"Prezantuesja e njohur e ekranit, Luana Vjollca ka hedhur posht\u00eb t\u00eb gjitha thashethemet p\u00ebr nd\u00ebrhyrje n\u00eb buz\u00ebt e saj. P\u00ebrball\u00eb k\u00ebtyre thashetheme, ajo ka\",\"breadcrumb\":{\"@id\":\"https:\/\/www.visit-ulcinj.com\/blog\/2013\/02\/21\/luana-vjollca-i-ka-fryre-buzet\/#breadcrumb\"},\"inLanguage\":\"en-US\",\"potentialAction\":[{\"@type\":\"ReadAction\",\"target\":[\"https:\/\/www.visit-ulcinj.com\/blog\/2013\/02\/21\/luana-vjollca-i-ka-fryre-buzet\/\"]}]},{\"@type\":\"BreadcrumbList\",\"@id\":\"https:\/\/www.visit-ulcinj.com\/blog\/2013\/02\/21\/luana-vjollca-i-ka-fryre-buzet\/#breadcrumb\",\"itemListElement\":[{\"@type\":\"ListItem\",\"position\":1,\"name\":\"Luana Vjollca i ka fryr\u00eb buz\u00ebt?\"}]},{\"@type\":\"Person\",\"@id\":\"https:\/\/www.visit-ulcinj.com\/blog\/#\/schema\/person\/dcab619c614d3038751c63bc2aadc06d\",\"name\":\"ulqini\",\"sameAs\":[\"http:\/\/www.visit-ulcinj.com\"],\"url\":\"https:\/\/www.visit-ulcinj.com\/blog\/author\/admin\/\"}]}<\/script>\n<!-- \/ Yoast SEO plugin. -->","yoast_head_json":{"title":"Luana Vjollca i ka fryr\u00eb buz\u00ebt? - Lajme nga Ulqini","description":"Prezantuesja e njohur e ekranit, Luana Vjollca ka hedhur posht\u00eb t\u00eb gjitha thashethemet p\u00ebr nd\u00ebrhyrje n\u00eb buz\u00ebt e saj. P\u00ebrball\u00eb k\u00ebtyre thashetheme, ajo ka","robots":{"index":"index","follow":"follow","max-snippet":"max-snippet:-1","max-image-preview":"max-image-preview:large","max-video-preview":"max-video-preview:-1"},"canonical":"https:\/\/www.visit-ulcinj.com\/blog\/2013\/02\/21\/luana-vjollca-i-ka-fryre-buzet\/","og_locale":"en_US","og_type":"article","og_title":"Luana Vjollca i ka fryr\u00eb buz\u00ebt? - Lajme nga Ulqini","og_description":"Prezantuesja e njohur e ekranit, Luana Vjollca ka hedhur posht\u00eb t\u00eb gjitha thashethemet p\u00ebr nd\u00ebrhyrje n\u00eb buz\u00ebt e saj. P\u00ebrball\u00eb k\u00ebtyre thashetheme, ajo ka","og_url":"https:\/\/www.visit-ulcinj.com\/blog\/2013\/02\/21\/luana-vjollca-i-ka-fryre-buzet\/","og_site_name":"Lajme nga Ulqini","article_published_time":"2013-02-21T16:54:52+00:00","article_modified_time":"2013-02-21T16:58:06+00:00","og_image":[{"url":"https:\/\/www.visit-ulcinj.com\/blog\/wp-content\/uploads\/2013\/02\/Luana-Vjollca-instagram.1-150x150.jpg"}],"twitter_misc":{"Written by":"ulqini","Est. reading time":"1 minute"},"schema":{"@context":"https:\/\/schema.org","@graph":[{"@type":"WebSite","@id":"https:\/\/www.visit-ulcinj.com\/blog\/#website","url":"https:\/\/www.visit-ulcinj.com\/blog\/","name":"Lajme nga Ulqini","description":"Lajme,Vijesti,Ulqini,Ulqin,Crna Gora,Mali i Zi","potentialAction":[{"@type":"SearchAction","target":{"@type":"EntryPoint","urlTemplate":"https:\/\/www.visit-ulcinj.com\/blog\/?s={search_term_string}"},"query-input":"required name=search_term_string"}],"inLanguage":"en-US"},{"@type":"ImageObject","inLanguage":"en-US","@id":"https:\/\/www.visit-ulcinj.com\/blog\/2013\/02\/21\/luana-vjollca-i-ka-fryre-buzet\/#primaryimage","url":"http:\/\/www.visit-ulcinj.com\/blog\/wp-content\/uploads\/2013\/02\/Luana-Vjollca-instagram.jpg","contentUrl":"http:\/\/www.visit-ulcinj.com\/blog\/wp-content\/uploads\/2013\/02\/Luana-Vjollca-instagram.jpg"},{"@type":"WebPage","@id":"https:\/\/www.visit-ulcinj.com\/blog\/2013\/02\/21\/luana-vjollca-i-ka-fryre-buzet\/#webpage","url":"https:\/\/www.visit-ulcinj.com\/blog\/2013\/02\/21\/luana-vjollca-i-ka-fryre-buzet\/","name":"Luana Vjollca i ka fryr\u00eb buz\u00ebt? - Lajme nga Ulqini","isPartOf":{"@id":"https:\/\/www.visit-ulcinj.com\/blog\/#website"},"primaryImageOfPage":{"@id":"https:\/\/www.visit-ulcinj.com\/blog\/2013\/02\/21\/luana-vjollca-i-ka-fryre-buzet\/#primaryimage"},"datePublished":"2013-02-21T16:54:52+00:00","dateModified":"2013-02-21T16:58:06+00:00","author":{"@id":"https:\/\/www.visit-ulcinj.com\/blog\/#\/schema\/person\/dcab619c614d3038751c63bc2aadc06d"},"description":"Prezantuesja e njohur e ekranit, Luana Vjollca ka hedhur posht\u00eb t\u00eb gjitha thashethemet p\u00ebr nd\u00ebrhyrje n\u00eb buz\u00ebt e saj. P\u00ebrball\u00eb k\u00ebtyre thashetheme, ajo ka","breadcrumb":{"@id":"https:\/\/www.visit-ulcinj.com\/blog\/2013\/02\/21\/luana-vjollca-i-ka-fryre-buzet\/#breadcrumb"},"inLanguage":"en-US","potentialAction":[{"@type":"ReadAction","target":["https:\/\/www.visit-ulcinj.com\/blog\/2013\/02\/21\/luana-vjollca-i-ka-fryre-buzet\/"]}]},{"@type":"BreadcrumbList","@id":"https:\/\/www.visit-ulcinj.com\/blog\/2013\/02\/21\/luana-vjollca-i-ka-fryre-buzet\/#breadcrumb","itemListElement":[{"@type":"ListItem","position":1,"name":"Luana Vjollca i ka fryr\u00eb buz\u00ebt?"}]},{"@type":"Person","@id":"https:\/\/www.visit-ulcinj.com\/blog\/#\/schema\/person\/dcab619c614d3038751c63bc2aadc06d","name":"ulqini","sameAs":["http:\/\/www.visit-ulcinj.com"],"url":"https:\/\/www.visit-ulcinj.com\/blog\/author\/admin\/"}]}},"jetpack_featured_media_url":"","jetpack_sharing_enabled":true,"jetpack_shortlink":"https:\/\/wp.me\/pe6lTn-hX4","_links":{"self":[{"href":"https:\/\/www.visit-ulcinj.com\/blog\/wp-json\/wp\/v2\/posts\/69010"}],"collection":[{"href":"https:\/\/www.visit-ulcinj.com\/blog\/wp-json\/wp\/v2\/posts"}],"about":[{"href":"https:\/\/www.visit-ulcinj.com\/blog\/wp-json\/wp\/v2\/types\/post"}],"author":[{"embeddable":true,"href":"https:\/\/www.visit-ulcinj.com\/blog\/wp-json\/wp\/v2\/users\/1"}],"replies":[{"embeddable":true,"href":"https:\/\/www.visit-ulcinj.com\/blog\/wp-json\/wp\/v2\/comments?post=69010"}],"version-history":[{"count":4,"href":"https:\/\/www.visit-ulcinj.com\/blog\/wp-json\/wp\/v2\/posts\/69010\/revisions"}],"predecessor-version":[{"id":69020,"href":"https:\/\/www.visit-ulcinj.com\/blog\/wp-json\/wp\/v2\/posts\/69010\/revisions\/69020"}],"wp:attachment":[{"href":"https:\/\/www.visit-ulcinj.com\/blog\/wp-json\/wp\/v2\/media?parent=69010"}],"wp:term":[{"taxonomy":"category","embeddable":true,"href":"https:\/\/www.visit-ulcinj.com\/blog\/wp-json\/wp\/v2\/categories?post=69010"},{"taxonomy":"post_tag","embeddable":true,"href":"https:\/\/www.visit-ulcinj.com\/blog\/wp-json\/wp\/v2\/tags?post=69010"}],"curies":[{"name":"wp","href":"https:\/\/api.w.org\/{rel}","templated":true}]}}