{"id":6905,"date":"2008-12-06T19:41:17","date_gmt":"2008-12-06T18:41:17","guid":{"rendered":"http:\/\/www.visit-ulcinj.com\/blog\/?p=6905"},"modified":"2008-12-06T19:54:03","modified_gmt":"2008-12-06T18:54:03","slug":"dita-e-pare-e-kurban-%e2%80%93-bajramit-te-henen-me-8-dhjetor-2008","status":"publish","type":"post","link":"https:\/\/www.visit-ulcinj.com\/blog\/2008\/12\/06\/dita-e-pare-e-kurban-%e2%80%93-bajramit-te-henen-me-8-dhjetor-2008\/","title":{"rendered":"Dita e par\u00eb e Kurban \u2013 Bajramit &#8211; t\u00eb H\u00ebn\u00ebn m\u00eb 8 dhjetor 2008"},"content":{"rendered":"<p><a href=\"http:\/\/www.visit-ulcinj.com\/blog\/wp-content\/uploads\/2008\/12\/kurban_bajram.jpg\"><img loading=\"lazy\" class=\"alignleft size-medium wp-image-6906\" title=\"kurban_bajram\" src=\"http:\/\/www.visit-ulcinj.com\/blog\/wp-content\/uploads\/2008\/12\/kurban_bajram-300x217.jpg\" alt=\"\" width=\"300\" height=\"217\" srcset=\"https:\/\/www.visit-ulcinj.com\/blog\/wp-content\/uploads\/2008\/12\/kurban_bajram-300x217.jpg 300w, https:\/\/www.visit-ulcinj.com\/blog\/wp-content\/uploads\/2008\/12\/kurban_bajram.jpg 553w\" sizes=\"(max-width: 300px) 100vw, 300px\" \/><\/a>Kryesia e Bashk\u00ebsis\u00eb Islame t\u00eb Ulqinit njofton opinionin e gjer\u00eb se dita e par\u00eb e fest\u00ebs s\u00eb Kurban &#8211; Bajramit \u00ebsht\u00eb t\u00eb h\u00ebn\u00ebn m\u00eb 8 dhjetor 2008.<br \/>\nManifestimi qendror kushtuar fest\u00ebs s\u00eb Kurban- Bajramit p\u00ebr Ulqin mbahet n\u00eb Xhamin\u00eb \u201cMaje t\u00eb Pazarit\u201d n\u00eb Ulqin.<br \/>\nManifestimi fillon n\u00eb ora 06:15 me faljen e namazit t\u00eb sabahut, pas t\u00eb cilit do t\u00eb jen\u00eb dy ligj\u00ebrata tematike kushtuar k\u00ebsaj feste.<\/p>\n<p>Me rastin e fest\u00ebs s\u00eb Kurban \u2013 Bajramit, dit\u00ebn e par\u00eb, m\u00eb 8 dhjetor 2008, Krye imami i Bashk\u00ebsis\u00eb Islame t\u00eb Ulqinit\u00a0 si tradicionalisht organizon pritje p\u00ebrurimi n\u00eb selin\u00eb e Kryesis\u00eb s\u00eb Bashk\u00ebsis\u00eb Islame t\u00eb Ulqinit.Kryesia e Bashk\u00ebsis\u00eb Islame t\u00eb Ulqinit t\u00eb gjith\u00eb besimtar\u00ebve dhe opinionit t\u00eb gjer\u00eb ua uron fest\u00ebn e Kurban &#8211; Bajramit duke e lutur Zotin q\u00eb t\u2019i ket\u00eb pranuar lutje e ibadetet tona.<a href=\"http:\/\/www.visit-ulcinj.com\/blog\/wp-content\/uploads\/2008\/08\/bashkesija-islame-e-ulqinit.gif\"><img loading=\"lazy\" class=\"alignright\" src=\"http:\/\/www.visit-ulcinj.com\/blog\/wp-content\/uploads\/2008\/08\/bashkesija-islame-e-ulqinit.gif\" alt=\"\" width=\"117\" height=\"114\" \/><\/a><\/p>\n<p><strong>Me fat festa e Kurban -Bajramit <\/strong><\/p>\n<p><a href=\"http:\/\/membres.lycos.fr\/ulcinj\/hpbimg\/Festa.gif\"><img loading=\"lazy\" class=\"aligncenter\" title=\"gezuar kurban bajramin\" src=\"http:\/\/membres.lycos.fr\/ulcinj\/hpbimg\/Festa.gif\" alt=\"\" width=\"500\" height=\"123\" \/><\/a><\/p>\n<p><a href=\"http:\/\/www.visit-ulcinj.com\/blog\/wp-content\/uploads\/2008\/12\/gezuar-kurban-bajramin.gif\"><br \/>\n<\/a><\/p>\n","protected":false},"excerpt":{"rendered":"<p>Kryesia e Bashk\u00ebsis\u00eb Islame t\u00eb Ulqinit njofton opinionin e gjer\u00eb se dita e par\u00eb e fest\u00ebs s\u00eb Kurban &#8211; Bajramit \u00ebsht\u00eb t\u00eb h\u00ebn\u00ebn m\u00eb 8 dhjetor 2008. Manifestimi qendror kushtuar fest\u00ebs s\u00eb Kurban- Bajramit p\u00ebr Ulqin mbahet n\u00eb Xhamin\u00eb \u201cMaje t\u00eb Pazarit\u201d n\u00eb Ulqin. Manifestimi fillon n\u00eb ora 06:15 me faljen e namazit t\u00eb sabahut, [&hellip;]<\/p>\n","protected":false},"author":1,"featured_media":0,"comment_status":"open","ping_status":"closed","sticky":false,"template":"","format":"standard","meta":{"spay_email":"","jetpack_publicize_message":"","jetpack_is_tweetstorm":false,"jetpack_publicize_feature_enabled":true},"categories":[1],"tags":[5029,5166,200],"jetpack_publicize_connections":[],"yoast_head":"<!-- This site is optimized with the Yoast SEO plugin v19.1 - https:\/\/yoast.com\/wordpress\/plugins\/seo\/ -->\n<title>Dita e par\u00eb e Kurban \u2013 Bajramit - t\u00eb H\u00ebn\u00ebn m\u00eb 8 dhjetor 2008 - Lajme nga Ulqini<\/title>\n<meta name=\"description\" content=\"Kryesia e Bashk\u00ebsis\u00eb Islame t\u00eb Ulqinit njofton opinionin e gjer\u00eb se dita e par\u00eb e fest\u00ebs s\u00eb Kurban - Bajramit \u00ebsht\u00eb t\u00eb h\u00ebn\u00ebn m\u00eb 8 dhjetor 2008.\" \/>\n<meta name=\"robots\" content=\"index, follow, max-snippet:-1, max-image-preview:large, max-video-preview:-1\" \/>\n<link rel=\"canonical\" href=\"https:\/\/www.visit-ulcinj.com\/blog\/2008\/12\/06\/dita-e-pare-e-kurban-\u2013-bajramit-te-henen-me-8-dhjetor-2008\/\" \/>\n<meta property=\"og:locale\" content=\"en_US\" \/>\n<meta property=\"og:type\" content=\"article\" \/>\n<meta property=\"og:title\" content=\"Dita e par\u00eb e Kurban \u2013 Bajramit - t\u00eb H\u00ebn\u00ebn m\u00eb 8 dhjetor 2008 - Lajme nga Ulqini\" \/>\n<meta property=\"og:description\" content=\"Kryesia e Bashk\u00ebsis\u00eb Islame t\u00eb Ulqinit njofton opinionin e gjer\u00eb se dita e par\u00eb e fest\u00ebs s\u00eb Kurban - Bajramit \u00ebsht\u00eb t\u00eb h\u00ebn\u00ebn m\u00eb 8 dhjetor 2008.\" \/>\n<meta property=\"og:url\" content=\"https:\/\/www.visit-ulcinj.com\/blog\/2008\/12\/06\/dita-e-pare-e-kurban-\u2013-bajramit-te-henen-me-8-dhjetor-2008\/\" \/>\n<meta property=\"og:site_name\" content=\"Lajme nga Ulqini\" \/>\n<meta property=\"article:published_time\" content=\"2008-12-06T18:41:17+00:00\" \/>\n<meta property=\"article:modified_time\" content=\"2008-12-06T18:54:03+00:00\" \/>\n<meta property=\"og:image\" content=\"http:\/\/www.visit-ulcinj.com\/blog\/wp-content\/uploads\/2008\/12\/kurban_bajram-300x217.jpg\" \/>\n<meta name=\"twitter:label1\" content=\"Written by\" \/>\n\t<meta name=\"twitter:data1\" content=\"ulqini\" \/>\n\t<meta name=\"twitter:label2\" content=\"Est. reading time\" \/>\n\t<meta name=\"twitter:data2\" content=\"1 minute\" \/>\n<script type=\"application\/ld+json\" class=\"yoast-schema-graph\">{\"@context\":\"https:\/\/schema.org\",\"@graph\":[{\"@type\":\"WebSite\",\"@id\":\"https:\/\/www.visit-ulcinj.com\/blog\/#website\",\"url\":\"https:\/\/www.visit-ulcinj.com\/blog\/\",\"name\":\"Lajme nga Ulqini\",\"description\":\"Lajme,Vijesti,Ulqini,Ulqin,Crna Gora,Mali i Zi\",\"potentialAction\":[{\"@type\":\"SearchAction\",\"target\":{\"@type\":\"EntryPoint\",\"urlTemplate\":\"https:\/\/www.visit-ulcinj.com\/blog\/?s={search_term_string}\"},\"query-input\":\"required name=search_term_string\"}],\"inLanguage\":\"en-US\"},{\"@type\":\"ImageObject\",\"inLanguage\":\"en-US\",\"@id\":\"https:\/\/www.visit-ulcinj.com\/blog\/2008\/12\/06\/dita-e-pare-e-kurban-%e2%80%93-bajramit-te-henen-me-8-dhjetor-2008\/#primaryimage\",\"url\":\"http:\/\/www.visit-ulcinj.com\/blog\/wp-content\/uploads\/2008\/12\/kurban_bajram-300x217.jpg\",\"contentUrl\":\"http:\/\/www.visit-ulcinj.com\/blog\/wp-content\/uploads\/2008\/12\/kurban_bajram-300x217.jpg\"},{\"@type\":\"WebPage\",\"@id\":\"https:\/\/www.visit-ulcinj.com\/blog\/2008\/12\/06\/dita-e-pare-e-kurban-%e2%80%93-bajramit-te-henen-me-8-dhjetor-2008\/#webpage\",\"url\":\"https:\/\/www.visit-ulcinj.com\/blog\/2008\/12\/06\/dita-e-pare-e-kurban-%e2%80%93-bajramit-te-henen-me-8-dhjetor-2008\/\",\"name\":\"Dita e par\u00eb e Kurban \u2013 Bajramit - t\u00eb H\u00ebn\u00ebn m\u00eb 8 dhjetor 2008 - Lajme nga Ulqini\",\"isPartOf\":{\"@id\":\"https:\/\/www.visit-ulcinj.com\/blog\/#website\"},\"primaryImageOfPage\":{\"@id\":\"https:\/\/www.visit-ulcinj.com\/blog\/2008\/12\/06\/dita-e-pare-e-kurban-%e2%80%93-bajramit-te-henen-me-8-dhjetor-2008\/#primaryimage\"},\"datePublished\":\"2008-12-06T18:41:17+00:00\",\"dateModified\":\"2008-12-06T18:54:03+00:00\",\"author\":{\"@id\":\"https:\/\/www.visit-ulcinj.com\/blog\/#\/schema\/person\/dcab619c614d3038751c63bc2aadc06d\"},\"description\":\"Kryesia e Bashk\u00ebsis\u00eb Islame t\u00eb Ulqinit njofton opinionin e gjer\u00eb se dita e par\u00eb e fest\u00ebs s\u00eb Kurban - Bajramit \u00ebsht\u00eb t\u00eb h\u00ebn\u00ebn m\u00eb 8 dhjetor 2008.\",\"breadcrumb\":{\"@id\":\"https:\/\/www.visit-ulcinj.com\/blog\/2008\/12\/06\/dita-e-pare-e-kurban-%e2%80%93-bajramit-te-henen-me-8-dhjetor-2008\/#breadcrumb\"},\"inLanguage\":\"en-US\",\"potentialAction\":[{\"@type\":\"ReadAction\",\"target\":[\"https:\/\/www.visit-ulcinj.com\/blog\/2008\/12\/06\/dita-e-pare-e-kurban-%e2%80%93-bajramit-te-henen-me-8-dhjetor-2008\/\"]}]},{\"@type\":\"BreadcrumbList\",\"@id\":\"https:\/\/www.visit-ulcinj.com\/blog\/2008\/12\/06\/dita-e-pare-e-kurban-%e2%80%93-bajramit-te-henen-me-8-dhjetor-2008\/#breadcrumb\",\"itemListElement\":[{\"@type\":\"ListItem\",\"position\":1,\"name\":\"Dita e par\u00eb e Kurban \u2013 Bajramit &#8211; t\u00eb H\u00ebn\u00ebn m\u00eb 8 dhjetor 2008\"}]},{\"@type\":\"Person\",\"@id\":\"https:\/\/www.visit-ulcinj.com\/blog\/#\/schema\/person\/dcab619c614d3038751c63bc2aadc06d\",\"name\":\"ulqini\",\"sameAs\":[\"http:\/\/www.visit-ulcinj.com\"],\"url\":\"https:\/\/www.visit-ulcinj.com\/blog\/author\/admin\/\"}]}<\/script>\n<!-- \/ Yoast SEO plugin. -->","yoast_head_json":{"title":"Dita e par\u00eb e Kurban \u2013 Bajramit - t\u00eb H\u00ebn\u00ebn m\u00eb 8 dhjetor 2008 - Lajme nga Ulqini","description":"Kryesia e Bashk\u00ebsis\u00eb Islame t\u00eb Ulqinit njofton opinionin e gjer\u00eb se dita e par\u00eb e fest\u00ebs s\u00eb Kurban - Bajramit \u00ebsht\u00eb t\u00eb h\u00ebn\u00ebn m\u00eb 8 dhjetor 2008.","robots":{"index":"index","follow":"follow","max-snippet":"max-snippet:-1","max-image-preview":"max-image-preview:large","max-video-preview":"max-video-preview:-1"},"canonical":"https:\/\/www.visit-ulcinj.com\/blog\/2008\/12\/06\/dita-e-pare-e-kurban-\u2013-bajramit-te-henen-me-8-dhjetor-2008\/","og_locale":"en_US","og_type":"article","og_title":"Dita e par\u00eb e Kurban \u2013 Bajramit - t\u00eb H\u00ebn\u00ebn m\u00eb 8 dhjetor 2008 - Lajme nga Ulqini","og_description":"Kryesia e Bashk\u00ebsis\u00eb Islame t\u00eb Ulqinit njofton opinionin e gjer\u00eb se dita e par\u00eb e fest\u00ebs s\u00eb Kurban - Bajramit \u00ebsht\u00eb t\u00eb h\u00ebn\u00ebn m\u00eb 8 dhjetor 2008.","og_url":"https:\/\/www.visit-ulcinj.com\/blog\/2008\/12\/06\/dita-e-pare-e-kurban-\u2013-bajramit-te-henen-me-8-dhjetor-2008\/","og_site_name":"Lajme nga Ulqini","article_published_time":"2008-12-06T18:41:17+00:00","article_modified_time":"2008-12-06T18:54:03+00:00","og_image":[{"url":"http:\/\/www.visit-ulcinj.com\/blog\/wp-content\/uploads\/2008\/12\/kurban_bajram-300x217.jpg"}],"twitter_misc":{"Written by":"ulqini","Est. reading time":"1 minute"},"schema":{"@context":"https:\/\/schema.org","@graph":[{"@type":"WebSite","@id":"https:\/\/www.visit-ulcinj.com\/blog\/#website","url":"https:\/\/www.visit-ulcinj.com\/blog\/","name":"Lajme nga Ulqini","description":"Lajme,Vijesti,Ulqini,Ulqin,Crna Gora,Mali i Zi","potentialAction":[{"@type":"SearchAction","target":{"@type":"EntryPoint","urlTemplate":"https:\/\/www.visit-ulcinj.com\/blog\/?s={search_term_string}"},"query-input":"required name=search_term_string"}],"inLanguage":"en-US"},{"@type":"ImageObject","inLanguage":"en-US","@id":"https:\/\/www.visit-ulcinj.com\/blog\/2008\/12\/06\/dita-e-pare-e-kurban-%e2%80%93-bajramit-te-henen-me-8-dhjetor-2008\/#primaryimage","url":"http:\/\/www.visit-ulcinj.com\/blog\/wp-content\/uploads\/2008\/12\/kurban_bajram-300x217.jpg","contentUrl":"http:\/\/www.visit-ulcinj.com\/blog\/wp-content\/uploads\/2008\/12\/kurban_bajram-300x217.jpg"},{"@type":"WebPage","@id":"https:\/\/www.visit-ulcinj.com\/blog\/2008\/12\/06\/dita-e-pare-e-kurban-%e2%80%93-bajramit-te-henen-me-8-dhjetor-2008\/#webpage","url":"https:\/\/www.visit-ulcinj.com\/blog\/2008\/12\/06\/dita-e-pare-e-kurban-%e2%80%93-bajramit-te-henen-me-8-dhjetor-2008\/","name":"Dita e par\u00eb e Kurban \u2013 Bajramit - t\u00eb H\u00ebn\u00ebn m\u00eb 8 dhjetor 2008 - Lajme nga Ulqini","isPartOf":{"@id":"https:\/\/www.visit-ulcinj.com\/blog\/#website"},"primaryImageOfPage":{"@id":"https:\/\/www.visit-ulcinj.com\/blog\/2008\/12\/06\/dita-e-pare-e-kurban-%e2%80%93-bajramit-te-henen-me-8-dhjetor-2008\/#primaryimage"},"datePublished":"2008-12-06T18:41:17+00:00","dateModified":"2008-12-06T18:54:03+00:00","author":{"@id":"https:\/\/www.visit-ulcinj.com\/blog\/#\/schema\/person\/dcab619c614d3038751c63bc2aadc06d"},"description":"Kryesia e Bashk\u00ebsis\u00eb Islame t\u00eb Ulqinit njofton opinionin e gjer\u00eb se dita e par\u00eb e fest\u00ebs s\u00eb Kurban - Bajramit \u00ebsht\u00eb t\u00eb h\u00ebn\u00ebn m\u00eb 8 dhjetor 2008.","breadcrumb":{"@id":"https:\/\/www.visit-ulcinj.com\/blog\/2008\/12\/06\/dita-e-pare-e-kurban-%e2%80%93-bajramit-te-henen-me-8-dhjetor-2008\/#breadcrumb"},"inLanguage":"en-US","potentialAction":[{"@type":"ReadAction","target":["https:\/\/www.visit-ulcinj.com\/blog\/2008\/12\/06\/dita-e-pare-e-kurban-%e2%80%93-bajramit-te-henen-me-8-dhjetor-2008\/"]}]},{"@type":"BreadcrumbList","@id":"https:\/\/www.visit-ulcinj.com\/blog\/2008\/12\/06\/dita-e-pare-e-kurban-%e2%80%93-bajramit-te-henen-me-8-dhjetor-2008\/#breadcrumb","itemListElement":[{"@type":"ListItem","position":1,"name":"Dita e par\u00eb e Kurban \u2013 Bajramit &#8211; t\u00eb H\u00ebn\u00ebn m\u00eb 8 dhjetor 2008"}]},{"@type":"Person","@id":"https:\/\/www.visit-ulcinj.com\/blog\/#\/schema\/person\/dcab619c614d3038751c63bc2aadc06d","name":"ulqini","sameAs":["http:\/\/www.visit-ulcinj.com"],"url":"https:\/\/www.visit-ulcinj.com\/blog\/author\/admin\/"}]}},"jetpack_featured_media_url":"","jetpack_sharing_enabled":true,"jetpack_shortlink":"https:\/\/wp.me\/pe6lTn-1Nn","_links":{"self":[{"href":"https:\/\/www.visit-ulcinj.com\/blog\/wp-json\/wp\/v2\/posts\/6905"}],"collection":[{"href":"https:\/\/www.visit-ulcinj.com\/blog\/wp-json\/wp\/v2\/posts"}],"about":[{"href":"https:\/\/www.visit-ulcinj.com\/blog\/wp-json\/wp\/v2\/types\/post"}],"author":[{"embeddable":true,"href":"https:\/\/www.visit-ulcinj.com\/blog\/wp-json\/wp\/v2\/users\/1"}],"replies":[{"embeddable":true,"href":"https:\/\/www.visit-ulcinj.com\/blog\/wp-json\/wp\/v2\/comments?post=6905"}],"version-history":[{"count":0,"href":"https:\/\/www.visit-ulcinj.com\/blog\/wp-json\/wp\/v2\/posts\/6905\/revisions"}],"wp:attachment":[{"href":"https:\/\/www.visit-ulcinj.com\/blog\/wp-json\/wp\/v2\/media?parent=6905"}],"wp:term":[{"taxonomy":"category","embeddable":true,"href":"https:\/\/www.visit-ulcinj.com\/blog\/wp-json\/wp\/v2\/categories?post=6905"},{"taxonomy":"post_tag","embeddable":true,"href":"https:\/\/www.visit-ulcinj.com\/blog\/wp-json\/wp\/v2\/tags?post=6905"}],"curies":[{"name":"wp","href":"https:\/\/api.w.org\/{rel}","templated":true}]}}