{"id":69091,"date":"2013-02-22T17:47:42","date_gmt":"2013-02-22T16:47:42","guid":{"rendered":"http:\/\/www.visit-ulcinj.com\/blog\/?p=69091"},"modified":"2013-02-22T17:54:27","modified_gmt":"2013-02-22T16:54:27","slug":"deklarata-audio-e-cungut-dhe-ministrit-te-shendetsise-radunoviq","status":"publish","type":"post","link":"https:\/\/www.visit-ulcinj.com\/blog\/2013\/02\/22\/deklarata-audio-e-cungut-dhe-ministrit-te-shendetsise-radunoviq\/","title":{"rendered":"Deklarata audio e Cungut dhe ministrit t\u00eb sh\u00ebndetsis\u00eb  Radunoviq"},"content":{"rendered":"<p><strong><a href=\"http:\/\/www.visit-ulcinj.com\/blog\/wp-content\/uploads\/2013\/02\/Nazif-Cungu-Miodrag-Radunovic-Pavle-Marnikovic-Ulcinj.jpg\"><img loading=\"lazy\" class=\"alignleft  wp-image-69073\" alt=\"Nazif Cungu-Miodrag Radunovic-Pavle Marnikovic -Ulcinj\" src=\"http:\/\/www.visit-ulcinj.com\/blog\/wp-content\/uploads\/2013\/02\/Nazif-Cungu-Miodrag-Radunovic-Pavle-Marnikovic-Ulcinj.jpg\" width=\"508\" height=\"360\" \/><\/a>Kryetai Cungu takoi sot ministrin e sh\u00ebndet\u00ebsis\u00eb prof.dr. Miodrag Radunoviq<\/strong><\/p>\n<p>Sot kryetari Cungu takoi ministrine sh\u00ebndetsis\u00eb prof.dr Miodragom Radunovi\u0107 i cili ishte n\u00eb vizit\u00eb pune komun\u00ebs s\u00eb Ulqinit. pas takimit me kryetarin Cungu, ministri takoi drejtorin e Sht\u00ebpis\u00eb s\u00eb sh\u00ebndetit Pavle Marnikoviq.<\/p>\n<p>Deklaratat pas takimit:<\/p>\n<p><strong><a href=\"http:\/\/www.opstinaulcinj.com\/images\/Audio\/Sastanak_Radunovic_Cungu_220213\/Miodrag_Radunovic.mp3\"><img alt=\"mp3\" src=\"http:\/\/www.opstinaulcinj.com\/media\/jce\/icons\/audio.png\" \/><\/a><a href=\"http:\/\/www.opstinaulcinj.com\/images\/Audio\/Sastanak_Radunovic_Cungu_220213\/Miodrag_Radunovic.mp3\">Deklarata e ministrit\u00a0Radunoviq<\/a><\/strong><\/p>\n<p><strong><a href=\"http:\/\/www.opstinaulcinj.com\/images\/Audio\/Sastanak_Radunovic_Cungu_220213\/Nazif_Cungu.mp3\"><img alt=\"mp3\" src=\"http:\/\/www.opstinaulcinj.com\/media\/jce\/icons\/audio.png\" \/>Deklarata e kryetarit Cungu<\/a><\/strong><\/p>\n<p><strong><a href=\"http:\/\/www.opstinaulcinj.com\/images\/Audio\/Sastanak_Radunovic_Cungu_220213\/Pavle_Marnikovic.mp3\"><img alt=\"mp3\" src=\"http:\/\/www.opstinaulcinj.com\/media\/jce\/icons\/audio.png\" \/>Deklarata e drejtorit Marnikoviq<\/a><\/strong><\/p>\n<p>&nbsp;<\/p>\n<p>&nbsp;<\/p>\n<p><strong>Municipality of Ulcinj \/ Op\u0161tina Ulcinj \/ Komuna e Ulqinit<\/strong><br \/>\nTel: +382 30 412 050<br \/>\nFax: +382 30 412 413<br \/>\nAdresa: Bul. Skenderbeu bb, 85360 Ulcinj, MNE<\/p>\n<p><strong>Radunoviq viziton Ulqinin<\/strong><\/p>\n<p>Delegacioni i ministris\u00eb s\u00eb sh\u00ebndet\u00ebsis\u00eb s\u00eb Malit t\u00eb Zi i kryesuar nga ministri Miodrag Radunoviq do t\u00eb zhvilloj nes\u00ebr nj\u00eb vizit\u00eb\u00a0 zyrtare n\u00eb Ulqin. Gjat\u00eb k\u00ebsaj vizite\u00a0 ministri Radunoviq do t\u00eb ket\u00eb nj\u00eb takim pune me kryetarin e Komun\u00ebs s\u00eb Ulqinit\u00a0 Nazif Cungu me bashk\u00ebpun\u00ebtor\u00eb.<\/p>\n<p>Radunoviq pastaj do t\u00eb vizitoj\u00eb sht\u00ebpin\u00eb e sh\u00ebndetit t\u00eb Ulqinit dhe do t\u00eb bisedoj\u00eb me drejtuesit lokal t\u00eb sh\u00ebndet\u00ebsis\u00eb. Ardhja e ministrit Radunoviq n\u00eb Ulqin pritet me interesim t\u00eb madh p\u00ebr faktin se strategjia e re e ministris\u00eb s\u00eb sh\u00ebndet\u00ebsis\u00eb\u00a0 q\u00eb ka t\u00eb b\u00ebj\u00eb me p\u00ebrprimin e mbrojtjes sh\u00ebndet\u00ebsore\u00a0 parasheh q\u00eb Sht\u00ebpia e sh\u00ebndetit n\u00eb Ulqin t\u00eb kaloj\u00eb n\u00eb ingerencat e Qendr\u00ebs sh\u00ebndet\u00ebsore t\u00eb Tivarit e cila ka shkaktuar shum\u00eb\u00a0 pak\u00ebnaq\u00ebsi tek popullata vendase,tek p\u00ebrfaq\u00ebsuesit politik\u00eb\u00a0 si dhe sektori\u00a0 civil.<\/p>\n<p><strong>RTCG<\/strong><\/p>\n<p>&nbsp;<\/p>\n","protected":false},"excerpt":{"rendered":"<p>Kryetai Cungu takoi sot ministrin e sh\u00ebndet\u00ebsis\u00eb prof.dr. Miodrag Radunoviq Sot kryetari Cungu takoi ministrine sh\u00ebndetsis\u00eb prof.dr Miodragom Radunovi\u0107 i cili ishte n\u00eb vizit\u00eb pune komun\u00ebs s\u00eb Ulqinit. pas takimit me kryetarin Cungu, ministri takoi drejtorin e Sht\u00ebpis\u00eb s\u00eb sh\u00ebndetit Pavle Marnikoviq. Deklaratat pas takimit: Deklarata e ministrit\u00a0Radunoviq Deklarata e kryetarit Cungu Deklarata e drejtorit [&hellip;]<\/p>\n","protected":false},"author":1,"featured_media":0,"comment_status":"open","ping_status":"closed","sticky":false,"template":"","format":"standard","meta":{"spay_email":"","jetpack_publicize_message":"","jetpack_is_tweetstorm":false,"jetpack_publicize_feature_enabled":true},"categories":[6],"tags":[21895,21894,118,16692,200],"jetpack_publicize_connections":[],"yoast_head":"<!-- This site is optimized with the Yoast SEO plugin v19.1 - https:\/\/yoast.com\/wordpress\/plugins\/seo\/ -->\n<title>Deklarata audio e Cungut dhe ministrit t\u00eb sh\u00ebndetsis\u00eb Radunoviq - Lajme nga Ulqini<\/title>\n<meta name=\"description\" content=\"Kryetai Cungu takoi sot ministrin e sh\u00ebndet\u00ebsis\u00eb prof.dr. Miodrag Radunoviq Sot kryetari Cungu takoi ministrine sh\u00ebndetsis\u00eb prof.dr Miodragom Radunovi\u0107 i\" \/>\n<meta name=\"robots\" content=\"index, follow, max-snippet:-1, max-image-preview:large, max-video-preview:-1\" \/>\n<link rel=\"canonical\" href=\"https:\/\/www.visit-ulcinj.com\/blog\/2013\/02\/22\/deklarata-audio-e-cungut-dhe-ministrit-te-shendetsise-radunoviq\/\" \/>\n<meta property=\"og:locale\" content=\"en_US\" \/>\n<meta property=\"og:type\" content=\"article\" \/>\n<meta property=\"og:title\" content=\"Deklarata audio e Cungut dhe ministrit t\u00eb sh\u00ebndetsis\u00eb Radunoviq - Lajme nga Ulqini\" \/>\n<meta property=\"og:description\" content=\"Kryetai Cungu takoi sot ministrin e sh\u00ebndet\u00ebsis\u00eb prof.dr. Miodrag Radunoviq Sot kryetari Cungu takoi ministrine sh\u00ebndetsis\u00eb prof.dr Miodragom Radunovi\u0107 i\" \/>\n<meta property=\"og:url\" content=\"https:\/\/www.visit-ulcinj.com\/blog\/2013\/02\/22\/deklarata-audio-e-cungut-dhe-ministrit-te-shendetsise-radunoviq\/\" \/>\n<meta property=\"og:site_name\" content=\"Lajme nga Ulqini\" \/>\n<meta property=\"article:published_time\" content=\"2013-02-22T16:47:42+00:00\" \/>\n<meta property=\"article:modified_time\" content=\"2013-02-22T16:54:27+00:00\" \/>\n<meta property=\"og:image\" content=\"http:\/\/www.visit-ulcinj.com\/blog\/wp-content\/uploads\/2013\/02\/Nazif-Cungu-Miodrag-Radunovic-Pavle-Marnikovic-Ulcinj.jpg\" \/>\n<meta name=\"twitter:label1\" content=\"Written by\" \/>\n\t<meta name=\"twitter:data1\" content=\"ulqini\" \/>\n\t<meta name=\"twitter:label2\" content=\"Est. reading time\" \/>\n\t<meta name=\"twitter:data2\" content=\"1 minute\" \/>\n<script type=\"application\/ld+json\" class=\"yoast-schema-graph\">{\"@context\":\"https:\/\/schema.org\",\"@graph\":[{\"@type\":\"WebSite\",\"@id\":\"https:\/\/www.visit-ulcinj.com\/blog\/#website\",\"url\":\"https:\/\/www.visit-ulcinj.com\/blog\/\",\"name\":\"Lajme nga Ulqini\",\"description\":\"Lajme,Vijesti,Ulqini,Ulqin,Crna Gora,Mali i Zi\",\"potentialAction\":[{\"@type\":\"SearchAction\",\"target\":{\"@type\":\"EntryPoint\",\"urlTemplate\":\"https:\/\/www.visit-ulcinj.com\/blog\/?s={search_term_string}\"},\"query-input\":\"required name=search_term_string\"}],\"inLanguage\":\"en-US\"},{\"@type\":\"ImageObject\",\"inLanguage\":\"en-US\",\"@id\":\"https:\/\/www.visit-ulcinj.com\/blog\/2013\/02\/22\/deklarata-audio-e-cungut-dhe-ministrit-te-shendetsise-radunoviq\/#primaryimage\",\"url\":\"https:\/\/www.visit-ulcinj.com\/blog\/wp-content\/uploads\/2013\/02\/Nazif-Cungu-Miodrag-Radunovic-Pavle-Marnikovic-Ulcinj.jpg\",\"contentUrl\":\"https:\/\/www.visit-ulcinj.com\/blog\/wp-content\/uploads\/2013\/02\/Nazif-Cungu-Miodrag-Radunovic-Pavle-Marnikovic-Ulcinj.jpg\",\"width\":640,\"height\":480},{\"@type\":\"WebPage\",\"@id\":\"https:\/\/www.visit-ulcinj.com\/blog\/2013\/02\/22\/deklarata-audio-e-cungut-dhe-ministrit-te-shendetsise-radunoviq\/#webpage\",\"url\":\"https:\/\/www.visit-ulcinj.com\/blog\/2013\/02\/22\/deklarata-audio-e-cungut-dhe-ministrit-te-shendetsise-radunoviq\/\",\"name\":\"Deklarata audio e Cungut dhe ministrit t\u00eb sh\u00ebndetsis\u00eb Radunoviq - Lajme nga Ulqini\",\"isPartOf\":{\"@id\":\"https:\/\/www.visit-ulcinj.com\/blog\/#website\"},\"primaryImageOfPage\":{\"@id\":\"https:\/\/www.visit-ulcinj.com\/blog\/2013\/02\/22\/deklarata-audio-e-cungut-dhe-ministrit-te-shendetsise-radunoviq\/#primaryimage\"},\"datePublished\":\"2013-02-22T16:47:42+00:00\",\"dateModified\":\"2013-02-22T16:54:27+00:00\",\"author\":{\"@id\":\"https:\/\/www.visit-ulcinj.com\/blog\/#\/schema\/person\/dcab619c614d3038751c63bc2aadc06d\"},\"description\":\"Kryetai Cungu takoi sot ministrin e sh\u00ebndet\u00ebsis\u00eb prof.dr. Miodrag Radunoviq Sot kryetari Cungu takoi ministrine sh\u00ebndetsis\u00eb prof.dr Miodragom Radunovi\u0107 i\",\"breadcrumb\":{\"@id\":\"https:\/\/www.visit-ulcinj.com\/blog\/2013\/02\/22\/deklarata-audio-e-cungut-dhe-ministrit-te-shendetsise-radunoviq\/#breadcrumb\"},\"inLanguage\":\"en-US\",\"potentialAction\":[{\"@type\":\"ReadAction\",\"target\":[\"https:\/\/www.visit-ulcinj.com\/blog\/2013\/02\/22\/deklarata-audio-e-cungut-dhe-ministrit-te-shendetsise-radunoviq\/\"]}]},{\"@type\":\"BreadcrumbList\",\"@id\":\"https:\/\/www.visit-ulcinj.com\/blog\/2013\/02\/22\/deklarata-audio-e-cungut-dhe-ministrit-te-shendetsise-radunoviq\/#breadcrumb\",\"itemListElement\":[{\"@type\":\"ListItem\",\"position\":1,\"name\":\"Deklarata audio e Cungut dhe ministrit t\u00eb sh\u00ebndetsis\u00eb Radunoviq\"}]},{\"@type\":\"Person\",\"@id\":\"https:\/\/www.visit-ulcinj.com\/blog\/#\/schema\/person\/dcab619c614d3038751c63bc2aadc06d\",\"name\":\"ulqini\",\"sameAs\":[\"http:\/\/www.visit-ulcinj.com\"],\"url\":\"https:\/\/www.visit-ulcinj.com\/blog\/author\/admin\/\"}]}<\/script>\n<!-- \/ Yoast SEO plugin. -->","yoast_head_json":{"title":"Deklarata audio e Cungut dhe ministrit t\u00eb sh\u00ebndetsis\u00eb Radunoviq - Lajme nga Ulqini","description":"Kryetai Cungu takoi sot ministrin e sh\u00ebndet\u00ebsis\u00eb prof.dr. Miodrag Radunoviq Sot kryetari Cungu takoi ministrine sh\u00ebndetsis\u00eb prof.dr Miodragom Radunovi\u0107 i","robots":{"index":"index","follow":"follow","max-snippet":"max-snippet:-1","max-image-preview":"max-image-preview:large","max-video-preview":"max-video-preview:-1"},"canonical":"https:\/\/www.visit-ulcinj.com\/blog\/2013\/02\/22\/deklarata-audio-e-cungut-dhe-ministrit-te-shendetsise-radunoviq\/","og_locale":"en_US","og_type":"article","og_title":"Deklarata audio e Cungut dhe ministrit t\u00eb sh\u00ebndetsis\u00eb Radunoviq - Lajme nga Ulqini","og_description":"Kryetai Cungu takoi sot ministrin e sh\u00ebndet\u00ebsis\u00eb prof.dr. Miodrag Radunoviq Sot kryetari Cungu takoi ministrine sh\u00ebndetsis\u00eb prof.dr Miodragom Radunovi\u0107 i","og_url":"https:\/\/www.visit-ulcinj.com\/blog\/2013\/02\/22\/deklarata-audio-e-cungut-dhe-ministrit-te-shendetsise-radunoviq\/","og_site_name":"Lajme nga Ulqini","article_published_time":"2013-02-22T16:47:42+00:00","article_modified_time":"2013-02-22T16:54:27+00:00","og_image":[{"url":"http:\/\/www.visit-ulcinj.com\/blog\/wp-content\/uploads\/2013\/02\/Nazif-Cungu-Miodrag-Radunovic-Pavle-Marnikovic-Ulcinj.jpg"}],"twitter_misc":{"Written by":"ulqini","Est. reading time":"1 minute"},"schema":{"@context":"https:\/\/schema.org","@graph":[{"@type":"WebSite","@id":"https:\/\/www.visit-ulcinj.com\/blog\/#website","url":"https:\/\/www.visit-ulcinj.com\/blog\/","name":"Lajme nga Ulqini","description":"Lajme,Vijesti,Ulqini,Ulqin,Crna Gora,Mali i Zi","potentialAction":[{"@type":"SearchAction","target":{"@type":"EntryPoint","urlTemplate":"https:\/\/www.visit-ulcinj.com\/blog\/?s={search_term_string}"},"query-input":"required name=search_term_string"}],"inLanguage":"en-US"},{"@type":"ImageObject","inLanguage":"en-US","@id":"https:\/\/www.visit-ulcinj.com\/blog\/2013\/02\/22\/deklarata-audio-e-cungut-dhe-ministrit-te-shendetsise-radunoviq\/#primaryimage","url":"https:\/\/www.visit-ulcinj.com\/blog\/wp-content\/uploads\/2013\/02\/Nazif-Cungu-Miodrag-Radunovic-Pavle-Marnikovic-Ulcinj.jpg","contentUrl":"https:\/\/www.visit-ulcinj.com\/blog\/wp-content\/uploads\/2013\/02\/Nazif-Cungu-Miodrag-Radunovic-Pavle-Marnikovic-Ulcinj.jpg","width":640,"height":480},{"@type":"WebPage","@id":"https:\/\/www.visit-ulcinj.com\/blog\/2013\/02\/22\/deklarata-audio-e-cungut-dhe-ministrit-te-shendetsise-radunoviq\/#webpage","url":"https:\/\/www.visit-ulcinj.com\/blog\/2013\/02\/22\/deklarata-audio-e-cungut-dhe-ministrit-te-shendetsise-radunoviq\/","name":"Deklarata audio e Cungut dhe ministrit t\u00eb sh\u00ebndetsis\u00eb Radunoviq - Lajme nga Ulqini","isPartOf":{"@id":"https:\/\/www.visit-ulcinj.com\/blog\/#website"},"primaryImageOfPage":{"@id":"https:\/\/www.visit-ulcinj.com\/blog\/2013\/02\/22\/deklarata-audio-e-cungut-dhe-ministrit-te-shendetsise-radunoviq\/#primaryimage"},"datePublished":"2013-02-22T16:47:42+00:00","dateModified":"2013-02-22T16:54:27+00:00","author":{"@id":"https:\/\/www.visit-ulcinj.com\/blog\/#\/schema\/person\/dcab619c614d3038751c63bc2aadc06d"},"description":"Kryetai Cungu takoi sot ministrin e sh\u00ebndet\u00ebsis\u00eb prof.dr. Miodrag Radunoviq Sot kryetari Cungu takoi ministrine sh\u00ebndetsis\u00eb prof.dr Miodragom Radunovi\u0107 i","breadcrumb":{"@id":"https:\/\/www.visit-ulcinj.com\/blog\/2013\/02\/22\/deklarata-audio-e-cungut-dhe-ministrit-te-shendetsise-radunoviq\/#breadcrumb"},"inLanguage":"en-US","potentialAction":[{"@type":"ReadAction","target":["https:\/\/www.visit-ulcinj.com\/blog\/2013\/02\/22\/deklarata-audio-e-cungut-dhe-ministrit-te-shendetsise-radunoviq\/"]}]},{"@type":"BreadcrumbList","@id":"https:\/\/www.visit-ulcinj.com\/blog\/2013\/02\/22\/deklarata-audio-e-cungut-dhe-ministrit-te-shendetsise-radunoviq\/#breadcrumb","itemListElement":[{"@type":"ListItem","position":1,"name":"Deklarata audio e Cungut dhe ministrit t\u00eb sh\u00ebndetsis\u00eb Radunoviq"}]},{"@type":"Person","@id":"https:\/\/www.visit-ulcinj.com\/blog\/#\/schema\/person\/dcab619c614d3038751c63bc2aadc06d","name":"ulqini","sameAs":["http:\/\/www.visit-ulcinj.com"],"url":"https:\/\/www.visit-ulcinj.com\/blog\/author\/admin\/"}]}},"jetpack_featured_media_url":"","jetpack_sharing_enabled":true,"jetpack_shortlink":"https:\/\/wp.me\/pe6lTn-hYn","_links":{"self":[{"href":"https:\/\/www.visit-ulcinj.com\/blog\/wp-json\/wp\/v2\/posts\/69091"}],"collection":[{"href":"https:\/\/www.visit-ulcinj.com\/blog\/wp-json\/wp\/v2\/posts"}],"about":[{"href":"https:\/\/www.visit-ulcinj.com\/blog\/wp-json\/wp\/v2\/types\/post"}],"author":[{"embeddable":true,"href":"https:\/\/www.visit-ulcinj.com\/blog\/wp-json\/wp\/v2\/users\/1"}],"replies":[{"embeddable":true,"href":"https:\/\/www.visit-ulcinj.com\/blog\/wp-json\/wp\/v2\/comments?post=69091"}],"version-history":[{"count":6,"href":"https:\/\/www.visit-ulcinj.com\/blog\/wp-json\/wp\/v2\/posts\/69091\/revisions"}],"predecessor-version":[{"id":69097,"href":"https:\/\/www.visit-ulcinj.com\/blog\/wp-json\/wp\/v2\/posts\/69091\/revisions\/69097"}],"wp:attachment":[{"href":"https:\/\/www.visit-ulcinj.com\/blog\/wp-json\/wp\/v2\/media?parent=69091"}],"wp:term":[{"taxonomy":"category","embeddable":true,"href":"https:\/\/www.visit-ulcinj.com\/blog\/wp-json\/wp\/v2\/categories?post=69091"},{"taxonomy":"post_tag","embeddable":true,"href":"https:\/\/www.visit-ulcinj.com\/blog\/wp-json\/wp\/v2\/tags?post=69091"}],"curies":[{"name":"wp","href":"https:\/\/api.w.org\/{rel}","templated":true}]}}