{"id":69110,"date":"2013-02-22T19:32:18","date_gmt":"2013-02-22T18:32:18","guid":{"rendered":"http:\/\/www.visit-ulcinj.com\/blog\/?p=69110"},"modified":"2013-02-22T19:38:02","modified_gmt":"2013-02-22T18:38:02","slug":"canka-dugovi-kao-sudbina","status":"publish","type":"post","link":"https:\/\/www.visit-ulcinj.com\/blog\/2013\/02\/22\/canka-dugovi-kao-sudbina\/","title":{"rendered":"Canka: Dugovi kao sudbina"},"content":{"rendered":"<div id=\"attachment_69113\" style=\"width: 518px\" class=\"wp-caption alignleft\"><a href=\"http:\/\/www.visit-ulcinj.com\/blog\/wp-content\/uploads\/2013\/02\/Nazif-Cungu_Ulqin-Ulcinj.jpg\"><img aria-describedby=\"caption-attachment-69113\" loading=\"lazy\" class=\" wp-image-69113 \" alt=\"Nazif Cungu_Ulqin-Ulcinj\" src=\"http:\/\/www.visit-ulcinj.com\/blog\/wp-content\/uploads\/2013\/02\/Nazif-Cungu_Ulqin-Ulcinj.jpg\" width=\"508\" height=\"360\" \/><\/a><p id=\"caption-attachment-69113\" class=\"wp-caption-text\">Foto Mota\u017ea<\/p><\/div>\n<p>Prema podacima Ministarstva finansija dug op\u0161tine Ulcinj krajem pro\u0161le godine iznosio je oko 2,5 miliona eura. To zna\u010di da ova lokalna samouprava spada u manje zadu\u017eene u zemlji. Me\u0111utim, \u010delni \u010dovjek op\u0161tine Nazif Cungu kazao je da je dug sedam puta ve\u0107i i da iznosi oko 21 milion eura! Istovremeno sekretar za finansije op\u0161tine Agron Ibrahimi ka\u017ee da su obaveze op\u0161tine gotovo pet puta manje nego \u0161to to tvrdi gradona\u010delnik, odnosno da iznose oko 4,5 miliona eura! Rije\u010d je uglavnom o neizmirenim zaradama prema zapo\u0161ljenima u organima lokalne samouprave ili preduze\u0107ima \u010diji je ona osniva\u010d, nepla\u0107enim porezima i doprinosima na zarade, te kreditnim obavezama ili pozajmicama op\u0161tine.<\/p>\n<p>Iako se to rijetko navodi, dugovanja pravnih i fizi\u010dkih lica prema toj op\u0161tini iznose oko 2,5 miliona eura. Stoga se sasvim opravdanim \u010dini pitanje: odakle toliko velika razlika u ra\u010dunici za op\u0161tinu \u010diji je bud\u017eet u pro\u0161loj godini realizovan tek 60 odsto od plana, ili 4,4 miliona eura?<\/p>\n<p>Predsjednik op\u0161tine je u dug redovno ra\u010dunao i 4,5 miliona eura koje su krajem pro\u0161le decenije odre\u0111ena pravna i fizi\u010dka lica platili avansno za komunalije za svoje nelegalno izgra\u0111ene objekte, a op\u0161tina se obavezala da donese plansku dokumentaciju za te objekte. Dakle, situacija je prosta: tu svoju obavezu, odnosno dono\u0161enje detaljnih urbanisti\u010dkih planova op\u0161tina mora da ispo\u0161tuje i razloga za povra\u0107aj sredstava ne\u0107e biti. To je i on utvrdio u izjavi za Dan (23. novembra 2012.) isti\u010du\u0107i da ,,op\u0161tina trenutno duguje 16,2 miliona eura&#8221;, ali samo mjesec dana kasnije dugovi su opet narasli na 21 milion eura! Polovina navodnog duga otpada na vrijednost sudskih sporova pokrenutih od strane ve\u0107eg broja pravnih i fizi\u010dkih lica protiv op\u0161tine Ulcinj.<\/p>\n<p>,,Takvo ra\u010dunanje duga je besmislica, tim prije \u0161to se mnogi sudski procesi vode godinama, neki i od 1988. godine&#8221;, ka\u017ee jedan poznati ulcinjski pravnik.<\/p>\n<p>Ovu situaciju on je poku\u0161ao da objasni sljede\u0107om analogijom: ,,To bi bilo kao da je protiv nekog \u010dovjeka podignuta krivi\u010dna prijava, a vi ga odmah proglasite za kriminalca&#8221;.<\/p>\n<p>Ali, gorko iskustvo Ulcinjana sa sudskom aferom Komarac i indolentno reagovanje op\u0161tinskih struktura u tom i u nizu drugih procesa nala\u017ee da se bude veoma oprezan. Naime, dug op\u0161tine prema jednom preduze\u0107u koje je zapra\u0161ivalo komarce na teritoriji ove op\u0161tine po\u010detkom devedesetih je sa 20 hiljada maraka raznim sudskim marifetlucima narastao na gotovo pola miliona maraka! U jednom nedavnom sudskom procesu op\u0161tini je sa ra\u010duna skinuto 270 hiljada eura za sudski proces od prije 30 godina koji realno vrijedi 30 puta manje nego \u0161to je dosu\u0111eno.<\/p>\n<p>Sve donedavno malo poznata firma Rekreaturs je od op\u0161tine Ulcinj potra\u017eivala gotovo \u0161est miliona eura za \u0161tetu koju joj je ona navodno u\u010dinila poru\u0161iv\u0161i po\u010detkom osamdesetih jedan objekat na Velikoj pla\u017ei. Apartmansko naselje K1 sa oko 300 kamp-ku\u0107ica pripadalo je kosovskim radnicima koji su ga izgradili prije zemljotresa i slu\u017eilo im je kao odmarali\u0161te,a Rekreaturs je odlukama srpskih organa postao njihov pravni sljedbenik. U antialbanskoj histeriji nakon 1981. g. K1 je temeljno sru\u0161en.<\/p>\n<p>,,I to ne odlukama tada\u0161njih op\u0161tinskih ve\u0107 republi\u010dkih vlasti, jer se tada govorilo o perfidnim planovima &#8216;iredente&#8217; o naseljavanju Ulcinja&#8221;, tvrdi lider Demokratske unije Albanaca Mehmet Zenka.<\/p>\n<p>I Cungu navodi da su ,,ti objekti sru\u0161eni po rje\u0161enju tada\u0161njeg Republi\u010dkog komiteta za urbanizam i gra\u0111evinarstvo&#8221;, pa je tim \u010dudnije \u0161to u dug op\u0161tine trpa i te zahtjeve za obe\u0161te\u0107enje Rekreatursa.<\/p>\n<p>Pitanje je, me\u0111utim, da li je dug op\u0161tine samo u jednom danu, 1. februara 2013. godine, narastao za jo\u0161 \u010detiri miliona, jer su mu tog dana ve\u0107inski vlasnici Rekreatursa, Atlas grupa, saop\u0161tili da potra\u017eivanje po tom sudskom sporu iznosi preko 10 miliona eura, a ne kao ranije, tek \u0161est miliona eura!<\/p>\n<p>,,Sve nam se ovo de\u0161ava jer ni poslije 500 dana nove vlasti jedna nezavisna revizorska institucija nije provjerila njeno poslovanje i utvrdila precizno dug i njegovu strukturu&#8221;, ka\u017ee za Monitor predsjednik odborni\u010dkog kluba Bolji Ulcinj \u2013 Bolja Crna Gora u lokalnom parlamentu Andrija \u0106etkovi\u0107.<\/p>\n<p>On smatra da se tako otvara prostor za manipulaciju, pa se, kako isti\u010de, doga\u0111a da se obaveze prema nekim strankama pla\u0107aju, a prema drugima ne. Obaveza utvr\u0111ivanja stvarnog duga op\u0161tine je, ina\u010de, postojala i prema koalicionom sporazumu nove vlasti koji su potpisale Nova demokratska snaga &#8211; FORCA, Demokratska partija Fatmira \u0110eke, Socijaldemokratska partija i Gra\u0111anski pokret Perspektiva Amira Holaja.<\/p>\n<p>U DUA smatraju da zbog svega toga mora hitno biti sazvana vanredna sjednica op\u0161tinske skup\u0161tine kako bi se donijele odgovaraju\u0107e odluke i zaklju\u010dci. Navodi se, tako\u0111e, da je potrebno sastaviti dobar advokatski tim koji \u0107e zastupati op\u0161tinu u ovim sporovima, jer \u010ditava odgovornost ne smije da padne na Sekretarijat za za\u0161titu op\u0161tinske imovine.<\/p>\n<p>U svakom slu\u010daju, odgovorno vo\u0111enje op\u0161tinske samouprave sa ovakvim ra\u010dunicama je vi\u0161e prosto nemogu\u0107e. Op\u0161tini sa tako malim prihodima i dugom od preko 20 miliona eura niko ne bi dao nikakav kredit. Ona bi u tom slu\u010daju bila zadu\u017eenija od Gr\u010dke, a njeni stanovnici ne bi imali nikakvu perspektivu. Bili bi osu\u0111eni da rasprodaju svoju imovinu kako bi podmirili potra\u017eioce. Da li je to scenario koji se priprema Ulcinju?<br \/>\n<a href=\"http:\/\/www.monitor.co.me\/\/index.php?option=com_content&amp;view=article&amp;id=4121:dugovi-kao-sudbina&amp;catid=2786:broj-1165&amp;Itemid=4028\" target=\"_blank\"><strong>Mustafa CANKA<\/strong><\/a><br \/>\n<a href=\"http:\/\/www.monitor.co.me\/\/index.php?option=com_content&amp;view=article&amp;id=4121:dugovi-kao-sudbina&amp;catid=2786:broj-1165&amp;Itemid=4028\" target=\"_blank\"> <strong>Izvor: MONITOR<\/strong><\/a><\/p>\n","protected":false},"excerpt":{"rendered":"<p>Prema podacima Ministarstva finansija dug op\u0161tine Ulcinj krajem pro\u0161le godine iznosio je oko 2,5 miliona eura. To zna\u010di da ova lokalna samouprava spada u manje zadu\u017eene u zemlji. Me\u0111utim, \u010delni \u010dovjek op\u0161tine Nazif Cungu kazao je da je dug sedam puta ve\u0107i i da iznosi oko 21 milion eura! Istovremeno sekretar za finansije op\u0161tine Agron [&hellip;]<\/p>\n","protected":false},"author":1,"featured_media":0,"comment_status":"open","ping_status":"closed","sticky":false,"template":"","format":"standard","meta":{"spay_email":"","jetpack_publicize_message":"","jetpack_is_tweetstorm":false,"jetpack_publicize_feature_enabled":true},"categories":[8337],"tags":[118,264],"jetpack_publicize_connections":[],"yoast_head":"<!-- This site is optimized with the Yoast SEO plugin v19.1 - https:\/\/yoast.com\/wordpress\/plugins\/seo\/ -->\n<title>Canka: Dugovi kao sudbina - Lajme nga Ulqini<\/title>\n<meta name=\"description\" content=\"Prema podacima Ministarstva finansija dug op\u0161tine Ulcinj krajem pro\u0161le godine iznosio je oko 2,5 miliona eura. To zna\u010di da ova lokalna samouprava spada u\" \/>\n<meta name=\"robots\" content=\"index, follow, max-snippet:-1, max-image-preview:large, max-video-preview:-1\" \/>\n<link rel=\"canonical\" href=\"https:\/\/www.visit-ulcinj.com\/blog\/2013\/02\/22\/canka-dugovi-kao-sudbina\/\" \/>\n<meta property=\"og:locale\" content=\"en_US\" \/>\n<meta property=\"og:type\" content=\"article\" \/>\n<meta property=\"og:title\" content=\"Canka: Dugovi kao sudbina - Lajme nga Ulqini\" \/>\n<meta property=\"og:description\" content=\"Prema podacima Ministarstva finansija dug op\u0161tine Ulcinj krajem pro\u0161le godine iznosio je oko 2,5 miliona eura. To zna\u010di da ova lokalna samouprava spada u\" \/>\n<meta property=\"og:url\" content=\"https:\/\/www.visit-ulcinj.com\/blog\/2013\/02\/22\/canka-dugovi-kao-sudbina\/\" \/>\n<meta property=\"og:site_name\" content=\"Lajme nga Ulqini\" \/>\n<meta property=\"article:published_time\" content=\"2013-02-22T18:32:18+00:00\" \/>\n<meta property=\"article:modified_time\" content=\"2013-02-22T18:38:02+00:00\" \/>\n<meta property=\"og:image\" content=\"http:\/\/www.visit-ulcinj.com\/blog\/wp-content\/uploads\/2013\/02\/Nazif-Cungu_Ulqin-Ulcinj.jpg\" \/>\n<meta name=\"twitter:label1\" content=\"Written by\" \/>\n\t<meta name=\"twitter:data1\" content=\"ulqini\" \/>\n\t<meta name=\"twitter:label2\" content=\"Est. reading time\" \/>\n\t<meta name=\"twitter:data2\" content=\"5 minutes\" \/>\n<script type=\"application\/ld+json\" class=\"yoast-schema-graph\">{\"@context\":\"https:\/\/schema.org\",\"@graph\":[{\"@type\":\"WebSite\",\"@id\":\"https:\/\/www.visit-ulcinj.com\/blog\/#website\",\"url\":\"https:\/\/www.visit-ulcinj.com\/blog\/\",\"name\":\"Lajme nga Ulqini\",\"description\":\"Lajme,Vijesti,Ulqini,Ulqin,Crna Gora,Mali i Zi\",\"potentialAction\":[{\"@type\":\"SearchAction\",\"target\":{\"@type\":\"EntryPoint\",\"urlTemplate\":\"https:\/\/www.visit-ulcinj.com\/blog\/?s={search_term_string}\"},\"query-input\":\"required name=search_term_string\"}],\"inLanguage\":\"en-US\"},{\"@type\":\"ImageObject\",\"inLanguage\":\"en-US\",\"@id\":\"https:\/\/www.visit-ulcinj.com\/blog\/2013\/02\/22\/canka-dugovi-kao-sudbina\/#primaryimage\",\"url\":\"https:\/\/www.visit-ulcinj.com\/blog\/wp-content\/uploads\/2013\/02\/Nazif-Cungu_Ulqin-Ulcinj.jpg\",\"contentUrl\":\"https:\/\/www.visit-ulcinj.com\/blog\/wp-content\/uploads\/2013\/02\/Nazif-Cungu_Ulqin-Ulcinj.jpg\",\"width\":1000,\"height\":667},{\"@type\":\"WebPage\",\"@id\":\"https:\/\/www.visit-ulcinj.com\/blog\/2013\/02\/22\/canka-dugovi-kao-sudbina\/#webpage\",\"url\":\"https:\/\/www.visit-ulcinj.com\/blog\/2013\/02\/22\/canka-dugovi-kao-sudbina\/\",\"name\":\"Canka: Dugovi kao sudbina - Lajme nga Ulqini\",\"isPartOf\":{\"@id\":\"https:\/\/www.visit-ulcinj.com\/blog\/#website\"},\"primaryImageOfPage\":{\"@id\":\"https:\/\/www.visit-ulcinj.com\/blog\/2013\/02\/22\/canka-dugovi-kao-sudbina\/#primaryimage\"},\"datePublished\":\"2013-02-22T18:32:18+00:00\",\"dateModified\":\"2013-02-22T18:38:02+00:00\",\"author\":{\"@id\":\"https:\/\/www.visit-ulcinj.com\/blog\/#\/schema\/person\/dcab619c614d3038751c63bc2aadc06d\"},\"description\":\"Prema podacima Ministarstva finansija dug op\u0161tine Ulcinj krajem pro\u0161le godine iznosio je oko 2,5 miliona eura. To zna\u010di da ova lokalna samouprava spada u\",\"breadcrumb\":{\"@id\":\"https:\/\/www.visit-ulcinj.com\/blog\/2013\/02\/22\/canka-dugovi-kao-sudbina\/#breadcrumb\"},\"inLanguage\":\"en-US\",\"potentialAction\":[{\"@type\":\"ReadAction\",\"target\":[\"https:\/\/www.visit-ulcinj.com\/blog\/2013\/02\/22\/canka-dugovi-kao-sudbina\/\"]}]},{\"@type\":\"BreadcrumbList\",\"@id\":\"https:\/\/www.visit-ulcinj.com\/blog\/2013\/02\/22\/canka-dugovi-kao-sudbina\/#breadcrumb\",\"itemListElement\":[{\"@type\":\"ListItem\",\"position\":1,\"name\":\"Canka: Dugovi kao sudbina\"}]},{\"@type\":\"Person\",\"@id\":\"https:\/\/www.visit-ulcinj.com\/blog\/#\/schema\/person\/dcab619c614d3038751c63bc2aadc06d\",\"name\":\"ulqini\",\"sameAs\":[\"http:\/\/www.visit-ulcinj.com\"],\"url\":\"https:\/\/www.visit-ulcinj.com\/blog\/author\/admin\/\"}]}<\/script>\n<!-- \/ Yoast SEO plugin. -->","yoast_head_json":{"title":"Canka: Dugovi kao sudbina - Lajme nga Ulqini","description":"Prema podacima Ministarstva finansija dug op\u0161tine Ulcinj krajem pro\u0161le godine iznosio je oko 2,5 miliona eura. To zna\u010di da ova lokalna samouprava spada u","robots":{"index":"index","follow":"follow","max-snippet":"max-snippet:-1","max-image-preview":"max-image-preview:large","max-video-preview":"max-video-preview:-1"},"canonical":"https:\/\/www.visit-ulcinj.com\/blog\/2013\/02\/22\/canka-dugovi-kao-sudbina\/","og_locale":"en_US","og_type":"article","og_title":"Canka: Dugovi kao sudbina - Lajme nga Ulqini","og_description":"Prema podacima Ministarstva finansija dug op\u0161tine Ulcinj krajem pro\u0161le godine iznosio je oko 2,5 miliona eura. To zna\u010di da ova lokalna samouprava spada u","og_url":"https:\/\/www.visit-ulcinj.com\/blog\/2013\/02\/22\/canka-dugovi-kao-sudbina\/","og_site_name":"Lajme nga Ulqini","article_published_time":"2013-02-22T18:32:18+00:00","article_modified_time":"2013-02-22T18:38:02+00:00","og_image":[{"url":"http:\/\/www.visit-ulcinj.com\/blog\/wp-content\/uploads\/2013\/02\/Nazif-Cungu_Ulqin-Ulcinj.jpg"}],"twitter_misc":{"Written by":"ulqini","Est. reading time":"5 minutes"},"schema":{"@context":"https:\/\/schema.org","@graph":[{"@type":"WebSite","@id":"https:\/\/www.visit-ulcinj.com\/blog\/#website","url":"https:\/\/www.visit-ulcinj.com\/blog\/","name":"Lajme nga Ulqini","description":"Lajme,Vijesti,Ulqini,Ulqin,Crna Gora,Mali i Zi","potentialAction":[{"@type":"SearchAction","target":{"@type":"EntryPoint","urlTemplate":"https:\/\/www.visit-ulcinj.com\/blog\/?s={search_term_string}"},"query-input":"required name=search_term_string"}],"inLanguage":"en-US"},{"@type":"ImageObject","inLanguage":"en-US","@id":"https:\/\/www.visit-ulcinj.com\/blog\/2013\/02\/22\/canka-dugovi-kao-sudbina\/#primaryimage","url":"https:\/\/www.visit-ulcinj.com\/blog\/wp-content\/uploads\/2013\/02\/Nazif-Cungu_Ulqin-Ulcinj.jpg","contentUrl":"https:\/\/www.visit-ulcinj.com\/blog\/wp-content\/uploads\/2013\/02\/Nazif-Cungu_Ulqin-Ulcinj.jpg","width":1000,"height":667},{"@type":"WebPage","@id":"https:\/\/www.visit-ulcinj.com\/blog\/2013\/02\/22\/canka-dugovi-kao-sudbina\/#webpage","url":"https:\/\/www.visit-ulcinj.com\/blog\/2013\/02\/22\/canka-dugovi-kao-sudbina\/","name":"Canka: Dugovi kao sudbina - Lajme nga Ulqini","isPartOf":{"@id":"https:\/\/www.visit-ulcinj.com\/blog\/#website"},"primaryImageOfPage":{"@id":"https:\/\/www.visit-ulcinj.com\/blog\/2013\/02\/22\/canka-dugovi-kao-sudbina\/#primaryimage"},"datePublished":"2013-02-22T18:32:18+00:00","dateModified":"2013-02-22T18:38:02+00:00","author":{"@id":"https:\/\/www.visit-ulcinj.com\/blog\/#\/schema\/person\/dcab619c614d3038751c63bc2aadc06d"},"description":"Prema podacima Ministarstva finansija dug op\u0161tine Ulcinj krajem pro\u0161le godine iznosio je oko 2,5 miliona eura. To zna\u010di da ova lokalna samouprava spada u","breadcrumb":{"@id":"https:\/\/www.visit-ulcinj.com\/blog\/2013\/02\/22\/canka-dugovi-kao-sudbina\/#breadcrumb"},"inLanguage":"en-US","potentialAction":[{"@type":"ReadAction","target":["https:\/\/www.visit-ulcinj.com\/blog\/2013\/02\/22\/canka-dugovi-kao-sudbina\/"]}]},{"@type":"BreadcrumbList","@id":"https:\/\/www.visit-ulcinj.com\/blog\/2013\/02\/22\/canka-dugovi-kao-sudbina\/#breadcrumb","itemListElement":[{"@type":"ListItem","position":1,"name":"Canka: Dugovi kao sudbina"}]},{"@type":"Person","@id":"https:\/\/www.visit-ulcinj.com\/blog\/#\/schema\/person\/dcab619c614d3038751c63bc2aadc06d","name":"ulqini","sameAs":["http:\/\/www.visit-ulcinj.com"],"url":"https:\/\/www.visit-ulcinj.com\/blog\/author\/admin\/"}]}},"jetpack_featured_media_url":"","jetpack_sharing_enabled":true,"jetpack_shortlink":"https:\/\/wp.me\/pe6lTn-hYG","_links":{"self":[{"href":"https:\/\/www.visit-ulcinj.com\/blog\/wp-json\/wp\/v2\/posts\/69110"}],"collection":[{"href":"https:\/\/www.visit-ulcinj.com\/blog\/wp-json\/wp\/v2\/posts"}],"about":[{"href":"https:\/\/www.visit-ulcinj.com\/blog\/wp-json\/wp\/v2\/types\/post"}],"author":[{"embeddable":true,"href":"https:\/\/www.visit-ulcinj.com\/blog\/wp-json\/wp\/v2\/users\/1"}],"replies":[{"embeddable":true,"href":"https:\/\/www.visit-ulcinj.com\/blog\/wp-json\/wp\/v2\/comments?post=69110"}],"version-history":[{"count":3,"href":"https:\/\/www.visit-ulcinj.com\/blog\/wp-json\/wp\/v2\/posts\/69110\/revisions"}],"predecessor-version":[{"id":69115,"href":"https:\/\/www.visit-ulcinj.com\/blog\/wp-json\/wp\/v2\/posts\/69110\/revisions\/69115"}],"wp:attachment":[{"href":"https:\/\/www.visit-ulcinj.com\/blog\/wp-json\/wp\/v2\/media?parent=69110"}],"wp:term":[{"taxonomy":"category","embeddable":true,"href":"https:\/\/www.visit-ulcinj.com\/blog\/wp-json\/wp\/v2\/categories?post=69110"},{"taxonomy":"post_tag","embeddable":true,"href":"https:\/\/www.visit-ulcinj.com\/blog\/wp-json\/wp\/v2\/tags?post=69110"}],"curies":[{"name":"wp","href":"https:\/\/api.w.org\/{rel}","templated":true}]}}