{"id":69117,"date":"2013-02-22T19:55:38","date_gmt":"2013-02-22T18:55:38","guid":{"rendered":"http:\/\/www.visit-ulcinj.com\/blog\/?p=69117"},"modified":"2013-02-22T19:56:34","modified_gmt":"2013-02-22T18:56:34","slug":"edhe-mali-i-zi-goditet-nga-meteori-video","status":"publish","type":"post","link":"https:\/\/www.visit-ulcinj.com\/blog\/2013\/02\/22\/edhe-mali-i-zi-goditet-nga-meteori-video\/","title":{"rendered":"Edhe Mali i Zi goditet nga meteori &#8211; Video"},"content":{"rendered":"<p><a href=\"http:\/\/www.visit-ulcinj.com\/blog\/wp-content\/uploads\/2013\/02\/Edhe-Mali-i-Zi-goditet-nga-meteori.jpg\"><img loading=\"lazy\" class=\"alignleft  wp-image-69118\" alt=\"Edhe Mali i Zi goditet nga meteori\" src=\"http:\/\/www.visit-ulcinj.com\/blog\/wp-content\/uploads\/2013\/02\/Edhe-Mali-i-Zi-goditet-nga-meteori.jpg\" width=\"508\" height=\"300\" \/><\/a>Besoni ose jo, nj\u00eb meteor, i cili ngjan me at\u00eb q\u00eb ra n\u00eb Rusi, ka r\u00ebn\u00eb edhe n\u00eb Mal t\u00eb Zi edhe at\u00eb af\u00ebr nj\u00eb muaj m\u00eb her\u00ebt.<\/p>\n<p>Fal\u00eb nj\u00eb personi i cili e kishte filmuar k\u00ebt\u00eb ngjarje, kjo video \u00ebsht\u00eb paraqitur gjat\u00eb edicionit informativ t\u00eb televizionit malazez.<\/p>\n<p>Sipas ekspert\u00ebve n\u00eb video nuk v\u00ebrehet ndonj\u00eb dallim i madh mes k\u00ebtij meteori dha atij q\u00eb ra n\u00eb Rusi, mir\u00ebpo ata njoftojn\u00eb se nuk duhet t\u00eb ket\u00eb panik p\u00ebr k\u00ebt\u00eb ngjarje.<\/p>\n<p>\u201cDuhet t\u2019ju them se k\u00ebto filmime jan\u00eb t\u00eb mrekullueshme dhe n\u00eb qoft\u00eb se do t\u00eb publikoheshin para disa dit\u00ebve kur ishte aktuale goditja e meteorit n\u00eb Rusi, at\u00ebher\u00eb do t\u00eb kishte nj\u00eb interes t\u00eb madh dhe kjo video shum\u00eb shpejt\u00eb do t\u00eb b\u00ebnte xhiron n\u00ebp\u00ebr bot\u00eb\u201d, tha astronomi Igor Dajkovi\u00e7.<\/p>\n<p>Sipas Dajkovi\u00e7it nuk mund t\u00eb v\u00ebrtetohet me sakt\u00ebsi se a ka r\u00ebn\u00eb n\u00eb territorin e Malit t\u00eb Zi, apo ka vazhduar drejt\u00eb Shqip\u00ebris\u00eb.<\/p>\n<p>Mir\u00ebpo nga Departamenti i Urgjenc\u00ebs thuhet se nuk kan\u00eb njohur p\u00ebr r\u00ebnien e ndonj\u00eb meteori.<\/p>\n<p><strong>Bota Sot<\/strong><\/p>\n<p><strong>VIDEO TV VIJESTI<br \/>\n<\/strong><br \/>\n<!--YouTube Error: bad URL entered--><\/p>\n","protected":false},"excerpt":{"rendered":"<p>Besoni ose jo, nj\u00eb meteor, i cili ngjan me at\u00eb q\u00eb ra n\u00eb Rusi, ka r\u00ebn\u00eb edhe n\u00eb Mal t\u00eb Zi edhe at\u00eb af\u00ebr nj\u00eb muaj m\u00eb her\u00ebt. Fal\u00eb nj\u00eb personi i cili e kishte filmuar k\u00ebt\u00eb ngjarje, kjo video \u00ebsht\u00eb paraqitur gjat\u00eb edicionit informativ t\u00eb televizionit malazez. Sipas ekspert\u00ebve n\u00eb video nuk v\u00ebrehet ndonj\u00eb [&hellip;]<\/p>\n","protected":false},"author":1,"featured_media":0,"comment_status":"open","ping_status":"closed","sticky":false,"template":"","format":"standard","meta":{"spay_email":"","jetpack_publicize_message":"","jetpack_is_tweetstorm":false,"jetpack_publicize_feature_enabled":true},"categories":[14],"tags":[95,21896],"jetpack_publicize_connections":[],"yoast_head":"<!-- This site is optimized with the Yoast SEO plugin v19.1 - https:\/\/yoast.com\/wordpress\/plugins\/seo\/ -->\n<title>Edhe Mali i Zi goditet nga meteori - Video - Lajme nga Ulqini<\/title>\n<meta name=\"description\" content=\"Besoni ose jo, nj\u00eb meteor, i cili ngjan me at\u00eb q\u00eb ra n\u00eb Rusi, ka r\u00ebn\u00eb edhe n\u00eb Mal t\u00eb Zi edhe at\u00eb af\u00ebr nj\u00eb muaj m\u00eb her\u00ebt. Fal\u00eb nj\u00eb personi i cili e kishte\" \/>\n<meta name=\"robots\" content=\"index, follow, max-snippet:-1, max-image-preview:large, max-video-preview:-1\" \/>\n<link rel=\"canonical\" href=\"https:\/\/www.visit-ulcinj.com\/blog\/2013\/02\/22\/edhe-mali-i-zi-goditet-nga-meteori-video\/\" \/>\n<meta property=\"og:locale\" content=\"en_US\" \/>\n<meta property=\"og:type\" content=\"article\" \/>\n<meta property=\"og:title\" content=\"Edhe Mali i Zi goditet nga meteori - Video - Lajme nga Ulqini\" \/>\n<meta property=\"og:description\" content=\"Besoni ose jo, nj\u00eb meteor, i cili ngjan me at\u00eb q\u00eb ra n\u00eb Rusi, ka r\u00ebn\u00eb edhe n\u00eb Mal t\u00eb Zi edhe at\u00eb af\u00ebr nj\u00eb muaj m\u00eb her\u00ebt. Fal\u00eb nj\u00eb personi i cili e kishte\" \/>\n<meta property=\"og:url\" content=\"https:\/\/www.visit-ulcinj.com\/blog\/2013\/02\/22\/edhe-mali-i-zi-goditet-nga-meteori-video\/\" \/>\n<meta property=\"og:site_name\" content=\"Lajme nga Ulqini\" \/>\n<meta property=\"article:published_time\" content=\"2013-02-22T18:55:38+00:00\" \/>\n<meta property=\"article:modified_time\" content=\"2013-02-22T18:56:34+00:00\" \/>\n<meta property=\"og:image\" content=\"http:\/\/www.visit-ulcinj.com\/blog\/wp-content\/uploads\/2013\/02\/Edhe-Mali-i-Zi-goditet-nga-meteori.jpg\" \/>\n<meta name=\"twitter:label1\" content=\"Written by\" \/>\n\t<meta name=\"twitter:data1\" content=\"ulqini\" \/>\n\t<meta name=\"twitter:label2\" content=\"Est. reading time\" \/>\n\t<meta name=\"twitter:data2\" content=\"1 minute\" \/>\n<script type=\"application\/ld+json\" class=\"yoast-schema-graph\">{\"@context\":\"https:\/\/schema.org\",\"@graph\":[{\"@type\":\"WebSite\",\"@id\":\"https:\/\/www.visit-ulcinj.com\/blog\/#website\",\"url\":\"https:\/\/www.visit-ulcinj.com\/blog\/\",\"name\":\"Lajme nga Ulqini\",\"description\":\"Lajme,Vijesti,Ulqini,Ulqin,Crna Gora,Mali i Zi\",\"potentialAction\":[{\"@type\":\"SearchAction\",\"target\":{\"@type\":\"EntryPoint\",\"urlTemplate\":\"https:\/\/www.visit-ulcinj.com\/blog\/?s={search_term_string}\"},\"query-input\":\"required name=search_term_string\"}],\"inLanguage\":\"en-US\"},{\"@type\":\"ImageObject\",\"inLanguage\":\"en-US\",\"@id\":\"https:\/\/www.visit-ulcinj.com\/blog\/2013\/02\/22\/edhe-mali-i-zi-goditet-nga-meteori-video\/#primaryimage\",\"url\":\"https:\/\/www.visit-ulcinj.com\/blog\/wp-content\/uploads\/2013\/02\/Edhe-Mali-i-Zi-goditet-nga-meteori.jpg\",\"contentUrl\":\"https:\/\/www.visit-ulcinj.com\/blog\/wp-content\/uploads\/2013\/02\/Edhe-Mali-i-Zi-goditet-nga-meteori.jpg\",\"width\":400,\"height\":300},{\"@type\":\"WebPage\",\"@id\":\"https:\/\/www.visit-ulcinj.com\/blog\/2013\/02\/22\/edhe-mali-i-zi-goditet-nga-meteori-video\/#webpage\",\"url\":\"https:\/\/www.visit-ulcinj.com\/blog\/2013\/02\/22\/edhe-mali-i-zi-goditet-nga-meteori-video\/\",\"name\":\"Edhe Mali i Zi goditet nga meteori - Video - Lajme nga Ulqini\",\"isPartOf\":{\"@id\":\"https:\/\/www.visit-ulcinj.com\/blog\/#website\"},\"primaryImageOfPage\":{\"@id\":\"https:\/\/www.visit-ulcinj.com\/blog\/2013\/02\/22\/edhe-mali-i-zi-goditet-nga-meteori-video\/#primaryimage\"},\"datePublished\":\"2013-02-22T18:55:38+00:00\",\"dateModified\":\"2013-02-22T18:56:34+00:00\",\"author\":{\"@id\":\"https:\/\/www.visit-ulcinj.com\/blog\/#\/schema\/person\/dcab619c614d3038751c63bc2aadc06d\"},\"description\":\"Besoni ose jo, nj\u00eb meteor, i cili ngjan me at\u00eb q\u00eb ra n\u00eb Rusi, ka r\u00ebn\u00eb edhe n\u00eb Mal t\u00eb Zi edhe at\u00eb af\u00ebr nj\u00eb muaj m\u00eb her\u00ebt. Fal\u00eb nj\u00eb personi i cili e kishte\",\"breadcrumb\":{\"@id\":\"https:\/\/www.visit-ulcinj.com\/blog\/2013\/02\/22\/edhe-mali-i-zi-goditet-nga-meteori-video\/#breadcrumb\"},\"inLanguage\":\"en-US\",\"potentialAction\":[{\"@type\":\"ReadAction\",\"target\":[\"https:\/\/www.visit-ulcinj.com\/blog\/2013\/02\/22\/edhe-mali-i-zi-goditet-nga-meteori-video\/\"]}]},{\"@type\":\"BreadcrumbList\",\"@id\":\"https:\/\/www.visit-ulcinj.com\/blog\/2013\/02\/22\/edhe-mali-i-zi-goditet-nga-meteori-video\/#breadcrumb\",\"itemListElement\":[{\"@type\":\"ListItem\",\"position\":1,\"name\":\"Edhe Mali i Zi goditet nga meteori &#8211; Video\"}]},{\"@type\":\"Person\",\"@id\":\"https:\/\/www.visit-ulcinj.com\/blog\/#\/schema\/person\/dcab619c614d3038751c63bc2aadc06d\",\"name\":\"ulqini\",\"sameAs\":[\"http:\/\/www.visit-ulcinj.com\"],\"url\":\"https:\/\/www.visit-ulcinj.com\/blog\/author\/admin\/\"}]}<\/script>\n<!-- \/ Yoast SEO plugin. -->","yoast_head_json":{"title":"Edhe Mali i Zi goditet nga meteori - Video - Lajme nga Ulqini","description":"Besoni ose jo, nj\u00eb meteor, i cili ngjan me at\u00eb q\u00eb ra n\u00eb Rusi, ka r\u00ebn\u00eb edhe n\u00eb Mal t\u00eb Zi edhe at\u00eb af\u00ebr nj\u00eb muaj m\u00eb her\u00ebt. Fal\u00eb nj\u00eb personi i cili e kishte","robots":{"index":"index","follow":"follow","max-snippet":"max-snippet:-1","max-image-preview":"max-image-preview:large","max-video-preview":"max-video-preview:-1"},"canonical":"https:\/\/www.visit-ulcinj.com\/blog\/2013\/02\/22\/edhe-mali-i-zi-goditet-nga-meteori-video\/","og_locale":"en_US","og_type":"article","og_title":"Edhe Mali i Zi goditet nga meteori - Video - Lajme nga Ulqini","og_description":"Besoni ose jo, nj\u00eb meteor, i cili ngjan me at\u00eb q\u00eb ra n\u00eb Rusi, ka r\u00ebn\u00eb edhe n\u00eb Mal t\u00eb Zi edhe at\u00eb af\u00ebr nj\u00eb muaj m\u00eb her\u00ebt. Fal\u00eb nj\u00eb personi i cili e kishte","og_url":"https:\/\/www.visit-ulcinj.com\/blog\/2013\/02\/22\/edhe-mali-i-zi-goditet-nga-meteori-video\/","og_site_name":"Lajme nga Ulqini","article_published_time":"2013-02-22T18:55:38+00:00","article_modified_time":"2013-02-22T18:56:34+00:00","og_image":[{"url":"http:\/\/www.visit-ulcinj.com\/blog\/wp-content\/uploads\/2013\/02\/Edhe-Mali-i-Zi-goditet-nga-meteori.jpg"}],"twitter_misc":{"Written by":"ulqini","Est. reading time":"1 minute"},"schema":{"@context":"https:\/\/schema.org","@graph":[{"@type":"WebSite","@id":"https:\/\/www.visit-ulcinj.com\/blog\/#website","url":"https:\/\/www.visit-ulcinj.com\/blog\/","name":"Lajme nga Ulqini","description":"Lajme,Vijesti,Ulqini,Ulqin,Crna Gora,Mali i Zi","potentialAction":[{"@type":"SearchAction","target":{"@type":"EntryPoint","urlTemplate":"https:\/\/www.visit-ulcinj.com\/blog\/?s={search_term_string}"},"query-input":"required name=search_term_string"}],"inLanguage":"en-US"},{"@type":"ImageObject","inLanguage":"en-US","@id":"https:\/\/www.visit-ulcinj.com\/blog\/2013\/02\/22\/edhe-mali-i-zi-goditet-nga-meteori-video\/#primaryimage","url":"https:\/\/www.visit-ulcinj.com\/blog\/wp-content\/uploads\/2013\/02\/Edhe-Mali-i-Zi-goditet-nga-meteori.jpg","contentUrl":"https:\/\/www.visit-ulcinj.com\/blog\/wp-content\/uploads\/2013\/02\/Edhe-Mali-i-Zi-goditet-nga-meteori.jpg","width":400,"height":300},{"@type":"WebPage","@id":"https:\/\/www.visit-ulcinj.com\/blog\/2013\/02\/22\/edhe-mali-i-zi-goditet-nga-meteori-video\/#webpage","url":"https:\/\/www.visit-ulcinj.com\/blog\/2013\/02\/22\/edhe-mali-i-zi-goditet-nga-meteori-video\/","name":"Edhe Mali i Zi goditet nga meteori - Video - Lajme nga Ulqini","isPartOf":{"@id":"https:\/\/www.visit-ulcinj.com\/blog\/#website"},"primaryImageOfPage":{"@id":"https:\/\/www.visit-ulcinj.com\/blog\/2013\/02\/22\/edhe-mali-i-zi-goditet-nga-meteori-video\/#primaryimage"},"datePublished":"2013-02-22T18:55:38+00:00","dateModified":"2013-02-22T18:56:34+00:00","author":{"@id":"https:\/\/www.visit-ulcinj.com\/blog\/#\/schema\/person\/dcab619c614d3038751c63bc2aadc06d"},"description":"Besoni ose jo, nj\u00eb meteor, i cili ngjan me at\u00eb q\u00eb ra n\u00eb Rusi, ka r\u00ebn\u00eb edhe n\u00eb Mal t\u00eb Zi edhe at\u00eb af\u00ebr nj\u00eb muaj m\u00eb her\u00ebt. Fal\u00eb nj\u00eb personi i cili e kishte","breadcrumb":{"@id":"https:\/\/www.visit-ulcinj.com\/blog\/2013\/02\/22\/edhe-mali-i-zi-goditet-nga-meteori-video\/#breadcrumb"},"inLanguage":"en-US","potentialAction":[{"@type":"ReadAction","target":["https:\/\/www.visit-ulcinj.com\/blog\/2013\/02\/22\/edhe-mali-i-zi-goditet-nga-meteori-video\/"]}]},{"@type":"BreadcrumbList","@id":"https:\/\/www.visit-ulcinj.com\/blog\/2013\/02\/22\/edhe-mali-i-zi-goditet-nga-meteori-video\/#breadcrumb","itemListElement":[{"@type":"ListItem","position":1,"name":"Edhe Mali i Zi goditet nga meteori &#8211; Video"}]},{"@type":"Person","@id":"https:\/\/www.visit-ulcinj.com\/blog\/#\/schema\/person\/dcab619c614d3038751c63bc2aadc06d","name":"ulqini","sameAs":["http:\/\/www.visit-ulcinj.com"],"url":"https:\/\/www.visit-ulcinj.com\/blog\/author\/admin\/"}]}},"jetpack_featured_media_url":"","jetpack_sharing_enabled":true,"jetpack_shortlink":"https:\/\/wp.me\/pe6lTn-hYN","_links":{"self":[{"href":"https:\/\/www.visit-ulcinj.com\/blog\/wp-json\/wp\/v2\/posts\/69117"}],"collection":[{"href":"https:\/\/www.visit-ulcinj.com\/blog\/wp-json\/wp\/v2\/posts"}],"about":[{"href":"https:\/\/www.visit-ulcinj.com\/blog\/wp-json\/wp\/v2\/types\/post"}],"author":[{"embeddable":true,"href":"https:\/\/www.visit-ulcinj.com\/blog\/wp-json\/wp\/v2\/users\/1"}],"replies":[{"embeddable":true,"href":"https:\/\/www.visit-ulcinj.com\/blog\/wp-json\/wp\/v2\/comments?post=69117"}],"version-history":[{"count":4,"href":"https:\/\/www.visit-ulcinj.com\/blog\/wp-json\/wp\/v2\/posts\/69117\/revisions"}],"predecessor-version":[{"id":69123,"href":"https:\/\/www.visit-ulcinj.com\/blog\/wp-json\/wp\/v2\/posts\/69117\/revisions\/69123"}],"wp:attachment":[{"href":"https:\/\/www.visit-ulcinj.com\/blog\/wp-json\/wp\/v2\/media?parent=69117"}],"wp:term":[{"taxonomy":"category","embeddable":true,"href":"https:\/\/www.visit-ulcinj.com\/blog\/wp-json\/wp\/v2\/categories?post=69117"},{"taxonomy":"post_tag","embeddable":true,"href":"https:\/\/www.visit-ulcinj.com\/blog\/wp-json\/wp\/v2\/tags?post=69117"}],"curies":[{"name":"wp","href":"https:\/\/api.w.org\/{rel}","templated":true}]}}