{"id":69130,"date":"2013-02-23T16:33:56","date_gmt":"2013-02-23T15:33:56","guid":{"rendered":"http:\/\/www.visit-ulcinj.com\/blog\/?p=69130"},"modified":"2013-02-24T01:47:30","modified_gmt":"2013-02-24T00:47:30","slug":"cungu-pritin-drejtorin-e-inspeksionit-te-punes-z-aleksander-moshtrokoll","status":"publish","type":"post","link":"https:\/\/www.visit-ulcinj.com\/blog\/2013\/02\/23\/cungu-pritin-drejtorin-e-inspeksionit-te-punes-z-aleksander-moshtrokoll\/","title":{"rendered":"Cungu priti drejtorin e inspeksionit t\u00eb pun\u00ebs z. Aleksander Moshtrokoll"},"content":{"rendered":"<p><strong><a href=\"http:\/\/www.visit-ulcinj.com\/blog\/wp-content\/uploads\/2013\/02\/Nazif-Cungu_Aleksandar-Mostrokol_Ulcinj.jpg\"><img loading=\"lazy\" class=\"alignleft  wp-image-69078\" alt=\"Nazif Cungu_Aleksandar Mostrokol_Ulcinj\" src=\"http:\/\/www.visit-ulcinj.com\/blog\/wp-content\/uploads\/2013\/02\/Nazif-Cungu_Aleksandar-Mostrokol_Ulcinj.jpg\" width=\"508\" height=\"360\" \/><\/a>Kryetari Cungu pritin n\u00eb takim drejtorin e drejtoris\u00eb s\u00eb inspeksionit t\u00eb pun\u00ebs z. Aleksander Moshtrokoll<\/strong><\/p>\n<p>Duke qen\u00eb q\u00eb Komuna e Ulqinit gjendet n\u00eb nj\u00eb faz\u00eb shum\u00eb e r\u00ebnd\u00ebsishme t\u00eb krijimit t\u00eb parakushteve p\u00ebr fillimin e disa projekteve zhvillimore, Kryetari i Komun\u00ebs s\u00eb Ulqinit Nazif Cungu ftoi n\u00eb takim p\u00ebrfaq\u00ebsuesit e Drejtoris\u00eb s\u00eb inpeksionit t\u00eb pun\u00ebs p\u00ebr t\u00eb diskutuar lidhur me eleminimin e barierave q\u00eb mund t\u00eb hasen gjat\u00eb k\u00ebsaj kohe. \u00c7eshtjet e diskutuara n\u00eb k\u00ebt\u00eb takim p\u00ebrfshin fusha t\u00eb ndryshme si turizmin, pun\u00ebt publike, bujq\u00ebsin si dhe veprimtari tjera ekonomike t\u00eb cilat jan\u00eb me interes, jo vet\u00ebm p\u00ebr komun\u00ebn e Ulqinit, por edhe p\u00ebr shtetin e Malit t\u00eb Zi.<br \/>\n<a href=\"http:\/\/www.visit-ulcinj.com\/blog\/wp-content\/uploads\/2013\/02\/Nazif-Cungu_Aleksandar-Mostrokol_Ulcinj.1.jpg\"><img loading=\"lazy\" class=\"alignleft  wp-image-69079\" alt=\"Nazif Cungu_Aleksandar Mostrokol_Ulcinj.1\" src=\"http:\/\/www.visit-ulcinj.com\/blog\/wp-content\/uploads\/2013\/02\/Nazif-Cungu_Aleksandar-Mostrokol_Ulcinj.1.jpg\" width=\"508\" height=\"300\" \/><\/a><\/p>\n<p>Bashk\u00eb me drejtorin e k\u00ebsaj drejtorie z. Aleksander Moshtrokolla, n\u00eb takim ishin t\u00eb pranishem edhe Rada Markoviq nga sektori i prokurimeve publike,mbrojtjes s\u00eb tregut dhe ekonomis\u00eb, Spasoje Popoviq nga sektori i mbrojtjes dhe siguris\u00eb s\u00eb sh\u00ebndetit t\u00eb njeriut, kafsh\u00ebve dhe bim\u00ebve, Biljana Jakiq nga sektori i mjedisit jetsore dhe ambientit si dhe Emilia Ota\u0161evi\u0107 shefe e kabinetit.<\/p>\n<p>T\u00eb pranishmit n\u00eb k\u00ebt\u00eb takim ran\u00eb dakord p\u00ebr intensifikim e bashkpunimit n\u00eb aktivitete t\u00eb ve\u00e7anta duke p\u00ebrfshir\u00eb k\u00ebtu shk\u00ebmbimin e informacionit dhe propozimin e ndryshimeve legjislative t\u00eb nevojshme p\u00ebr eleminimin e fenomeneve negative si ekonomia e zez\u00eb, nd\u00ebrtimi ilegal e k\u00ebshtu me rrall\u00eb.<\/p>\n<p>&nbsp;<\/p>\n<p><strong>Municipality of Ulcinj \/ Op\u0161tina Ulcinj \/ Komuna e Ulqinit<\/strong><br \/>\nTel: +382 30 412 050<br \/>\nFax: +382 30 412 413<br \/>\nAdresa: Bul. Skenderbeu bb, 85360 Ulcinj, MNE<\/p>\n","protected":false},"excerpt":{"rendered":"<p>Kryetari Cungu pritin n\u00eb takim drejtorin e drejtoris\u00eb s\u00eb inspeksionit t\u00eb pun\u00ebs z. Aleksander Moshtrokoll Duke qen\u00eb q\u00eb Komuna e Ulqinit gjendet n\u00eb nj\u00eb faz\u00eb shum\u00eb e r\u00ebnd\u00ebsishme t\u00eb krijimit t\u00eb parakushteve p\u00ebr fillimin e disa projekteve zhvillimore, Kryetari i Komun\u00ebs s\u00eb Ulqinit Nazif Cungu ftoi n\u00eb takim p\u00ebrfaq\u00ebsuesit e Drejtoris\u00eb s\u00eb inpeksionit t\u00eb pun\u00ebs [&hellip;]<\/p>\n","protected":false},"author":1,"featured_media":0,"comment_status":"open","ping_status":"closed","sticky":false,"template":"","format":"standard","meta":{"spay_email":"","jetpack_publicize_message":"","jetpack_is_tweetstorm":false,"jetpack_publicize_feature_enabled":true},"categories":[1,12],"tags":[297,118],"jetpack_publicize_connections":[],"yoast_head":"<!-- This site is optimized with the Yoast SEO plugin v19.1 - https:\/\/yoast.com\/wordpress\/plugins\/seo\/ -->\n<title>Cungu priti drejtorin e inspeksionit t\u00eb pun\u00ebs z. Aleksander Moshtrokoll - Lajme nga Ulqini<\/title>\n<meta name=\"description\" content=\"Kryetari Cungu pritin n\u00eb takim drejtorin e drejtoris\u00eb s\u00eb inspeksionit t\u00eb pun\u00ebs z. Aleksander Moshtrokoll Duke qen\u00eb q\u00eb Komuna e Ulqinit gjendet n\u00eb nj\u00eb faz\u00eb\" \/>\n<meta name=\"robots\" content=\"index, follow, max-snippet:-1, max-image-preview:large, max-video-preview:-1\" \/>\n<link rel=\"canonical\" href=\"https:\/\/www.visit-ulcinj.com\/blog\/2013\/02\/23\/cungu-pritin-drejtorin-e-inspeksionit-te-punes-z-aleksander-moshtrokoll\/\" \/>\n<meta property=\"og:locale\" content=\"en_US\" \/>\n<meta property=\"og:type\" content=\"article\" \/>\n<meta property=\"og:title\" content=\"Cungu priti drejtorin e inspeksionit t\u00eb pun\u00ebs z. Aleksander Moshtrokoll - Lajme nga Ulqini\" \/>\n<meta property=\"og:description\" content=\"Kryetari Cungu pritin n\u00eb takim drejtorin e drejtoris\u00eb s\u00eb inspeksionit t\u00eb pun\u00ebs z. Aleksander Moshtrokoll Duke qen\u00eb q\u00eb Komuna e Ulqinit gjendet n\u00eb nj\u00eb faz\u00eb\" \/>\n<meta property=\"og:url\" content=\"https:\/\/www.visit-ulcinj.com\/blog\/2013\/02\/23\/cungu-pritin-drejtorin-e-inspeksionit-te-punes-z-aleksander-moshtrokoll\/\" \/>\n<meta property=\"og:site_name\" content=\"Lajme nga Ulqini\" \/>\n<meta property=\"article:published_time\" content=\"2013-02-23T15:33:56+00:00\" \/>\n<meta property=\"article:modified_time\" content=\"2013-02-24T00:47:30+00:00\" \/>\n<meta property=\"og:image\" content=\"http:\/\/www.visit-ulcinj.com\/blog\/wp-content\/uploads\/2013\/02\/Nazif-Cungu_Aleksandar-Mostrokol_Ulcinj.jpg\" \/>\n<meta name=\"twitter:label1\" content=\"Written by\" \/>\n\t<meta name=\"twitter:data1\" content=\"ulqini\" \/>\n\t<meta name=\"twitter:label2\" content=\"Est. reading time\" \/>\n\t<meta name=\"twitter:data2\" content=\"1 minute\" \/>\n<script type=\"application\/ld+json\" class=\"yoast-schema-graph\">{\"@context\":\"https:\/\/schema.org\",\"@graph\":[{\"@type\":\"WebSite\",\"@id\":\"https:\/\/www.visit-ulcinj.com\/blog\/#website\",\"url\":\"https:\/\/www.visit-ulcinj.com\/blog\/\",\"name\":\"Lajme nga Ulqini\",\"description\":\"Lajme,Vijesti,Ulqini,Ulqin,Crna Gora,Mali i Zi\",\"potentialAction\":[{\"@type\":\"SearchAction\",\"target\":{\"@type\":\"EntryPoint\",\"urlTemplate\":\"https:\/\/www.visit-ulcinj.com\/blog\/?s={search_term_string}\"},\"query-input\":\"required name=search_term_string\"}],\"inLanguage\":\"en-US\"},{\"@type\":\"ImageObject\",\"inLanguage\":\"en-US\",\"@id\":\"https:\/\/www.visit-ulcinj.com\/blog\/2013\/02\/23\/cungu-pritin-drejtorin-e-inspeksionit-te-punes-z-aleksander-moshtrokoll\/#primaryimage\",\"url\":\"https:\/\/www.visit-ulcinj.com\/blog\/wp-content\/uploads\/2013\/02\/Nazif-Cungu_Aleksandar-Mostrokol_Ulcinj.jpg\",\"contentUrl\":\"https:\/\/www.visit-ulcinj.com\/blog\/wp-content\/uploads\/2013\/02\/Nazif-Cungu_Aleksandar-Mostrokol_Ulcinj.jpg\",\"width\":640,\"height\":424},{\"@type\":\"WebPage\",\"@id\":\"https:\/\/www.visit-ulcinj.com\/blog\/2013\/02\/23\/cungu-pritin-drejtorin-e-inspeksionit-te-punes-z-aleksander-moshtrokoll\/#webpage\",\"url\":\"https:\/\/www.visit-ulcinj.com\/blog\/2013\/02\/23\/cungu-pritin-drejtorin-e-inspeksionit-te-punes-z-aleksander-moshtrokoll\/\",\"name\":\"Cungu priti drejtorin e inspeksionit t\u00eb pun\u00ebs z. Aleksander Moshtrokoll - Lajme nga Ulqini\",\"isPartOf\":{\"@id\":\"https:\/\/www.visit-ulcinj.com\/blog\/#website\"},\"primaryImageOfPage\":{\"@id\":\"https:\/\/www.visit-ulcinj.com\/blog\/2013\/02\/23\/cungu-pritin-drejtorin-e-inspeksionit-te-punes-z-aleksander-moshtrokoll\/#primaryimage\"},\"datePublished\":\"2013-02-23T15:33:56+00:00\",\"dateModified\":\"2013-02-24T00:47:30+00:00\",\"author\":{\"@id\":\"https:\/\/www.visit-ulcinj.com\/blog\/#\/schema\/person\/dcab619c614d3038751c63bc2aadc06d\"},\"description\":\"Kryetari Cungu pritin n\u00eb takim drejtorin e drejtoris\u00eb s\u00eb inspeksionit t\u00eb pun\u00ebs z. Aleksander Moshtrokoll Duke qen\u00eb q\u00eb Komuna e Ulqinit gjendet n\u00eb nj\u00eb faz\u00eb\",\"breadcrumb\":{\"@id\":\"https:\/\/www.visit-ulcinj.com\/blog\/2013\/02\/23\/cungu-pritin-drejtorin-e-inspeksionit-te-punes-z-aleksander-moshtrokoll\/#breadcrumb\"},\"inLanguage\":\"en-US\",\"potentialAction\":[{\"@type\":\"ReadAction\",\"target\":[\"https:\/\/www.visit-ulcinj.com\/blog\/2013\/02\/23\/cungu-pritin-drejtorin-e-inspeksionit-te-punes-z-aleksander-moshtrokoll\/\"]}]},{\"@type\":\"BreadcrumbList\",\"@id\":\"https:\/\/www.visit-ulcinj.com\/blog\/2013\/02\/23\/cungu-pritin-drejtorin-e-inspeksionit-te-punes-z-aleksander-moshtrokoll\/#breadcrumb\",\"itemListElement\":[{\"@type\":\"ListItem\",\"position\":1,\"name\":\"Cungu priti drejtorin e inspeksionit t\u00eb pun\u00ebs z. Aleksander Moshtrokoll\"}]},{\"@type\":\"Person\",\"@id\":\"https:\/\/www.visit-ulcinj.com\/blog\/#\/schema\/person\/dcab619c614d3038751c63bc2aadc06d\",\"name\":\"ulqini\",\"sameAs\":[\"http:\/\/www.visit-ulcinj.com\"],\"url\":\"https:\/\/www.visit-ulcinj.com\/blog\/author\/admin\/\"}]}<\/script>\n<!-- \/ Yoast SEO plugin. -->","yoast_head_json":{"title":"Cungu priti drejtorin e inspeksionit t\u00eb pun\u00ebs z. Aleksander Moshtrokoll - Lajme nga Ulqini","description":"Kryetari Cungu pritin n\u00eb takim drejtorin e drejtoris\u00eb s\u00eb inspeksionit t\u00eb pun\u00ebs z. Aleksander Moshtrokoll Duke qen\u00eb q\u00eb Komuna e Ulqinit gjendet n\u00eb nj\u00eb faz\u00eb","robots":{"index":"index","follow":"follow","max-snippet":"max-snippet:-1","max-image-preview":"max-image-preview:large","max-video-preview":"max-video-preview:-1"},"canonical":"https:\/\/www.visit-ulcinj.com\/blog\/2013\/02\/23\/cungu-pritin-drejtorin-e-inspeksionit-te-punes-z-aleksander-moshtrokoll\/","og_locale":"en_US","og_type":"article","og_title":"Cungu priti drejtorin e inspeksionit t\u00eb pun\u00ebs z. Aleksander Moshtrokoll - Lajme nga Ulqini","og_description":"Kryetari Cungu pritin n\u00eb takim drejtorin e drejtoris\u00eb s\u00eb inspeksionit t\u00eb pun\u00ebs z. Aleksander Moshtrokoll Duke qen\u00eb q\u00eb Komuna e Ulqinit gjendet n\u00eb nj\u00eb faz\u00eb","og_url":"https:\/\/www.visit-ulcinj.com\/blog\/2013\/02\/23\/cungu-pritin-drejtorin-e-inspeksionit-te-punes-z-aleksander-moshtrokoll\/","og_site_name":"Lajme nga Ulqini","article_published_time":"2013-02-23T15:33:56+00:00","article_modified_time":"2013-02-24T00:47:30+00:00","og_image":[{"url":"http:\/\/www.visit-ulcinj.com\/blog\/wp-content\/uploads\/2013\/02\/Nazif-Cungu_Aleksandar-Mostrokol_Ulcinj.jpg"}],"twitter_misc":{"Written by":"ulqini","Est. reading time":"1 minute"},"schema":{"@context":"https:\/\/schema.org","@graph":[{"@type":"WebSite","@id":"https:\/\/www.visit-ulcinj.com\/blog\/#website","url":"https:\/\/www.visit-ulcinj.com\/blog\/","name":"Lajme nga Ulqini","description":"Lajme,Vijesti,Ulqini,Ulqin,Crna Gora,Mali i Zi","potentialAction":[{"@type":"SearchAction","target":{"@type":"EntryPoint","urlTemplate":"https:\/\/www.visit-ulcinj.com\/blog\/?s={search_term_string}"},"query-input":"required name=search_term_string"}],"inLanguage":"en-US"},{"@type":"ImageObject","inLanguage":"en-US","@id":"https:\/\/www.visit-ulcinj.com\/blog\/2013\/02\/23\/cungu-pritin-drejtorin-e-inspeksionit-te-punes-z-aleksander-moshtrokoll\/#primaryimage","url":"https:\/\/www.visit-ulcinj.com\/blog\/wp-content\/uploads\/2013\/02\/Nazif-Cungu_Aleksandar-Mostrokol_Ulcinj.jpg","contentUrl":"https:\/\/www.visit-ulcinj.com\/blog\/wp-content\/uploads\/2013\/02\/Nazif-Cungu_Aleksandar-Mostrokol_Ulcinj.jpg","width":640,"height":424},{"@type":"WebPage","@id":"https:\/\/www.visit-ulcinj.com\/blog\/2013\/02\/23\/cungu-pritin-drejtorin-e-inspeksionit-te-punes-z-aleksander-moshtrokoll\/#webpage","url":"https:\/\/www.visit-ulcinj.com\/blog\/2013\/02\/23\/cungu-pritin-drejtorin-e-inspeksionit-te-punes-z-aleksander-moshtrokoll\/","name":"Cungu priti drejtorin e inspeksionit t\u00eb pun\u00ebs z. Aleksander Moshtrokoll - Lajme nga Ulqini","isPartOf":{"@id":"https:\/\/www.visit-ulcinj.com\/blog\/#website"},"primaryImageOfPage":{"@id":"https:\/\/www.visit-ulcinj.com\/blog\/2013\/02\/23\/cungu-pritin-drejtorin-e-inspeksionit-te-punes-z-aleksander-moshtrokoll\/#primaryimage"},"datePublished":"2013-02-23T15:33:56+00:00","dateModified":"2013-02-24T00:47:30+00:00","author":{"@id":"https:\/\/www.visit-ulcinj.com\/blog\/#\/schema\/person\/dcab619c614d3038751c63bc2aadc06d"},"description":"Kryetari Cungu pritin n\u00eb takim drejtorin e drejtoris\u00eb s\u00eb inspeksionit t\u00eb pun\u00ebs z. Aleksander Moshtrokoll Duke qen\u00eb q\u00eb Komuna e Ulqinit gjendet n\u00eb nj\u00eb faz\u00eb","breadcrumb":{"@id":"https:\/\/www.visit-ulcinj.com\/blog\/2013\/02\/23\/cungu-pritin-drejtorin-e-inspeksionit-te-punes-z-aleksander-moshtrokoll\/#breadcrumb"},"inLanguage":"en-US","potentialAction":[{"@type":"ReadAction","target":["https:\/\/www.visit-ulcinj.com\/blog\/2013\/02\/23\/cungu-pritin-drejtorin-e-inspeksionit-te-punes-z-aleksander-moshtrokoll\/"]}]},{"@type":"BreadcrumbList","@id":"https:\/\/www.visit-ulcinj.com\/blog\/2013\/02\/23\/cungu-pritin-drejtorin-e-inspeksionit-te-punes-z-aleksander-moshtrokoll\/#breadcrumb","itemListElement":[{"@type":"ListItem","position":1,"name":"Cungu priti drejtorin e inspeksionit t\u00eb pun\u00ebs z. Aleksander Moshtrokoll"}]},{"@type":"Person","@id":"https:\/\/www.visit-ulcinj.com\/blog\/#\/schema\/person\/dcab619c614d3038751c63bc2aadc06d","name":"ulqini","sameAs":["http:\/\/www.visit-ulcinj.com"],"url":"https:\/\/www.visit-ulcinj.com\/blog\/author\/admin\/"}]}},"jetpack_featured_media_url":"","jetpack_sharing_enabled":true,"jetpack_shortlink":"https:\/\/wp.me\/pe6lTn-hZ0","_links":{"self":[{"href":"https:\/\/www.visit-ulcinj.com\/blog\/wp-json\/wp\/v2\/posts\/69130"}],"collection":[{"href":"https:\/\/www.visit-ulcinj.com\/blog\/wp-json\/wp\/v2\/posts"}],"about":[{"href":"https:\/\/www.visit-ulcinj.com\/blog\/wp-json\/wp\/v2\/types\/post"}],"author":[{"embeddable":true,"href":"https:\/\/www.visit-ulcinj.com\/blog\/wp-json\/wp\/v2\/users\/1"}],"replies":[{"embeddable":true,"href":"https:\/\/www.visit-ulcinj.com\/blog\/wp-json\/wp\/v2\/comments?post=69130"}],"version-history":[{"count":5,"href":"https:\/\/www.visit-ulcinj.com\/blog\/wp-json\/wp\/v2\/posts\/69130\/revisions"}],"predecessor-version":[{"id":69166,"href":"https:\/\/www.visit-ulcinj.com\/blog\/wp-json\/wp\/v2\/posts\/69130\/revisions\/69166"}],"wp:attachment":[{"href":"https:\/\/www.visit-ulcinj.com\/blog\/wp-json\/wp\/v2\/media?parent=69130"}],"wp:term":[{"taxonomy":"category","embeddable":true,"href":"https:\/\/www.visit-ulcinj.com\/blog\/wp-json\/wp\/v2\/categories?post=69130"},{"taxonomy":"post_tag","embeddable":true,"href":"https:\/\/www.visit-ulcinj.com\/blog\/wp-json\/wp\/v2\/tags?post=69130"}],"curies":[{"name":"wp","href":"https:\/\/api.w.org\/{rel}","templated":true}]}}