{"id":69139,"date":"2013-02-23T16:58:27","date_gmt":"2013-02-23T15:58:27","guid":{"rendered":"http:\/\/www.visit-ulcinj.com\/blog\/?p=69139"},"modified":"2013-02-23T16:58:27","modified_gmt":"2013-02-23T15:58:27","slug":"cungu-propozon-takim-ministrit-kavariq-lidhur-me-krypore-te-ulqinit","status":"publish","type":"post","link":"https:\/\/www.visit-ulcinj.com\/blog\/2013\/02\/23\/cungu-propozon-takim-ministrit-kavariq-lidhur-me-krypore-te-ulqinit\/","title":{"rendered":"Cungu propozon takim ministrit Kavariq lidhur me Krypore t\u00eb Ulqinit"},"content":{"rendered":"<p><strong><a href=\"http:\/\/www.visit-ulcinj.com\/blog\/wp-content\/uploads\/2013\/02\/nazifcungu-vladimirkavaric.jpg\"><img loading=\"lazy\" class=\"alignleft  wp-image-69140\" alt=\"nazifcungu-vladimirkavaric\" src=\"http:\/\/www.visit-ulcinj.com\/blog\/wp-content\/uploads\/2013\/02\/nazifcungu-vladimirkavaric.jpg\" width=\"508\" height=\"349\" \/><\/a>Kryetari Cungu propozon takim ministrit Kavariq lidhur me ngjarjet m\u00eb t\u00eb reja n\u00eb Krypore t\u00eb Ulqinit<\/strong><\/p>\n<p>Shresa q\u00eb kryetari Cungu drejton ministrit Kavariq lidhur me ngjarjet m\u00eb t\u00eb reja n\u00eb Krypore t\u00eb Ulqinit.<\/p>\n<p>Municipality of Ulcinj \/ Op\u0161tina Ulcinj \/ Komuna e Ulqinit<br \/>\nTel: +382 30 412 050<br \/>\nFax: +382 30 412 413<br \/>\nAdresa: Bul. Skenderbeu bb, 85360 Ulcinj, MNE<\/p>\n","protected":false},"excerpt":{"rendered":"<p>Kryetari Cungu propozon takim ministrit Kavariq lidhur me ngjarjet m\u00eb t\u00eb reja n\u00eb Krypore t\u00eb Ulqinit Shresa q\u00eb kryetari Cungu drejton ministrit Kavariq lidhur me ngjarjet m\u00eb t\u00eb reja n\u00eb Krypore t\u00eb Ulqinit. Municipality of Ulcinj \/ Op\u0161tina Ulcinj \/ Komuna e Ulqinit Tel: +382 30 412 050 Fax: +382 30 412 413 Adresa: Bul. [&hellip;]<\/p>\n","protected":false},"author":1,"featured_media":0,"comment_status":"open","ping_status":"closed","sticky":false,"template":"","format":"standard","meta":{"spay_email":"","jetpack_publicize_message":"","jetpack_is_tweetstorm":false,"jetpack_publicize_feature_enabled":true},"categories":[11],"tags":[2370,118,4126,200,21899],"jetpack_publicize_connections":[],"yoast_head":"<!-- This site is optimized with the Yoast SEO plugin v19.1 - https:\/\/yoast.com\/wordpress\/plugins\/seo\/ -->\n<title>Cungu propozon takim ministrit Kavariq lidhur me Krypore t\u00eb Ulqinit - Lajme nga Ulqini<\/title>\n<meta name=\"description\" content=\"Kryetari Cungu propozon takim ministrit Kavariq lidhur me ngjarjet m\u00eb t\u00eb reja n\u00eb Krypore t\u00eb Ulqinit Shresa q\u00eb kryetari Cungu drejton ministrit Kavariq\" \/>\n<meta name=\"robots\" content=\"index, follow, max-snippet:-1, max-image-preview:large, max-video-preview:-1\" \/>\n<link rel=\"canonical\" href=\"https:\/\/www.visit-ulcinj.com\/blog\/2013\/02\/23\/cungu-propozon-takim-ministrit-kavariq-lidhur-me-krypore-te-ulqinit\/\" \/>\n<meta property=\"og:locale\" content=\"en_US\" \/>\n<meta property=\"og:type\" content=\"article\" \/>\n<meta property=\"og:title\" content=\"Cungu propozon takim ministrit Kavariq lidhur me Krypore t\u00eb Ulqinit - Lajme nga Ulqini\" \/>\n<meta property=\"og:description\" content=\"Kryetari Cungu propozon takim ministrit Kavariq lidhur me ngjarjet m\u00eb t\u00eb reja n\u00eb Krypore t\u00eb Ulqinit Shresa q\u00eb kryetari Cungu drejton ministrit Kavariq\" \/>\n<meta property=\"og:url\" content=\"https:\/\/www.visit-ulcinj.com\/blog\/2013\/02\/23\/cungu-propozon-takim-ministrit-kavariq-lidhur-me-krypore-te-ulqinit\/\" \/>\n<meta property=\"og:site_name\" content=\"Lajme nga Ulqini\" \/>\n<meta property=\"article:published_time\" content=\"2013-02-23T15:58:27+00:00\" \/>\n<meta property=\"og:image\" content=\"http:\/\/www.visit-ulcinj.com\/blog\/wp-content\/uploads\/2013\/02\/nazifcungu-vladimirkavaric.jpg\" \/>\n<meta name=\"twitter:label1\" content=\"Written by\" \/>\n\t<meta name=\"twitter:data1\" content=\"ulqini\" \/>\n<script type=\"application\/ld+json\" class=\"yoast-schema-graph\">{\"@context\":\"https:\/\/schema.org\",\"@graph\":[{\"@type\":\"WebSite\",\"@id\":\"https:\/\/www.visit-ulcinj.com\/blog\/#website\",\"url\":\"https:\/\/www.visit-ulcinj.com\/blog\/\",\"name\":\"Lajme nga Ulqini\",\"description\":\"Lajme,Vijesti,Ulqini,Ulqin,Crna Gora,Mali i Zi\",\"potentialAction\":[{\"@type\":\"SearchAction\",\"target\":{\"@type\":\"EntryPoint\",\"urlTemplate\":\"https:\/\/www.visit-ulcinj.com\/blog\/?s={search_term_string}\"},\"query-input\":\"required name=search_term_string\"}],\"inLanguage\":\"en-US\"},{\"@type\":\"ImageObject\",\"inLanguage\":\"en-US\",\"@id\":\"https:\/\/www.visit-ulcinj.com\/blog\/2013\/02\/23\/cungu-propozon-takim-ministrit-kavariq-lidhur-me-krypore-te-ulqinit\/#primaryimage\",\"url\":\"https:\/\/www.visit-ulcinj.com\/blog\/wp-content\/uploads\/2013\/02\/nazifcungu-vladimirkavaric.jpg\",\"contentUrl\":\"https:\/\/www.visit-ulcinj.com\/blog\/wp-content\/uploads\/2013\/02\/nazifcungu-vladimirkavaric.jpg\",\"width\":600,\"height\":349},{\"@type\":\"WebPage\",\"@id\":\"https:\/\/www.visit-ulcinj.com\/blog\/2013\/02\/23\/cungu-propozon-takim-ministrit-kavariq-lidhur-me-krypore-te-ulqinit\/#webpage\",\"url\":\"https:\/\/www.visit-ulcinj.com\/blog\/2013\/02\/23\/cungu-propozon-takim-ministrit-kavariq-lidhur-me-krypore-te-ulqinit\/\",\"name\":\"Cungu propozon takim ministrit Kavariq lidhur me Krypore t\u00eb Ulqinit - Lajme nga Ulqini\",\"isPartOf\":{\"@id\":\"https:\/\/www.visit-ulcinj.com\/blog\/#website\"},\"primaryImageOfPage\":{\"@id\":\"https:\/\/www.visit-ulcinj.com\/blog\/2013\/02\/23\/cungu-propozon-takim-ministrit-kavariq-lidhur-me-krypore-te-ulqinit\/#primaryimage\"},\"datePublished\":\"2013-02-23T15:58:27+00:00\",\"dateModified\":\"2013-02-23T15:58:27+00:00\",\"author\":{\"@id\":\"https:\/\/www.visit-ulcinj.com\/blog\/#\/schema\/person\/dcab619c614d3038751c63bc2aadc06d\"},\"description\":\"Kryetari Cungu propozon takim ministrit Kavariq lidhur me ngjarjet m\u00eb t\u00eb reja n\u00eb Krypore t\u00eb Ulqinit Shresa q\u00eb kryetari Cungu drejton ministrit Kavariq\",\"breadcrumb\":{\"@id\":\"https:\/\/www.visit-ulcinj.com\/blog\/2013\/02\/23\/cungu-propozon-takim-ministrit-kavariq-lidhur-me-krypore-te-ulqinit\/#breadcrumb\"},\"inLanguage\":\"en-US\",\"potentialAction\":[{\"@type\":\"ReadAction\",\"target\":[\"https:\/\/www.visit-ulcinj.com\/blog\/2013\/02\/23\/cungu-propozon-takim-ministrit-kavariq-lidhur-me-krypore-te-ulqinit\/\"]}]},{\"@type\":\"BreadcrumbList\",\"@id\":\"https:\/\/www.visit-ulcinj.com\/blog\/2013\/02\/23\/cungu-propozon-takim-ministrit-kavariq-lidhur-me-krypore-te-ulqinit\/#breadcrumb\",\"itemListElement\":[{\"@type\":\"ListItem\",\"position\":1,\"name\":\"Cungu propozon takim ministrit Kavariq lidhur me Krypore t\u00eb Ulqinit\"}]},{\"@type\":\"Person\",\"@id\":\"https:\/\/www.visit-ulcinj.com\/blog\/#\/schema\/person\/dcab619c614d3038751c63bc2aadc06d\",\"name\":\"ulqini\",\"sameAs\":[\"http:\/\/www.visit-ulcinj.com\"],\"url\":\"https:\/\/www.visit-ulcinj.com\/blog\/author\/admin\/\"}]}<\/script>\n<!-- \/ Yoast SEO plugin. -->","yoast_head_json":{"title":"Cungu propozon takim ministrit Kavariq lidhur me Krypore t\u00eb Ulqinit - Lajme nga Ulqini","description":"Kryetari Cungu propozon takim ministrit Kavariq lidhur me ngjarjet m\u00eb t\u00eb reja n\u00eb Krypore t\u00eb Ulqinit Shresa q\u00eb kryetari Cungu drejton ministrit Kavariq","robots":{"index":"index","follow":"follow","max-snippet":"max-snippet:-1","max-image-preview":"max-image-preview:large","max-video-preview":"max-video-preview:-1"},"canonical":"https:\/\/www.visit-ulcinj.com\/blog\/2013\/02\/23\/cungu-propozon-takim-ministrit-kavariq-lidhur-me-krypore-te-ulqinit\/","og_locale":"en_US","og_type":"article","og_title":"Cungu propozon takim ministrit Kavariq lidhur me Krypore t\u00eb Ulqinit - Lajme nga Ulqini","og_description":"Kryetari Cungu propozon takim ministrit Kavariq lidhur me ngjarjet m\u00eb t\u00eb reja n\u00eb Krypore t\u00eb Ulqinit Shresa q\u00eb kryetari Cungu drejton ministrit Kavariq","og_url":"https:\/\/www.visit-ulcinj.com\/blog\/2013\/02\/23\/cungu-propozon-takim-ministrit-kavariq-lidhur-me-krypore-te-ulqinit\/","og_site_name":"Lajme nga Ulqini","article_published_time":"2013-02-23T15:58:27+00:00","og_image":[{"url":"http:\/\/www.visit-ulcinj.com\/blog\/wp-content\/uploads\/2013\/02\/nazifcungu-vladimirkavaric.jpg"}],"twitter_misc":{"Written by":"ulqini"},"schema":{"@context":"https:\/\/schema.org","@graph":[{"@type":"WebSite","@id":"https:\/\/www.visit-ulcinj.com\/blog\/#website","url":"https:\/\/www.visit-ulcinj.com\/blog\/","name":"Lajme nga Ulqini","description":"Lajme,Vijesti,Ulqini,Ulqin,Crna Gora,Mali i Zi","potentialAction":[{"@type":"SearchAction","target":{"@type":"EntryPoint","urlTemplate":"https:\/\/www.visit-ulcinj.com\/blog\/?s={search_term_string}"},"query-input":"required name=search_term_string"}],"inLanguage":"en-US"},{"@type":"ImageObject","inLanguage":"en-US","@id":"https:\/\/www.visit-ulcinj.com\/blog\/2013\/02\/23\/cungu-propozon-takim-ministrit-kavariq-lidhur-me-krypore-te-ulqinit\/#primaryimage","url":"https:\/\/www.visit-ulcinj.com\/blog\/wp-content\/uploads\/2013\/02\/nazifcungu-vladimirkavaric.jpg","contentUrl":"https:\/\/www.visit-ulcinj.com\/blog\/wp-content\/uploads\/2013\/02\/nazifcungu-vladimirkavaric.jpg","width":600,"height":349},{"@type":"WebPage","@id":"https:\/\/www.visit-ulcinj.com\/blog\/2013\/02\/23\/cungu-propozon-takim-ministrit-kavariq-lidhur-me-krypore-te-ulqinit\/#webpage","url":"https:\/\/www.visit-ulcinj.com\/blog\/2013\/02\/23\/cungu-propozon-takim-ministrit-kavariq-lidhur-me-krypore-te-ulqinit\/","name":"Cungu propozon takim ministrit Kavariq lidhur me Krypore t\u00eb Ulqinit - Lajme nga Ulqini","isPartOf":{"@id":"https:\/\/www.visit-ulcinj.com\/blog\/#website"},"primaryImageOfPage":{"@id":"https:\/\/www.visit-ulcinj.com\/blog\/2013\/02\/23\/cungu-propozon-takim-ministrit-kavariq-lidhur-me-krypore-te-ulqinit\/#primaryimage"},"datePublished":"2013-02-23T15:58:27+00:00","dateModified":"2013-02-23T15:58:27+00:00","author":{"@id":"https:\/\/www.visit-ulcinj.com\/blog\/#\/schema\/person\/dcab619c614d3038751c63bc2aadc06d"},"description":"Kryetari Cungu propozon takim ministrit Kavariq lidhur me ngjarjet m\u00eb t\u00eb reja n\u00eb Krypore t\u00eb Ulqinit Shresa q\u00eb kryetari Cungu drejton ministrit Kavariq","breadcrumb":{"@id":"https:\/\/www.visit-ulcinj.com\/blog\/2013\/02\/23\/cungu-propozon-takim-ministrit-kavariq-lidhur-me-krypore-te-ulqinit\/#breadcrumb"},"inLanguage":"en-US","potentialAction":[{"@type":"ReadAction","target":["https:\/\/www.visit-ulcinj.com\/blog\/2013\/02\/23\/cungu-propozon-takim-ministrit-kavariq-lidhur-me-krypore-te-ulqinit\/"]}]},{"@type":"BreadcrumbList","@id":"https:\/\/www.visit-ulcinj.com\/blog\/2013\/02\/23\/cungu-propozon-takim-ministrit-kavariq-lidhur-me-krypore-te-ulqinit\/#breadcrumb","itemListElement":[{"@type":"ListItem","position":1,"name":"Cungu propozon takim ministrit Kavariq lidhur me Krypore t\u00eb Ulqinit"}]},{"@type":"Person","@id":"https:\/\/www.visit-ulcinj.com\/blog\/#\/schema\/person\/dcab619c614d3038751c63bc2aadc06d","name":"ulqini","sameAs":["http:\/\/www.visit-ulcinj.com"],"url":"https:\/\/www.visit-ulcinj.com\/blog\/author\/admin\/"}]}},"jetpack_featured_media_url":"","jetpack_sharing_enabled":true,"jetpack_shortlink":"https:\/\/wp.me\/pe6lTn-hZ9","_links":{"self":[{"href":"https:\/\/www.visit-ulcinj.com\/blog\/wp-json\/wp\/v2\/posts\/69139"}],"collection":[{"href":"https:\/\/www.visit-ulcinj.com\/blog\/wp-json\/wp\/v2\/posts"}],"about":[{"href":"https:\/\/www.visit-ulcinj.com\/blog\/wp-json\/wp\/v2\/types\/post"}],"author":[{"embeddable":true,"href":"https:\/\/www.visit-ulcinj.com\/blog\/wp-json\/wp\/v2\/users\/1"}],"replies":[{"embeddable":true,"href":"https:\/\/www.visit-ulcinj.com\/blog\/wp-json\/wp\/v2\/comments?post=69139"}],"version-history":[{"count":1,"href":"https:\/\/www.visit-ulcinj.com\/blog\/wp-json\/wp\/v2\/posts\/69139\/revisions"}],"predecessor-version":[{"id":69141,"href":"https:\/\/www.visit-ulcinj.com\/blog\/wp-json\/wp\/v2\/posts\/69139\/revisions\/69141"}],"wp:attachment":[{"href":"https:\/\/www.visit-ulcinj.com\/blog\/wp-json\/wp\/v2\/media?parent=69139"}],"wp:term":[{"taxonomy":"category","embeddable":true,"href":"https:\/\/www.visit-ulcinj.com\/blog\/wp-json\/wp\/v2\/categories?post=69139"},{"taxonomy":"post_tag","embeddable":true,"href":"https:\/\/www.visit-ulcinj.com\/blog\/wp-json\/wp\/v2\/tags?post=69139"}],"curies":[{"name":"wp","href":"https:\/\/api.w.org\/{rel}","templated":true}]}}