{"id":69142,"date":"2013-02-23T17:04:33","date_gmt":"2013-02-23T16:04:33","guid":{"rendered":"http:\/\/www.visit-ulcinj.com\/blog\/?p=69142"},"modified":"2013-02-23T17:04:33","modified_gmt":"2013-02-23T16:04:33","slug":"cungu-predlaze-sastanak-sa-ministrom-kavaric-povodom-najnovijih-desavanja-u-ulcinjskoj-solani","status":"publish","type":"post","link":"https:\/\/www.visit-ulcinj.com\/blog\/2013\/02\/23\/cungu-predlaze-sastanak-sa-ministrom-kavaric-povodom-najnovijih-desavanja-u-ulcinjskoj-solani\/","title":{"rendered":"Cungu predla\u017ee sastanak sa ministrom Kavari\u0107 povodom najnovijih de\u0161avanja u Ulcinjskoj Solani"},"content":{"rendered":"<p><strong><a href=\"http:\/\/www.visit-ulcinj.com\/blog\/wp-content\/uploads\/2013\/02\/nazifcungu-vladimirkavaric.jpg\"><img loading=\"lazy\" class=\"alignleft  wp-image-69140\" alt=\"nazifcungu-vladimirkavaric\" src=\"http:\/\/www.visit-ulcinj.com\/blog\/wp-content\/uploads\/2013\/02\/nazifcungu-vladimirkavaric.jpg\" width=\"508\" height=\"349\" \/><\/a>Predsjednik Cungu predla\u017ee sastanak sa ministrom Kavari\u0107 povodom najnovijih de\u0161avanja u preduze\u0107u Solana &#8220;Baja Sekuli\u0107&#8217;\u00b7 Ulcinj<\/strong><\/p>\n<p>Dopis ministru Kavari\u0107u, povodom najnovijih de\u0161avanja u preduze\u0107u Solana &#8220;Baja Sekuli\u0107&#8217;\u00b7 Ulcinj.<\/p>\n<p><strong>Municipality of Ulcinj \/ Op\u0161tina Ulcinj \/ Komuna e Ulqinit<\/strong><br \/>\nTel: +382 30 412 050<br \/>\nFax: +382 30 412 413<br \/>\nAdresa: Bul. Skenderbeu bb, 85360 Ulcinj, MNE<\/p>\n","protected":false},"excerpt":{"rendered":"<p>Predsjednik Cungu predla\u017ee sastanak sa ministrom Kavari\u0107 povodom najnovijih de\u0161avanja u preduze\u0107u Solana &#8220;Baja Sekuli\u0107&#8217;\u00b7 Ulcinj Dopis ministru Kavari\u0107u, povodom najnovijih de\u0161avanja u preduze\u0107u Solana &#8220;Baja Sekuli\u0107&#8217;\u00b7 Ulcinj. Municipality of Ulcinj \/ Op\u0161tina Ulcinj \/ Komuna e Ulqinit Tel: +382 30 412 050 Fax: +382 30 412 413 Adresa: Bul. Skenderbeu bb, 85360 Ulcinj, MNE<\/p>\n","protected":false},"author":1,"featured_media":0,"comment_status":"open","ping_status":"closed","sticky":false,"template":"","format":"standard","meta":{"spay_email":"","jetpack_publicize_message":"","jetpack_is_tweetstorm":false,"jetpack_publicize_feature_enabled":true},"categories":[6950],"tags":[118,264,1968,21900,21899],"jetpack_publicize_connections":[],"yoast_head":"<!-- This site is optimized with the Yoast SEO plugin v19.1 - https:\/\/yoast.com\/wordpress\/plugins\/seo\/ -->\n<title>Cungu predla\u017ee sastanak sa ministrom Kavari\u0107 povodom najnovijih de\u0161avanja u Ulcinjskoj Solani - Lajme nga Ulqini<\/title>\n<meta name=\"description\" content=\"Predsjednik Cungu predla\u017ee sastanak sa ministrom Kavari\u0107 povodom najnovijih de\u0161avanja u preduze\u0107u Solana &quot;Baja Sekuli\u0107&#039;\u00b7 Ulcinj Dopis ministru Kavari\u0107u,\" \/>\n<meta name=\"robots\" content=\"index, follow, max-snippet:-1, max-image-preview:large, max-video-preview:-1\" \/>\n<link rel=\"canonical\" href=\"https:\/\/www.visit-ulcinj.com\/blog\/2013\/02\/23\/cungu-predlaze-sastanak-sa-ministrom-kavaric-povodom-najnovijih-desavanja-u-ulcinjskoj-solani\/\" \/>\n<meta property=\"og:locale\" content=\"en_US\" \/>\n<meta property=\"og:type\" content=\"article\" \/>\n<meta property=\"og:title\" content=\"Cungu predla\u017ee sastanak sa ministrom Kavari\u0107 povodom najnovijih de\u0161avanja u Ulcinjskoj Solani - Lajme nga Ulqini\" \/>\n<meta property=\"og:description\" content=\"Predsjednik Cungu predla\u017ee sastanak sa ministrom Kavari\u0107 povodom najnovijih de\u0161avanja u preduze\u0107u Solana &quot;Baja Sekuli\u0107&#039;\u00b7 Ulcinj Dopis ministru Kavari\u0107u,\" \/>\n<meta property=\"og:url\" content=\"https:\/\/www.visit-ulcinj.com\/blog\/2013\/02\/23\/cungu-predlaze-sastanak-sa-ministrom-kavaric-povodom-najnovijih-desavanja-u-ulcinjskoj-solani\/\" \/>\n<meta property=\"og:site_name\" content=\"Lajme nga Ulqini\" \/>\n<meta property=\"article:published_time\" content=\"2013-02-23T16:04:33+00:00\" \/>\n<meta property=\"og:image\" content=\"http:\/\/www.visit-ulcinj.com\/blog\/wp-content\/uploads\/2013\/02\/nazifcungu-vladimirkavaric.jpg\" \/>\n<meta name=\"twitter:label1\" content=\"Written by\" \/>\n\t<meta name=\"twitter:data1\" content=\"ulqini\" \/>\n<script type=\"application\/ld+json\" class=\"yoast-schema-graph\">{\"@context\":\"https:\/\/schema.org\",\"@graph\":[{\"@type\":\"WebSite\",\"@id\":\"https:\/\/www.visit-ulcinj.com\/blog\/#website\",\"url\":\"https:\/\/www.visit-ulcinj.com\/blog\/\",\"name\":\"Lajme nga Ulqini\",\"description\":\"Lajme,Vijesti,Ulqini,Ulqin,Crna Gora,Mali i Zi\",\"potentialAction\":[{\"@type\":\"SearchAction\",\"target\":{\"@type\":\"EntryPoint\",\"urlTemplate\":\"https:\/\/www.visit-ulcinj.com\/blog\/?s={search_term_string}\"},\"query-input\":\"required name=search_term_string\"}],\"inLanguage\":\"en-US\"},{\"@type\":\"ImageObject\",\"inLanguage\":\"en-US\",\"@id\":\"https:\/\/www.visit-ulcinj.com\/blog\/2013\/02\/23\/cungu-predlaze-sastanak-sa-ministrom-kavaric-povodom-najnovijih-desavanja-u-ulcinjskoj-solani\/#primaryimage\",\"url\":\"https:\/\/www.visit-ulcinj.com\/blog\/wp-content\/uploads\/2013\/02\/nazifcungu-vladimirkavaric.jpg\",\"contentUrl\":\"https:\/\/www.visit-ulcinj.com\/blog\/wp-content\/uploads\/2013\/02\/nazifcungu-vladimirkavaric.jpg\",\"width\":600,\"height\":349},{\"@type\":\"WebPage\",\"@id\":\"https:\/\/www.visit-ulcinj.com\/blog\/2013\/02\/23\/cungu-predlaze-sastanak-sa-ministrom-kavaric-povodom-najnovijih-desavanja-u-ulcinjskoj-solani\/#webpage\",\"url\":\"https:\/\/www.visit-ulcinj.com\/blog\/2013\/02\/23\/cungu-predlaze-sastanak-sa-ministrom-kavaric-povodom-najnovijih-desavanja-u-ulcinjskoj-solani\/\",\"name\":\"Cungu predla\u017ee sastanak sa ministrom Kavari\u0107 povodom najnovijih de\u0161avanja u Ulcinjskoj Solani - Lajme nga Ulqini\",\"isPartOf\":{\"@id\":\"https:\/\/www.visit-ulcinj.com\/blog\/#website\"},\"primaryImageOfPage\":{\"@id\":\"https:\/\/www.visit-ulcinj.com\/blog\/2013\/02\/23\/cungu-predlaze-sastanak-sa-ministrom-kavaric-povodom-najnovijih-desavanja-u-ulcinjskoj-solani\/#primaryimage\"},\"datePublished\":\"2013-02-23T16:04:33+00:00\",\"dateModified\":\"2013-02-23T16:04:33+00:00\",\"author\":{\"@id\":\"https:\/\/www.visit-ulcinj.com\/blog\/#\/schema\/person\/dcab619c614d3038751c63bc2aadc06d\"},\"description\":\"Predsjednik Cungu predla\u017ee sastanak sa ministrom Kavari\u0107 povodom najnovijih de\u0161avanja u preduze\u0107u Solana \\\"Baja Sekuli\u0107'\u00b7 Ulcinj Dopis ministru Kavari\u0107u,\",\"breadcrumb\":{\"@id\":\"https:\/\/www.visit-ulcinj.com\/blog\/2013\/02\/23\/cungu-predlaze-sastanak-sa-ministrom-kavaric-povodom-najnovijih-desavanja-u-ulcinjskoj-solani\/#breadcrumb\"},\"inLanguage\":\"en-US\",\"potentialAction\":[{\"@type\":\"ReadAction\",\"target\":[\"https:\/\/www.visit-ulcinj.com\/blog\/2013\/02\/23\/cungu-predlaze-sastanak-sa-ministrom-kavaric-povodom-najnovijih-desavanja-u-ulcinjskoj-solani\/\"]}]},{\"@type\":\"BreadcrumbList\",\"@id\":\"https:\/\/www.visit-ulcinj.com\/blog\/2013\/02\/23\/cungu-predlaze-sastanak-sa-ministrom-kavaric-povodom-najnovijih-desavanja-u-ulcinjskoj-solani\/#breadcrumb\",\"itemListElement\":[{\"@type\":\"ListItem\",\"position\":1,\"name\":\"Cungu predla\u017ee sastanak sa ministrom Kavari\u0107 povodom najnovijih de\u0161avanja u Ulcinjskoj Solani\"}]},{\"@type\":\"Person\",\"@id\":\"https:\/\/www.visit-ulcinj.com\/blog\/#\/schema\/person\/dcab619c614d3038751c63bc2aadc06d\",\"name\":\"ulqini\",\"sameAs\":[\"http:\/\/www.visit-ulcinj.com\"],\"url\":\"https:\/\/www.visit-ulcinj.com\/blog\/author\/admin\/\"}]}<\/script>\n<!-- \/ Yoast SEO plugin. -->","yoast_head_json":{"title":"Cungu predla\u017ee sastanak sa ministrom Kavari\u0107 povodom najnovijih de\u0161avanja u Ulcinjskoj Solani - Lajme nga Ulqini","description":"Predsjednik Cungu predla\u017ee sastanak sa ministrom Kavari\u0107 povodom najnovijih de\u0161avanja u preduze\u0107u Solana \"Baja Sekuli\u0107'\u00b7 Ulcinj Dopis ministru Kavari\u0107u,","robots":{"index":"index","follow":"follow","max-snippet":"max-snippet:-1","max-image-preview":"max-image-preview:large","max-video-preview":"max-video-preview:-1"},"canonical":"https:\/\/www.visit-ulcinj.com\/blog\/2013\/02\/23\/cungu-predlaze-sastanak-sa-ministrom-kavaric-povodom-najnovijih-desavanja-u-ulcinjskoj-solani\/","og_locale":"en_US","og_type":"article","og_title":"Cungu predla\u017ee sastanak sa ministrom Kavari\u0107 povodom najnovijih de\u0161avanja u Ulcinjskoj Solani - Lajme nga Ulqini","og_description":"Predsjednik Cungu predla\u017ee sastanak sa ministrom Kavari\u0107 povodom najnovijih de\u0161avanja u preduze\u0107u Solana \"Baja Sekuli\u0107'\u00b7 Ulcinj Dopis ministru Kavari\u0107u,","og_url":"https:\/\/www.visit-ulcinj.com\/blog\/2013\/02\/23\/cungu-predlaze-sastanak-sa-ministrom-kavaric-povodom-najnovijih-desavanja-u-ulcinjskoj-solani\/","og_site_name":"Lajme nga Ulqini","article_published_time":"2013-02-23T16:04:33+00:00","og_image":[{"url":"http:\/\/www.visit-ulcinj.com\/blog\/wp-content\/uploads\/2013\/02\/nazifcungu-vladimirkavaric.jpg"}],"twitter_misc":{"Written by":"ulqini"},"schema":{"@context":"https:\/\/schema.org","@graph":[{"@type":"WebSite","@id":"https:\/\/www.visit-ulcinj.com\/blog\/#website","url":"https:\/\/www.visit-ulcinj.com\/blog\/","name":"Lajme nga Ulqini","description":"Lajme,Vijesti,Ulqini,Ulqin,Crna Gora,Mali i Zi","potentialAction":[{"@type":"SearchAction","target":{"@type":"EntryPoint","urlTemplate":"https:\/\/www.visit-ulcinj.com\/blog\/?s={search_term_string}"},"query-input":"required name=search_term_string"}],"inLanguage":"en-US"},{"@type":"ImageObject","inLanguage":"en-US","@id":"https:\/\/www.visit-ulcinj.com\/blog\/2013\/02\/23\/cungu-predlaze-sastanak-sa-ministrom-kavaric-povodom-najnovijih-desavanja-u-ulcinjskoj-solani\/#primaryimage","url":"https:\/\/www.visit-ulcinj.com\/blog\/wp-content\/uploads\/2013\/02\/nazifcungu-vladimirkavaric.jpg","contentUrl":"https:\/\/www.visit-ulcinj.com\/blog\/wp-content\/uploads\/2013\/02\/nazifcungu-vladimirkavaric.jpg","width":600,"height":349},{"@type":"WebPage","@id":"https:\/\/www.visit-ulcinj.com\/blog\/2013\/02\/23\/cungu-predlaze-sastanak-sa-ministrom-kavaric-povodom-najnovijih-desavanja-u-ulcinjskoj-solani\/#webpage","url":"https:\/\/www.visit-ulcinj.com\/blog\/2013\/02\/23\/cungu-predlaze-sastanak-sa-ministrom-kavaric-povodom-najnovijih-desavanja-u-ulcinjskoj-solani\/","name":"Cungu predla\u017ee sastanak sa ministrom Kavari\u0107 povodom najnovijih de\u0161avanja u Ulcinjskoj Solani - Lajme nga Ulqini","isPartOf":{"@id":"https:\/\/www.visit-ulcinj.com\/blog\/#website"},"primaryImageOfPage":{"@id":"https:\/\/www.visit-ulcinj.com\/blog\/2013\/02\/23\/cungu-predlaze-sastanak-sa-ministrom-kavaric-povodom-najnovijih-desavanja-u-ulcinjskoj-solani\/#primaryimage"},"datePublished":"2013-02-23T16:04:33+00:00","dateModified":"2013-02-23T16:04:33+00:00","author":{"@id":"https:\/\/www.visit-ulcinj.com\/blog\/#\/schema\/person\/dcab619c614d3038751c63bc2aadc06d"},"description":"Predsjednik Cungu predla\u017ee sastanak sa ministrom Kavari\u0107 povodom najnovijih de\u0161avanja u preduze\u0107u Solana \"Baja Sekuli\u0107'\u00b7 Ulcinj Dopis ministru Kavari\u0107u,","breadcrumb":{"@id":"https:\/\/www.visit-ulcinj.com\/blog\/2013\/02\/23\/cungu-predlaze-sastanak-sa-ministrom-kavaric-povodom-najnovijih-desavanja-u-ulcinjskoj-solani\/#breadcrumb"},"inLanguage":"en-US","potentialAction":[{"@type":"ReadAction","target":["https:\/\/www.visit-ulcinj.com\/blog\/2013\/02\/23\/cungu-predlaze-sastanak-sa-ministrom-kavaric-povodom-najnovijih-desavanja-u-ulcinjskoj-solani\/"]}]},{"@type":"BreadcrumbList","@id":"https:\/\/www.visit-ulcinj.com\/blog\/2013\/02\/23\/cungu-predlaze-sastanak-sa-ministrom-kavaric-povodom-najnovijih-desavanja-u-ulcinjskoj-solani\/#breadcrumb","itemListElement":[{"@type":"ListItem","position":1,"name":"Cungu predla\u017ee sastanak sa ministrom Kavari\u0107 povodom najnovijih de\u0161avanja u Ulcinjskoj Solani"}]},{"@type":"Person","@id":"https:\/\/www.visit-ulcinj.com\/blog\/#\/schema\/person\/dcab619c614d3038751c63bc2aadc06d","name":"ulqini","sameAs":["http:\/\/www.visit-ulcinj.com"],"url":"https:\/\/www.visit-ulcinj.com\/blog\/author\/admin\/"}]}},"jetpack_featured_media_url":"","jetpack_sharing_enabled":true,"jetpack_shortlink":"https:\/\/wp.me\/pe6lTn-hZc","_links":{"self":[{"href":"https:\/\/www.visit-ulcinj.com\/blog\/wp-json\/wp\/v2\/posts\/69142"}],"collection":[{"href":"https:\/\/www.visit-ulcinj.com\/blog\/wp-json\/wp\/v2\/posts"}],"about":[{"href":"https:\/\/www.visit-ulcinj.com\/blog\/wp-json\/wp\/v2\/types\/post"}],"author":[{"embeddable":true,"href":"https:\/\/www.visit-ulcinj.com\/blog\/wp-json\/wp\/v2\/users\/1"}],"replies":[{"embeddable":true,"href":"https:\/\/www.visit-ulcinj.com\/blog\/wp-json\/wp\/v2\/comments?post=69142"}],"version-history":[{"count":1,"href":"https:\/\/www.visit-ulcinj.com\/blog\/wp-json\/wp\/v2\/posts\/69142\/revisions"}],"predecessor-version":[{"id":69145,"href":"https:\/\/www.visit-ulcinj.com\/blog\/wp-json\/wp\/v2\/posts\/69142\/revisions\/69145"}],"wp:attachment":[{"href":"https:\/\/www.visit-ulcinj.com\/blog\/wp-json\/wp\/v2\/media?parent=69142"}],"wp:term":[{"taxonomy":"category","embeddable":true,"href":"https:\/\/www.visit-ulcinj.com\/blog\/wp-json\/wp\/v2\/categories?post=69142"},{"taxonomy":"post_tag","embeddable":true,"href":"https:\/\/www.visit-ulcinj.com\/blog\/wp-json\/wp\/v2\/tags?post=69142"}],"curies":[{"name":"wp","href":"https:\/\/api.w.org\/{rel}","templated":true}]}}