{"id":69172,"date":"2013-02-24T18:38:56","date_gmt":"2013-02-24T17:38:56","guid":{"rendered":"http:\/\/www.visit-ulcinj.com\/blog\/?p=69172"},"modified":"2013-02-26T15:16:04","modified_gmt":"2013-02-26T14:16:04","slug":"turisticka-ponuda-ulcinja-na-sajmu-u-beogradu","status":"publish","type":"post","link":"https:\/\/www.visit-ulcinj.com\/blog\/2013\/02\/24\/turisticka-ponuda-ulcinja-na-sajmu-u-beogradu\/","title":{"rendered":"Turisti\u010dka ponuda Ulcinja na sajmu u Beogradu"},"content":{"rendered":"<p><strong><a href=\"http:\/\/www.visit-ulcinj.com\/blog\/wp-content\/uploads\/2013\/02\/OT-e-Ulqinit-ne-panairin-e-turizmit-Beograd.8.jpg\"><img loading=\"lazy\" class=\"alignleft  wp-image-69160\" alt=\"OT e Ulqinit ne panairin e turizmit Beograd.8\" src=\"http:\/\/www.visit-ulcinj.com\/blog\/wp-content\/uploads\/2013\/02\/OT-e-Ulqinit-ne-panairin-e-turizmit-Beograd.8.jpg\" width=\"508\" height=\"360\" \/><\/a>Sajam Turizma Beograd<\/strong><\/p>\n<p>Na sajmu turizma IFT u Beogradu koji se odr\u017eava od 21. do 24.02.2013 Turisti\u010dka Organizacija Ulcinj u\u010destvuje u saradnji sa Nacionalnom Turisti\u010dkom Organizacijom i drugim lokalnim organizacijama Crne Gore na zajedni\u010dkom \u0161tandu u hali 1, gdje TO Ulcinj je obezbjedila za prezentaciju grada i svih zainteresovanih turisti\u010dkih subjekata 30m2 izlaga\u010dkog prostora. Svoju turisti\u010dku privredu na ovom sajmu su odlu\u010dili da predstave i HTP Ulcinjska Rivijera, HTP Velika Plaza, hotel Albatros i jo\u0161 mnogo turisti\u010dkih privrednika I agencija iz Ulcinja. Prvog dana odr\u017eavanja sajma posjeta je bila o\u010dekivano dobra i najvi\u0161e interesovanja zainteresovani posjetioci \u0161tanda su pokazali za ljetnju turisti\u010dku sezonu, aktivan odmor itd. Turisti\u010dka Organizacija Ulcinj je za ovu priliku \u0161tampala nekoliko primjeraka novog kataloga za hotelski I privatni smjestaj na crnogorskom odnosno srpskom jeziku kojim je obogatila promovisanje svoje ponude.<br \/>\n<a href=\"http:\/\/www.visit-ulcinj.com\/blog\/wp-content\/uploads\/2013\/02\/OT-e-Ulqinit-ne-panairin-e-turizmit-Beograd.9.jpg\"><img loading=\"lazy\" class=\"alignleft  wp-image-69161\" alt=\"OT e Ulqinit ne panairin e turizmit Beograd.9\" src=\"http:\/\/www.visit-ulcinj.com\/blog\/wp-content\/uploads\/2013\/02\/OT-e-Ulqinit-ne-panairin-e-turizmit-Beograd.9.jpg\" width=\"508\" height=\"300\" \/><\/a><\/p>\n<p>U sklopu sajamskih aktivnosti, prvu no\u0107 je u klubu \u201eCezar\u201c delegacija Crne Gore koju predvodi ministar odrzivog razvoja I turizma Branimir Gvozdenovic je uprili\u010dila prijem za medije, turoperatore, poslovne partnere i prijatelje iz Srbije i Crne Gore, u organizaciji NTOCG. Prijemu su prisustvovali ambasador Crne Gore u Srbiji, Igor Jovovi\u0107, predstavnici ambasada drugih zemalja u Srbiji, kao i poznati glumci i brojne li\u010dnosti iz politike, kulture, biznisa, umjetnosti, sporta i medija. Direktor NTOCG Radovi\u0107 pozdravio je sve prisutne i upoznao ih sa trenutnim ponudom Crne Gore za ovu sezonu. Naglasio je da je priprema sezone otpo\u010dela ranije nego ikada i to na svim nivoima.NTOCG je, u saradnji sa lokalnim turisti\u010dkim organizacijama, drugi dan sajma je organizovala tematsko dru\u017eenje \u201ePrvi ukus ljeta\u201c za partnere, medije i turoperatere na zajedni\u010dkom \u0161tandu, uz prezentaciju tradicionalnih crnogorskih vina i kuhinje.<br \/>\n<a href=\"http:\/\/www.visit-ulcinj.com\/blog\/wp-content\/uploads\/2013\/02\/OT-e-Ulqinit-ne-panairin-e-turizmit-Beograd.5.jpg\"><img loading=\"lazy\" class=\"alignleft  wp-image-69157\" alt=\"OT e Ulqinit ne panairin e turizmit Beograd.5\" src=\"http:\/\/www.visit-ulcinj.com\/blog\/wp-content\/uploads\/2013\/02\/OT-e-Ulqinit-ne-panairin-e-turizmit-Beograd.5.jpg\" width=\"508\" height=\"360\" \/><\/a><\/p>\n<p>Statisti\u010dki podaci ukazuju da je tokom 2012. god u Crnoj Gori boravilo skoro 12% vi\u0161e turista sa ovog tr\u017ei\u0161ta nego prethodne godine (oko 338.000). Prema istra\u017eivanju agencije \u201eTNS Medium Gallup&#8221; od ukupnog broja turista koji su i\u0161li na ljetnji odmor tokom prethodne godine, njih 41,4% je izabralo Crnogorsko primorje, 21,1% Gr\u010dku, 6,2% Tursku; i 2,8% ispitanika Hrvatsku, \u0161to govori da je Crna Gora i dalje omiljena destinacija za turiste sa tr\u017ei\u0161ta Srbije.<\/p>\n<p>Na kraju moramo re\u0107i da je na\u0161 grad tokom 2012.godine, posjetilo 12.918 turista iz Srbije koji su ostvarili 107.497 no\u0107enja \u0161to zna\u010di 17% vi\u0161e u odnosu na 2011.godinu.<\/p>\n<p><strong>Stru\u010dna slu\u017eba Turisti\u010dke Organizacije Ulcinj<br \/>\n\n\t\t<style type=\"text\/css\">\n\t\t\t#gallery-1 {\n\t\t\t\tmargin: auto;\n\t\t\t}\n\t\t\t#gallery-1 .gallery-item {\n\t\t\t\tfloat: left;\n\t\t\t\tmargin-top: 10px;\n\t\t\t\ttext-align: center;\n\t\t\t\twidth: 33%;\n\t\t\t}\n\t\t\t#gallery-1 img {\n\t\t\t\tborder: 2px solid #cfcfcf;\n\t\t\t}\n\t\t\t#gallery-1 .gallery-caption {\n\t\t\t\tmargin-left: 0;\n\t\t\t}\n\t\t\t\/* see gallery_shortcode() in wp-includes\/media.php *\/\n\t\t<\/style>\n\t\t<div id='gallery-1' class='gallery galleryid-69172 gallery-columns-3 gallery-size-thumbnail'><dl class='gallery-item'>\n\t\t\t<dt class='gallery-icon landscape'>\n\t\t\t\t<a href='https:\/\/www.visit-ulcinj.com\/blog\/2013\/02\/24\/ot-e-ulqinit-merr-pjes-ne-panairin-e-turizmit-ne-beograd\/ot-e-ulqinit-ne-panairin-e-turizmit-beograd-7\/'><img width=\"150\" height=\"150\" src=\"https:\/\/www.visit-ulcinj.com\/blog\/wp-content\/uploads\/2013\/02\/OT-e-Ulqinit-ne-panairin-e-turizmit-Beograd.7-150x150.jpg\" class=\"attachment-thumbnail size-thumbnail\" alt=\"\" loading=\"lazy\" \/><\/a>\n\t\t\t<\/dt><\/dl><dl class='gallery-item'>\n\t\t\t<dt class='gallery-icon landscape'>\n\t\t\t\t<a href='https:\/\/www.visit-ulcinj.com\/blog\/2013\/02\/24\/ot-e-ulqinit-merr-pjes-ne-panairin-e-turizmit-ne-beograd\/ot-e-ulqinit-ne-panairin-e-turizmit-beograd-6\/'><img width=\"150\" height=\"150\" src=\"https:\/\/www.visit-ulcinj.com\/blog\/wp-content\/uploads\/2013\/02\/OT-e-Ulqinit-ne-panairin-e-turizmit-Beograd.6-150x150.jpg\" class=\"attachment-thumbnail size-thumbnail\" alt=\"\" loading=\"lazy\" \/><\/a>\n\t\t\t<\/dt><\/dl><dl class='gallery-item'>\n\t\t\t<dt class='gallery-icon landscape'>\n\t\t\t\t<a href='https:\/\/www.visit-ulcinj.com\/blog\/2013\/02\/24\/ot-e-ulqinit-merr-pjes-ne-panairin-e-turizmit-ne-beograd\/ot-e-ulqinit-ne-panairin-e-turizmit-beograd-4\/'><img width=\"150\" height=\"150\" src=\"https:\/\/www.visit-ulcinj.com\/blog\/wp-content\/uploads\/2013\/02\/OT-e-Ulqinit-ne-panairin-e-turizmit-Beograd.4-150x150.jpg\" class=\"attachment-thumbnail size-thumbnail\" alt=\"\" loading=\"lazy\" \/><\/a>\n\t\t\t<\/dt><\/dl><br style=\"clear: both\" \/><dl class='gallery-item'>\n\t\t\t<dt class='gallery-icon landscape'>\n\t\t\t\t<a href='https:\/\/www.visit-ulcinj.com\/blog\/2013\/02\/24\/ot-e-ulqinit-merr-pjes-ne-panairin-e-turizmit-ne-beograd\/ot-e-ulqinit-ne-panairin-e-turizmit-beograd-3\/'><img width=\"150\" height=\"150\" src=\"https:\/\/www.visit-ulcinj.com\/blog\/wp-content\/uploads\/2013\/02\/OT-e-Ulqinit-ne-panairin-e-turizmit-Beograd.3-150x150.jpg\" class=\"attachment-thumbnail size-thumbnail\" alt=\"\" loading=\"lazy\" \/><\/a>\n\t\t\t<\/dt><\/dl><dl class='gallery-item'>\n\t\t\t<dt class='gallery-icon landscape'>\n\t\t\t\t<a href='https:\/\/www.visit-ulcinj.com\/blog\/2013\/02\/24\/ot-e-ulqinit-merr-pjes-ne-panairin-e-turizmit-ne-beograd\/ot-e-ulqinit-ne-panairin-e-turizmit-beograd-2\/'><img width=\"150\" height=\"150\" src=\"https:\/\/www.visit-ulcinj.com\/blog\/wp-content\/uploads\/2013\/02\/OT-e-Ulqinit-ne-panairin-e-turizmit-Beograd.2-150x150.jpg\" class=\"attachment-thumbnail size-thumbnail\" alt=\"\" loading=\"lazy\" \/><\/a>\n\t\t\t<\/dt><\/dl><dl class='gallery-item'>\n\t\t\t<dt class='gallery-icon landscape'>\n\t\t\t\t<a href='https:\/\/www.visit-ulcinj.com\/blog\/2013\/02\/24\/ot-e-ulqinit-merr-pjes-ne-panairin-e-turizmit-ne-beograd\/ot-e-ulqinit-ne-panairin-e-turizmit-beograd\/'><img width=\"150\" height=\"150\" src=\"https:\/\/www.visit-ulcinj.com\/blog\/wp-content\/uploads\/2013\/02\/OT-e-Ulqinit-ne-panairin-e-turizmit-Beograd-150x150.jpg\" class=\"attachment-thumbnail size-thumbnail\" alt=\"\" loading=\"lazy\" \/><\/a>\n\t\t\t<\/dt><\/dl><br style=\"clear: both\" \/><dl class='gallery-item'>\n\t\t\t<dt class='gallery-icon landscape'>\n\t\t\t\t<a href='https:\/\/www.visit-ulcinj.com\/blog\/2013\/02\/24\/ot-e-ulqinit-merr-pjes-ne-panairin-e-turizmit-ne-beograd\/ot-e-ulqinit-ne-panairin-e-turizmit-beograd-9\/'><img width=\"150\" height=\"150\" src=\"https:\/\/www.visit-ulcinj.com\/blog\/wp-content\/uploads\/2013\/02\/OT-e-Ulqinit-ne-panairin-e-turizmit-Beograd.9-150x150.jpg\" class=\"attachment-thumbnail size-thumbnail\" alt=\"\" loading=\"lazy\" \/><\/a>\n\t\t\t<\/dt><\/dl><dl class='gallery-item'>\n\t\t\t<dt class='gallery-icon landscape'>\n\t\t\t\t<a href='https:\/\/www.visit-ulcinj.com\/blog\/2013\/02\/24\/ot-e-ulqinit-merr-pjes-ne-panairin-e-turizmit-ne-beograd\/ot-e-ulqinit-ne-panairin-e-turizmit-beograd-8\/'><img width=\"150\" height=\"150\" src=\"https:\/\/www.visit-ulcinj.com\/blog\/wp-content\/uploads\/2013\/02\/OT-e-Ulqinit-ne-panairin-e-turizmit-Beograd.8-150x150.jpg\" class=\"attachment-thumbnail size-thumbnail\" alt=\"\" loading=\"lazy\" \/><\/a>\n\t\t\t<\/dt><\/dl><dl class='gallery-item'>\n\t\t\t<dt class='gallery-icon landscape'>\n\t\t\t\t<a href='https:\/\/www.visit-ulcinj.com\/blog\/2013\/02\/24\/ot-e-ulqinit-merr-pjes-ne-panairin-e-turizmit-ne-beograd\/ot-e-ulqinit-ne-panairin-e-turizmit-beograd-1\/'><img width=\"150\" height=\"150\" src=\"https:\/\/www.visit-ulcinj.com\/blog\/wp-content\/uploads\/2013\/02\/OT-e-Ulqinit-ne-panairin-e-turizmit-Beograd.1-150x150.jpg\" class=\"attachment-thumbnail size-thumbnail\" alt=\"\" loading=\"lazy\" \/><\/a>\n\t\t\t<\/dt><\/dl><br style=\"clear: both\" \/>\n\t\t<\/div>\n<br \/>\n<\/strong><\/p>\n<!--YouTube Error: bad URL entered-->\n","protected":false},"excerpt":{"rendered":"<p>Sajam Turizma Beograd Na sajmu turizma IFT u Beogradu koji se odr\u017eava od 21. do 24.02.2013 Turisti\u010dka Organizacija Ulcinj u\u010destvuje u saradnji sa Nacionalnom Turisti\u010dkom Organizacijom i drugim lokalnim organizacijama Crne Gore na zajedni\u010dkom \u0161tandu u hali 1, gdje TO Ulcinj je obezbjedila za prezentaciju grada i svih zainteresovanih turisti\u010dkih subjekata 30m2 izlaga\u010dkog prostora. Svoju [&hellip;]<\/p>\n","protected":false},"author":1,"featured_media":0,"comment_status":"open","ping_status":"closed","sticky":false,"template":"","format":"standard","meta":{"spay_email":"","jetpack_publicize_message":"","jetpack_is_tweetstorm":false,"jetpack_publicize_feature_enabled":true},"categories":[8337],"tags":[19,5241],"jetpack_publicize_connections":[],"yoast_head":"<!-- This site is optimized with the Yoast SEO plugin v19.1 - https:\/\/yoast.com\/wordpress\/plugins\/seo\/ -->\n<title>Turisti\u010dka ponuda Ulcinja na sajmu u Beogradu - Lajme nga Ulqini<\/title>\n<meta name=\"description\" content=\"Sajam Turizma Beograd Na sajmu turizma IFT u Beogradu koji se odr\u017eava od 21. do 24.02.2013 Turisti\u010dka Organizacija Ulcinj u\u010destvuje u saradnji sa\" \/>\n<meta name=\"robots\" content=\"index, follow, max-snippet:-1, max-image-preview:large, max-video-preview:-1\" \/>\n<link rel=\"canonical\" href=\"https:\/\/www.visit-ulcinj.com\/blog\/2013\/02\/24\/turisticka-ponuda-ulcinja-na-sajmu-u-beogradu\/\" \/>\n<meta property=\"og:locale\" content=\"en_US\" \/>\n<meta property=\"og:type\" content=\"article\" \/>\n<meta property=\"og:title\" content=\"Turisti\u010dka ponuda Ulcinja na sajmu u Beogradu - Lajme nga Ulqini\" \/>\n<meta property=\"og:description\" content=\"Sajam Turizma Beograd Na sajmu turizma IFT u Beogradu koji se odr\u017eava od 21. do 24.02.2013 Turisti\u010dka Organizacija Ulcinj u\u010destvuje u saradnji sa\" \/>\n<meta property=\"og:url\" content=\"https:\/\/www.visit-ulcinj.com\/blog\/2013\/02\/24\/turisticka-ponuda-ulcinja-na-sajmu-u-beogradu\/\" \/>\n<meta property=\"og:site_name\" content=\"Lajme nga Ulqini\" \/>\n<meta property=\"article:published_time\" content=\"2013-02-24T17:38:56+00:00\" \/>\n<meta property=\"article:modified_time\" content=\"2013-02-26T14:16:04+00:00\" \/>\n<meta property=\"og:image\" content=\"https:\/\/www.visit-ulcinj.com\/blog\/wp-content\/uploads\/2013\/02\/OT-e-Ulqinit-ne-panairin-e-turizmit-Beograd.7-150x150.jpg\" \/>\n<meta name=\"twitter:label1\" content=\"Written by\" \/>\n\t<meta name=\"twitter:data1\" content=\"ulqini\" \/>\n\t<meta name=\"twitter:label2\" content=\"Est. reading time\" \/>\n\t<meta name=\"twitter:data2\" content=\"2 minutes\" \/>\n<script type=\"application\/ld+json\" class=\"yoast-schema-graph\">{\"@context\":\"https:\/\/schema.org\",\"@graph\":[{\"@type\":\"WebSite\",\"@id\":\"https:\/\/www.visit-ulcinj.com\/blog\/#website\",\"url\":\"https:\/\/www.visit-ulcinj.com\/blog\/\",\"name\":\"Lajme nga Ulqini\",\"description\":\"Lajme,Vijesti,Ulqini,Ulqin,Crna Gora,Mali i Zi\",\"potentialAction\":[{\"@type\":\"SearchAction\",\"target\":{\"@type\":\"EntryPoint\",\"urlTemplate\":\"https:\/\/www.visit-ulcinj.com\/blog\/?s={search_term_string}\"},\"query-input\":\"required name=search_term_string\"}],\"inLanguage\":\"en-US\"},{\"@type\":\"ImageObject\",\"inLanguage\":\"en-US\",\"@id\":\"https:\/\/www.visit-ulcinj.com\/blog\/2013\/02\/24\/turisticka-ponuda-ulcinja-na-sajmu-u-beogradu\/#primaryimage\",\"url\":\"https:\/\/www.visit-ulcinj.com\/blog\/wp-content\/uploads\/2013\/02\/OT-e-Ulqinit-ne-panairin-e-turizmit-Beograd.8.jpg\",\"contentUrl\":\"https:\/\/www.visit-ulcinj.com\/blog\/wp-content\/uploads\/2013\/02\/OT-e-Ulqinit-ne-panairin-e-turizmit-Beograd.8.jpg\",\"width\":960,\"height\":720},{\"@type\":\"WebPage\",\"@id\":\"https:\/\/www.visit-ulcinj.com\/blog\/2013\/02\/24\/turisticka-ponuda-ulcinja-na-sajmu-u-beogradu\/#webpage\",\"url\":\"https:\/\/www.visit-ulcinj.com\/blog\/2013\/02\/24\/turisticka-ponuda-ulcinja-na-sajmu-u-beogradu\/\",\"name\":\"Turisti\u010dka ponuda Ulcinja na sajmu u Beogradu - Lajme nga Ulqini\",\"isPartOf\":{\"@id\":\"https:\/\/www.visit-ulcinj.com\/blog\/#website\"},\"primaryImageOfPage\":{\"@id\":\"https:\/\/www.visit-ulcinj.com\/blog\/2013\/02\/24\/turisticka-ponuda-ulcinja-na-sajmu-u-beogradu\/#primaryimage\"},\"datePublished\":\"2013-02-24T17:38:56+00:00\",\"dateModified\":\"2013-02-26T14:16:04+00:00\",\"author\":{\"@id\":\"https:\/\/www.visit-ulcinj.com\/blog\/#\/schema\/person\/dcab619c614d3038751c63bc2aadc06d\"},\"description\":\"Sajam Turizma Beograd Na sajmu turizma IFT u Beogradu koji se odr\u017eava od 21. do 24.02.2013 Turisti\u010dka Organizacija Ulcinj u\u010destvuje u saradnji sa\",\"breadcrumb\":{\"@id\":\"https:\/\/www.visit-ulcinj.com\/blog\/2013\/02\/24\/turisticka-ponuda-ulcinja-na-sajmu-u-beogradu\/#breadcrumb\"},\"inLanguage\":\"en-US\",\"potentialAction\":[{\"@type\":\"ReadAction\",\"target\":[\"https:\/\/www.visit-ulcinj.com\/blog\/2013\/02\/24\/turisticka-ponuda-ulcinja-na-sajmu-u-beogradu\/\"]}]},{\"@type\":\"BreadcrumbList\",\"@id\":\"https:\/\/www.visit-ulcinj.com\/blog\/2013\/02\/24\/turisticka-ponuda-ulcinja-na-sajmu-u-beogradu\/#breadcrumb\",\"itemListElement\":[{\"@type\":\"ListItem\",\"position\":1,\"name\":\"Turisti\u010dka ponuda Ulcinja na sajmu u Beogradu\"}]},{\"@type\":\"Person\",\"@id\":\"https:\/\/www.visit-ulcinj.com\/blog\/#\/schema\/person\/dcab619c614d3038751c63bc2aadc06d\",\"name\":\"ulqini\",\"sameAs\":[\"http:\/\/www.visit-ulcinj.com\"],\"url\":\"https:\/\/www.visit-ulcinj.com\/blog\/author\/admin\/\"}]}<\/script>\n<!-- \/ Yoast SEO plugin. -->","yoast_head_json":{"title":"Turisti\u010dka ponuda Ulcinja na sajmu u Beogradu - Lajme nga Ulqini","description":"Sajam Turizma Beograd Na sajmu turizma IFT u Beogradu koji se odr\u017eava od 21. do 24.02.2013 Turisti\u010dka Organizacija Ulcinj u\u010destvuje u saradnji sa","robots":{"index":"index","follow":"follow","max-snippet":"max-snippet:-1","max-image-preview":"max-image-preview:large","max-video-preview":"max-video-preview:-1"},"canonical":"https:\/\/www.visit-ulcinj.com\/blog\/2013\/02\/24\/turisticka-ponuda-ulcinja-na-sajmu-u-beogradu\/","og_locale":"en_US","og_type":"article","og_title":"Turisti\u010dka ponuda Ulcinja na sajmu u Beogradu - Lajme nga Ulqini","og_description":"Sajam Turizma Beograd Na sajmu turizma IFT u Beogradu koji se odr\u017eava od 21. do 24.02.2013 Turisti\u010dka Organizacija Ulcinj u\u010destvuje u saradnji sa","og_url":"https:\/\/www.visit-ulcinj.com\/blog\/2013\/02\/24\/turisticka-ponuda-ulcinja-na-sajmu-u-beogradu\/","og_site_name":"Lajme nga Ulqini","article_published_time":"2013-02-24T17:38:56+00:00","article_modified_time":"2013-02-26T14:16:04+00:00","og_image":[{"url":"https:\/\/www.visit-ulcinj.com\/blog\/wp-content\/uploads\/2013\/02\/OT-e-Ulqinit-ne-panairin-e-turizmit-Beograd.7-150x150.jpg"}],"twitter_misc":{"Written by":"ulqini","Est. reading time":"2 minutes"},"schema":{"@context":"https:\/\/schema.org","@graph":[{"@type":"WebSite","@id":"https:\/\/www.visit-ulcinj.com\/blog\/#website","url":"https:\/\/www.visit-ulcinj.com\/blog\/","name":"Lajme nga Ulqini","description":"Lajme,Vijesti,Ulqini,Ulqin,Crna Gora,Mali i Zi","potentialAction":[{"@type":"SearchAction","target":{"@type":"EntryPoint","urlTemplate":"https:\/\/www.visit-ulcinj.com\/blog\/?s={search_term_string}"},"query-input":"required name=search_term_string"}],"inLanguage":"en-US"},{"@type":"ImageObject","inLanguage":"en-US","@id":"https:\/\/www.visit-ulcinj.com\/blog\/2013\/02\/24\/turisticka-ponuda-ulcinja-na-sajmu-u-beogradu\/#primaryimage","url":"https:\/\/www.visit-ulcinj.com\/blog\/wp-content\/uploads\/2013\/02\/OT-e-Ulqinit-ne-panairin-e-turizmit-Beograd.8.jpg","contentUrl":"https:\/\/www.visit-ulcinj.com\/blog\/wp-content\/uploads\/2013\/02\/OT-e-Ulqinit-ne-panairin-e-turizmit-Beograd.8.jpg","width":960,"height":720},{"@type":"WebPage","@id":"https:\/\/www.visit-ulcinj.com\/blog\/2013\/02\/24\/turisticka-ponuda-ulcinja-na-sajmu-u-beogradu\/#webpage","url":"https:\/\/www.visit-ulcinj.com\/blog\/2013\/02\/24\/turisticka-ponuda-ulcinja-na-sajmu-u-beogradu\/","name":"Turisti\u010dka ponuda Ulcinja na sajmu u Beogradu - Lajme nga Ulqini","isPartOf":{"@id":"https:\/\/www.visit-ulcinj.com\/blog\/#website"},"primaryImageOfPage":{"@id":"https:\/\/www.visit-ulcinj.com\/blog\/2013\/02\/24\/turisticka-ponuda-ulcinja-na-sajmu-u-beogradu\/#primaryimage"},"datePublished":"2013-02-24T17:38:56+00:00","dateModified":"2013-02-26T14:16:04+00:00","author":{"@id":"https:\/\/www.visit-ulcinj.com\/blog\/#\/schema\/person\/dcab619c614d3038751c63bc2aadc06d"},"description":"Sajam Turizma Beograd Na sajmu turizma IFT u Beogradu koji se odr\u017eava od 21. do 24.02.2013 Turisti\u010dka Organizacija Ulcinj u\u010destvuje u saradnji sa","breadcrumb":{"@id":"https:\/\/www.visit-ulcinj.com\/blog\/2013\/02\/24\/turisticka-ponuda-ulcinja-na-sajmu-u-beogradu\/#breadcrumb"},"inLanguage":"en-US","potentialAction":[{"@type":"ReadAction","target":["https:\/\/www.visit-ulcinj.com\/blog\/2013\/02\/24\/turisticka-ponuda-ulcinja-na-sajmu-u-beogradu\/"]}]},{"@type":"BreadcrumbList","@id":"https:\/\/www.visit-ulcinj.com\/blog\/2013\/02\/24\/turisticka-ponuda-ulcinja-na-sajmu-u-beogradu\/#breadcrumb","itemListElement":[{"@type":"ListItem","position":1,"name":"Turisti\u010dka ponuda Ulcinja na sajmu u Beogradu"}]},{"@type":"Person","@id":"https:\/\/www.visit-ulcinj.com\/blog\/#\/schema\/person\/dcab619c614d3038751c63bc2aadc06d","name":"ulqini","sameAs":["http:\/\/www.visit-ulcinj.com"],"url":"https:\/\/www.visit-ulcinj.com\/blog\/author\/admin\/"}]}},"jetpack_featured_media_url":"","jetpack_sharing_enabled":true,"jetpack_shortlink":"https:\/\/wp.me\/pe6lTn-hZG","_links":{"self":[{"href":"https:\/\/www.visit-ulcinj.com\/blog\/wp-json\/wp\/v2\/posts\/69172"}],"collection":[{"href":"https:\/\/www.visit-ulcinj.com\/blog\/wp-json\/wp\/v2\/posts"}],"about":[{"href":"https:\/\/www.visit-ulcinj.com\/blog\/wp-json\/wp\/v2\/types\/post"}],"author":[{"embeddable":true,"href":"https:\/\/www.visit-ulcinj.com\/blog\/wp-json\/wp\/v2\/users\/1"}],"replies":[{"embeddable":true,"href":"https:\/\/www.visit-ulcinj.com\/blog\/wp-json\/wp\/v2\/comments?post=69172"}],"version-history":[{"count":2,"href":"https:\/\/www.visit-ulcinj.com\/blog\/wp-json\/wp\/v2\/posts\/69172\/revisions"}],"predecessor-version":[{"id":69302,"href":"https:\/\/www.visit-ulcinj.com\/blog\/wp-json\/wp\/v2\/posts\/69172\/revisions\/69302"}],"wp:attachment":[{"href":"https:\/\/www.visit-ulcinj.com\/blog\/wp-json\/wp\/v2\/media?parent=69172"}],"wp:term":[{"taxonomy":"category","embeddable":true,"href":"https:\/\/www.visit-ulcinj.com\/blog\/wp-json\/wp\/v2\/categories?post=69172"},{"taxonomy":"post_tag","embeddable":true,"href":"https:\/\/www.visit-ulcinj.com\/blog\/wp-json\/wp\/v2\/tags?post=69172"}],"curies":[{"name":"wp","href":"https:\/\/api.w.org\/{rel}","templated":true}]}}