{"id":69217,"date":"2013-02-25T19:29:58","date_gmt":"2013-02-25T18:29:58","guid":{"rendered":"http:\/\/www.visit-ulcinj.com\/blog\/?p=69217"},"modified":"2013-02-27T12:13:33","modified_gmt":"2013-02-27T11:13:33","slug":"arrihet-kompromisi-mes-kripores-se-ulqinit-sindikates-dhe-komunes-se-ulqinit","status":"publish","type":"post","link":"https:\/\/www.visit-ulcinj.com\/blog\/2013\/02\/25\/arrihet-kompromisi-mes-kripores-se-ulqinit-sindikates-dhe-komunes-se-ulqinit\/","title":{"rendered":"Arrihet Kompromisi mes Kripores s\u00eb Ulqinit &#8211; sindikat\u00ebs dhe komunes s\u00eb Ulqinit"},"content":{"rendered":"<p><strong><a href=\"http:\/\/www.visit-ulcinj.com\/blog\/wp-content\/uploads\/2013\/02\/Arrihet-kompromisi_Cungu_sindikata_kriporja-e-Ulqini.jpg\"><img loading=\"lazy\" class=\"alignleft  wp-image-69218\" alt=\"Arrihet kompromisi_Cungu_sindikata_kriporja e Ulqini\" src=\"http:\/\/www.visit-ulcinj.com\/blog\/wp-content\/uploads\/2013\/02\/Arrihet-kompromisi_Cungu_sindikata_kriporja-e-Ulqini.jpg\" width=\"508\" height=\"360\" \/><\/a>Arrihet zgjidhje kompromisi p\u00ebr pun\u00ebtor\u00ebt e Kripores s\u00eb Ulqinit<\/strong><\/p>\n<p>Sot Kryetari i Komun\u00ebs s\u00eb Ulqinit Nazif Cungu ka organizuar nj\u00eb takim me rastin e ngjarjeve m\u00eb t\u00eb reja n\u00eb nd\u00ebrmarrjen Kriporja &#8220;Bajo Sekuliq&#8221;. Nd\u00ebrsa p\u00ebrfaq\u00ebsuesit e sindikat\u00ebs kan\u00eb pohuar q\u00eb dretoria e nd\u00ebrmarrjes ka p\u00ebr q\u00ebllim t\u00eb pushtoj\u00eb pun\u00ebtor\u00ebt nga puna dhe paralajm\u00ebrojn\u00eb nj\u00eb tubim protestues, dreejtoria e pohon se nuk kan\u00eb q\u00ebllim t\u00eb mbyllin kriporen, por t\u00eb p\u00ebrgatisin nj\u00eb paket\u00eb t\u00eb masave me t\u00eb cil\u00ebn synojn\u00eb t\u00eb tejkalojn\u00eb kriz\u00ebn.<br \/>\nN\u00eb takimin e mbajtur sot n\u00eb kabinetin e Kryetarit Cungu me pranin\u00eb e mediave p\u00ebrve\u00e7 p\u00ebrfaq\u00ebsuesve t\u00eb sindikat\u00ebs kan\u00eb marr\u00eb pjes\u00eb edhe drejtori i aksionarit kryesor t\u00eb Kripores &#8220;Eurofondit&#8221; Bojsha Shota dhe drejtori i falimentimit t\u00eb Kripores Dragan Bozhoviq.<\/p>\n<p>Pas diskutimeve dhe ekspozeve t\u00eb gjata n\u00eb baz\u00eb t\u00eb t\u00eb cilave p\u00ebrfaq\u00ebsuesit e sindikat\u00ebs kan\u00eb k\u00ebrkuar q\u00eb t\u00eb mos pushohen pun\u00ebtor\u00ebt nga puna, nd\u00ebrsa p\u00ebrfaq\u00ebsuesit e menaxhmentit me k\u00ebmb\u00ebngulje kan\u00eb pohuar q\u00eb riorganizimi n\u00eb Kripore \u00ebsht\u00eb i domosdosh\u00ebm gj\u00eb q\u00eb do t\u00eb n\u00ebnkuptonte edhe pushimin nga puna t\u00eb nj\u00eb numri t\u00eb caktuar t\u00eb pun\u00ebtor\u00ebve, propozimi i Kryetarit Cungu ishte q\u00eb vendimi q\u00eb i pushimit t\u00eb pun\u00ebtor\u00ebve nga puna t\u00eb shtyhet p\u00ebr gjasht\u00eb muaj q\u00eb do t\u00eb siguronte koh\u00eb p\u00ebr zgjidhjen e p\u00ebrbashk\u00ebt t\u00eb problemit t\u00eb statusit t\u00eb tyre.<br \/>\n<a href=\"http:\/\/www.visit-ulcinj.com\/blog\/wp-content\/uploads\/2013\/02\/Ulcinjska-Solana-i-Most-na-port-mileni.jpg\"><img loading=\"lazy\" class=\"alignleft  wp-image-69219\" alt=\"Ulcinjska Solana i Most na port mileni\" src=\"http:\/\/www.visit-ulcinj.com\/blog\/wp-content\/uploads\/2013\/02\/Ulcinjska-Solana-i-Most-na-port-mileni.jpg\" width=\"508\" height=\"294\" \/><\/a><\/p>\n<p>N\u00eb fund t\u00eb takimit q\u00eb ka zgjatur m\u00eb tep\u00ebr se dy or\u00eb megjithat\u00eb \u00ebsht\u00eb arritur nj\u00eb zgjidhje kompromisi p\u00ebr t\u00eb gjith\u00eb pjes\u00ebmarr\u00ebsit e cila p\u00ebrfshin\u00eb q\u00eb t\u00eb gjith\u00eb pun\u00ebtor\u00ebve t\u00eb kripores do t&#8217;u vazhdohet kontrata p\u00ebr nj\u00eb periudh\u00eb prej kat\u00ebr muajsh dhe q\u00eb t\u00eb gjith\u00eb, menaxhmenti dhe pun\u00ebtor\u00ebt, t\u00eb fillojn\u00eb me p\u00ebrgatitjet sa m\u00eb t\u00eb mir\u00eb p\u00ebr mbledhjen e ardh\u00ebshme. Gjithashtu \u00ebsht\u00eb theksuar q\u00eb menaxhmenti dhe sinidkata duhet t\u00eb dakordohen p\u00ebr aktivitetet e m\u00ebtutjeshme lidhur me pun\u00ebtor\u00ebt.<br \/>\nDrejtori i Eurofondit z. Shota ka theksuar q\u00eb ata si aksionar kryesor\u00eb kan\u00eb d\u00ebshir\u00eb q\u00eb Kriporja t\u00eb vazhdoj me prodhim dhe se me k\u00ebt\u00eb \u00ebsht\u00eb d\u00ebshmuar q\u00eb ka q\u00ebllime t\u00eb sinqerta ndaj Kripores dhe si objektiv ekzistenc\u00ebn e saj.<br \/>\nP\u00ebrfaq\u00ebsuesit e sindikat\u00ebs e kan\u00eb pranuar pozitivisht k\u00ebt\u00eb zgjidhje, ata i jan\u00eb fal\u00ebnderuar Kryetarit Cungu p\u00ebr p\u00ebrkrahjen e tij dhe k\u00ebmb\u00ebnguljen e tij p\u00ebr tu arritur deri te kjo zgjidhje.<\/p>\n<p><strong>Municipality of Ulcinj \/ Op\u0161tina Ulcinj \/ Komuna e Ulqinit<\/strong><br \/>\nTel: +382 30 412 050<br \/>\nFax: +382 30 412 413<br \/>\nAdresa: Bul. Skenderbeu bb, 85360 Ulcinj, MNE<\/p>\n","protected":false},"excerpt":{"rendered":"<p>Arrihet zgjidhje kompromisi p\u00ebr pun\u00ebtor\u00ebt e Kripores s\u00eb Ulqinit Sot Kryetari i Komun\u00ebs s\u00eb Ulqinit Nazif Cungu ka organizuar nj\u00eb takim me rastin e ngjarjeve m\u00eb t\u00eb reja n\u00eb nd\u00ebrmarrjen Kriporja &#8220;Bajo Sekuliq&#8221;. Nd\u00ebrsa p\u00ebrfaq\u00ebsuesit e sindikat\u00ebs kan\u00eb pohuar q\u00eb dretoria e nd\u00ebrmarrjes ka p\u00ebr q\u00ebllim t\u00eb pushtoj\u00eb pun\u00ebtor\u00ebt nga puna dhe paralajm\u00ebrojn\u00eb nj\u00eb tubim [&hellip;]<\/p>\n","protected":false},"author":1,"featured_media":0,"comment_status":"open","ping_status":"closed","sticky":false,"template":"","format":"standard","meta":{"spay_email":"","jetpack_publicize_message":"","jetpack_is_tweetstorm":false,"jetpack_publicize_feature_enabled":true},"categories":[1,6],"tags":[7208,2370,118],"jetpack_publicize_connections":[],"yoast_head":"<!-- This site is optimized with the Yoast SEO plugin v19.1 - https:\/\/yoast.com\/wordpress\/plugins\/seo\/ -->\n<title>Arrihet Kompromisi mes Kripores s\u00eb Ulqinit - sindikat\u00ebs dhe komunes s\u00eb Ulqinit - Lajme nga Ulqini<\/title>\n<meta name=\"description\" content=\"Arrihet zgjidhje kompromisi p\u00ebr pun\u00ebtor\u00ebt e Kripores s\u00eb Ulqinit Sot Kryetari i Komun\u00ebs s\u00eb Ulqinit Nazif Cungu ka organizuar nj\u00eb takim me rastin e\" \/>\n<meta name=\"robots\" content=\"index, follow, max-snippet:-1, max-image-preview:large, max-video-preview:-1\" \/>\n<link rel=\"canonical\" href=\"https:\/\/www.visit-ulcinj.com\/blog\/2013\/02\/25\/arrihet-kompromisi-mes-kripores-se-ulqinit-sindikates-dhe-komunes-se-ulqinit\/\" \/>\n<meta property=\"og:locale\" content=\"en_US\" \/>\n<meta property=\"og:type\" content=\"article\" \/>\n<meta property=\"og:title\" content=\"Arrihet Kompromisi mes Kripores s\u00eb Ulqinit - sindikat\u00ebs dhe komunes s\u00eb Ulqinit - Lajme nga Ulqini\" \/>\n<meta property=\"og:description\" content=\"Arrihet zgjidhje kompromisi p\u00ebr pun\u00ebtor\u00ebt e Kripores s\u00eb Ulqinit Sot Kryetari i Komun\u00ebs s\u00eb Ulqinit Nazif Cungu ka organizuar nj\u00eb takim me rastin e\" \/>\n<meta property=\"og:url\" content=\"https:\/\/www.visit-ulcinj.com\/blog\/2013\/02\/25\/arrihet-kompromisi-mes-kripores-se-ulqinit-sindikates-dhe-komunes-se-ulqinit\/\" \/>\n<meta property=\"og:site_name\" content=\"Lajme nga Ulqini\" \/>\n<meta property=\"article:published_time\" content=\"2013-02-25T18:29:58+00:00\" \/>\n<meta property=\"article:modified_time\" content=\"2013-02-27T11:13:33+00:00\" \/>\n<meta property=\"og:image\" content=\"http:\/\/www.visit-ulcinj.com\/blog\/wp-content\/uploads\/2013\/02\/Arrihet-kompromisi_Cungu_sindikata_kriporja-e-Ulqini.jpg\" \/>\n<meta name=\"twitter:label1\" content=\"Written by\" \/>\n\t<meta name=\"twitter:data1\" content=\"ulqini\" \/>\n\t<meta name=\"twitter:label2\" content=\"Est. reading time\" \/>\n\t<meta name=\"twitter:data2\" content=\"2 minutes\" \/>\n<script type=\"application\/ld+json\" class=\"yoast-schema-graph\">{\"@context\":\"https:\/\/schema.org\",\"@graph\":[{\"@type\":\"WebSite\",\"@id\":\"https:\/\/www.visit-ulcinj.com\/blog\/#website\",\"url\":\"https:\/\/www.visit-ulcinj.com\/blog\/\",\"name\":\"Lajme nga Ulqini\",\"description\":\"Lajme,Vijesti,Ulqini,Ulqin,Crna Gora,Mali i Zi\",\"potentialAction\":[{\"@type\":\"SearchAction\",\"target\":{\"@type\":\"EntryPoint\",\"urlTemplate\":\"https:\/\/www.visit-ulcinj.com\/blog\/?s={search_term_string}\"},\"query-input\":\"required name=search_term_string\"}],\"inLanguage\":\"en-US\"},{\"@type\":\"ImageObject\",\"inLanguage\":\"en-US\",\"@id\":\"https:\/\/www.visit-ulcinj.com\/blog\/2013\/02\/25\/arrihet-kompromisi-mes-kripores-se-ulqinit-sindikates-dhe-komunes-se-ulqinit\/#primaryimage\",\"url\":\"https:\/\/www.visit-ulcinj.com\/blog\/wp-content\/uploads\/2013\/02\/Arrihet-kompromisi_Cungu_sindikata_kriporja-e-Ulqini.jpg\",\"contentUrl\":\"https:\/\/www.visit-ulcinj.com\/blog\/wp-content\/uploads\/2013\/02\/Arrihet-kompromisi_Cungu_sindikata_kriporja-e-Ulqini.jpg\",\"width\":640,\"height\":424},{\"@type\":\"WebPage\",\"@id\":\"https:\/\/www.visit-ulcinj.com\/blog\/2013\/02\/25\/arrihet-kompromisi-mes-kripores-se-ulqinit-sindikates-dhe-komunes-se-ulqinit\/#webpage\",\"url\":\"https:\/\/www.visit-ulcinj.com\/blog\/2013\/02\/25\/arrihet-kompromisi-mes-kripores-se-ulqinit-sindikates-dhe-komunes-se-ulqinit\/\",\"name\":\"Arrihet Kompromisi mes Kripores s\u00eb Ulqinit - sindikat\u00ebs dhe komunes s\u00eb Ulqinit - Lajme nga Ulqini\",\"isPartOf\":{\"@id\":\"https:\/\/www.visit-ulcinj.com\/blog\/#website\"},\"primaryImageOfPage\":{\"@id\":\"https:\/\/www.visit-ulcinj.com\/blog\/2013\/02\/25\/arrihet-kompromisi-mes-kripores-se-ulqinit-sindikates-dhe-komunes-se-ulqinit\/#primaryimage\"},\"datePublished\":\"2013-02-25T18:29:58+00:00\",\"dateModified\":\"2013-02-27T11:13:33+00:00\",\"author\":{\"@id\":\"https:\/\/www.visit-ulcinj.com\/blog\/#\/schema\/person\/dcab619c614d3038751c63bc2aadc06d\"},\"description\":\"Arrihet zgjidhje kompromisi p\u00ebr pun\u00ebtor\u00ebt e Kripores s\u00eb Ulqinit Sot Kryetari i Komun\u00ebs s\u00eb Ulqinit Nazif Cungu ka organizuar nj\u00eb takim me rastin e\",\"breadcrumb\":{\"@id\":\"https:\/\/www.visit-ulcinj.com\/blog\/2013\/02\/25\/arrihet-kompromisi-mes-kripores-se-ulqinit-sindikates-dhe-komunes-se-ulqinit\/#breadcrumb\"},\"inLanguage\":\"en-US\",\"potentialAction\":[{\"@type\":\"ReadAction\",\"target\":[\"https:\/\/www.visit-ulcinj.com\/blog\/2013\/02\/25\/arrihet-kompromisi-mes-kripores-se-ulqinit-sindikates-dhe-komunes-se-ulqinit\/\"]}]},{\"@type\":\"BreadcrumbList\",\"@id\":\"https:\/\/www.visit-ulcinj.com\/blog\/2013\/02\/25\/arrihet-kompromisi-mes-kripores-se-ulqinit-sindikates-dhe-komunes-se-ulqinit\/#breadcrumb\",\"itemListElement\":[{\"@type\":\"ListItem\",\"position\":1,\"name\":\"Arrihet Kompromisi mes Kripores s\u00eb Ulqinit &#8211; sindikat\u00ebs dhe komunes s\u00eb Ulqinit\"}]},{\"@type\":\"Person\",\"@id\":\"https:\/\/www.visit-ulcinj.com\/blog\/#\/schema\/person\/dcab619c614d3038751c63bc2aadc06d\",\"name\":\"ulqini\",\"sameAs\":[\"http:\/\/www.visit-ulcinj.com\"],\"url\":\"https:\/\/www.visit-ulcinj.com\/blog\/author\/admin\/\"}]}<\/script>\n<!-- \/ Yoast SEO plugin. -->","yoast_head_json":{"title":"Arrihet Kompromisi mes Kripores s\u00eb Ulqinit - sindikat\u00ebs dhe komunes s\u00eb Ulqinit - Lajme nga Ulqini","description":"Arrihet zgjidhje kompromisi p\u00ebr pun\u00ebtor\u00ebt e Kripores s\u00eb Ulqinit Sot Kryetari i Komun\u00ebs s\u00eb Ulqinit Nazif Cungu ka organizuar nj\u00eb takim me rastin e","robots":{"index":"index","follow":"follow","max-snippet":"max-snippet:-1","max-image-preview":"max-image-preview:large","max-video-preview":"max-video-preview:-1"},"canonical":"https:\/\/www.visit-ulcinj.com\/blog\/2013\/02\/25\/arrihet-kompromisi-mes-kripores-se-ulqinit-sindikates-dhe-komunes-se-ulqinit\/","og_locale":"en_US","og_type":"article","og_title":"Arrihet Kompromisi mes Kripores s\u00eb Ulqinit - sindikat\u00ebs dhe komunes s\u00eb Ulqinit - Lajme nga Ulqini","og_description":"Arrihet zgjidhje kompromisi p\u00ebr pun\u00ebtor\u00ebt e Kripores s\u00eb Ulqinit Sot Kryetari i Komun\u00ebs s\u00eb Ulqinit Nazif Cungu ka organizuar nj\u00eb takim me rastin e","og_url":"https:\/\/www.visit-ulcinj.com\/blog\/2013\/02\/25\/arrihet-kompromisi-mes-kripores-se-ulqinit-sindikates-dhe-komunes-se-ulqinit\/","og_site_name":"Lajme nga Ulqini","article_published_time":"2013-02-25T18:29:58+00:00","article_modified_time":"2013-02-27T11:13:33+00:00","og_image":[{"url":"http:\/\/www.visit-ulcinj.com\/blog\/wp-content\/uploads\/2013\/02\/Arrihet-kompromisi_Cungu_sindikata_kriporja-e-Ulqini.jpg"}],"twitter_misc":{"Written by":"ulqini","Est. reading time":"2 minutes"},"schema":{"@context":"https:\/\/schema.org","@graph":[{"@type":"WebSite","@id":"https:\/\/www.visit-ulcinj.com\/blog\/#website","url":"https:\/\/www.visit-ulcinj.com\/blog\/","name":"Lajme nga Ulqini","description":"Lajme,Vijesti,Ulqini,Ulqin,Crna Gora,Mali i Zi","potentialAction":[{"@type":"SearchAction","target":{"@type":"EntryPoint","urlTemplate":"https:\/\/www.visit-ulcinj.com\/blog\/?s={search_term_string}"},"query-input":"required name=search_term_string"}],"inLanguage":"en-US"},{"@type":"ImageObject","inLanguage":"en-US","@id":"https:\/\/www.visit-ulcinj.com\/blog\/2013\/02\/25\/arrihet-kompromisi-mes-kripores-se-ulqinit-sindikates-dhe-komunes-se-ulqinit\/#primaryimage","url":"https:\/\/www.visit-ulcinj.com\/blog\/wp-content\/uploads\/2013\/02\/Arrihet-kompromisi_Cungu_sindikata_kriporja-e-Ulqini.jpg","contentUrl":"https:\/\/www.visit-ulcinj.com\/blog\/wp-content\/uploads\/2013\/02\/Arrihet-kompromisi_Cungu_sindikata_kriporja-e-Ulqini.jpg","width":640,"height":424},{"@type":"WebPage","@id":"https:\/\/www.visit-ulcinj.com\/blog\/2013\/02\/25\/arrihet-kompromisi-mes-kripores-se-ulqinit-sindikates-dhe-komunes-se-ulqinit\/#webpage","url":"https:\/\/www.visit-ulcinj.com\/blog\/2013\/02\/25\/arrihet-kompromisi-mes-kripores-se-ulqinit-sindikates-dhe-komunes-se-ulqinit\/","name":"Arrihet Kompromisi mes Kripores s\u00eb Ulqinit - sindikat\u00ebs dhe komunes s\u00eb Ulqinit - Lajme nga Ulqini","isPartOf":{"@id":"https:\/\/www.visit-ulcinj.com\/blog\/#website"},"primaryImageOfPage":{"@id":"https:\/\/www.visit-ulcinj.com\/blog\/2013\/02\/25\/arrihet-kompromisi-mes-kripores-se-ulqinit-sindikates-dhe-komunes-se-ulqinit\/#primaryimage"},"datePublished":"2013-02-25T18:29:58+00:00","dateModified":"2013-02-27T11:13:33+00:00","author":{"@id":"https:\/\/www.visit-ulcinj.com\/blog\/#\/schema\/person\/dcab619c614d3038751c63bc2aadc06d"},"description":"Arrihet zgjidhje kompromisi p\u00ebr pun\u00ebtor\u00ebt e Kripores s\u00eb Ulqinit Sot Kryetari i Komun\u00ebs s\u00eb Ulqinit Nazif Cungu ka organizuar nj\u00eb takim me rastin e","breadcrumb":{"@id":"https:\/\/www.visit-ulcinj.com\/blog\/2013\/02\/25\/arrihet-kompromisi-mes-kripores-se-ulqinit-sindikates-dhe-komunes-se-ulqinit\/#breadcrumb"},"inLanguage":"en-US","potentialAction":[{"@type":"ReadAction","target":["https:\/\/www.visit-ulcinj.com\/blog\/2013\/02\/25\/arrihet-kompromisi-mes-kripores-se-ulqinit-sindikates-dhe-komunes-se-ulqinit\/"]}]},{"@type":"BreadcrumbList","@id":"https:\/\/www.visit-ulcinj.com\/blog\/2013\/02\/25\/arrihet-kompromisi-mes-kripores-se-ulqinit-sindikates-dhe-komunes-se-ulqinit\/#breadcrumb","itemListElement":[{"@type":"ListItem","position":1,"name":"Arrihet Kompromisi mes Kripores s\u00eb Ulqinit &#8211; sindikat\u00ebs dhe komunes s\u00eb Ulqinit"}]},{"@type":"Person","@id":"https:\/\/www.visit-ulcinj.com\/blog\/#\/schema\/person\/dcab619c614d3038751c63bc2aadc06d","name":"ulqini","sameAs":["http:\/\/www.visit-ulcinj.com"],"url":"https:\/\/www.visit-ulcinj.com\/blog\/author\/admin\/"}]}},"jetpack_featured_media_url":"","jetpack_sharing_enabled":true,"jetpack_shortlink":"https:\/\/wp.me\/pe6lTn-i0p","_links":{"self":[{"href":"https:\/\/www.visit-ulcinj.com\/blog\/wp-json\/wp\/v2\/posts\/69217"}],"collection":[{"href":"https:\/\/www.visit-ulcinj.com\/blog\/wp-json\/wp\/v2\/posts"}],"about":[{"href":"https:\/\/www.visit-ulcinj.com\/blog\/wp-json\/wp\/v2\/types\/post"}],"author":[{"embeddable":true,"href":"https:\/\/www.visit-ulcinj.com\/blog\/wp-json\/wp\/v2\/users\/1"}],"replies":[{"embeddable":true,"href":"https:\/\/www.visit-ulcinj.com\/blog\/wp-json\/wp\/v2\/comments?post=69217"}],"version-history":[{"count":5,"href":"https:\/\/www.visit-ulcinj.com\/blog\/wp-json\/wp\/v2\/posts\/69217\/revisions"}],"predecessor-version":[{"id":69232,"href":"https:\/\/www.visit-ulcinj.com\/blog\/wp-json\/wp\/v2\/posts\/69217\/revisions\/69232"}],"wp:attachment":[{"href":"https:\/\/www.visit-ulcinj.com\/blog\/wp-json\/wp\/v2\/media?parent=69217"}],"wp:term":[{"taxonomy":"category","embeddable":true,"href":"https:\/\/www.visit-ulcinj.com\/blog\/wp-json\/wp\/v2\/categories?post=69217"},{"taxonomy":"post_tag","embeddable":true,"href":"https:\/\/www.visit-ulcinj.com\/blog\/wp-json\/wp\/v2\/tags?post=69217"}],"curies":[{"name":"wp","href":"https:\/\/api.w.org\/{rel}","templated":true}]}}