{"id":69223,"date":"2013-02-25T19:42:09","date_gmt":"2013-02-25T18:42:09","guid":{"rendered":"http:\/\/www.visit-ulcinj.com\/blog\/?p=69223"},"modified":"2013-02-25T19:42:26","modified_gmt":"2013-02-25T18:42:26","slug":"postignut-kompromisno-rijesenje-za-radnike-solane-ulcinj","status":"publish","type":"post","link":"https:\/\/www.visit-ulcinj.com\/blog\/2013\/02\/25\/postignut-kompromisno-rijesenje-za-radnike-solane-ulcinj\/","title":{"rendered":"Postignut kompromisno rije\u0161enje za radnike Solane Ulcinj"},"content":{"rendered":"<p><strong> <a href=\"http:\/\/www.visit-ulcinj.com\/blog\/wp-content\/uploads\/2013\/02\/Arrihet-kompromisi_Cungu_sindikata_kriporja-e-Ulqini.jpg\"><img loading=\"lazy\" class=\"alignleft  wp-image-69218\" alt=\"Arrihet kompromisi_Cungu_sindikata_kriporja e Ulqini\" src=\"http:\/\/www.visit-ulcinj.com\/blog\/wp-content\/uploads\/2013\/02\/Arrihet-kompromisi_Cungu_sindikata_kriporja-e-Ulqini.jpg\" width=\"508\" height=\"360\" \/><\/a>Na dana\u0161njem sastanku postignuto kompromisno rije\u0161enje za radnike Solane Ulcinj<br \/>\n<\/strong><\/p>\n<p>Danas je Predsjednik op\u0161tine Ulcinj Nazif Cungu organizovao sastanak povodom najnovijih de\u0161avanja u preduze\u0107u Solana &#8220;Baja Sekulic&#8217; Ulcinj. Dok su predstavnici sindikata tvrdili da Uprava preduze\u0107a namjerava otpustiti radnike i najavljuju odr\u017eavanje protestnog skupa, Uprava tvrdi da ne namjeravaju zatvaranje Solane ve\u0107 da spremaju paket mjera kojim \u0107e poku\u0161ati da prevazi\u0111u krizu.<br \/>\nNa sastanku koji je danas odr\u017ean u kabinetu Predsjednika Cungua, uz prisustvo medija, pored predstavnika Sindikata u\u010destvovali su i direktor Ve\u0107inskog vlasnika preduze\u0107a &#8220;Eurofonda&#8221; Boj\u0161a \u0160ota i predstavnik ste\u010dajne uprave Solane Dragan Bo\u017eovi\u0107.<br \/>\n<a href=\"http:\/\/www.visit-ulcinj.com\/blog\/wp-content\/uploads\/2013\/02\/Ulcinjska-Solana-i-Most-na-port-mileni.jpg\"><img loading=\"lazy\" class=\"alignleft  wp-image-69219\" alt=\"Ulcinjska Solana i Most na port mileni\" src=\"http:\/\/www.visit-ulcinj.com\/blog\/wp-content\/uploads\/2013\/02\/Ulcinjska-Solana-i-Most-na-port-mileni.jpg\" width=\"508\" height=\"300\" \/><\/a><\/p>\n<p>Nakon du\u017ee rasprave i izlaganja na osnovu kojih su predstavnici sindikata tra\u017eili da se ne otpuste radnici, dok su predstavnici Ste\u010dajne uprave uporno tvrdili da je reorganizacija u Solani neophodna \u0161to bi podrazumjevalo i otpu\u0161tanje odre\u0111enog broja radnika, predlog Predsjednika je bio odlaganje otpu\u0161tanja na sest mjeseci kako bi se zajedni\u010dki pristupilo rje\u0161avanju statusa radnika.<br \/>\nNa kraju sastanka koji je trajao vi\u0161e od dva sata je ipak do\u0161lo do kompromisnog rije\u0161enja koje je bilo prihvatljivo za prisutne na sastanku a to je. da se za sve radnike Solane ugovor produ\u017ei na period od \u010detri mjeseci, a da se krene sa pripremama za narednu berbu i da se svi radnici i uprava zajedni\u010dki anga\u017euju u cilju pripreme \u0161to bolje berbe, kao i da \u0107e se sa Sindikatom dogovarati o budu\u0107im aktivnostima vezano za radnike Solane.<br \/>\nDirektor &#8220;Eurofonda&#8221; g. \u0160otra je naglasio da oni kao ve\u0107inski vlasnik \u017eele da Solana nastavi sa svojom proizvodnjom i da je sa ovim jo\u0161 jednom dokazano da imaju iskrene namjere prema Solani I da im je cilj njen opstanak.<br \/>\nPredstavnici sindikata su pozitivno prihvatili ovo rije\u0161enje, i zahvalili se Predsjedniku Cungu na njegovu podr\u0161ku i upornost da se ovo postigne.<\/p>\n<p><strong>Municipality of Ulcinj \/ Op\u0161tina Ulcinj \/ Komuna e Ulqinit<\/strong><br \/>\nTel: +382 30 412 050<br \/>\nFax: +382 30 412 413<br \/>\nAdresa: Bul. Skenderbeu bb, 85360 Ulcinj, MNE<\/p>\n<p><strong>\u00a0<\/strong><\/p>\n","protected":false},"excerpt":{"rendered":"<p>Na dana\u0161njem sastanku postignuto kompromisno rije\u0161enje za radnike Solane Ulcinj Danas je Predsjednik op\u0161tine Ulcinj Nazif Cungu organizovao sastanak povodom najnovijih de\u0161avanja u preduze\u0107u Solana &#8220;Baja Sekulic&#8217; Ulcinj. Dok su predstavnici sindikata tvrdili da Uprava preduze\u0107a namjerava otpustiti radnike i najavljuju odr\u017eavanje protestnog skupa, Uprava tvrdi da ne namjeravaju zatvaranje Solane ve\u0107 da spremaju paket [&hellip;]<\/p>\n","protected":false},"author":1,"featured_media":0,"comment_status":"open","ping_status":"closed","sticky":false,"template":"","format":"standard","meta":{"spay_email":"","jetpack_publicize_message":"","jetpack_is_tweetstorm":false,"jetpack_publicize_feature_enabled":true},"categories":[6950],"tags":[1968],"jetpack_publicize_connections":[],"yoast_head":"<!-- This site is optimized with the Yoast SEO plugin v19.1 - https:\/\/yoast.com\/wordpress\/plugins\/seo\/ -->\n<title>Postignut kompromisno rije\u0161enje za radnike Solane Ulcinj - Lajme nga Ulqini<\/title>\n<meta name=\"description\" content=\"Na dana\u0161njem sastanku postignuto kompromisno rije\u0161enje za radnike Solane Ulcinj Danas je Predsjednik op\u0161tine Ulcinj Nazif Cungu organizovao sastanak\" \/>\n<meta name=\"robots\" content=\"index, follow, max-snippet:-1, max-image-preview:large, max-video-preview:-1\" \/>\n<link rel=\"canonical\" href=\"https:\/\/www.visit-ulcinj.com\/blog\/2013\/02\/25\/postignut-kompromisno-rijesenje-za-radnike-solane-ulcinj\/\" \/>\n<meta property=\"og:locale\" content=\"en_US\" \/>\n<meta property=\"og:type\" content=\"article\" \/>\n<meta property=\"og:title\" content=\"Postignut kompromisno rije\u0161enje za radnike Solane Ulcinj - Lajme nga Ulqini\" \/>\n<meta property=\"og:description\" content=\"Na dana\u0161njem sastanku postignuto kompromisno rije\u0161enje za radnike Solane Ulcinj Danas je Predsjednik op\u0161tine Ulcinj Nazif Cungu organizovao sastanak\" \/>\n<meta property=\"og:url\" content=\"https:\/\/www.visit-ulcinj.com\/blog\/2013\/02\/25\/postignut-kompromisno-rijesenje-za-radnike-solane-ulcinj\/\" \/>\n<meta property=\"og:site_name\" content=\"Lajme nga Ulqini\" \/>\n<meta property=\"article:published_time\" content=\"2013-02-25T18:42:09+00:00\" \/>\n<meta property=\"article:modified_time\" content=\"2013-02-25T18:42:26+00:00\" \/>\n<meta property=\"og:image\" content=\"http:\/\/www.visit-ulcinj.com\/blog\/wp-content\/uploads\/2013\/02\/Arrihet-kompromisi_Cungu_sindikata_kriporja-e-Ulqini.jpg\" \/>\n<meta name=\"twitter:label1\" content=\"Written by\" \/>\n\t<meta name=\"twitter:data1\" content=\"ulqini\" \/>\n\t<meta name=\"twitter:label2\" content=\"Est. reading time\" \/>\n\t<meta name=\"twitter:data2\" content=\"2 minutes\" \/>\n<script type=\"application\/ld+json\" class=\"yoast-schema-graph\">{\"@context\":\"https:\/\/schema.org\",\"@graph\":[{\"@type\":\"WebSite\",\"@id\":\"https:\/\/www.visit-ulcinj.com\/blog\/#website\",\"url\":\"https:\/\/www.visit-ulcinj.com\/blog\/\",\"name\":\"Lajme nga Ulqini\",\"description\":\"Lajme,Vijesti,Ulqini,Ulqin,Crna Gora,Mali i Zi\",\"potentialAction\":[{\"@type\":\"SearchAction\",\"target\":{\"@type\":\"EntryPoint\",\"urlTemplate\":\"https:\/\/www.visit-ulcinj.com\/blog\/?s={search_term_string}\"},\"query-input\":\"required name=search_term_string\"}],\"inLanguage\":\"en-US\"},{\"@type\":\"ImageObject\",\"inLanguage\":\"en-US\",\"@id\":\"https:\/\/www.visit-ulcinj.com\/blog\/2013\/02\/25\/postignut-kompromisno-rijesenje-za-radnike-solane-ulcinj\/#primaryimage\",\"url\":\"https:\/\/www.visit-ulcinj.com\/blog\/wp-content\/uploads\/2013\/02\/Arrihet-kompromisi_Cungu_sindikata_kriporja-e-Ulqini.jpg\",\"contentUrl\":\"https:\/\/www.visit-ulcinj.com\/blog\/wp-content\/uploads\/2013\/02\/Arrihet-kompromisi_Cungu_sindikata_kriporja-e-Ulqini.jpg\",\"width\":640,\"height\":424},{\"@type\":\"WebPage\",\"@id\":\"https:\/\/www.visit-ulcinj.com\/blog\/2013\/02\/25\/postignut-kompromisno-rijesenje-za-radnike-solane-ulcinj\/#webpage\",\"url\":\"https:\/\/www.visit-ulcinj.com\/blog\/2013\/02\/25\/postignut-kompromisno-rijesenje-za-radnike-solane-ulcinj\/\",\"name\":\"Postignut kompromisno rije\u0161enje za radnike Solane Ulcinj - Lajme nga Ulqini\",\"isPartOf\":{\"@id\":\"https:\/\/www.visit-ulcinj.com\/blog\/#website\"},\"primaryImageOfPage\":{\"@id\":\"https:\/\/www.visit-ulcinj.com\/blog\/2013\/02\/25\/postignut-kompromisno-rijesenje-za-radnike-solane-ulcinj\/#primaryimage\"},\"datePublished\":\"2013-02-25T18:42:09+00:00\",\"dateModified\":\"2013-02-25T18:42:26+00:00\",\"author\":{\"@id\":\"https:\/\/www.visit-ulcinj.com\/blog\/#\/schema\/person\/dcab619c614d3038751c63bc2aadc06d\"},\"description\":\"Na dana\u0161njem sastanku postignuto kompromisno rije\u0161enje za radnike Solane Ulcinj Danas je Predsjednik op\u0161tine Ulcinj Nazif Cungu organizovao sastanak\",\"breadcrumb\":{\"@id\":\"https:\/\/www.visit-ulcinj.com\/blog\/2013\/02\/25\/postignut-kompromisno-rijesenje-za-radnike-solane-ulcinj\/#breadcrumb\"},\"inLanguage\":\"en-US\",\"potentialAction\":[{\"@type\":\"ReadAction\",\"target\":[\"https:\/\/www.visit-ulcinj.com\/blog\/2013\/02\/25\/postignut-kompromisno-rijesenje-za-radnike-solane-ulcinj\/\"]}]},{\"@type\":\"BreadcrumbList\",\"@id\":\"https:\/\/www.visit-ulcinj.com\/blog\/2013\/02\/25\/postignut-kompromisno-rijesenje-za-radnike-solane-ulcinj\/#breadcrumb\",\"itemListElement\":[{\"@type\":\"ListItem\",\"position\":1,\"name\":\"Postignut kompromisno rije\u0161enje za radnike Solane Ulcinj\"}]},{\"@type\":\"Person\",\"@id\":\"https:\/\/www.visit-ulcinj.com\/blog\/#\/schema\/person\/dcab619c614d3038751c63bc2aadc06d\",\"name\":\"ulqini\",\"sameAs\":[\"http:\/\/www.visit-ulcinj.com\"],\"url\":\"https:\/\/www.visit-ulcinj.com\/blog\/author\/admin\/\"}]}<\/script>\n<!-- \/ Yoast SEO plugin. -->","yoast_head_json":{"title":"Postignut kompromisno rije\u0161enje za radnike Solane Ulcinj - Lajme nga Ulqini","description":"Na dana\u0161njem sastanku postignuto kompromisno rije\u0161enje za radnike Solane Ulcinj Danas je Predsjednik op\u0161tine Ulcinj Nazif Cungu organizovao sastanak","robots":{"index":"index","follow":"follow","max-snippet":"max-snippet:-1","max-image-preview":"max-image-preview:large","max-video-preview":"max-video-preview:-1"},"canonical":"https:\/\/www.visit-ulcinj.com\/blog\/2013\/02\/25\/postignut-kompromisno-rijesenje-za-radnike-solane-ulcinj\/","og_locale":"en_US","og_type":"article","og_title":"Postignut kompromisno rije\u0161enje za radnike Solane Ulcinj - Lajme nga Ulqini","og_description":"Na dana\u0161njem sastanku postignuto kompromisno rije\u0161enje za radnike Solane Ulcinj Danas je Predsjednik op\u0161tine Ulcinj Nazif Cungu organizovao sastanak","og_url":"https:\/\/www.visit-ulcinj.com\/blog\/2013\/02\/25\/postignut-kompromisno-rijesenje-za-radnike-solane-ulcinj\/","og_site_name":"Lajme nga Ulqini","article_published_time":"2013-02-25T18:42:09+00:00","article_modified_time":"2013-02-25T18:42:26+00:00","og_image":[{"url":"http:\/\/www.visit-ulcinj.com\/blog\/wp-content\/uploads\/2013\/02\/Arrihet-kompromisi_Cungu_sindikata_kriporja-e-Ulqini.jpg"}],"twitter_misc":{"Written by":"ulqini","Est. reading time":"2 minutes"},"schema":{"@context":"https:\/\/schema.org","@graph":[{"@type":"WebSite","@id":"https:\/\/www.visit-ulcinj.com\/blog\/#website","url":"https:\/\/www.visit-ulcinj.com\/blog\/","name":"Lajme nga Ulqini","description":"Lajme,Vijesti,Ulqini,Ulqin,Crna Gora,Mali i Zi","potentialAction":[{"@type":"SearchAction","target":{"@type":"EntryPoint","urlTemplate":"https:\/\/www.visit-ulcinj.com\/blog\/?s={search_term_string}"},"query-input":"required name=search_term_string"}],"inLanguage":"en-US"},{"@type":"ImageObject","inLanguage":"en-US","@id":"https:\/\/www.visit-ulcinj.com\/blog\/2013\/02\/25\/postignut-kompromisno-rijesenje-za-radnike-solane-ulcinj\/#primaryimage","url":"https:\/\/www.visit-ulcinj.com\/blog\/wp-content\/uploads\/2013\/02\/Arrihet-kompromisi_Cungu_sindikata_kriporja-e-Ulqini.jpg","contentUrl":"https:\/\/www.visit-ulcinj.com\/blog\/wp-content\/uploads\/2013\/02\/Arrihet-kompromisi_Cungu_sindikata_kriporja-e-Ulqini.jpg","width":640,"height":424},{"@type":"WebPage","@id":"https:\/\/www.visit-ulcinj.com\/blog\/2013\/02\/25\/postignut-kompromisno-rijesenje-za-radnike-solane-ulcinj\/#webpage","url":"https:\/\/www.visit-ulcinj.com\/blog\/2013\/02\/25\/postignut-kompromisno-rijesenje-za-radnike-solane-ulcinj\/","name":"Postignut kompromisno rije\u0161enje za radnike Solane Ulcinj - Lajme nga Ulqini","isPartOf":{"@id":"https:\/\/www.visit-ulcinj.com\/blog\/#website"},"primaryImageOfPage":{"@id":"https:\/\/www.visit-ulcinj.com\/blog\/2013\/02\/25\/postignut-kompromisno-rijesenje-za-radnike-solane-ulcinj\/#primaryimage"},"datePublished":"2013-02-25T18:42:09+00:00","dateModified":"2013-02-25T18:42:26+00:00","author":{"@id":"https:\/\/www.visit-ulcinj.com\/blog\/#\/schema\/person\/dcab619c614d3038751c63bc2aadc06d"},"description":"Na dana\u0161njem sastanku postignuto kompromisno rije\u0161enje za radnike Solane Ulcinj Danas je Predsjednik op\u0161tine Ulcinj Nazif Cungu organizovao sastanak","breadcrumb":{"@id":"https:\/\/www.visit-ulcinj.com\/blog\/2013\/02\/25\/postignut-kompromisno-rijesenje-za-radnike-solane-ulcinj\/#breadcrumb"},"inLanguage":"en-US","potentialAction":[{"@type":"ReadAction","target":["https:\/\/www.visit-ulcinj.com\/blog\/2013\/02\/25\/postignut-kompromisno-rijesenje-za-radnike-solane-ulcinj\/"]}]},{"@type":"BreadcrumbList","@id":"https:\/\/www.visit-ulcinj.com\/blog\/2013\/02\/25\/postignut-kompromisno-rijesenje-za-radnike-solane-ulcinj\/#breadcrumb","itemListElement":[{"@type":"ListItem","position":1,"name":"Postignut kompromisno rije\u0161enje za radnike Solane Ulcinj"}]},{"@type":"Person","@id":"https:\/\/www.visit-ulcinj.com\/blog\/#\/schema\/person\/dcab619c614d3038751c63bc2aadc06d","name":"ulqini","sameAs":["http:\/\/www.visit-ulcinj.com"],"url":"https:\/\/www.visit-ulcinj.com\/blog\/author\/admin\/"}]}},"jetpack_featured_media_url":"","jetpack_sharing_enabled":true,"jetpack_shortlink":"https:\/\/wp.me\/pe6lTn-i0v","_links":{"self":[{"href":"https:\/\/www.visit-ulcinj.com\/blog\/wp-json\/wp\/v2\/posts\/69223"}],"collection":[{"href":"https:\/\/www.visit-ulcinj.com\/blog\/wp-json\/wp\/v2\/posts"}],"about":[{"href":"https:\/\/www.visit-ulcinj.com\/blog\/wp-json\/wp\/v2\/types\/post"}],"author":[{"embeddable":true,"href":"https:\/\/www.visit-ulcinj.com\/blog\/wp-json\/wp\/v2\/users\/1"}],"replies":[{"embeddable":true,"href":"https:\/\/www.visit-ulcinj.com\/blog\/wp-json\/wp\/v2\/comments?post=69223"}],"version-history":[{"count":2,"href":"https:\/\/www.visit-ulcinj.com\/blog\/wp-json\/wp\/v2\/posts\/69223\/revisions"}],"predecessor-version":[{"id":69226,"href":"https:\/\/www.visit-ulcinj.com\/blog\/wp-json\/wp\/v2\/posts\/69223\/revisions\/69226"}],"wp:attachment":[{"href":"https:\/\/www.visit-ulcinj.com\/blog\/wp-json\/wp\/v2\/media?parent=69223"}],"wp:term":[{"taxonomy":"category","embeddable":true,"href":"https:\/\/www.visit-ulcinj.com\/blog\/wp-json\/wp\/v2\/categories?post=69223"},{"taxonomy":"post_tag","embeddable":true,"href":"https:\/\/www.visit-ulcinj.com\/blog\/wp-json\/wp\/v2\/tags?post=69223"}],"curies":[{"name":"wp","href":"https:\/\/api.w.org\/{rel}","templated":true}]}}