{"id":69227,"date":"2013-02-25T20:10:59","date_gmt":"2013-02-25T19:10:59","guid":{"rendered":"http:\/\/www.visit-ulcinj.com\/blog\/?p=69227"},"modified":"2013-02-27T12:14:25","modified_gmt":"2013-02-27T11:14:25","slug":"fillon-faza-e-dyte-e-rikonstruimit-te-rruges-sukubine-ulqin","status":"publish","type":"post","link":"https:\/\/www.visit-ulcinj.com\/blog\/2013\/02\/25\/fillon-faza-e-dyte-e-rikonstruimit-te-rruges-sukubine-ulqin\/","title":{"rendered":"Fillon faza e dyt\u00eb e rikonstruimit t\u00eb rrug\u00ebs Sukubine &#8211; Ulqin &#8211; Video"},"content":{"rendered":"<p><a href=\"http:\/\/www.visit-ulcinj.com\/blog\/wp-content\/uploads\/2013\/02\/Rruga-Sukubine-Ulqin.jpg\"><img loading=\"lazy\" class=\"alignleft  wp-image-69228\" alt=\"Rruga Sukubine - Ulqin\" src=\"http:\/\/www.visit-ulcinj.com\/blog\/wp-content\/uploads\/2013\/02\/Rruga-Sukubine-Ulqin.jpg\" width=\"508\" height=\"360\" \/><\/a>Si\u00e7 e dini n\u00eb lidhje me rrug\u00ebn\u00a0 Sukubin\u00eb \u2013 Ulqin, fillon faza e dyt\u00eb e rikonstruimit, \u00e7ka para disa muajve m\u00eb par\u00eb u shpreh edhe \u00a0kryetari i komun\u00ebs s\u00eb Ulqinit Nazif Cungu, ku ai u shpreh se rikonstruktimi i saj do t\u00eb kaloj\u00eb n\u00ebp\u00ebr tri faza dhe q\u00eb ajo do filloj\u00eb n\u00eb vitin 2013.<\/p>\n<p>Rruga Sukubin\u00eb \u2013 Ulqin ka qene rruga m\u00eb problematike p\u00ebr\u00a0 t\u00eb cil\u00ebn banoret e zones kan\u00eb shprehur shqetsimin e tyre por edhe mysafir\u00ebt q\u00eb gjat\u00eb sezonit turistik vizitojn\u00eb Ulqinin n\u00ebp\u00ebrmes k\u00ebtij aksi.<\/p>\n<p><strong>P\u00ebr m\u00eb tep\u00ebr ju ftojm\u00eb te ndjekni videon<\/strong><\/p>\n<!--YouTube Error: bad URL entered-->\n<p data-ft=\"{&quot;tn&quot;:&quot;:&quot;}\"><strong><a id=\"js_15\" href=\"https:\/\/www.facebook.com\/shqiptaretnemz?ref=stream\" data-ft=\"{&quot;tn&quot;:&quot;;&quot;}\" data-hovercard=\"\/ajax\/hovercard\/page.php?id=270846522614\">Shqiptar\u00ebt n\u00eb Malin e Zi &#8211; Albanians in Montenegro<\/a><\/strong><\/p>\n<p>\u00a0Ka filluar puna n\u00eb rregullimin e aksit rrugor nga kthimi p\u00ebr n\u00eb Sukubin\u00eb deri tek rrethrrotullimi n\u00eb Kryth\u00eb. Kjo \u00ebsht\u00eb faza e dyt\u00eb e nd\u00ebrtimit t\u00eb rrug\u00ebs Sukubin\u00eb-Ulqin, rrug\u00eb kjo e cila shfryt\u00ebzohet p\u00ebr ardhjen e turist\u00ebve nga Kosova, Shqip\u00ebria, Maqedonia e m\u00eb gjer\u00eb.<\/p>\n<p>Faza e dyt\u00eb pritet t\u00eb p\u00ebrfundohet deri n\u00eb fillim t\u00eb sezonit t\u00eb ri turistik, kurse faza e tret\u00eb do t\u00eb punohet vitin e ardhsh\u00ebm. K\u00ebshtu s\u00eb paku \u00ebsht\u00eb planifikuar dhe paralajm\u00ebruar nga Komuna e Ulqinit.<\/p>\n<p>Me p\u00ebrfundimin e k\u00ebsaj rruge, p\u00ebrfundimisht turist\u00ebt do t\u00eb ken\u00eb mund\u00ebsi q\u00eb edhe n\u00ebp\u00ebr Ulqin t\u00eb shijojn\u00eb rrug\u00eb t\u00eb standardeve t\u00eb larta si ato t\u00eb cilat i p\u00ebrshkojn\u00eb n\u00ebp\u00ebr Shqip\u00ebri.<\/p>\n<p>Mendohet q\u00eb kjo rrug\u00eb nuk do t\u00eb jet\u00eb e vetmja risi infrastrukturore q\u00eb do t\u00eb pres\u00eb turist\u00ebt n\u00eb sezonin e vitit 2013 pasi q\u00eb shum\u00eb shpejt pritet t\u00eb l\u00ebshohet n\u00eb funksion edhe ura e re mbi port\u00eb Milen\u00ebn, e cila lidh Ulqinin me plazhin e Shtojit.<\/p>\n<p><strong><a id=\"js_15\" href=\"https:\/\/www.facebook.com\/shqiptaretnemz?ref=stream\" data-ft=\"{&quot;tn&quot;:&quot;;&quot;}\" data-hovercard=\"\/ajax\/hovercard\/page.php?id=270846522614\">Shqiptar\u00ebt n\u00eb Malin e Zi &#8211; Albanians in Montenegro<\/a><\/strong><\/p>\n","protected":false},"excerpt":{"rendered":"<p>Si\u00e7 e dini n\u00eb lidhje me rrug\u00ebn\u00a0 Sukubin\u00eb \u2013 Ulqin, fillon faza e dyt\u00eb e rikonstruimit, \u00e7ka para disa muajve m\u00eb par\u00eb u shpreh edhe \u00a0kryetari i komun\u00ebs s\u00eb Ulqinit Nazif Cungu, ku ai u shpreh se rikonstruktimi i saj do t\u00eb kaloj\u00eb n\u00ebp\u00ebr tri faza dhe q\u00eb ajo do filloj\u00eb n\u00eb vitin 2013. Rruga [&hellip;]<\/p>\n","protected":false},"author":1,"featured_media":0,"comment_status":"open","ping_status":"closed","sticky":false,"template":"","format":"standard","meta":{"spay_email":"","jetpack_publicize_message":"","jetpack_is_tweetstorm":false,"jetpack_publicize_feature_enabled":true},"categories":[10,1],"tags":[11609,21509,21512,21521,212,21522,17828,21239,17834,3382,21237,18370,17811,21523,21242,20884,7930,17831,18362,14353,17808,14354,12340,17840,17839,17468,8161,18363,21524,21221,21525,21222,18532,17835,21240,17814,17810,17816,2326,17071,2319,21246,10400,17807,21526,21253,21468,21469,19517,3516,14652,17837,2322,10529,17827,18023,21219,21907,21416,8470,21244,21906,21494,2338,21238,21905,21527,21248,14358,21528,222,2321,17802,17812,17803,2323,3584,17820,1499,21236,21250,21529,17825,21530,17817,21531,17805,21252,3169,305,21251,840,17823,2325,17832,3506,17818,214,21231,3993,21892,5913,17680,2327,14362,21532,14363,18371,21493,21230,21241,21513,21533,3507,730,21471,21249,17800,498,3500,21421,21534,21228,21255,115,14364,21234,18694,21254,21535,21536,21223,21418,21537,17799,21538,3327,21226,17841,3944,17826,15213,18236,3512,17806,21539,18399,11648,18289,21233,21540,17838,499,21541,95,2331,21542,21543,2348,21427,17813,21544,17804,21545,15141,347,21546,19495,17836,14366,21547,21510,2332,3875,79,17073,18294,612,318,118,18368,18369,21417,21891,21257,21258,1653,21420,21426,21419,21548,2304,21261,2360,21232,1909,21549,21550,21551,16430,21243,21224,14367,500,21552,21553,21235,13393,2354,5380,21554,17801,2306,2334,2335,21470,18360,21227,3577,17822,14368,14369,21555,208,21225,21492,18527,17824,14370,4244,21247,18291,16228,21556,21259,2083,3231,14371,21220,41,3617,5040,3582,2350,3722,21260,2310,14372,17844,17821,2312,21557,5589,18372,21256,17830,17077,2800,18295,14375,17833,17829,899,21245,20894,2337,3797,3583,1655,21558,21559,21229,21560,200,18,21785,21786,10421,17819,21561,21562,2339,4243,16445,3333,17809,21563,2340,4265,14376],"jetpack_publicize_connections":[],"yoast_head":"<!-- This site is optimized with the Yoast SEO plugin v19.1 - https:\/\/yoast.com\/wordpress\/plugins\/seo\/ -->\n<title>Fillon faza e dyt\u00eb e rikonstruimit t\u00eb rrug\u00ebs Sukubine - Ulqin - Video - Lajme nga Ulqini<\/title>\n<meta name=\"description\" content=\"Si\u00e7 e dini n\u00eb lidhje me rrug\u00ebn\u00a0 Sukubin\u00eb \u2013 Ulqin, fillon faza e dyt\u00eb e rikonstruimit, \u00e7ka para disa muajve m\u00eb par\u00eb u shpreh edhe \u00a0kryetari i komun\u00ebs s\u00eb\" \/>\n<meta name=\"robots\" content=\"index, follow, max-snippet:-1, max-image-preview:large, max-video-preview:-1\" \/>\n<link rel=\"canonical\" href=\"https:\/\/www.visit-ulcinj.com\/blog\/2013\/02\/25\/fillon-faza-e-dyte-e-rikonstruimit-te-rruges-sukubine-ulqin\/\" \/>\n<meta property=\"og:locale\" content=\"en_US\" \/>\n<meta property=\"og:type\" content=\"article\" \/>\n<meta property=\"og:title\" content=\"Fillon faza e dyt\u00eb e rikonstruimit t\u00eb rrug\u00ebs Sukubine - Ulqin - Video - Lajme nga Ulqini\" \/>\n<meta property=\"og:description\" content=\"Si\u00e7 e dini n\u00eb lidhje me rrug\u00ebn\u00a0 Sukubin\u00eb \u2013 Ulqin, fillon faza e dyt\u00eb e rikonstruimit, \u00e7ka para disa muajve m\u00eb par\u00eb u shpreh edhe \u00a0kryetari i komun\u00ebs s\u00eb\" \/>\n<meta property=\"og:url\" content=\"https:\/\/www.visit-ulcinj.com\/blog\/2013\/02\/25\/fillon-faza-e-dyte-e-rikonstruimit-te-rruges-sukubine-ulqin\/\" \/>\n<meta property=\"og:site_name\" content=\"Lajme nga Ulqini\" \/>\n<meta property=\"article:published_time\" content=\"2013-02-25T19:10:59+00:00\" \/>\n<meta property=\"article:modified_time\" content=\"2013-02-27T11:14:25+00:00\" \/>\n<meta property=\"og:image\" content=\"http:\/\/www.visit-ulcinj.com\/blog\/wp-content\/uploads\/2013\/02\/Rruga-Sukubine-Ulqin.jpg\" \/>\n<meta name=\"twitter:label1\" content=\"Written by\" \/>\n\t<meta name=\"twitter:data1\" content=\"ulqini\" \/>\n\t<meta name=\"twitter:label2\" content=\"Est. reading time\" \/>\n\t<meta name=\"twitter:data2\" content=\"2 minutes\" \/>\n<script type=\"application\/ld+json\" class=\"yoast-schema-graph\">{\"@context\":\"https:\/\/schema.org\",\"@graph\":[{\"@type\":\"WebSite\",\"@id\":\"https:\/\/www.visit-ulcinj.com\/blog\/#website\",\"url\":\"https:\/\/www.visit-ulcinj.com\/blog\/\",\"name\":\"Lajme nga Ulqini\",\"description\":\"Lajme,Vijesti,Ulqini,Ulqin,Crna Gora,Mali i Zi\",\"potentialAction\":[{\"@type\":\"SearchAction\",\"target\":{\"@type\":\"EntryPoint\",\"urlTemplate\":\"https:\/\/www.visit-ulcinj.com\/blog\/?s={search_term_string}\"},\"query-input\":\"required name=search_term_string\"}],\"inLanguage\":\"en-US\"},{\"@type\":\"ImageObject\",\"inLanguage\":\"en-US\",\"@id\":\"https:\/\/www.visit-ulcinj.com\/blog\/2013\/02\/25\/fillon-faza-e-dyte-e-rikonstruimit-te-rruges-sukubine-ulqin\/#primaryimage\",\"url\":\"https:\/\/www.visit-ulcinj.com\/blog\/wp-content\/uploads\/2013\/02\/Rruga-Sukubine-Ulqin.jpg\",\"contentUrl\":\"https:\/\/www.visit-ulcinj.com\/blog\/wp-content\/uploads\/2013\/02\/Rruga-Sukubine-Ulqin.jpg\",\"width\":960,\"height\":701},{\"@type\":\"WebPage\",\"@id\":\"https:\/\/www.visit-ulcinj.com\/blog\/2013\/02\/25\/fillon-faza-e-dyte-e-rikonstruimit-te-rruges-sukubine-ulqin\/#webpage\",\"url\":\"https:\/\/www.visit-ulcinj.com\/blog\/2013\/02\/25\/fillon-faza-e-dyte-e-rikonstruimit-te-rruges-sukubine-ulqin\/\",\"name\":\"Fillon faza e dyt\u00eb e rikonstruimit t\u00eb rrug\u00ebs Sukubine - Ulqin - Video - Lajme nga Ulqini\",\"isPartOf\":{\"@id\":\"https:\/\/www.visit-ulcinj.com\/blog\/#website\"},\"primaryImageOfPage\":{\"@id\":\"https:\/\/www.visit-ulcinj.com\/blog\/2013\/02\/25\/fillon-faza-e-dyte-e-rikonstruimit-te-rruges-sukubine-ulqin\/#primaryimage\"},\"datePublished\":\"2013-02-25T19:10:59+00:00\",\"dateModified\":\"2013-02-27T11:14:25+00:00\",\"author\":{\"@id\":\"https:\/\/www.visit-ulcinj.com\/blog\/#\/schema\/person\/dcab619c614d3038751c63bc2aadc06d\"},\"description\":\"Si\u00e7 e dini n\u00eb lidhje me rrug\u00ebn\u00a0 Sukubin\u00eb \u2013 Ulqin, fillon faza e dyt\u00eb e rikonstruimit, \u00e7ka para disa muajve m\u00eb par\u00eb u shpreh edhe \u00a0kryetari i komun\u00ebs s\u00eb\",\"breadcrumb\":{\"@id\":\"https:\/\/www.visit-ulcinj.com\/blog\/2013\/02\/25\/fillon-faza-e-dyte-e-rikonstruimit-te-rruges-sukubine-ulqin\/#breadcrumb\"},\"inLanguage\":\"en-US\",\"potentialAction\":[{\"@type\":\"ReadAction\",\"target\":[\"https:\/\/www.visit-ulcinj.com\/blog\/2013\/02\/25\/fillon-faza-e-dyte-e-rikonstruimit-te-rruges-sukubine-ulqin\/\"]}]},{\"@type\":\"BreadcrumbList\",\"@id\":\"https:\/\/www.visit-ulcinj.com\/blog\/2013\/02\/25\/fillon-faza-e-dyte-e-rikonstruimit-te-rruges-sukubine-ulqin\/#breadcrumb\",\"itemListElement\":[{\"@type\":\"ListItem\",\"position\":1,\"name\":\"Fillon faza e dyt\u00eb e rikonstruimit t\u00eb rrug\u00ebs Sukubine &#8211; Ulqin &#8211; Video\"}]},{\"@type\":\"Person\",\"@id\":\"https:\/\/www.visit-ulcinj.com\/blog\/#\/schema\/person\/dcab619c614d3038751c63bc2aadc06d\",\"name\":\"ulqini\",\"sameAs\":[\"http:\/\/www.visit-ulcinj.com\"],\"url\":\"https:\/\/www.visit-ulcinj.com\/blog\/author\/admin\/\"}]}<\/script>\n<!-- \/ Yoast SEO plugin. -->","yoast_head_json":{"title":"Fillon faza e dyt\u00eb e rikonstruimit t\u00eb rrug\u00ebs Sukubine - Ulqin - Video - Lajme nga Ulqini","description":"Si\u00e7 e dini n\u00eb lidhje me rrug\u00ebn\u00a0 Sukubin\u00eb \u2013 Ulqin, fillon faza e dyt\u00eb e rikonstruimit, \u00e7ka para disa muajve m\u00eb par\u00eb u shpreh edhe \u00a0kryetari i komun\u00ebs s\u00eb","robots":{"index":"index","follow":"follow","max-snippet":"max-snippet:-1","max-image-preview":"max-image-preview:large","max-video-preview":"max-video-preview:-1"},"canonical":"https:\/\/www.visit-ulcinj.com\/blog\/2013\/02\/25\/fillon-faza-e-dyte-e-rikonstruimit-te-rruges-sukubine-ulqin\/","og_locale":"en_US","og_type":"article","og_title":"Fillon faza e dyt\u00eb e rikonstruimit t\u00eb rrug\u00ebs Sukubine - Ulqin - Video - Lajme nga Ulqini","og_description":"Si\u00e7 e dini n\u00eb lidhje me rrug\u00ebn\u00a0 Sukubin\u00eb \u2013 Ulqin, fillon faza e dyt\u00eb e rikonstruimit, \u00e7ka para disa muajve m\u00eb par\u00eb u shpreh edhe \u00a0kryetari i komun\u00ebs s\u00eb","og_url":"https:\/\/www.visit-ulcinj.com\/blog\/2013\/02\/25\/fillon-faza-e-dyte-e-rikonstruimit-te-rruges-sukubine-ulqin\/","og_site_name":"Lajme nga Ulqini","article_published_time":"2013-02-25T19:10:59+00:00","article_modified_time":"2013-02-27T11:14:25+00:00","og_image":[{"url":"http:\/\/www.visit-ulcinj.com\/blog\/wp-content\/uploads\/2013\/02\/Rruga-Sukubine-Ulqin.jpg"}],"twitter_misc":{"Written by":"ulqini","Est. reading time":"2 minutes"},"schema":{"@context":"https:\/\/schema.org","@graph":[{"@type":"WebSite","@id":"https:\/\/www.visit-ulcinj.com\/blog\/#website","url":"https:\/\/www.visit-ulcinj.com\/blog\/","name":"Lajme nga Ulqini","description":"Lajme,Vijesti,Ulqini,Ulqin,Crna Gora,Mali i Zi","potentialAction":[{"@type":"SearchAction","target":{"@type":"EntryPoint","urlTemplate":"https:\/\/www.visit-ulcinj.com\/blog\/?s={search_term_string}"},"query-input":"required name=search_term_string"}],"inLanguage":"en-US"},{"@type":"ImageObject","inLanguage":"en-US","@id":"https:\/\/www.visit-ulcinj.com\/blog\/2013\/02\/25\/fillon-faza-e-dyte-e-rikonstruimit-te-rruges-sukubine-ulqin\/#primaryimage","url":"https:\/\/www.visit-ulcinj.com\/blog\/wp-content\/uploads\/2013\/02\/Rruga-Sukubine-Ulqin.jpg","contentUrl":"https:\/\/www.visit-ulcinj.com\/blog\/wp-content\/uploads\/2013\/02\/Rruga-Sukubine-Ulqin.jpg","width":960,"height":701},{"@type":"WebPage","@id":"https:\/\/www.visit-ulcinj.com\/blog\/2013\/02\/25\/fillon-faza-e-dyte-e-rikonstruimit-te-rruges-sukubine-ulqin\/#webpage","url":"https:\/\/www.visit-ulcinj.com\/blog\/2013\/02\/25\/fillon-faza-e-dyte-e-rikonstruimit-te-rruges-sukubine-ulqin\/","name":"Fillon faza e dyt\u00eb e rikonstruimit t\u00eb rrug\u00ebs Sukubine - Ulqin - Video - Lajme nga Ulqini","isPartOf":{"@id":"https:\/\/www.visit-ulcinj.com\/blog\/#website"},"primaryImageOfPage":{"@id":"https:\/\/www.visit-ulcinj.com\/blog\/2013\/02\/25\/fillon-faza-e-dyte-e-rikonstruimit-te-rruges-sukubine-ulqin\/#primaryimage"},"datePublished":"2013-02-25T19:10:59+00:00","dateModified":"2013-02-27T11:14:25+00:00","author":{"@id":"https:\/\/www.visit-ulcinj.com\/blog\/#\/schema\/person\/dcab619c614d3038751c63bc2aadc06d"},"description":"Si\u00e7 e dini n\u00eb lidhje me rrug\u00ebn\u00a0 Sukubin\u00eb \u2013 Ulqin, fillon faza e dyt\u00eb e rikonstruimit, \u00e7ka para disa muajve m\u00eb par\u00eb u shpreh edhe \u00a0kryetari i komun\u00ebs s\u00eb","breadcrumb":{"@id":"https:\/\/www.visit-ulcinj.com\/blog\/2013\/02\/25\/fillon-faza-e-dyte-e-rikonstruimit-te-rruges-sukubine-ulqin\/#breadcrumb"},"inLanguage":"en-US","potentialAction":[{"@type":"ReadAction","target":["https:\/\/www.visit-ulcinj.com\/blog\/2013\/02\/25\/fillon-faza-e-dyte-e-rikonstruimit-te-rruges-sukubine-ulqin\/"]}]},{"@type":"BreadcrumbList","@id":"https:\/\/www.visit-ulcinj.com\/blog\/2013\/02\/25\/fillon-faza-e-dyte-e-rikonstruimit-te-rruges-sukubine-ulqin\/#breadcrumb","itemListElement":[{"@type":"ListItem","position":1,"name":"Fillon faza e dyt\u00eb e rikonstruimit t\u00eb rrug\u00ebs Sukubine &#8211; Ulqin &#8211; Video"}]},{"@type":"Person","@id":"https:\/\/www.visit-ulcinj.com\/blog\/#\/schema\/person\/dcab619c614d3038751c63bc2aadc06d","name":"ulqini","sameAs":["http:\/\/www.visit-ulcinj.com"],"url":"https:\/\/www.visit-ulcinj.com\/blog\/author\/admin\/"}]}},"jetpack_featured_media_url":"","jetpack_sharing_enabled":true,"jetpack_shortlink":"https:\/\/wp.me\/pe6lTn-i0z","_links":{"self":[{"href":"https:\/\/www.visit-ulcinj.com\/blog\/wp-json\/wp\/v2\/posts\/69227"}],"collection":[{"href":"https:\/\/www.visit-ulcinj.com\/blog\/wp-json\/wp\/v2\/posts"}],"about":[{"href":"https:\/\/www.visit-ulcinj.com\/blog\/wp-json\/wp\/v2\/types\/post"}],"author":[{"embeddable":true,"href":"https:\/\/www.visit-ulcinj.com\/blog\/wp-json\/wp\/v2\/users\/1"}],"replies":[{"embeddable":true,"href":"https:\/\/www.visit-ulcinj.com\/blog\/wp-json\/wp\/v2\/comments?post=69227"}],"version-history":[{"count":11,"href":"https:\/\/www.visit-ulcinj.com\/blog\/wp-json\/wp\/v2\/posts\/69227\/revisions"}],"predecessor-version":[{"id":69324,"href":"https:\/\/www.visit-ulcinj.com\/blog\/wp-json\/wp\/v2\/posts\/69227\/revisions\/69324"}],"wp:attachment":[{"href":"https:\/\/www.visit-ulcinj.com\/blog\/wp-json\/wp\/v2\/media?parent=69227"}],"wp:term":[{"taxonomy":"category","embeddable":true,"href":"https:\/\/www.visit-ulcinj.com\/blog\/wp-json\/wp\/v2\/categories?post=69227"},{"taxonomy":"post_tag","embeddable":true,"href":"https:\/\/www.visit-ulcinj.com\/blog\/wp-json\/wp\/v2\/tags?post=69227"}],"curies":[{"name":"wp","href":"https:\/\/api.w.org\/{rel}","templated":true}]}}