{"id":69238,"date":"2013-02-26T00:23:45","date_gmt":"2013-02-25T23:23:45","guid":{"rendered":"http:\/\/www.visit-ulcinj.com\/blog\/?p=69238"},"modified":"2013-02-26T11:05:30","modified_gmt":"2013-02-26T10:05:30","slug":"behet-binjakezimi-i-keshillave-te-bashkesise-islame-te-ulqinit-dhe-prizrenit","status":"publish","type":"post","link":"https:\/\/www.visit-ulcinj.com\/blog\/2013\/02\/26\/behet-binjakezimi-i-keshillave-te-bashkesise-islame-te-ulqinit-dhe-prizrenit\/","title":{"rendered":"B\u00ebhet binjak\u00ebzimi i k\u00ebshillave t\u00eb Bashk\u00ebsis\u00eb Islame t\u00eb Ulqinit dhe Prizrenit"},"content":{"rendered":"<p><a href=\"http:\/\/www.visit-ulcinj.com\/blog\/wp-content\/uploads\/2013\/02\/Binjak\u00ebzimi-i-k\u00ebshillave-t\u00eb-Bashk\u00ebsis\u00eb-Islame-t\u00eb-Ulqinit-dhe-Prizrenit.jpg\"><img loading=\"lazy\" class=\"alignleft  wp-image-69239\" alt=\"Binjak\u00ebzimi i k\u00ebshillave t\u00eb Bashk\u00ebsis\u00eb Islame t\u00eb Ulqinit dhe Prizrenit\" src=\"http:\/\/www.visit-ulcinj.com\/blog\/wp-content\/uploads\/2013\/02\/Binjak\u00ebzimi-i-k\u00ebshillave-t\u00eb-Bashk\u00ebsis\u00eb-Islame-t\u00eb-Ulqinit-dhe-Prizrenit.jpg\" width=\"508\" height=\"360\" \/><\/a>M\u00eb 22 shkurt\u00a0 2013, \u00ebsht\u00eb zhvilluar ceremonia e n\u00ebnshkrimit t\u00eb marr\u00ebveshjes s\u00eb binjak\u00ebzimit n\u00eb mes K\u00ebshillit t\u00ebi Bashk\u00ebsis\u00eb Islame t\u00eb Ulqinit \u00a0dhe K\u00ebshillit t\u00eb Bashk\u00ebsis\u00eb Islame t\u00eb Prizrenit.<br \/>\nN\u00ebnshkrimi\u00a0 i marr\u00ebveshjes s\u00eb binjak\u00ebzimit n\u00eb mes t\u00eb K\u00ebshillave t\u00eb Bashk\u00ebsis\u00eb Islame, \u00a0e kan\u00eb n\u00ebnshkruar n\u00ebnkryetari i Bashk\u00ebsis\u00eb Islame t\u00eb Ulqinit Gazmend Dollaku dhe kryetari i Bash\u00ebsis\u00eb Islame t\u00eb Prizrenit\u00a0 Lutfi ef. Balleku.<br \/>\n<a href=\"http:\/\/www.visit-ulcinj.com\/blog\/wp-content\/uploads\/2013\/02\/Binjak\u00ebzimi-i-k\u00ebshillave-t\u00eb-Bashk\u00ebsis\u00eb-Islame-t\u00eb-Ulqinit-dhe-Prizrenit.1.jpg\"><img loading=\"lazy\" class=\"alignleft  wp-image-69240\" alt=\"Binjak\u00ebzimi i k\u00ebshillave t\u00eb Bashk\u00ebsis\u00eb Islame t\u00eb Ulqinit dhe Prizrenit.1\" src=\"http:\/\/www.visit-ulcinj.com\/blog\/wp-content\/uploads\/2013\/02\/Binjak\u00ebzimi-i-k\u00ebshillave-t\u00eb-Bashk\u00ebsis\u00eb-Islame-t\u00eb-Ulqinit-dhe-Prizrenit.1.jpg\" width=\"508\" height=\"300\" \/><\/a><\/p>\n<p>N\u00ebnkryetari i Bashk\u00ebsis\u00eb Islame t\u00eb Ulqinit Gazmend Dollaku ka theksuar se kjo marr\u00ebveshje ka nj\u00eb r\u00ebnd\u00ebsi t\u00eb ve\u00e7ant\u00eb n\u00eb rritjen e bashk\u00ebpunimit n\u00eb mesin e dy bashk\u00ebsive t\u00eb k\u00ebshillave t\u00eb Ulqinit dhe Prizrenit.<\/p>\n<p>Nd\u00ebrkoh\u00eb, edhe Kryetari i K\u00ebshillit t\u00eb Bashk\u00ebsis\u00eb Islame Prizren, Lutfi ef. Balleku, ka theksuar se kjo marr\u00ebveshje \u00ebsht\u00eb nj\u00eb shembull i mir\u00eb q\u00eb duhet ruajtur dhe trash\u00ebguar n\u00eb rrug\u00ebn e p\u00ebrpjekjeve t\u00eb p\u00ebrbashk\u00ebta t\u00eb dy institucioneve.<br \/>\n<a href=\"http:\/\/www.visit-ulcinj.com\/blog\/wp-content\/uploads\/2013\/02\/Binjak\u00ebzimi-i-k\u00ebshillave-t\u00eb-Bashk\u00ebsis\u00eb-Islame-t\u00eb-Ulqinit-dhe-Prizrenit.2.jpg\"><img loading=\"lazy\" class=\"alignleft  wp-image-69241\" alt=\"Binjak\u00ebzimi i k\u00ebshillave t\u00eb Bashk\u00ebsis\u00eb Islame t\u00eb Ulqinit dhe Prizrenit.2\" src=\"http:\/\/www.visit-ulcinj.com\/blog\/wp-content\/uploads\/2013\/02\/Binjak\u00ebzimi-i-k\u00ebshillave-t\u00eb-Bashk\u00ebsis\u00eb-Islame-t\u00eb-Ulqinit-dhe-Prizrenit.2.jpg\" width=\"508\" height=\"300\" \/><\/a><\/p>\n<p>Ai ka theksuar se Ulqini dhe Prizreni sot, jan\u00eb lidhur edhe m\u00eb shum\u00eb, me n\u00ebnshkrimin e k\u00ebsaj marr\u00ebveshje. Ai ka p\u00ebrmendur se kjo marr\u00ebveshje do t\u00eb hap\u00eb horizonte t\u00eb reja n\u00eb kuadrin e bashk\u00ebpunimit institucional n\u00eb mes t\u00eb dy k\u00ebshillave.<br \/>\n<a href=\"http:\/\/www.visit-ulcinj.com\/blog\/wp-content\/uploads\/2013\/02\/Binjak\u00ebzimi-i-k\u00ebshillave-t\u00eb-Bashk\u00ebsis\u00eb-Islame-t\u00eb-Ulqinit-dhe-Prizrenit.3.jpg\"><img loading=\"lazy\" class=\"alignleft  wp-image-69242\" alt=\"Binjak\u00ebzimi i k\u00ebshillave t\u00eb Bashk\u00ebsis\u00eb Islame t\u00eb Ulqinit dhe Prizrenit.3\" src=\"http:\/\/www.visit-ulcinj.com\/blog\/wp-content\/uploads\/2013\/02\/Binjak\u00ebzimi-i-k\u00ebshillave-t\u00eb-Bashk\u00ebsis\u00eb-Islame-t\u00eb-Ulqinit-dhe-Prizrenit.3.jpg\" width=\"508\" height=\"300\" \/><\/a><br \/>\nN\u00eb p\u00ebrfundim t\u00eb mesazheve p\u00ebrkat\u00ebse, dy drejtuesit fetar\u00eb kan\u00eb k\u00ebmbyer dhuratat e rastit, si simbolik\u00eb e k\u00ebtij tubimi dhe n\u00ebnshkrimit t\u00eb marr\u00ebveshjes s\u00eb binjak\u00ebzimit n\u00eb mes t\u00eb dy institucioneve.<br \/>\n<a href=\"http:\/\/www.visit-ulcinj.com\/blog\/wp-content\/uploads\/2013\/02\/Binjak\u00ebzimi-i-k\u00ebshillave-t\u00eb-Bashk\u00ebsis\u00eb-Islame-t\u00eb-Ulqinit-dhe-Prizrenit.5.jpg\"><img loading=\"lazy\" class=\"alignleft  wp-image-69243\" alt=\"Binjak\u00ebzimi i k\u00ebshillave t\u00eb Bashk\u00ebsis\u00eb Islame t\u00eb Ulqinit dhe Prizrenit.5\" src=\"http:\/\/www.visit-ulcinj.com\/blog\/wp-content\/uploads\/2013\/02\/Binjak\u00ebzimi-i-k\u00ebshillave-t\u00eb-Bashk\u00ebsis\u00eb-Islame-t\u00eb-Ulqinit-dhe-Prizrenit.5.jpg\" width=\"508\" height=\"300\" \/><\/a><br \/>\nN\u00eb p\u00ebrfundim t\u00eb k\u00ebsaj vizite, kryetari i K\u00ebshillit t\u00eb Bashk\u00ebsis\u00eb Islame Prizren, Lutfi ef. Balleku ka shtruar nj\u00eb drek\u00eb p\u00ebr nder t\u00eb K\u00ebshillit t\u00eb Bashk\u00ebsis\u00eb Islame t\u00eb Ulqinit dhe grupit shoq\u00ebrues.<\/p>\n\n\t\t<style type=\"text\/css\">\n\t\t\t#gallery-1 {\n\t\t\t\tmargin: auto;\n\t\t\t}\n\t\t\t#gallery-1 .gallery-item {\n\t\t\t\tfloat: left;\n\t\t\t\tmargin-top: 10px;\n\t\t\t\ttext-align: center;\n\t\t\t\twidth: 33%;\n\t\t\t}\n\t\t\t#gallery-1 img {\n\t\t\t\tborder: 2px solid #cfcfcf;\n\t\t\t}\n\t\t\t#gallery-1 .gallery-caption {\n\t\t\t\tmargin-left: 0;\n\t\t\t}\n\t\t\t\/* see gallery_shortcode() in wp-includes\/media.php *\/\n\t\t<\/style>\n\t\t<div id='gallery-1' class='gallery galleryid-69238 gallery-columns-3 gallery-size-thumbnail'><dl class='gallery-item'>\n\t\t\t<dt class='gallery-icon landscape'>\n\t\t\t\t<a href='https:\/\/www.visit-ulcinj.com\/blog\/2013\/02\/26\/behet-binjakezimi-i-keshillave-te-bashkesise-islame-te-ulqinit-dhe-prizrenit\/binjakezimi-i-keshillave-te-bashkesise-islame-te-ulqinit-dhe-prizrenit-1\/'><img width=\"150\" height=\"150\" src=\"https:\/\/www.visit-ulcinj.com\/blog\/wp-content\/uploads\/2013\/02\/Binjak\u00ebzimi-i-k\u00ebshillave-t\u00eb-Bashk\u00ebsis\u00eb-Islame-t\u00eb-Ulqinit-dhe-Prizrenit.1-150x150.jpg\" class=\"attachment-thumbnail size-thumbnail\" alt=\"\" loading=\"lazy\" \/><\/a>\n\t\t\t<\/dt><\/dl><dl class='gallery-item'>\n\t\t\t<dt class='gallery-icon landscape'>\n\t\t\t\t<a href='https:\/\/www.visit-ulcinj.com\/blog\/2013\/02\/26\/behet-binjakezimi-i-keshillave-te-bashkesise-islame-te-ulqinit-dhe-prizrenit\/binjakezimi-i-keshillave-te-bashkesise-islame-te-ulqinit-dhe-prizrenit-2\/'><img width=\"150\" height=\"150\" src=\"https:\/\/www.visit-ulcinj.com\/blog\/wp-content\/uploads\/2013\/02\/Binjak\u00ebzimi-i-k\u00ebshillave-t\u00eb-Bashk\u00ebsis\u00eb-Islame-t\u00eb-Ulqinit-dhe-Prizrenit.2-150x150.jpg\" class=\"attachment-thumbnail size-thumbnail\" alt=\"\" loading=\"lazy\" \/><\/a>\n\t\t\t<\/dt><\/dl><dl class='gallery-item'>\n\t\t\t<dt class='gallery-icon landscape'>\n\t\t\t\t<a href='https:\/\/www.visit-ulcinj.com\/blog\/2013\/02\/26\/behet-binjakezimi-i-keshillave-te-bashkesise-islame-te-ulqinit-dhe-prizrenit\/binjakezimi-i-keshillave-te-bashkesise-islame-te-ulqinit-dhe-prizrenit-3\/'><img width=\"150\" height=\"150\" src=\"https:\/\/www.visit-ulcinj.com\/blog\/wp-content\/uploads\/2013\/02\/Binjak\u00ebzimi-i-k\u00ebshillave-t\u00eb-Bashk\u00ebsis\u00eb-Islame-t\u00eb-Ulqinit-dhe-Prizrenit.3-150x150.jpg\" class=\"attachment-thumbnail size-thumbnail\" alt=\"\" loading=\"lazy\" \/><\/a>\n\t\t\t<\/dt><\/dl><br style=\"clear: both\" \/><dl class='gallery-item'>\n\t\t\t<dt class='gallery-icon landscape'>\n\t\t\t\t<a href='https:\/\/www.visit-ulcinj.com\/blog\/2013\/02\/26\/behet-binjakezimi-i-keshillave-te-bashkesise-islame-te-ulqinit-dhe-prizrenit\/binjakezimi-i-keshillave-te-bashkesise-islame-te-ulqinit-dhe-prizrenit-6\/'><img width=\"150\" height=\"150\" src=\"https:\/\/www.visit-ulcinj.com\/blog\/wp-content\/uploads\/2013\/02\/Binjak\u00ebzimi-i-k\u00ebshillave-t\u00eb-Bashk\u00ebsis\u00eb-Islame-t\u00eb-Ulqinit-dhe-Prizrenit.6-150x150.jpg\" class=\"attachment-thumbnail size-thumbnail\" alt=\"\" loading=\"lazy\" \/><\/a>\n\t\t\t<\/dt><\/dl><dl class='gallery-item'>\n\t\t\t<dt class='gallery-icon landscape'>\n\t\t\t\t<a href='https:\/\/www.visit-ulcinj.com\/blog\/2013\/02\/26\/behet-binjakezimi-i-keshillave-te-bashkesise-islame-te-ulqinit-dhe-prizrenit\/binjakezimi-i-keshillave-te-bashkesise-islame-te-ulqinit-dhe-prizrenit-7\/'><img width=\"150\" height=\"150\" src=\"https:\/\/www.visit-ulcinj.com\/blog\/wp-content\/uploads\/2013\/02\/Binjak\u00ebzimi-i-k\u00ebshillave-t\u00eb-Bashk\u00ebsis\u00eb-Islame-t\u00eb-Ulqinit-dhe-Prizrenit.7-150x150.jpg\" class=\"attachment-thumbnail size-thumbnail\" alt=\"\" loading=\"lazy\" \/><\/a>\n\t\t\t<\/dt><\/dl><dl class='gallery-item'>\n\t\t\t<dt class='gallery-icon landscape'>\n\t\t\t\t<a href='https:\/\/www.visit-ulcinj.com\/blog\/2013\/02\/26\/behet-binjakezimi-i-keshillave-te-bashkesise-islame-te-ulqinit-dhe-prizrenit\/binjakezimi-i-keshillave-te-bashkesise-islame-te-ulqinit-dhe-prizrenit-11\/'><img width=\"150\" height=\"150\" src=\"https:\/\/www.visit-ulcinj.com\/blog\/wp-content\/uploads\/2013\/02\/Binjak\u00ebzimi-i-k\u00ebshillave-t\u00eb-Bashk\u00ebsis\u00eb-Islame-t\u00eb-Ulqinit-dhe-Prizrenit.11-150x150.jpg\" class=\"attachment-thumbnail size-thumbnail\" alt=\"\" loading=\"lazy\" \/><\/a>\n\t\t\t<\/dt><\/dl><br style=\"clear: both\" \/><dl class='gallery-item'>\n\t\t\t<dt class='gallery-icon landscape'>\n\t\t\t\t<a href='https:\/\/www.visit-ulcinj.com\/blog\/2013\/02\/26\/behet-binjakezimi-i-keshillave-te-bashkesise-islame-te-ulqinit-dhe-prizrenit\/binjakezimi-i-keshillave-te-bashkesise-islame-te-ulqinit-dhe-prizrenit-10\/'><img width=\"150\" height=\"150\" src=\"https:\/\/www.visit-ulcinj.com\/blog\/wp-content\/uploads\/2013\/02\/Binjak\u00ebzimi-i-k\u00ebshillave-t\u00eb-Bashk\u00ebsis\u00eb-Islame-t\u00eb-Ulqinit-dhe-Prizrenit.10-150x150.jpg\" class=\"attachment-thumbnail size-thumbnail\" alt=\"\" loading=\"lazy\" \/><\/a>\n\t\t\t<\/dt><\/dl><dl class='gallery-item'>\n\t\t\t<dt class='gallery-icon landscape'>\n\t\t\t\t<a href='https:\/\/www.visit-ulcinj.com\/blog\/2013\/02\/26\/behet-binjakezimi-i-keshillave-te-bashkesise-islame-te-ulqinit-dhe-prizrenit\/binjakezimi-i-keshillave-te-bashkesise-islame-te-ulqinit-dhe-prizrenit-12\/'><img width=\"150\" height=\"150\" src=\"https:\/\/www.visit-ulcinj.com\/blog\/wp-content\/uploads\/2013\/02\/Binjak\u00ebzimi-i-k\u00ebshillave-t\u00eb-Bashk\u00ebsis\u00eb-Islame-t\u00eb-Ulqinit-dhe-Prizrenit.12-150x150.jpg\" class=\"attachment-thumbnail size-thumbnail\" alt=\"\" loading=\"lazy\" \/><\/a>\n\t\t\t<\/dt><\/dl><dl class='gallery-item'>\n\t\t\t<dt class='gallery-icon landscape'>\n\t\t\t\t<a href='https:\/\/www.visit-ulcinj.com\/blog\/2013\/02\/26\/behet-binjakezimi-i-keshillave-te-bashkesise-islame-te-ulqinit-dhe-prizrenit\/binjakezimi-i-keshillave-te-bashkesise-islame-te-ulqinit-dhe-prizrenit-5\/'><img width=\"150\" height=\"150\" src=\"https:\/\/www.visit-ulcinj.com\/blog\/wp-content\/uploads\/2013\/02\/Binjak\u00ebzimi-i-k\u00ebshillave-t\u00eb-Bashk\u00ebsis\u00eb-Islame-t\u00eb-Ulqinit-dhe-Prizrenit.5-150x150.jpg\" class=\"attachment-thumbnail size-thumbnail\" alt=\"\" loading=\"lazy\" \/><\/a>\n\t\t\t<\/dt><\/dl><br style=\"clear: both\" \/><dl class='gallery-item'>\n\t\t\t<dt class='gallery-icon landscape'>\n\t\t\t\t<a href='https:\/\/www.visit-ulcinj.com\/blog\/2013\/02\/26\/behet-binjakezimi-i-keshillave-te-bashkesise-islame-te-ulqinit-dhe-prizrenit\/binjakezimi-i-keshillave-te-bashkesise-islame-te-ulqinit-dhe-prizrenit-9\/'><img width=\"150\" height=\"150\" src=\"https:\/\/www.visit-ulcinj.com\/blog\/wp-content\/uploads\/2013\/02\/Binjak\u00ebzimi-i-k\u00ebshillave-t\u00eb-Bashk\u00ebsis\u00eb-Islame-t\u00eb-Ulqinit-dhe-Prizrenit.9-150x150.jpg\" class=\"attachment-thumbnail size-thumbnail\" alt=\"\" loading=\"lazy\" \/><\/a>\n\t\t\t<\/dt><\/dl><dl class='gallery-item'>\n\t\t\t<dt class='gallery-icon landscape'>\n\t\t\t\t<a href='https:\/\/www.visit-ulcinj.com\/blog\/2013\/02\/26\/behet-binjakezimi-i-keshillave-te-bashkesise-islame-te-ulqinit-dhe-prizrenit\/binjakezimi-i-keshillave-te-bashkesise-islame-te-ulqinit-dhe-prizrenit-8\/'><img width=\"150\" height=\"150\" src=\"https:\/\/www.visit-ulcinj.com\/blog\/wp-content\/uploads\/2013\/02\/Binjak\u00ebzimi-i-k\u00ebshillave-t\u00eb-Bashk\u00ebsis\u00eb-Islame-t\u00eb-Ulqinit-dhe-Prizrenit.8-150x150.jpg\" class=\"attachment-thumbnail size-thumbnail\" alt=\"\" loading=\"lazy\" \/><\/a>\n\t\t\t<\/dt><\/dl><dl class='gallery-item'>\n\t\t\t<dt class='gallery-icon landscape'>\n\t\t\t\t<a href='https:\/\/www.visit-ulcinj.com\/blog\/2013\/02\/26\/behet-binjakezimi-i-keshillave-te-bashkesise-islame-te-ulqinit-dhe-prizrenit\/binjakezimi-i-keshillave-te-bashkesise-islame-te-ulqinit-dhe-prizrenit-14\/'><img width=\"150\" height=\"150\" src=\"https:\/\/www.visit-ulcinj.com\/blog\/wp-content\/uploads\/2013\/02\/Binjak\u00ebzimi-i-k\u00ebshillave-t\u00eb-Bashk\u00ebsis\u00eb-Islame-t\u00eb-Ulqinit-dhe-Prizrenit.14-150x150.jpg\" class=\"attachment-thumbnail size-thumbnail\" alt=\"\" loading=\"lazy\" \/><\/a>\n\t\t\t<\/dt><\/dl><br style=\"clear: both\" \/><dl class='gallery-item'>\n\t\t\t<dt class='gallery-icon landscape'>\n\t\t\t\t<a href='https:\/\/www.visit-ulcinj.com\/blog\/2013\/02\/26\/behet-binjakezimi-i-keshillave-te-bashkesise-islame-te-ulqinit-dhe-prizrenit\/binjakezimi-i-keshillave-te-bashkesise-islame-te-ulqinit-dhe-prizrenit-16\/'><img width=\"150\" height=\"150\" src=\"https:\/\/www.visit-ulcinj.com\/blog\/wp-content\/uploads\/2013\/02\/Binjak\u00ebzimi-i-k\u00ebshillave-t\u00eb-Bashk\u00ebsis\u00eb-Islame-t\u00eb-Ulqinit-dhe-Prizrenit.16-150x150.jpg\" class=\"attachment-thumbnail size-thumbnail\" alt=\"\" loading=\"lazy\" \/><\/a>\n\t\t\t<\/dt><\/dl><dl class='gallery-item'>\n\t\t\t<dt class='gallery-icon landscape'>\n\t\t\t\t<a href='https:\/\/www.visit-ulcinj.com\/blog\/2013\/02\/26\/behet-binjakezimi-i-keshillave-te-bashkesise-islame-te-ulqinit-dhe-prizrenit\/binjakezimi-i-keshillave-te-bashkesise-islame-te-ulqinit-dhe-prizrenit-13\/'><img width=\"150\" height=\"150\" src=\"https:\/\/www.visit-ulcinj.com\/blog\/wp-content\/uploads\/2013\/02\/Binjak\u00ebzimi-i-k\u00ebshillave-t\u00eb-Bashk\u00ebsis\u00eb-Islame-t\u00eb-Ulqinit-dhe-Prizrenit.13-150x150.jpg\" class=\"attachment-thumbnail size-thumbnail\" alt=\"\" loading=\"lazy\" \/><\/a>\n\t\t\t<\/dt><\/dl><dl class='gallery-item'>\n\t\t\t<dt class='gallery-icon landscape'>\n\t\t\t\t<a href='https:\/\/www.visit-ulcinj.com\/blog\/2013\/02\/26\/behet-binjakezimi-i-keshillave-te-bashkesise-islame-te-ulqinit-dhe-prizrenit\/binjakezimi-i-keshillave-te-bashkesise-islame-te-ulqinit-dhe-prizrenit-15\/'><img width=\"150\" height=\"150\" src=\"https:\/\/www.visit-ulcinj.com\/blog\/wp-content\/uploads\/2013\/02\/Binjak\u00ebzimi-i-k\u00ebshillave-t\u00eb-Bashk\u00ebsis\u00eb-Islame-t\u00eb-Ulqinit-dhe-Prizrenit.15-150x150.jpg\" class=\"attachment-thumbnail size-thumbnail\" alt=\"\" loading=\"lazy\" \/><\/a>\n\t\t\t<\/dt><\/dl><br style=\"clear: both\" \/>\n\t\t<\/div>\n\n","protected":false},"excerpt":{"rendered":"<p>M\u00eb 22 shkurt\u00a0 2013, \u00ebsht\u00eb zhvilluar ceremonia e n\u00ebnshkrimit t\u00eb marr\u00ebveshjes s\u00eb binjak\u00ebzimit n\u00eb mes K\u00ebshillit t\u00ebi Bashk\u00ebsis\u00eb Islame t\u00eb Ulqinit \u00a0dhe K\u00ebshillit t\u00eb Bashk\u00ebsis\u00eb Islame t\u00eb Prizrenit. N\u00ebnshkrimi\u00a0 i marr\u00ebveshjes s\u00eb binjak\u00ebzimit n\u00eb mes t\u00eb K\u00ebshillave t\u00eb Bashk\u00ebsis\u00eb Islame, \u00a0e kan\u00eb n\u00ebnshkruar n\u00ebnkryetari i Bashk\u00ebsis\u00eb Islame t\u00eb Ulqinit Gazmend Dollaku dhe kryetari i Bash\u00ebsis\u00eb [&hellip;]<\/p>\n","protected":false},"author":1,"featured_media":0,"comment_status":"open","ping_status":"closed","sticky":false,"template":"","format":"standard","meta":{"spay_email":"","jetpack_publicize_message":"","jetpack_is_tweetstorm":false,"jetpack_publicize_feature_enabled":true},"categories":[13],"tags":[21908,21909,2335,200],"jetpack_publicize_connections":[],"yoast_head":"<!-- This site is optimized with the Yoast SEO plugin v19.1 - https:\/\/yoast.com\/wordpress\/plugins\/seo\/ -->\n<title>B\u00ebhet binjak\u00ebzimi i k\u00ebshillave t\u00eb Bashk\u00ebsis\u00eb Islame t\u00eb Ulqinit dhe Prizrenit - Lajme nga Ulqini<\/title>\n<meta name=\"description\" content=\"M\u00eb 22 shkurt\u00a0 2013, \u00ebsht\u00eb zhvilluar ceremonia e n\u00ebnshkrimit t\u00eb marr\u00ebveshjes s\u00eb binjak\u00ebzimit n\u00eb mes K\u00ebshillit t\u00ebi Bashk\u00ebsis\u00eb Islame t\u00eb Ulqinit \u00a0dhe\" \/>\n<meta name=\"robots\" content=\"index, follow, max-snippet:-1, max-image-preview:large, max-video-preview:-1\" \/>\n<link rel=\"canonical\" href=\"https:\/\/www.visit-ulcinj.com\/blog\/2013\/02\/26\/behet-binjakezimi-i-keshillave-te-bashkesise-islame-te-ulqinit-dhe-prizrenit\/\" \/>\n<meta property=\"og:locale\" content=\"en_US\" \/>\n<meta property=\"og:type\" content=\"article\" \/>\n<meta property=\"og:title\" content=\"B\u00ebhet binjak\u00ebzimi i k\u00ebshillave t\u00eb Bashk\u00ebsis\u00eb Islame t\u00eb Ulqinit dhe Prizrenit - Lajme nga Ulqini\" \/>\n<meta property=\"og:description\" content=\"M\u00eb 22 shkurt\u00a0 2013, \u00ebsht\u00eb zhvilluar ceremonia e n\u00ebnshkrimit t\u00eb marr\u00ebveshjes s\u00eb binjak\u00ebzimit n\u00eb mes K\u00ebshillit t\u00ebi Bashk\u00ebsis\u00eb Islame t\u00eb Ulqinit \u00a0dhe\" \/>\n<meta property=\"og:url\" content=\"https:\/\/www.visit-ulcinj.com\/blog\/2013\/02\/26\/behet-binjakezimi-i-keshillave-te-bashkesise-islame-te-ulqinit-dhe-prizrenit\/\" \/>\n<meta property=\"og:site_name\" content=\"Lajme nga Ulqini\" \/>\n<meta property=\"article:published_time\" content=\"2013-02-25T23:23:45+00:00\" \/>\n<meta property=\"article:modified_time\" content=\"2013-02-26T10:05:30+00:00\" \/>\n<meta property=\"og:image\" content=\"https:\/\/www.visit-ulcinj.com\/blog\/wp-content\/uploads\/2013\/02\/Binjak\u00ebzimi-i-k\u00ebshillave-t\u00eb-Bashk\u00ebsis\u00eb-Islame-t\u00eb-Ulqinit-dhe-Prizrenit.1-150x150.jpg\" \/>\n<meta name=\"twitter:label1\" content=\"Written by\" \/>\n\t<meta name=\"twitter:data1\" content=\"ulqini\" \/>\n\t<meta name=\"twitter:label2\" content=\"Est. reading time\" \/>\n\t<meta name=\"twitter:data2\" content=\"1 minute\" \/>\n<script type=\"application\/ld+json\" class=\"yoast-schema-graph\">{\"@context\":\"https:\/\/schema.org\",\"@graph\":[{\"@type\":\"WebSite\",\"@id\":\"https:\/\/www.visit-ulcinj.com\/blog\/#website\",\"url\":\"https:\/\/www.visit-ulcinj.com\/blog\/\",\"name\":\"Lajme nga Ulqini\",\"description\":\"Lajme,Vijesti,Ulqini,Ulqin,Crna Gora,Mali i Zi\",\"potentialAction\":[{\"@type\":\"SearchAction\",\"target\":{\"@type\":\"EntryPoint\",\"urlTemplate\":\"https:\/\/www.visit-ulcinj.com\/blog\/?s={search_term_string}\"},\"query-input\":\"required name=search_term_string\"}],\"inLanguage\":\"en-US\"},{\"@type\":\"WebPage\",\"@id\":\"https:\/\/www.visit-ulcinj.com\/blog\/2013\/02\/26\/behet-binjakezimi-i-keshillave-te-bashkesise-islame-te-ulqinit-dhe-prizrenit\/#webpage\",\"url\":\"https:\/\/www.visit-ulcinj.com\/blog\/2013\/02\/26\/behet-binjakezimi-i-keshillave-te-bashkesise-islame-te-ulqinit-dhe-prizrenit\/\",\"name\":\"B\u00ebhet binjak\u00ebzimi i k\u00ebshillave t\u00eb Bashk\u00ebsis\u00eb Islame t\u00eb Ulqinit dhe Prizrenit - Lajme nga Ulqini\",\"isPartOf\":{\"@id\":\"https:\/\/www.visit-ulcinj.com\/blog\/#website\"},\"datePublished\":\"2013-02-25T23:23:45+00:00\",\"dateModified\":\"2013-02-26T10:05:30+00:00\",\"author\":{\"@id\":\"https:\/\/www.visit-ulcinj.com\/blog\/#\/schema\/person\/dcab619c614d3038751c63bc2aadc06d\"},\"description\":\"M\u00eb 22 shkurt\u00a0 2013, \u00ebsht\u00eb zhvilluar ceremonia e n\u00ebnshkrimit t\u00eb marr\u00ebveshjes s\u00eb binjak\u00ebzimit n\u00eb mes K\u00ebshillit t\u00ebi Bashk\u00ebsis\u00eb Islame t\u00eb Ulqinit \u00a0dhe\",\"breadcrumb\":{\"@id\":\"https:\/\/www.visit-ulcinj.com\/blog\/2013\/02\/26\/behet-binjakezimi-i-keshillave-te-bashkesise-islame-te-ulqinit-dhe-prizrenit\/#breadcrumb\"},\"inLanguage\":\"en-US\",\"potentialAction\":[{\"@type\":\"ReadAction\",\"target\":[\"https:\/\/www.visit-ulcinj.com\/blog\/2013\/02\/26\/behet-binjakezimi-i-keshillave-te-bashkesise-islame-te-ulqinit-dhe-prizrenit\/\"]}]},{\"@type\":\"BreadcrumbList\",\"@id\":\"https:\/\/www.visit-ulcinj.com\/blog\/2013\/02\/26\/behet-binjakezimi-i-keshillave-te-bashkesise-islame-te-ulqinit-dhe-prizrenit\/#breadcrumb\",\"itemListElement\":[{\"@type\":\"ListItem\",\"position\":1,\"name\":\"B\u00ebhet binjak\u00ebzimi i k\u00ebshillave t\u00eb Bashk\u00ebsis\u00eb Islame t\u00eb Ulqinit dhe Prizrenit\"}]},{\"@type\":\"Person\",\"@id\":\"https:\/\/www.visit-ulcinj.com\/blog\/#\/schema\/person\/dcab619c614d3038751c63bc2aadc06d\",\"name\":\"ulqini\",\"sameAs\":[\"http:\/\/www.visit-ulcinj.com\"],\"url\":\"https:\/\/www.visit-ulcinj.com\/blog\/author\/admin\/\"}]}<\/script>\n<!-- \/ Yoast SEO plugin. -->","yoast_head_json":{"title":"B\u00ebhet binjak\u00ebzimi i k\u00ebshillave t\u00eb Bashk\u00ebsis\u00eb Islame t\u00eb Ulqinit dhe Prizrenit - Lajme nga Ulqini","description":"M\u00eb 22 shkurt\u00a0 2013, \u00ebsht\u00eb zhvilluar ceremonia e n\u00ebnshkrimit t\u00eb marr\u00ebveshjes s\u00eb binjak\u00ebzimit n\u00eb mes K\u00ebshillit t\u00ebi Bashk\u00ebsis\u00eb Islame t\u00eb Ulqinit \u00a0dhe","robots":{"index":"index","follow":"follow","max-snippet":"max-snippet:-1","max-image-preview":"max-image-preview:large","max-video-preview":"max-video-preview:-1"},"canonical":"https:\/\/www.visit-ulcinj.com\/blog\/2013\/02\/26\/behet-binjakezimi-i-keshillave-te-bashkesise-islame-te-ulqinit-dhe-prizrenit\/","og_locale":"en_US","og_type":"article","og_title":"B\u00ebhet binjak\u00ebzimi i k\u00ebshillave t\u00eb Bashk\u00ebsis\u00eb Islame t\u00eb Ulqinit dhe Prizrenit - Lajme nga Ulqini","og_description":"M\u00eb 22 shkurt\u00a0 2013, \u00ebsht\u00eb zhvilluar ceremonia e n\u00ebnshkrimit t\u00eb marr\u00ebveshjes s\u00eb binjak\u00ebzimit n\u00eb mes K\u00ebshillit t\u00ebi Bashk\u00ebsis\u00eb Islame t\u00eb Ulqinit \u00a0dhe","og_url":"https:\/\/www.visit-ulcinj.com\/blog\/2013\/02\/26\/behet-binjakezimi-i-keshillave-te-bashkesise-islame-te-ulqinit-dhe-prizrenit\/","og_site_name":"Lajme nga Ulqini","article_published_time":"2013-02-25T23:23:45+00:00","article_modified_time":"2013-02-26T10:05:30+00:00","og_image":[{"url":"https:\/\/www.visit-ulcinj.com\/blog\/wp-content\/uploads\/2013\/02\/Binjak\u00ebzimi-i-k\u00ebshillave-t\u00eb-Bashk\u00ebsis\u00eb-Islame-t\u00eb-Ulqinit-dhe-Prizrenit.1-150x150.jpg"}],"twitter_misc":{"Written by":"ulqini","Est. reading time":"1 minute"},"schema":{"@context":"https:\/\/schema.org","@graph":[{"@type":"WebSite","@id":"https:\/\/www.visit-ulcinj.com\/blog\/#website","url":"https:\/\/www.visit-ulcinj.com\/blog\/","name":"Lajme nga Ulqini","description":"Lajme,Vijesti,Ulqini,Ulqin,Crna Gora,Mali i Zi","potentialAction":[{"@type":"SearchAction","target":{"@type":"EntryPoint","urlTemplate":"https:\/\/www.visit-ulcinj.com\/blog\/?s={search_term_string}"},"query-input":"required name=search_term_string"}],"inLanguage":"en-US"},{"@type":"WebPage","@id":"https:\/\/www.visit-ulcinj.com\/blog\/2013\/02\/26\/behet-binjakezimi-i-keshillave-te-bashkesise-islame-te-ulqinit-dhe-prizrenit\/#webpage","url":"https:\/\/www.visit-ulcinj.com\/blog\/2013\/02\/26\/behet-binjakezimi-i-keshillave-te-bashkesise-islame-te-ulqinit-dhe-prizrenit\/","name":"B\u00ebhet binjak\u00ebzimi i k\u00ebshillave t\u00eb Bashk\u00ebsis\u00eb Islame t\u00eb Ulqinit dhe Prizrenit - Lajme nga Ulqini","isPartOf":{"@id":"https:\/\/www.visit-ulcinj.com\/blog\/#website"},"datePublished":"2013-02-25T23:23:45+00:00","dateModified":"2013-02-26T10:05:30+00:00","author":{"@id":"https:\/\/www.visit-ulcinj.com\/blog\/#\/schema\/person\/dcab619c614d3038751c63bc2aadc06d"},"description":"M\u00eb 22 shkurt\u00a0 2013, \u00ebsht\u00eb zhvilluar ceremonia e n\u00ebnshkrimit t\u00eb marr\u00ebveshjes s\u00eb binjak\u00ebzimit n\u00eb mes K\u00ebshillit t\u00ebi Bashk\u00ebsis\u00eb Islame t\u00eb Ulqinit \u00a0dhe","breadcrumb":{"@id":"https:\/\/www.visit-ulcinj.com\/blog\/2013\/02\/26\/behet-binjakezimi-i-keshillave-te-bashkesise-islame-te-ulqinit-dhe-prizrenit\/#breadcrumb"},"inLanguage":"en-US","potentialAction":[{"@type":"ReadAction","target":["https:\/\/www.visit-ulcinj.com\/blog\/2013\/02\/26\/behet-binjakezimi-i-keshillave-te-bashkesise-islame-te-ulqinit-dhe-prizrenit\/"]}]},{"@type":"BreadcrumbList","@id":"https:\/\/www.visit-ulcinj.com\/blog\/2013\/02\/26\/behet-binjakezimi-i-keshillave-te-bashkesise-islame-te-ulqinit-dhe-prizrenit\/#breadcrumb","itemListElement":[{"@type":"ListItem","position":1,"name":"B\u00ebhet binjak\u00ebzimi i k\u00ebshillave t\u00eb Bashk\u00ebsis\u00eb Islame t\u00eb Ulqinit dhe Prizrenit"}]},{"@type":"Person","@id":"https:\/\/www.visit-ulcinj.com\/blog\/#\/schema\/person\/dcab619c614d3038751c63bc2aadc06d","name":"ulqini","sameAs":["http:\/\/www.visit-ulcinj.com"],"url":"https:\/\/www.visit-ulcinj.com\/blog\/author\/admin\/"}]}},"jetpack_featured_media_url":"","jetpack_sharing_enabled":true,"jetpack_shortlink":"https:\/\/wp.me\/pe6lTn-i0K","_links":{"self":[{"href":"https:\/\/www.visit-ulcinj.com\/blog\/wp-json\/wp\/v2\/posts\/69238"}],"collection":[{"href":"https:\/\/www.visit-ulcinj.com\/blog\/wp-json\/wp\/v2\/posts"}],"about":[{"href":"https:\/\/www.visit-ulcinj.com\/blog\/wp-json\/wp\/v2\/types\/post"}],"author":[{"embeddable":true,"href":"https:\/\/www.visit-ulcinj.com\/blog\/wp-json\/wp\/v2\/users\/1"}],"replies":[{"embeddable":true,"href":"https:\/\/www.visit-ulcinj.com\/blog\/wp-json\/wp\/v2\/comments?post=69238"}],"version-history":[{"count":5,"href":"https:\/\/www.visit-ulcinj.com\/blog\/wp-json\/wp\/v2\/posts\/69238\/revisions"}],"predecessor-version":[{"id":69262,"href":"https:\/\/www.visit-ulcinj.com\/blog\/wp-json\/wp\/v2\/posts\/69238\/revisions\/69262"}],"wp:attachment":[{"href":"https:\/\/www.visit-ulcinj.com\/blog\/wp-json\/wp\/v2\/media?parent=69238"}],"wp:term":[{"taxonomy":"category","embeddable":true,"href":"https:\/\/www.visit-ulcinj.com\/blog\/wp-json\/wp\/v2\/categories?post=69238"},{"taxonomy":"post_tag","embeddable":true,"href":"https:\/\/www.visit-ulcinj.com\/blog\/wp-json\/wp\/v2\/tags?post=69238"}],"curies":[{"name":"wp","href":"https:\/\/api.w.org\/{rel}","templated":true}]}}