{"id":69287,"date":"2013-02-26T15:12:37","date_gmt":"2013-02-26T14:12:37","guid":{"rendered":"http:\/\/www.visit-ulcinj.com\/blog\/?p=69287"},"modified":"2013-02-26T15:12:58","modified_gmt":"2013-02-26T14:12:58","slug":"koha-javore-mbush-sot-11-vjet","status":"publish","type":"post","link":"https:\/\/www.visit-ulcinj.com\/blog\/2013\/02\/26\/koha-javore-mbush-sot-11-vjet\/","title":{"rendered":"Koha Javore mbush sot 11 vjet!"},"content":{"rendered":"<p><strong><a href=\"http:\/\/www.visit-ulcinj.com\/blog\/wp-content\/uploads\/2013\/02\/Koha-Javore-mbush-sot-11-vjet-.jpg\"><img loading=\"lazy\" class=\"alignleft  wp-image-69288\" alt=\"Koha Javore mbush sot 11 vjet!\" src=\"http:\/\/www.visit-ulcinj.com\/blog\/wp-content\/uploads\/2013\/02\/Koha-Javore-mbush-sot-11-vjet-.jpg\" width=\"508\" height=\"310\" \/><\/a><strong>Sot mbushen 11 vjet q\u00eb kur doli numri i par\u00eb i gazet\u00ebs \u201cKoha javore\u201d. Dalja e saj u cil\u00ebsua si lajm i mir\u00eb dhe plot\u00ebsim i t\u00eb drejtave t\u00eb shqiptar\u00ebve n\u00eb Mal t\u00eb Zi. Ajo plot\u00ebsoi boshll\u00ebkun informativ n\u00eb sfer\u00ebn e informimit n\u00eb gjuh\u00ebn shqipe n\u00eb Mal t\u00eb Zi, sidomos sa i p\u00ebrket atij t\u00eb shkruar.<\/strong><\/strong><\/p>\n<p>Gjat\u00eb k\u00ebtyre 11 viteve, \u201cKoha javore\u201d \u00ebsht\u00eb munduar t\u00eb trajtoj\u00eb problemet q\u00eb preokupojn\u00eb shqiptar\u00ebt n\u00eb Mal t\u00eb Zi. Ajo \u00ebsht\u00eb b\u00ebr\u00eb tribun\u00eb e hapur p\u00ebr shprehjen e mendimit t\u00eb lir\u00eb. N\u00eb t\u00eb kan\u00eb shkruar shum\u00eb pena t\u00eb njohura, por edhe pena t\u00eb reja t\u00eb cilat mu n\u00eb k\u00ebt\u00eb gazet\u00eb jan\u00eb afirmuar.<\/p>\n<p>Deri tani jan\u00eb botuar 555 numra. Ato p\u00ebrb\u00ebjn\u00eb nj\u00eb histori t\u00eb v\u00ebrtet\u00eb dhe nj\u00eb arkiv t\u00eb vlefsh\u00ebm, ku jan\u00eb sh\u00ebnuar ngjarjet m\u00eb t\u00eb r\u00ebnd\u00ebsishme q\u00eb kan\u00eb vu- losur jet\u00ebn e shqiptar\u00ebve n\u00eb Mal t\u00eb Zi, por edhe t\u00eb shqiptar\u00ebve n\u00eb p\u00ebrgjith\u00ebsi, n\u00eb fillim t\u00eb mij\u00ebvje\u00e7arit t\u00eb tret\u00eb.<\/p>\n<p>Po \u00e7far\u00eb mendon lexuesi dhe opinioni shqiptar p\u00ebr gazet\u00ebn \u201cKoha javore\u201d?<\/p>\n<p><strong>Nevojitet mb\u00ebshtetje e politik\u00ebs shqiptare dhe e shoq\u00ebris\u00eb<\/strong><br \/>\n<a href=\"http:\/\/www.visit-ulcinj.com\/blog\/wp-content\/uploads\/2013\/02\/vasel-sinishtaj_Koha-Javore.jpg\"><img loading=\"lazy\" alt=\"vasel sinishtaj_Koha Javore\" src=\"http:\/\/www.visit-ulcinj.com\/blog\/wp-content\/uploads\/2013\/02\/vasel-sinishtaj_Koha-Javore.jpg\" width=\"508\" height=\"300\" \/><\/a><\/p>\n<p><strong> Vasel Sinishtaj, politikan<\/strong><\/p>\n<p>T\u00eb gjith\u00eb Juve q\u00eb po mundoheni ta mbani ende t\u00eb gjall\u00eb fjal\u00ebn e shkruar n\u00eb gjuh\u00ebn shqipe k\u00ebtu n\u00eb Mal t\u00eb Zi, pik\u00ebrisht kur \u00ebsht\u00eb fjala p\u00ebr mediat e shkruara, d\u00ebshiroj t\u2019Ju fal\u00ebnderoj, por edhe t\u2019Ju p\u00ebrg\u00ebzoj p\u00ebr 11-vjetorin e pun\u00ebs jo t\u00eb leht\u00eb dhe jo t\u00eb kompensu- ar, as n\u00eb m\u00ebnyr\u00eb t\u00eb rregullt dhe as n\u00eb mas\u00eb t\u00eb duhur. Sinqerisht, n\u00eb koh\u00ebn kur nuk ka media t\u00eb shkruara ditore n\u00eb Mal t\u00eb Zi, at\u00ebher\u00eb na mbetet q\u00eb mezi t\u00eb presim dit\u00ebn e enjte, s\u00eb paku t\u00eb lexojm\u00eb t\u00eb perjavshmen ton\u00eb, pra \u201cKoh\u00ebn javore\u201d, n\u00eb t\u00eb cil\u00ebn brenda mund\u00ebsive t\u00eb kryeredaktorit dhe stafit redaktues na sjellni lajmet, ngjarjet, q\u00ebndrimet dhe opinionet, kryek\u00ebput nga jeta shqiptare. Do t\u00eb isha joreal sikur t\u00eb thosha se nuk mundet edhe m\u00eb mir\u00eb, por duke pasur parasysh gjithher\u00eb k\u00ebrc\u00ebnimet qeveritare p\u00ebr ta shuar k\u00ebt\u00eb t\u00eb p\u00ebrjavshme, m\u00eb duket se meritoni edhe m\u00eb bindsh\u00ebm mb\u00ebshtetjen n\u00eb \u00e7do aspekt t\u00eb secilit politikan shq- iptar, por edhe t\u00eb shoq\u00ebris\u00eb s\u00eb gjer\u00eb, jo vet\u00ebm p\u00ebr t\u00eb mbijetuar n\u00eb rrafshin e k\u00ebsaj l\u00ebmie, por edhe p\u00ebr t\u2019u zgjeruar, p\u00ebrforcuar dhe kaluar n\u00ebn financimin e rregullt nga buxheti i shtetit, p\u00ebrmes mjeteve t\u00eb dedikuara enkas p\u00ebr k\u00ebt\u00eb q\u00ebllim n\u00ebp\u00ebrmes K\u00ebshillit Nacional t\u00eb Shqiptar\u00ebve.<\/p>\n<p>N\u00eb k\u00ebt\u00eb p\u00ebrvjetor, le t\u00eb mendojm\u00eb t\u00eb gjith\u00eb p\u00ebr nj\u00eb \u201cKoh\u00eb javore\u201d m\u00eb t\u00eb mir\u00eb dhe m\u00eb t\u00eb fort\u00eb, n\u00eb t\u00eb cil\u00ebn nes\u00ebr do ta gjejn\u00eb veten gazetar\u00ebt m\u00eb t\u00eb mir\u00eb shqiptar\u00eb k\u00ebtu n\u00eb Mal t\u00eb Zi, por edhe m\u00eb gjer\u00eb. Urime dhe pun\u00eb t\u00eb mbar\u00eb!<\/p>\n<p><strong>T\u00eb vazhdoj\u00eb puna n\u00eb emancipimin politik dhe kulturor t\u00eb shqiptar\u00ebve<br \/>\n<a href=\"http:\/\/www.visit-ulcinj.com\/blog\/wp-content\/uploads\/2013\/02\/Asllan-Bisha_Kohajavore_Ulqin.jpg\"><img loading=\"lazy\" class=\"alignleft  wp-image-69296\" alt=\"Asllan Bisha_Kohajavore_Ulqin\" src=\"http:\/\/www.visit-ulcinj.com\/blog\/wp-content\/uploads\/2013\/02\/Asllan-Bisha_Kohajavore_Ulqin.jpg\" width=\"508\" height=\"300\" \/><\/a><br \/>\n<\/strong><\/p>\n<p><strong>Asllan Bisha, shkrimtar<\/strong><\/p>\n<p>Gazeta \u201cKoha javore\u201d ishte nevoj\u00eb e koh\u00ebs, e cila p\u00ebr 11 vjet e ka arsyetuar daljen e saj. Hap\u00ebsira mediatike e shqiptar\u00ebve \u00ebsht\u00eb e ngushtuar dhe \u201cKoha javore\u201d me artikujt e saj ka p\u00ebrcjellur rrjedhat politike t\u00eb shqiptar\u00ebve n\u00eb Mal t\u00eb Zi, por edhe n\u00eb hap\u00ebsir\u00ebn mbar\u00ebkomb\u00ebtare dhe m\u00eb gjer\u00eb. Shkrimet e gazet\u00ebs \u201cKoha javore\u201d kan\u00eb p\u00ebr- cjellur rrjedhat kulturore dhe mendoj se \u201cKoha javore\u201d \u00ebsht\u00eb gazet\u00eb q\u00eb iu duhet shqiptar\u00ebve n\u00eb Mal t\u00eb Zi dhe m\u00eb gjer\u00eb. Prandaj do t\u00eb ishte mir\u00eb q\u00eb kjo gazet\u00eb t\u00eb shnd\u00ebrrohej n\u00eb gazet\u00eb ditore sepse derisa shqiptar\u00ebt n\u00eb Maqedoni ta z\u00ebm\u00eb, kan\u00eb disa revista, edhe javore, edhe gazet\u00eb ditore, shqiptar\u00ebt n\u00eb Mal t\u00eb Zi nuk kan\u00eb asnj\u00eb gazet\u00eb ditore.<\/p>\n<p>Gazeta e tanishme mendoj se duhet t\u00eb ket\u00eb edhe shtojca, sidomos n\u00eb fush\u00ebn e kultur\u00ebs, por her\u00eb pas here t\u00eb ket\u00eb edhe konkurse letrare p\u00ebr t\u2019i nxitur t\u00eb f\u00ebmij\u00ebt dhe t\u00eb rinjt\u00eb p\u00ebr t\u00eb shkruar dhe p\u00ebr t\u2019u afirmuar. Sepse nx\u00ebn\u00ebsit, f\u00ebmij\u00ebt dhe t\u00eb rinjt\u00eb shqiptar\u00eb n\u00eb Mal t\u00eb Zi nuk kan\u00eb asnj\u00eb gazet\u00eb p\u00ebr f\u00ebmij\u00eb dhe t\u00eb rinj. Prandaj dalja e gazet\u00ebs \u201cKoha javore\u201d dhe vazhdimi i pun\u00ebs s\u00eb saj \u00ebsht\u00eb me r\u00ebnd\u00ebsi dhe duhet p\u00ebrkrahur nga faktori politik shqiptar, shoqatat joqeveritare etj. Me k\u00ebt\u00eb rast d\u00ebshiroj q\u00eb \u201cKoha javore\u201d t\u00eb vazhdoj\u00eb pun\u00ebn e saj n\u00eb emancipimin politik dhe kulturor t\u00eb shqiptar\u00ebve n\u00eb Mal t\u00eb Zi.<\/p>\n<p><strong>11 vjet mbijetes\u00eb do t\u00eb thot\u00eb shum\u00eb<br \/>\n<a href=\"http:\/\/www.visit-ulcinj.com\/blog\/wp-content\/uploads\/2013\/02\/Eliana-Hasanaga_kohajavore_Ulqin.jpg\"><img loading=\"lazy\" class=\"alignleft  wp-image-69297\" alt=\"Eliana Hasanaga_kohajavore_Ulqin\" src=\"http:\/\/www.visit-ulcinj.com\/blog\/wp-content\/uploads\/2013\/02\/Eliana-Hasanaga_kohajavore_Ulqin.jpg\" width=\"508\" height=\"300\" \/><\/a><\/strong><\/p>\n<p><strong>Eliana Hasanaga, studente<\/strong><\/p>\n<p>11 vjet mbijetes\u00eb e nj\u00eb gazete shqiptare n\u00eb Mal t\u00eb Zi do t\u00eb thot\u00eb shum\u00eb. N\u00eb radh\u00eb t\u00eb par\u00eb, dua t\u00eb p\u00ebrg\u00ebzoj redaksin\u00eb p\u00ebr nj\u00eb pun\u00eb aq t\u00eb madhe dhe t\u00eb vlefshme. \u201cKoha javore\u201d \u00ebsht\u00eb e vetmja gazet\u00eb shqiptare q\u00eb t\u00eb ofron nj\u00eb larmi t\u00eb madhe lajmesh dhe informacionesh. Per \u00e7do jav\u00eb e lexoj dhe \u00e7do her\u00eb m\u00ebsoj di\u00e7ka t\u00eb re. Aktualitetet, shkenca dhe kultura, k\u00ebto tri rubrika q\u00eb edhe e karakterizojn\u00eb k\u00ebt\u00eb gazet\u00eb, jan\u00eb gjithmon\u00eb interesante. Dua t\u00eb theksoj se ato q\u00eb lexoj un\u00eb dhe q\u00eb gjithmon\u00eb m\u00eb l\u00ebn\u00eb m\u00eb s\u00eb shumti p\u00ebr- shtypje jan\u00eb \u201copinionet\u201d, t\u00eb cilat jan\u00eb pasqyr\u00eb e nj\u00eb redaksie serioze.<\/p>\n<p>\u201cKoha Javore\u201d n\u00eb p\u00ebrgjith\u00ebsi \u00ebsht\u00eb nj\u00eb gazet\u00eb q\u00eb p\u00ebr sa i p\u00ebrket pun\u00ebs, \u00e7dokush mund ta lakmoj\u00eb. Ulqini dhe gjith\u00eb shqiptar\u00ebt n\u00eb Mal t\u00eb Zi duhen t\u00eb jen\u00eb t\u00eb lumtur q\u00eb kan\u00eb nj\u00eb gazet\u00eb t\u00eb till\u00eb dhe se \u00e7do jav\u00eb ata mund t\u00eb infor- mohen p\u00ebr ngjarjet q\u00eb i kan\u00eb prekur shqiptar\u00ebt nga nj\u00eb pun\u00eb e shk\u00eblqyer e redaksis\u00eb s\u00eb saj.<\/p>\n<p>Uroj q\u00eb \u201cKoha javore\u201d t\u00eb zgjas\u00eb edhe shum\u00eb vite t\u00eb tjera me nj\u00eb pun\u00eb po kaq t\u00eb mir\u00eb, pse jo, edhe m\u00eb t\u00eb mir\u00eb dhe me m\u00eb shum\u00eb sukses.<\/p>\n<p><strong>Koha Javore<\/strong><\/p>\n<p>&nbsp;<\/p>\n","protected":false},"excerpt":{"rendered":"<p>Sot mbushen 11 vjet q\u00eb kur doli numri i par\u00eb i gazet\u00ebs \u201cKoha javore\u201d. Dalja e saj u cil\u00ebsua si lajm i mir\u00eb dhe plot\u00ebsim i t\u00eb drejtave t\u00eb shqiptar\u00ebve n\u00eb Mal t\u00eb Zi. Ajo plot\u00ebsoi boshll\u00ebkun informativ n\u00eb sfer\u00ebn e informimit n\u00eb gjuh\u00ebn shqipe n\u00eb Mal t\u00eb Zi, sidomos sa i p\u00ebrket atij t\u00eb [&hellip;]<\/p>\n","protected":false},"author":1,"featured_media":0,"comment_status":"open","ping_status":"closed","sticky":false,"template":"","format":"standard","meta":{"spay_email":"","jetpack_publicize_message":"","jetpack_is_tweetstorm":false,"jetpack_publicize_feature_enabled":true},"categories":[4],"tags":[216],"jetpack_publicize_connections":[],"yoast_head":"<!-- This site is optimized with the Yoast SEO plugin v19.1 - https:\/\/yoast.com\/wordpress\/plugins\/seo\/ -->\n<title>Koha Javore mbush sot 11 vjet! - Lajme nga Ulqini<\/title>\n<meta name=\"description\" content=\"Sot mbushen 11 vjet q\u00eb kur doli numri i par\u00eb i gazet\u00ebs \u201cKoha javore\u201d. Dalja e saj u cil\u00ebsua si lajm i mir\u00eb dhe plot\u00ebsim i t\u00eb drejtave t\u00eb shqiptar\u00ebve n\u00eb\" \/>\n<meta name=\"robots\" content=\"index, follow, max-snippet:-1, max-image-preview:large, max-video-preview:-1\" \/>\n<link rel=\"canonical\" href=\"https:\/\/www.visit-ulcinj.com\/blog\/2013\/02\/26\/koha-javore-mbush-sot-11-vjet\/\" \/>\n<meta property=\"og:locale\" content=\"en_US\" \/>\n<meta property=\"og:type\" content=\"article\" \/>\n<meta property=\"og:title\" content=\"Koha Javore mbush sot 11 vjet! - Lajme nga Ulqini\" \/>\n<meta property=\"og:description\" content=\"Sot mbushen 11 vjet q\u00eb kur doli numri i par\u00eb i gazet\u00ebs \u201cKoha javore\u201d. Dalja e saj u cil\u00ebsua si lajm i mir\u00eb dhe plot\u00ebsim i t\u00eb drejtave t\u00eb shqiptar\u00ebve n\u00eb\" \/>\n<meta property=\"og:url\" content=\"https:\/\/www.visit-ulcinj.com\/blog\/2013\/02\/26\/koha-javore-mbush-sot-11-vjet\/\" \/>\n<meta property=\"og:site_name\" content=\"Lajme nga Ulqini\" \/>\n<meta property=\"article:published_time\" content=\"2013-02-26T14:12:37+00:00\" \/>\n<meta property=\"article:modified_time\" content=\"2013-02-26T14:12:58+00:00\" \/>\n<meta property=\"og:image\" content=\"http:\/\/www.visit-ulcinj.com\/blog\/wp-content\/uploads\/2013\/02\/Koha-Javore-mbush-sot-11-vjet-.jpg\" \/>\n<meta name=\"twitter:label1\" content=\"Written by\" \/>\n\t<meta name=\"twitter:data1\" content=\"ulqini\" \/>\n\t<meta name=\"twitter:label2\" content=\"Est. reading time\" \/>\n\t<meta name=\"twitter:data2\" content=\"5 minutes\" \/>\n<script type=\"application\/ld+json\" class=\"yoast-schema-graph\">{\"@context\":\"https:\/\/schema.org\",\"@graph\":[{\"@type\":\"WebSite\",\"@id\":\"https:\/\/www.visit-ulcinj.com\/blog\/#website\",\"url\":\"https:\/\/www.visit-ulcinj.com\/blog\/\",\"name\":\"Lajme nga Ulqini\",\"description\":\"Lajme,Vijesti,Ulqini,Ulqin,Crna Gora,Mali i Zi\",\"potentialAction\":[{\"@type\":\"SearchAction\",\"target\":{\"@type\":\"EntryPoint\",\"urlTemplate\":\"https:\/\/www.visit-ulcinj.com\/blog\/?s={search_term_string}\"},\"query-input\":\"required name=search_term_string\"}],\"inLanguage\":\"en-US\"},{\"@type\":\"ImageObject\",\"inLanguage\":\"en-US\",\"@id\":\"https:\/\/www.visit-ulcinj.com\/blog\/2013\/02\/26\/koha-javore-mbush-sot-11-vjet\/#primaryimage\",\"url\":\"https:\/\/www.visit-ulcinj.com\/blog\/wp-content\/uploads\/2013\/02\/Koha-Javore-mbush-sot-11-vjet-.jpg\",\"contentUrl\":\"https:\/\/www.visit-ulcinj.com\/blog\/wp-content\/uploads\/2013\/02\/Koha-Javore-mbush-sot-11-vjet-.jpg\",\"width\":539,\"height\":310},{\"@type\":\"WebPage\",\"@id\":\"https:\/\/www.visit-ulcinj.com\/blog\/2013\/02\/26\/koha-javore-mbush-sot-11-vjet\/#webpage\",\"url\":\"https:\/\/www.visit-ulcinj.com\/blog\/2013\/02\/26\/koha-javore-mbush-sot-11-vjet\/\",\"name\":\"Koha Javore mbush sot 11 vjet! - Lajme nga Ulqini\",\"isPartOf\":{\"@id\":\"https:\/\/www.visit-ulcinj.com\/blog\/#website\"},\"primaryImageOfPage\":{\"@id\":\"https:\/\/www.visit-ulcinj.com\/blog\/2013\/02\/26\/koha-javore-mbush-sot-11-vjet\/#primaryimage\"},\"datePublished\":\"2013-02-26T14:12:37+00:00\",\"dateModified\":\"2013-02-26T14:12:58+00:00\",\"author\":{\"@id\":\"https:\/\/www.visit-ulcinj.com\/blog\/#\/schema\/person\/dcab619c614d3038751c63bc2aadc06d\"},\"description\":\"Sot mbushen 11 vjet q\u00eb kur doli numri i par\u00eb i gazet\u00ebs \u201cKoha javore\u201d. Dalja e saj u cil\u00ebsua si lajm i mir\u00eb dhe plot\u00ebsim i t\u00eb drejtave t\u00eb shqiptar\u00ebve n\u00eb\",\"breadcrumb\":{\"@id\":\"https:\/\/www.visit-ulcinj.com\/blog\/2013\/02\/26\/koha-javore-mbush-sot-11-vjet\/#breadcrumb\"},\"inLanguage\":\"en-US\",\"potentialAction\":[{\"@type\":\"ReadAction\",\"target\":[\"https:\/\/www.visit-ulcinj.com\/blog\/2013\/02\/26\/koha-javore-mbush-sot-11-vjet\/\"]}]},{\"@type\":\"BreadcrumbList\",\"@id\":\"https:\/\/www.visit-ulcinj.com\/blog\/2013\/02\/26\/koha-javore-mbush-sot-11-vjet\/#breadcrumb\",\"itemListElement\":[{\"@type\":\"ListItem\",\"position\":1,\"name\":\"Koha Javore mbush sot 11 vjet!\"}]},{\"@type\":\"Person\",\"@id\":\"https:\/\/www.visit-ulcinj.com\/blog\/#\/schema\/person\/dcab619c614d3038751c63bc2aadc06d\",\"name\":\"ulqini\",\"sameAs\":[\"http:\/\/www.visit-ulcinj.com\"],\"url\":\"https:\/\/www.visit-ulcinj.com\/blog\/author\/admin\/\"}]}<\/script>\n<!-- \/ Yoast SEO plugin. -->","yoast_head_json":{"title":"Koha Javore mbush sot 11 vjet! - Lajme nga Ulqini","description":"Sot mbushen 11 vjet q\u00eb kur doli numri i par\u00eb i gazet\u00ebs \u201cKoha javore\u201d. Dalja e saj u cil\u00ebsua si lajm i mir\u00eb dhe plot\u00ebsim i t\u00eb drejtave t\u00eb shqiptar\u00ebve n\u00eb","robots":{"index":"index","follow":"follow","max-snippet":"max-snippet:-1","max-image-preview":"max-image-preview:large","max-video-preview":"max-video-preview:-1"},"canonical":"https:\/\/www.visit-ulcinj.com\/blog\/2013\/02\/26\/koha-javore-mbush-sot-11-vjet\/","og_locale":"en_US","og_type":"article","og_title":"Koha Javore mbush sot 11 vjet! - Lajme nga Ulqini","og_description":"Sot mbushen 11 vjet q\u00eb kur doli numri i par\u00eb i gazet\u00ebs \u201cKoha javore\u201d. Dalja e saj u cil\u00ebsua si lajm i mir\u00eb dhe plot\u00ebsim i t\u00eb drejtave t\u00eb shqiptar\u00ebve n\u00eb","og_url":"https:\/\/www.visit-ulcinj.com\/blog\/2013\/02\/26\/koha-javore-mbush-sot-11-vjet\/","og_site_name":"Lajme nga Ulqini","article_published_time":"2013-02-26T14:12:37+00:00","article_modified_time":"2013-02-26T14:12:58+00:00","og_image":[{"url":"http:\/\/www.visit-ulcinj.com\/blog\/wp-content\/uploads\/2013\/02\/Koha-Javore-mbush-sot-11-vjet-.jpg"}],"twitter_misc":{"Written by":"ulqini","Est. reading time":"5 minutes"},"schema":{"@context":"https:\/\/schema.org","@graph":[{"@type":"WebSite","@id":"https:\/\/www.visit-ulcinj.com\/blog\/#website","url":"https:\/\/www.visit-ulcinj.com\/blog\/","name":"Lajme nga Ulqini","description":"Lajme,Vijesti,Ulqini,Ulqin,Crna Gora,Mali i Zi","potentialAction":[{"@type":"SearchAction","target":{"@type":"EntryPoint","urlTemplate":"https:\/\/www.visit-ulcinj.com\/blog\/?s={search_term_string}"},"query-input":"required name=search_term_string"}],"inLanguage":"en-US"},{"@type":"ImageObject","inLanguage":"en-US","@id":"https:\/\/www.visit-ulcinj.com\/blog\/2013\/02\/26\/koha-javore-mbush-sot-11-vjet\/#primaryimage","url":"https:\/\/www.visit-ulcinj.com\/blog\/wp-content\/uploads\/2013\/02\/Koha-Javore-mbush-sot-11-vjet-.jpg","contentUrl":"https:\/\/www.visit-ulcinj.com\/blog\/wp-content\/uploads\/2013\/02\/Koha-Javore-mbush-sot-11-vjet-.jpg","width":539,"height":310},{"@type":"WebPage","@id":"https:\/\/www.visit-ulcinj.com\/blog\/2013\/02\/26\/koha-javore-mbush-sot-11-vjet\/#webpage","url":"https:\/\/www.visit-ulcinj.com\/blog\/2013\/02\/26\/koha-javore-mbush-sot-11-vjet\/","name":"Koha Javore mbush sot 11 vjet! - Lajme nga Ulqini","isPartOf":{"@id":"https:\/\/www.visit-ulcinj.com\/blog\/#website"},"primaryImageOfPage":{"@id":"https:\/\/www.visit-ulcinj.com\/blog\/2013\/02\/26\/koha-javore-mbush-sot-11-vjet\/#primaryimage"},"datePublished":"2013-02-26T14:12:37+00:00","dateModified":"2013-02-26T14:12:58+00:00","author":{"@id":"https:\/\/www.visit-ulcinj.com\/blog\/#\/schema\/person\/dcab619c614d3038751c63bc2aadc06d"},"description":"Sot mbushen 11 vjet q\u00eb kur doli numri i par\u00eb i gazet\u00ebs \u201cKoha javore\u201d. Dalja e saj u cil\u00ebsua si lajm i mir\u00eb dhe plot\u00ebsim i t\u00eb drejtave t\u00eb shqiptar\u00ebve n\u00eb","breadcrumb":{"@id":"https:\/\/www.visit-ulcinj.com\/blog\/2013\/02\/26\/koha-javore-mbush-sot-11-vjet\/#breadcrumb"},"inLanguage":"en-US","potentialAction":[{"@type":"ReadAction","target":["https:\/\/www.visit-ulcinj.com\/blog\/2013\/02\/26\/koha-javore-mbush-sot-11-vjet\/"]}]},{"@type":"BreadcrumbList","@id":"https:\/\/www.visit-ulcinj.com\/blog\/2013\/02\/26\/koha-javore-mbush-sot-11-vjet\/#breadcrumb","itemListElement":[{"@type":"ListItem","position":1,"name":"Koha Javore mbush sot 11 vjet!"}]},{"@type":"Person","@id":"https:\/\/www.visit-ulcinj.com\/blog\/#\/schema\/person\/dcab619c614d3038751c63bc2aadc06d","name":"ulqini","sameAs":["http:\/\/www.visit-ulcinj.com"],"url":"https:\/\/www.visit-ulcinj.com\/blog\/author\/admin\/"}]}},"jetpack_featured_media_url":"","jetpack_sharing_enabled":true,"jetpack_shortlink":"https:\/\/wp.me\/pe6lTn-i1x","_links":{"self":[{"href":"https:\/\/www.visit-ulcinj.com\/blog\/wp-json\/wp\/v2\/posts\/69287"}],"collection":[{"href":"https:\/\/www.visit-ulcinj.com\/blog\/wp-json\/wp\/v2\/posts"}],"about":[{"href":"https:\/\/www.visit-ulcinj.com\/blog\/wp-json\/wp\/v2\/types\/post"}],"author":[{"embeddable":true,"href":"https:\/\/www.visit-ulcinj.com\/blog\/wp-json\/wp\/v2\/users\/1"}],"replies":[{"embeddable":true,"href":"https:\/\/www.visit-ulcinj.com\/blog\/wp-json\/wp\/v2\/comments?post=69287"}],"version-history":[{"count":4,"href":"https:\/\/www.visit-ulcinj.com\/blog\/wp-json\/wp\/v2\/posts\/69287\/revisions"}],"predecessor-version":[{"id":69300,"href":"https:\/\/www.visit-ulcinj.com\/blog\/wp-json\/wp\/v2\/posts\/69287\/revisions\/69300"}],"wp:attachment":[{"href":"https:\/\/www.visit-ulcinj.com\/blog\/wp-json\/wp\/v2\/media?parent=69287"}],"wp:term":[{"taxonomy":"category","embeddable":true,"href":"https:\/\/www.visit-ulcinj.com\/blog\/wp-json\/wp\/v2\/categories?post=69287"},{"taxonomy":"post_tag","embeddable":true,"href":"https:\/\/www.visit-ulcinj.com\/blog\/wp-json\/wp\/v2\/tags?post=69287"}],"curies":[{"name":"wp","href":"https:\/\/api.w.org\/{rel}","templated":true}]}}