{"id":6929,"date":"2008-12-06T20:51:49","date_gmt":"2008-12-06T19:51:49","guid":{"rendered":"http:\/\/www.visit-ulcinj.com\/blog\/?p=6929"},"modified":"2008-12-06T20:58:16","modified_gmt":"2008-12-06T19:58:16","slug":"nje-dj-me-sutjena","status":"publish","type":"post","link":"https:\/\/www.visit-ulcinj.com\/blog\/2008\/12\/06\/nje-dj-me-sutjena\/","title":{"rendered":"Nj\u00eb DJ me sutjena"},"content":{"rendered":"<p><a href=\"http:\/\/www.visit-ulcinj.com\/blog\/wp-content\/uploads\/2008\/12\/dj-me-sytjena_qielli-7.jpg\"><img loading=\"lazy\" class=\"alignleft size-medium wp-image-6930\" title=\"dj-me-sytjena_qielli-7\" src=\"http:\/\/www.visit-ulcinj.com\/blog\/wp-content\/uploads\/2008\/12\/dj-me-sytjena_qielli-7-300x189.jpg\" alt=\"\" width=\"380\" height=\"240\" \/><\/a>N\u00eb nj\u00eb pub \u00e7far\u00eb nuk ndodh, pasi nat\u00ebn lejohet gjith\u00e7ka. Aq m\u00eb shum\u00eb kur b\u00ebhet fjal\u00eb p\u00ebr lokalin e hapur s\u00eb fundmi t\u00eb pag\u00ebzuar me emrin \u201cQielli 7\u201d. I pozicionuar n\u00eb katin e par\u00eb t\u00eb nj\u00eb pallati tek \u201cEkspozita Shqip\u00ebria Sot\u201d, ky pub mbledh p\u00ebr nat\u00eb t\u00eb gjith\u00eb ata t\u00eb rinj t\u00eb cil\u00ebt preferojn\u00eb nj\u00eb lokal t\u00eb vog\u00ebl i cili t\u00eb lejon q\u00eb t\u00eb jesh m\u00eb n\u00eb intimitet me t\u00eb gjith\u00eb klient\u00ebt e tij. Nd\u00ebrkoh\u00eb \u00e7do t\u00eb enjte e t\u00eb premte, aty dashamir\u00ebsit dhe t\u00eb apasionuarit mbas karaokes vijn\u00eb dhe k\u00ebndojn\u00eb k\u00ebng\u00ebt e tyre t\u00eb preferuara.<br \/>\nNd\u00ebrsa t\u00eb shtun\u00ebn nj\u00eb DJ p\u00ebrzgjedh muzik\u00ebn m\u00eb t\u00eb mir\u00eb t\u00eb momentit, shum\u00eb e p\u00ebrshtatshme p\u00ebr t\u00eb k\u00ebrcyer deri n\u00eb or\u00ebt e para t\u00eb m\u00ebngjesit. Dhe kur themi \u201cQielli 7\u201d, vet\u00eb emri t\u00eb krijon iden\u00eb e nj\u00eb parajse arg\u00ebtimi, gati-gati qiellore. Nd\u00ebrkoh\u00eb menaxhere e k\u00ebtij pubi t\u00eb ri \u00ebsht\u00eb Najada, vajza simpatike, e cila u b\u00eb e njohur fal\u00eb programit t\u00eb famsh\u00ebm \u201cBig Brother\u201d. Nd\u00ebrkoh\u00eb DJ \u00ebsht\u00eb shum\u00eb ndryshe nga t\u00eb tjerat. P\u00ebrve\u00e7se \u00ebsht\u00eb fem\u00ebr, pasi jemi m\u00ebsuar gjithmon\u00eb t\u00eb shohim DJ meshkuj, vajza ka menduar q\u00eb klient\u00ebve t\u00eb lokalit t\u2019i jap\u00eb di\u00e7ka m\u00eb shum\u00eb sesa thjesht muzik\u00ebn e mir\u00eb e t\u00eb zgjedhur. Ajo \u00ebsht\u00eb paraqitur t\u00eb shtun\u00ebn e kaluar k\u00ebshtu si\u00e7 e shihni n\u00eb foto, me pantallona, por lart me sutjena. Pa diskutim ka qen\u00eb nj\u00eb pamje q\u00eb \u00ebsht\u00eb p\u00eblqyer sidomos nga meshkujt dhe e gjitha kjo ka b\u00ebr\u00eb, q\u00eb secili t\u00eb rikthehet me d\u00ebshir\u00eb tek \u201cQielli 7\u201d.<\/p>\n<p><strong>Panorama Plus<\/strong><\/p>\n<!--YouTube Error: bad URL entered-->\n","protected":false},"excerpt":{"rendered":"<p>N\u00eb nj\u00eb pub \u00e7far\u00eb nuk ndodh, pasi nat\u00ebn lejohet gjith\u00e7ka. Aq m\u00eb shum\u00eb kur b\u00ebhet fjal\u00eb p\u00ebr lokalin e hapur s\u00eb fundmi t\u00eb pag\u00ebzuar me emrin \u201cQielli 7\u201d. I pozicionuar n\u00eb katin e par\u00eb t\u00eb nj\u00eb pallati tek \u201cEkspozita Shqip\u00ebria Sot\u201d, ky pub mbledh p\u00ebr nat\u00eb t\u00eb gjith\u00eb ata t\u00eb rinj t\u00eb cil\u00ebt preferojn\u00eb nj\u00eb [&hellip;]<\/p>\n","protected":false},"author":1,"featured_media":0,"comment_status":"open","ping_status":"closed","sticky":false,"template":"","format":"standard","meta":{"spay_email":"","jetpack_publicize_message":"","jetpack_is_tweetstorm":false,"jetpack_publicize_feature_enabled":true},"categories":[1],"tags":[5171,5170],"jetpack_publicize_connections":[],"yoast_head":"<!-- This site is optimized with the Yoast SEO plugin v19.1 - https:\/\/yoast.com\/wordpress\/plugins\/seo\/ -->\n<title>Nj\u00eb DJ me sutjena - Lajme nga Ulqini<\/title>\n<meta name=\"description\" content=\"N\u00eb nj\u00eb pub \u00e7far\u00eb nuk ndodh, pasi nat\u00ebn lejohet gjith\u00e7ka. Aq m\u00eb shum\u00eb kur b\u00ebhet fjal\u00eb p\u00ebr lokalin e hapur s\u00eb fundmi t\u00eb pag\u00ebzuar me emrin \u201cQielli 7\u201d. I\" \/>\n<meta name=\"robots\" content=\"index, follow, max-snippet:-1, max-image-preview:large, max-video-preview:-1\" \/>\n<link rel=\"canonical\" href=\"https:\/\/www.visit-ulcinj.com\/blog\/2008\/12\/06\/nje-dj-me-sutjena\/\" \/>\n<meta property=\"og:locale\" content=\"en_US\" \/>\n<meta property=\"og:type\" content=\"article\" \/>\n<meta property=\"og:title\" content=\"Nj\u00eb DJ me sutjena - Lajme nga Ulqini\" \/>\n<meta property=\"og:description\" content=\"N\u00eb nj\u00eb pub \u00e7far\u00eb nuk ndodh, pasi nat\u00ebn lejohet gjith\u00e7ka. Aq m\u00eb shum\u00eb kur b\u00ebhet fjal\u00eb p\u00ebr lokalin e hapur s\u00eb fundmi t\u00eb pag\u00ebzuar me emrin \u201cQielli 7\u201d. I\" \/>\n<meta property=\"og:url\" content=\"https:\/\/www.visit-ulcinj.com\/blog\/2008\/12\/06\/nje-dj-me-sutjena\/\" \/>\n<meta property=\"og:site_name\" content=\"Lajme nga Ulqini\" \/>\n<meta property=\"article:published_time\" content=\"2008-12-06T19:51:49+00:00\" \/>\n<meta property=\"article:modified_time\" content=\"2008-12-06T19:58:16+00:00\" \/>\n<meta property=\"og:image\" content=\"http:\/\/www.visit-ulcinj.com\/blog\/wp-content\/uploads\/2008\/12\/dj-me-sytjena_qielli-7-300x189.jpg\" \/>\n<meta name=\"twitter:label1\" content=\"Written by\" \/>\n\t<meta name=\"twitter:data1\" content=\"ulqini\" \/>\n\t<meta name=\"twitter:label2\" content=\"Est. reading time\" \/>\n\t<meta name=\"twitter:data2\" content=\"1 minute\" \/>\n<script type=\"application\/ld+json\" class=\"yoast-schema-graph\">{\"@context\":\"https:\/\/schema.org\",\"@graph\":[{\"@type\":\"WebSite\",\"@id\":\"https:\/\/www.visit-ulcinj.com\/blog\/#website\",\"url\":\"https:\/\/www.visit-ulcinj.com\/blog\/\",\"name\":\"Lajme nga Ulqini\",\"description\":\"Lajme,Vijesti,Ulqini,Ulqin,Crna Gora,Mali i Zi\",\"potentialAction\":[{\"@type\":\"SearchAction\",\"target\":{\"@type\":\"EntryPoint\",\"urlTemplate\":\"https:\/\/www.visit-ulcinj.com\/blog\/?s={search_term_string}\"},\"query-input\":\"required name=search_term_string\"}],\"inLanguage\":\"en-US\"},{\"@type\":\"ImageObject\",\"inLanguage\":\"en-US\",\"@id\":\"https:\/\/www.visit-ulcinj.com\/blog\/2008\/12\/06\/nje-dj-me-sutjena\/#primaryimage\",\"url\":\"http:\/\/www.visit-ulcinj.com\/blog\/wp-content\/uploads\/2008\/12\/dj-me-sytjena_qielli-7-300x189.jpg\",\"contentUrl\":\"http:\/\/www.visit-ulcinj.com\/blog\/wp-content\/uploads\/2008\/12\/dj-me-sytjena_qielli-7-300x189.jpg\"},{\"@type\":\"WebPage\",\"@id\":\"https:\/\/www.visit-ulcinj.com\/blog\/2008\/12\/06\/nje-dj-me-sutjena\/#webpage\",\"url\":\"https:\/\/www.visit-ulcinj.com\/blog\/2008\/12\/06\/nje-dj-me-sutjena\/\",\"name\":\"Nj\u00eb DJ me sutjena - Lajme nga Ulqini\",\"isPartOf\":{\"@id\":\"https:\/\/www.visit-ulcinj.com\/blog\/#website\"},\"primaryImageOfPage\":{\"@id\":\"https:\/\/www.visit-ulcinj.com\/blog\/2008\/12\/06\/nje-dj-me-sutjena\/#primaryimage\"},\"datePublished\":\"2008-12-06T19:51:49+00:00\",\"dateModified\":\"2008-12-06T19:58:16+00:00\",\"author\":{\"@id\":\"https:\/\/www.visit-ulcinj.com\/blog\/#\/schema\/person\/dcab619c614d3038751c63bc2aadc06d\"},\"description\":\"N\u00eb nj\u00eb pub \u00e7far\u00eb nuk ndodh, pasi nat\u00ebn lejohet gjith\u00e7ka. Aq m\u00eb shum\u00eb kur b\u00ebhet fjal\u00eb p\u00ebr lokalin e hapur s\u00eb fundmi t\u00eb pag\u00ebzuar me emrin \u201cQielli 7\u201d. I\",\"breadcrumb\":{\"@id\":\"https:\/\/www.visit-ulcinj.com\/blog\/2008\/12\/06\/nje-dj-me-sutjena\/#breadcrumb\"},\"inLanguage\":\"en-US\",\"potentialAction\":[{\"@type\":\"ReadAction\",\"target\":[\"https:\/\/www.visit-ulcinj.com\/blog\/2008\/12\/06\/nje-dj-me-sutjena\/\"]}]},{\"@type\":\"BreadcrumbList\",\"@id\":\"https:\/\/www.visit-ulcinj.com\/blog\/2008\/12\/06\/nje-dj-me-sutjena\/#breadcrumb\",\"itemListElement\":[{\"@type\":\"ListItem\",\"position\":1,\"name\":\"Nj\u00eb DJ me sutjena\"}]},{\"@type\":\"Person\",\"@id\":\"https:\/\/www.visit-ulcinj.com\/blog\/#\/schema\/person\/dcab619c614d3038751c63bc2aadc06d\",\"name\":\"ulqini\",\"sameAs\":[\"http:\/\/www.visit-ulcinj.com\"],\"url\":\"https:\/\/www.visit-ulcinj.com\/blog\/author\/admin\/\"}]}<\/script>\n<!-- \/ Yoast SEO plugin. -->","yoast_head_json":{"title":"Nj\u00eb DJ me sutjena - Lajme nga Ulqini","description":"N\u00eb nj\u00eb pub \u00e7far\u00eb nuk ndodh, pasi nat\u00ebn lejohet gjith\u00e7ka. Aq m\u00eb shum\u00eb kur b\u00ebhet fjal\u00eb p\u00ebr lokalin e hapur s\u00eb fundmi t\u00eb pag\u00ebzuar me emrin \u201cQielli 7\u201d. I","robots":{"index":"index","follow":"follow","max-snippet":"max-snippet:-1","max-image-preview":"max-image-preview:large","max-video-preview":"max-video-preview:-1"},"canonical":"https:\/\/www.visit-ulcinj.com\/blog\/2008\/12\/06\/nje-dj-me-sutjena\/","og_locale":"en_US","og_type":"article","og_title":"Nj\u00eb DJ me sutjena - Lajme nga Ulqini","og_description":"N\u00eb nj\u00eb pub \u00e7far\u00eb nuk ndodh, pasi nat\u00ebn lejohet gjith\u00e7ka. Aq m\u00eb shum\u00eb kur b\u00ebhet fjal\u00eb p\u00ebr lokalin e hapur s\u00eb fundmi t\u00eb pag\u00ebzuar me emrin \u201cQielli 7\u201d. I","og_url":"https:\/\/www.visit-ulcinj.com\/blog\/2008\/12\/06\/nje-dj-me-sutjena\/","og_site_name":"Lajme nga Ulqini","article_published_time":"2008-12-06T19:51:49+00:00","article_modified_time":"2008-12-06T19:58:16+00:00","og_image":[{"url":"http:\/\/www.visit-ulcinj.com\/blog\/wp-content\/uploads\/2008\/12\/dj-me-sytjena_qielli-7-300x189.jpg"}],"twitter_misc":{"Written by":"ulqini","Est. reading time":"1 minute"},"schema":{"@context":"https:\/\/schema.org","@graph":[{"@type":"WebSite","@id":"https:\/\/www.visit-ulcinj.com\/blog\/#website","url":"https:\/\/www.visit-ulcinj.com\/blog\/","name":"Lajme nga Ulqini","description":"Lajme,Vijesti,Ulqini,Ulqin,Crna Gora,Mali i Zi","potentialAction":[{"@type":"SearchAction","target":{"@type":"EntryPoint","urlTemplate":"https:\/\/www.visit-ulcinj.com\/blog\/?s={search_term_string}"},"query-input":"required name=search_term_string"}],"inLanguage":"en-US"},{"@type":"ImageObject","inLanguage":"en-US","@id":"https:\/\/www.visit-ulcinj.com\/blog\/2008\/12\/06\/nje-dj-me-sutjena\/#primaryimage","url":"http:\/\/www.visit-ulcinj.com\/blog\/wp-content\/uploads\/2008\/12\/dj-me-sytjena_qielli-7-300x189.jpg","contentUrl":"http:\/\/www.visit-ulcinj.com\/blog\/wp-content\/uploads\/2008\/12\/dj-me-sytjena_qielli-7-300x189.jpg"},{"@type":"WebPage","@id":"https:\/\/www.visit-ulcinj.com\/blog\/2008\/12\/06\/nje-dj-me-sutjena\/#webpage","url":"https:\/\/www.visit-ulcinj.com\/blog\/2008\/12\/06\/nje-dj-me-sutjena\/","name":"Nj\u00eb DJ me sutjena - Lajme nga Ulqini","isPartOf":{"@id":"https:\/\/www.visit-ulcinj.com\/blog\/#website"},"primaryImageOfPage":{"@id":"https:\/\/www.visit-ulcinj.com\/blog\/2008\/12\/06\/nje-dj-me-sutjena\/#primaryimage"},"datePublished":"2008-12-06T19:51:49+00:00","dateModified":"2008-12-06T19:58:16+00:00","author":{"@id":"https:\/\/www.visit-ulcinj.com\/blog\/#\/schema\/person\/dcab619c614d3038751c63bc2aadc06d"},"description":"N\u00eb nj\u00eb pub \u00e7far\u00eb nuk ndodh, pasi nat\u00ebn lejohet gjith\u00e7ka. Aq m\u00eb shum\u00eb kur b\u00ebhet fjal\u00eb p\u00ebr lokalin e hapur s\u00eb fundmi t\u00eb pag\u00ebzuar me emrin \u201cQielli 7\u201d. I","breadcrumb":{"@id":"https:\/\/www.visit-ulcinj.com\/blog\/2008\/12\/06\/nje-dj-me-sutjena\/#breadcrumb"},"inLanguage":"en-US","potentialAction":[{"@type":"ReadAction","target":["https:\/\/www.visit-ulcinj.com\/blog\/2008\/12\/06\/nje-dj-me-sutjena\/"]}]},{"@type":"BreadcrumbList","@id":"https:\/\/www.visit-ulcinj.com\/blog\/2008\/12\/06\/nje-dj-me-sutjena\/#breadcrumb","itemListElement":[{"@type":"ListItem","position":1,"name":"Nj\u00eb DJ me sutjena"}]},{"@type":"Person","@id":"https:\/\/www.visit-ulcinj.com\/blog\/#\/schema\/person\/dcab619c614d3038751c63bc2aadc06d","name":"ulqini","sameAs":["http:\/\/www.visit-ulcinj.com"],"url":"https:\/\/www.visit-ulcinj.com\/blog\/author\/admin\/"}]}},"jetpack_featured_media_url":"","jetpack_sharing_enabled":true,"jetpack_shortlink":"https:\/\/wp.me\/pe6lTn-1NL","_links":{"self":[{"href":"https:\/\/www.visit-ulcinj.com\/blog\/wp-json\/wp\/v2\/posts\/6929"}],"collection":[{"href":"https:\/\/www.visit-ulcinj.com\/blog\/wp-json\/wp\/v2\/posts"}],"about":[{"href":"https:\/\/www.visit-ulcinj.com\/blog\/wp-json\/wp\/v2\/types\/post"}],"author":[{"embeddable":true,"href":"https:\/\/www.visit-ulcinj.com\/blog\/wp-json\/wp\/v2\/users\/1"}],"replies":[{"embeddable":true,"href":"https:\/\/www.visit-ulcinj.com\/blog\/wp-json\/wp\/v2\/comments?post=6929"}],"version-history":[{"count":0,"href":"https:\/\/www.visit-ulcinj.com\/blog\/wp-json\/wp\/v2\/posts\/6929\/revisions"}],"wp:attachment":[{"href":"https:\/\/www.visit-ulcinj.com\/blog\/wp-json\/wp\/v2\/media?parent=6929"}],"wp:term":[{"taxonomy":"category","embeddable":true,"href":"https:\/\/www.visit-ulcinj.com\/blog\/wp-json\/wp\/v2\/categories?post=6929"},{"taxonomy":"post_tag","embeddable":true,"href":"https:\/\/www.visit-ulcinj.com\/blog\/wp-json\/wp\/v2\/tags?post=6929"}],"curies":[{"name":"wp","href":"https:\/\/api.w.org\/{rel}","templated":true}]}}