{"id":69291,"date":"2013-02-26T14:50:21","date_gmt":"2013-02-26T13:50:21","guid":{"rendered":"http:\/\/www.visit-ulcinj.com\/blog\/?p=69291"},"modified":"2013-02-28T20:37:51","modified_gmt":"2013-02-28T19:37:51","slug":"dita-e-hapur-ne-parlament-dritan-abazi","status":"publish","type":"post","link":"https:\/\/www.visit-ulcinj.com\/blog\/2013\/02\/26\/dita-e-hapur-ne-parlament-dritan-abazi\/","title":{"rendered":"Dita e hapur ne parlament &#8211; Dritan Abazi"},"content":{"rendered":"<p><a href=\"http:\/\/www.visit-ulcinj.com\/blog\/wp-content\/uploads\/2013\/02\/Dritan-Abazovic_Ulcinj-Ulqin.jpg\"><img loading=\"lazy\" class=\"alignleft  wp-image-69292\" alt=\"Dritan-Abazovic_Ulcinj-Ulqin\" src=\"http:\/\/www.visit-ulcinj.com\/blog\/wp-content\/uploads\/2013\/02\/Dritan-Abazovic_Ulcinj-Ulqin.jpg\" width=\"508\" height=\"360\" \/><\/a>T\u00eb enjten, me 28 shkurt, n\u00eb kuad\u00ebr t\u00eb aktivitetit Dita e hapur, me qytetar do t\u00eb flas deputeti i Malit t\u00eb Zi Pozitiv, mr. Dritan Abazoviq.<\/p>\n<p>Tema specifike e k\u00ebsaj Dite t\u00eb hapur do t\u00eb jet\u00eb t\u00eb drejtat e njeriut.<\/p>\n<p>Mali i Zi Pozitiv fton t\u00eb gjith\u00eb qytetaret dhe qytetar\u00ebt q\u00eb kan\u00eb \u00e7far\u00eb do lloj paqart\u00ebsi apo problem n\u00eb cil\u00ebn do l\u00ebmi t\u00eb drejtave t\u00eb njeriut q\u00eb gjat\u00eb pranimit t\u00eb qytetar\u00ebve n\u00eb m\u00ebnyr\u00eb t\u00eb drejtp\u00ebrdrejt\u00a0 dhe konkretisht t\u00eb informohen mbi m\u00ebnyrat si mund ti realizojn\u00eb dhe mbrojn\u00eb t\u00eb drejtat e veta.<\/p>\n<p>Q\u00ebllimi i Dit\u00ebve t\u00eb hapura \u00ebsht\u00eb vendosja e kontaktit t\u00eb drejtp\u00ebrdrejt t\u00eb qytetar\u00ebve dhe deputet\u00ebve, t\u00eb cil\u00ebt i p\u00ebrfaq\u00ebsojn\u00eb qytetar\u00ebt n\u00eb Parlament, dhe dyert e Klubit t\u00eb deputet\u00ebve t\u00eb Malit t\u00eb Zi Pozitiv do t\u00eb jen\u00eb t\u00eb hapura p\u00ebr t\u00eb gjith\u00eb, pavar\u00ebsisht nga p\u00ebrkat\u00ebsia politike.<\/p>\n<p>Qytetar\u00ebt mund t\u00eb lajm\u00ebrohen p\u00ebr terminin e bised\u00ebs n\u00eb Klubin e deputet\u00ebve t\u00eb Malit t\u00eb Zi Pozitiv n\u00eb numrin 020 404 583, apo me e-mail n\u00eb pozitivna@skupstina.me<\/p>\n<p>Kjo Dit\u00eb e hapur do t\u00eb mbahet t\u00eb enjten, p\u00ebr dallim nga takimet e m\u00ebhershme q\u00eb jan\u00eb mbajtur t\u00eb premten, sepse me 1 mars \u00ebsht\u00eb caktuar seanca e par\u00eb e rregullt pranverore e Parlamentit n\u00eb Cetin\u00eb.<\/p>\n<p>&nbsp;<\/p>\n","protected":false},"excerpt":{"rendered":"<p>T\u00eb enjten, me 28 shkurt, n\u00eb kuad\u00ebr t\u00eb aktivitetit Dita e hapur, me qytetar do t\u00eb flas deputeti i Malit t\u00eb Zi Pozitiv, mr. Dritan Abazoviq. Tema specifike e k\u00ebsaj Dite t\u00eb hapur do t\u00eb jet\u00eb t\u00eb drejtat e njeriut. Mali i Zi Pozitiv fton t\u00eb gjith\u00eb qytetaret dhe qytetar\u00ebt q\u00eb kan\u00eb \u00e7far\u00eb do lloj [&hellip;]<\/p>\n","protected":false},"author":1,"featured_media":0,"comment_status":"open","ping_status":"closed","sticky":false,"template":"","format":"standard","meta":{"spay_email":"","jetpack_publicize_message":"","jetpack_is_tweetstorm":false,"jetpack_publicize_feature_enabled":true},"categories":[1,6],"tags":[13701,200],"jetpack_publicize_connections":[],"yoast_head":"<!-- This site is optimized with the Yoast SEO plugin v19.1 - https:\/\/yoast.com\/wordpress\/plugins\/seo\/ -->\n<title>Dita e hapur ne parlament - Dritan Abazi - Lajme nga Ulqini<\/title>\n<meta name=\"description\" content=\"T\u00eb enjten, me 28 shkurt, n\u00eb kuad\u00ebr t\u00eb aktivitetit Dita e hapur, me qytetar do t\u00eb flas deputeti i Malit t\u00eb Zi Pozitiv, mr. Dritan Abazoviq. Tema specifike\" \/>\n<meta name=\"robots\" content=\"index, follow, max-snippet:-1, max-image-preview:large, max-video-preview:-1\" \/>\n<link rel=\"canonical\" href=\"https:\/\/www.visit-ulcinj.com\/blog\/2013\/02\/26\/dita-e-hapur-ne-parlament-dritan-abazi\/\" \/>\n<meta property=\"og:locale\" content=\"en_US\" \/>\n<meta property=\"og:type\" content=\"article\" \/>\n<meta property=\"og:title\" content=\"Dita e hapur ne parlament - Dritan Abazi - Lajme nga Ulqini\" \/>\n<meta property=\"og:description\" content=\"T\u00eb enjten, me 28 shkurt, n\u00eb kuad\u00ebr t\u00eb aktivitetit Dita e hapur, me qytetar do t\u00eb flas deputeti i Malit t\u00eb Zi Pozitiv, mr. Dritan Abazoviq. Tema specifike\" \/>\n<meta property=\"og:url\" content=\"https:\/\/www.visit-ulcinj.com\/blog\/2013\/02\/26\/dita-e-hapur-ne-parlament-dritan-abazi\/\" \/>\n<meta property=\"og:site_name\" content=\"Lajme nga Ulqini\" \/>\n<meta property=\"article:published_time\" content=\"2013-02-26T13:50:21+00:00\" \/>\n<meta property=\"article:modified_time\" content=\"2013-02-28T19:37:51+00:00\" \/>\n<meta property=\"og:image\" content=\"http:\/\/www.visit-ulcinj.com\/blog\/wp-content\/uploads\/2013\/02\/Dritan-Abazovic_Ulcinj-Ulqin.jpg\" \/>\n<meta name=\"twitter:label1\" content=\"Written by\" \/>\n\t<meta name=\"twitter:data1\" content=\"ulqini\" \/>\n\t<meta name=\"twitter:label2\" content=\"Est. reading time\" \/>\n\t<meta name=\"twitter:data2\" content=\"1 minute\" \/>\n<script type=\"application\/ld+json\" class=\"yoast-schema-graph\">{\"@context\":\"https:\/\/schema.org\",\"@graph\":[{\"@type\":\"WebSite\",\"@id\":\"https:\/\/www.visit-ulcinj.com\/blog\/#website\",\"url\":\"https:\/\/www.visit-ulcinj.com\/blog\/\",\"name\":\"Lajme nga Ulqini\",\"description\":\"Lajme,Vijesti,Ulqini,Ulqin,Crna Gora,Mali i Zi\",\"potentialAction\":[{\"@type\":\"SearchAction\",\"target\":{\"@type\":\"EntryPoint\",\"urlTemplate\":\"https:\/\/www.visit-ulcinj.com\/blog\/?s={search_term_string}\"},\"query-input\":\"required name=search_term_string\"}],\"inLanguage\":\"en-US\"},{\"@type\":\"ImageObject\",\"inLanguage\":\"en-US\",\"@id\":\"https:\/\/www.visit-ulcinj.com\/blog\/2013\/02\/26\/dita-e-hapur-ne-parlament-dritan-abazi\/#primaryimage\",\"url\":\"https:\/\/www.visit-ulcinj.com\/blog\/wp-content\/uploads\/2013\/02\/Dritan-Abazovic_Ulcinj-Ulqin.jpg\",\"contentUrl\":\"https:\/\/www.visit-ulcinj.com\/blog\/wp-content\/uploads\/2013\/02\/Dritan-Abazovic_Ulcinj-Ulqin.jpg\",\"width\":612,\"height\":426},{\"@type\":\"WebPage\",\"@id\":\"https:\/\/www.visit-ulcinj.com\/blog\/2013\/02\/26\/dita-e-hapur-ne-parlament-dritan-abazi\/#webpage\",\"url\":\"https:\/\/www.visit-ulcinj.com\/blog\/2013\/02\/26\/dita-e-hapur-ne-parlament-dritan-abazi\/\",\"name\":\"Dita e hapur ne parlament - Dritan Abazi - Lajme nga Ulqini\",\"isPartOf\":{\"@id\":\"https:\/\/www.visit-ulcinj.com\/blog\/#website\"},\"primaryImageOfPage\":{\"@id\":\"https:\/\/www.visit-ulcinj.com\/blog\/2013\/02\/26\/dita-e-hapur-ne-parlament-dritan-abazi\/#primaryimage\"},\"datePublished\":\"2013-02-26T13:50:21+00:00\",\"dateModified\":\"2013-02-28T19:37:51+00:00\",\"author\":{\"@id\":\"https:\/\/www.visit-ulcinj.com\/blog\/#\/schema\/person\/dcab619c614d3038751c63bc2aadc06d\"},\"description\":\"T\u00eb enjten, me 28 shkurt, n\u00eb kuad\u00ebr t\u00eb aktivitetit Dita e hapur, me qytetar do t\u00eb flas deputeti i Malit t\u00eb Zi Pozitiv, mr. Dritan Abazoviq. Tema specifike\",\"breadcrumb\":{\"@id\":\"https:\/\/www.visit-ulcinj.com\/blog\/2013\/02\/26\/dita-e-hapur-ne-parlament-dritan-abazi\/#breadcrumb\"},\"inLanguage\":\"en-US\",\"potentialAction\":[{\"@type\":\"ReadAction\",\"target\":[\"https:\/\/www.visit-ulcinj.com\/blog\/2013\/02\/26\/dita-e-hapur-ne-parlament-dritan-abazi\/\"]}]},{\"@type\":\"BreadcrumbList\",\"@id\":\"https:\/\/www.visit-ulcinj.com\/blog\/2013\/02\/26\/dita-e-hapur-ne-parlament-dritan-abazi\/#breadcrumb\",\"itemListElement\":[{\"@type\":\"ListItem\",\"position\":1,\"name\":\"Dita e hapur ne parlament &#8211; Dritan Abazi\"}]},{\"@type\":\"Person\",\"@id\":\"https:\/\/www.visit-ulcinj.com\/blog\/#\/schema\/person\/dcab619c614d3038751c63bc2aadc06d\",\"name\":\"ulqini\",\"sameAs\":[\"http:\/\/www.visit-ulcinj.com\"],\"url\":\"https:\/\/www.visit-ulcinj.com\/blog\/author\/admin\/\"}]}<\/script>\n<!-- \/ Yoast SEO plugin. -->","yoast_head_json":{"title":"Dita e hapur ne parlament - Dritan Abazi - Lajme nga Ulqini","description":"T\u00eb enjten, me 28 shkurt, n\u00eb kuad\u00ebr t\u00eb aktivitetit Dita e hapur, me qytetar do t\u00eb flas deputeti i Malit t\u00eb Zi Pozitiv, mr. Dritan Abazoviq. Tema specifike","robots":{"index":"index","follow":"follow","max-snippet":"max-snippet:-1","max-image-preview":"max-image-preview:large","max-video-preview":"max-video-preview:-1"},"canonical":"https:\/\/www.visit-ulcinj.com\/blog\/2013\/02\/26\/dita-e-hapur-ne-parlament-dritan-abazi\/","og_locale":"en_US","og_type":"article","og_title":"Dita e hapur ne parlament - Dritan Abazi - Lajme nga Ulqini","og_description":"T\u00eb enjten, me 28 shkurt, n\u00eb kuad\u00ebr t\u00eb aktivitetit Dita e hapur, me qytetar do t\u00eb flas deputeti i Malit t\u00eb Zi Pozitiv, mr. Dritan Abazoviq. Tema specifike","og_url":"https:\/\/www.visit-ulcinj.com\/blog\/2013\/02\/26\/dita-e-hapur-ne-parlament-dritan-abazi\/","og_site_name":"Lajme nga Ulqini","article_published_time":"2013-02-26T13:50:21+00:00","article_modified_time":"2013-02-28T19:37:51+00:00","og_image":[{"url":"http:\/\/www.visit-ulcinj.com\/blog\/wp-content\/uploads\/2013\/02\/Dritan-Abazovic_Ulcinj-Ulqin.jpg"}],"twitter_misc":{"Written by":"ulqini","Est. reading time":"1 minute"},"schema":{"@context":"https:\/\/schema.org","@graph":[{"@type":"WebSite","@id":"https:\/\/www.visit-ulcinj.com\/blog\/#website","url":"https:\/\/www.visit-ulcinj.com\/blog\/","name":"Lajme nga Ulqini","description":"Lajme,Vijesti,Ulqini,Ulqin,Crna Gora,Mali i Zi","potentialAction":[{"@type":"SearchAction","target":{"@type":"EntryPoint","urlTemplate":"https:\/\/www.visit-ulcinj.com\/blog\/?s={search_term_string}"},"query-input":"required name=search_term_string"}],"inLanguage":"en-US"},{"@type":"ImageObject","inLanguage":"en-US","@id":"https:\/\/www.visit-ulcinj.com\/blog\/2013\/02\/26\/dita-e-hapur-ne-parlament-dritan-abazi\/#primaryimage","url":"https:\/\/www.visit-ulcinj.com\/blog\/wp-content\/uploads\/2013\/02\/Dritan-Abazovic_Ulcinj-Ulqin.jpg","contentUrl":"https:\/\/www.visit-ulcinj.com\/blog\/wp-content\/uploads\/2013\/02\/Dritan-Abazovic_Ulcinj-Ulqin.jpg","width":612,"height":426},{"@type":"WebPage","@id":"https:\/\/www.visit-ulcinj.com\/blog\/2013\/02\/26\/dita-e-hapur-ne-parlament-dritan-abazi\/#webpage","url":"https:\/\/www.visit-ulcinj.com\/blog\/2013\/02\/26\/dita-e-hapur-ne-parlament-dritan-abazi\/","name":"Dita e hapur ne parlament - Dritan Abazi - Lajme nga Ulqini","isPartOf":{"@id":"https:\/\/www.visit-ulcinj.com\/blog\/#website"},"primaryImageOfPage":{"@id":"https:\/\/www.visit-ulcinj.com\/blog\/2013\/02\/26\/dita-e-hapur-ne-parlament-dritan-abazi\/#primaryimage"},"datePublished":"2013-02-26T13:50:21+00:00","dateModified":"2013-02-28T19:37:51+00:00","author":{"@id":"https:\/\/www.visit-ulcinj.com\/blog\/#\/schema\/person\/dcab619c614d3038751c63bc2aadc06d"},"description":"T\u00eb enjten, me 28 shkurt, n\u00eb kuad\u00ebr t\u00eb aktivitetit Dita e hapur, me qytetar do t\u00eb flas deputeti i Malit t\u00eb Zi Pozitiv, mr. Dritan Abazoviq. Tema specifike","breadcrumb":{"@id":"https:\/\/www.visit-ulcinj.com\/blog\/2013\/02\/26\/dita-e-hapur-ne-parlament-dritan-abazi\/#breadcrumb"},"inLanguage":"en-US","potentialAction":[{"@type":"ReadAction","target":["https:\/\/www.visit-ulcinj.com\/blog\/2013\/02\/26\/dita-e-hapur-ne-parlament-dritan-abazi\/"]}]},{"@type":"BreadcrumbList","@id":"https:\/\/www.visit-ulcinj.com\/blog\/2013\/02\/26\/dita-e-hapur-ne-parlament-dritan-abazi\/#breadcrumb","itemListElement":[{"@type":"ListItem","position":1,"name":"Dita e hapur ne parlament &#8211; Dritan Abazi"}]},{"@type":"Person","@id":"https:\/\/www.visit-ulcinj.com\/blog\/#\/schema\/person\/dcab619c614d3038751c63bc2aadc06d","name":"ulqini","sameAs":["http:\/\/www.visit-ulcinj.com"],"url":"https:\/\/www.visit-ulcinj.com\/blog\/author\/admin\/"}]}},"jetpack_featured_media_url":"","jetpack_sharing_enabled":true,"jetpack_shortlink":"https:\/\/wp.me\/pe6lTn-i1B","_links":{"self":[{"href":"https:\/\/www.visit-ulcinj.com\/blog\/wp-json\/wp\/v2\/posts\/69291"}],"collection":[{"href":"https:\/\/www.visit-ulcinj.com\/blog\/wp-json\/wp\/v2\/posts"}],"about":[{"href":"https:\/\/www.visit-ulcinj.com\/blog\/wp-json\/wp\/v2\/types\/post"}],"author":[{"embeddable":true,"href":"https:\/\/www.visit-ulcinj.com\/blog\/wp-json\/wp\/v2\/users\/1"}],"replies":[{"embeddable":true,"href":"https:\/\/www.visit-ulcinj.com\/blog\/wp-json\/wp\/v2\/comments?post=69291"}],"version-history":[{"count":5,"href":"https:\/\/www.visit-ulcinj.com\/blog\/wp-json\/wp\/v2\/posts\/69291\/revisions"}],"predecessor-version":[{"id":69356,"href":"https:\/\/www.visit-ulcinj.com\/blog\/wp-json\/wp\/v2\/posts\/69291\/revisions\/69356"}],"wp:attachment":[{"href":"https:\/\/www.visit-ulcinj.com\/blog\/wp-json\/wp\/v2\/media?parent=69291"}],"wp:term":[{"taxonomy":"category","embeddable":true,"href":"https:\/\/www.visit-ulcinj.com\/blog\/wp-json\/wp\/v2\/categories?post=69291"},{"taxonomy":"post_tag","embeddable":true,"href":"https:\/\/www.visit-ulcinj.com\/blog\/wp-json\/wp\/v2\/tags?post=69291"}],"curies":[{"name":"wp","href":"https:\/\/api.w.org\/{rel}","templated":true}]}}