{"id":69307,"date":"2013-02-26T19:39:38","date_gmt":"2013-02-26T18:39:38","guid":{"rendered":"http:\/\/www.visit-ulcinj.com\/blog\/?p=69307"},"modified":"2013-02-26T19:44:12","modified_gmt":"2013-02-26T18:44:12","slug":"sindikat-solane-ulcinj-zahvaljuje-aslana-zenelija","status":"publish","type":"post","link":"https:\/\/www.visit-ulcinj.com\/blog\/2013\/02\/26\/sindikat-solane-ulcinj-zahvaljuje-aslana-zenelija\/","title":{"rendered":"Sindikat Solane Ulcinj  zahvaljuje Aslana Zenelija"},"content":{"rendered":"<p><a href=\"http:\/\/www.visit-ulcinj.com\/blog\/wp-content\/uploads\/2013\/02\/ASLLAN-ZENELI.jpg\"><img loading=\"lazy\" class=\"alignleft  wp-image-69312\" alt=\"ASLLAN ZENELI\" src=\"http:\/\/www.visit-ulcinj.com\/blog\/wp-content\/uploads\/2013\/02\/ASLLAN-ZENELI.jpg\" width=\"508\" height=\"360\" \/><\/a>Na svojoj Facebook stranici\u00a0Sindikat Solane Ulcinj, posebnu zahvalnost radnici Solane duguju nasem Opstinskom sindikalnom povjereniku ispred Unije slobodnih sindikata Crne Gore, gospodinu Aslanu Zeneliju!<\/p>\n<p>Beskompromisnom borcu za radnicka prava svih radnika Ulcinja, pravednom i postenom covjeku britke rijeci!<\/p>\n<p>Aslane HVALA!!!<\/p>\n<p><strong><a id=\"js_70\" href=\"https:\/\/www.facebook.com\/sindikat.solanaulcinj\" data-hovercard=\"\/ajax\/hovercard\/user.php?id=100003742510899\">Sindikat Solana Ulcinj Facebook<br \/>\n<\/a><\/strong><\/p>\n<p><a href=\"http:\/\/www.visit-ulcinj.com\/blog\/wp-content\/uploads\/2013\/02\/Ulcinjska-Solana.11.jpg\"><img loading=\"lazy\" class=\"alignleft  wp-image-69309\" alt=\"Ulcinjska Solana.1\" src=\"http:\/\/www.visit-ulcinj.com\/blog\/wp-content\/uploads\/2013\/02\/Ulcinjska-Solana.11.jpg\" width=\"508\" height=\"300\" \/><\/a><\/p>\n<p><a href=\"https:\/\/www.facebook.com\/sindikat.solanaulcinj\"><strong>Ostalo iz Sindikata Solane Ulcinj<\/strong><\/a><\/p>\n<p>Sindikat Solane uz posredovanje Gradonacelnika Ulcinja gospodina Cungu i pomoc generalnog sekretara Unije slobodnih sindikata Crne Gore gospodina Kekovica odgovorili vecinskog vlasnika da uruci otkaze radnicima.<\/p>\n<p>Obezbijeden je nastavak posla za svih 70 radnika.<\/p>\n<p>Odbranom svojih radnih mjesta odbranili smo i zivot cijelog Solanskog biodiverziteta!<\/p>\n<p>Ujedinjeni oko Unije slobodnih sindikata CG, nastavljamo borbu za bolji zivot nasih radnika<\/p>\n<p>&nbsp;<\/p>\n<p><a href=\"https:\/\/www.facebook.com\/sindikat.solanaulcinj\"><strong>Ostalo iz Sindikata Solane Ulcinj<\/strong><\/a><\/p>\n<p>Cilj je ugasiti Solanu &#8220;step by step&#8221;, 20 po 20 radnika van do konacnog gasenja!Na taj nacin zele se izbjeci moguci radnicki protesti!<\/p>\n<p>Ulcinj i ulcinjani ce tako vremenom zaboraviti da je Solana i postojala kao sto smo vec zaboravili da su postojali Agropogon,Primorje, hoteli Galeb i Lido&#8230;.<\/p>\n<p>A kad se to zaboravi, neko ce likovati i reci: &#8220;Eto sve smo ucinili ali Solana nije mogla opstati&#8221;!!!<\/p>\n<p>Bijedan SCENARIO, REZISERI $ klase.<\/p>\n<p>p.s.: Jezivooo, ne preporucuje se mladima od 18 godina &#8211; na slici su INVESTICIJE u SOLANI!!!<\/p>\n<p><a href=\"http:\/\/www.visit-ulcinj.com\/blog\/wp-content\/uploads\/2013\/02\/Ulcinjska-Solana1.jpg\"><img loading=\"lazy\" class=\"alignleft  wp-image-69308\" alt=\"Ulcinjska Solana\" src=\"http:\/\/www.visit-ulcinj.com\/blog\/wp-content\/uploads\/2013\/02\/Ulcinjska-Solana1.jpg\" width=\"508\" height=\"300\" \/><\/a><\/p>\n<p><a href=\"https:\/\/www.facebook.com\/sindikat.solanaulcinj\" target=\"_blank\"><strong>Ostalo iz Sindikata Solane Ulcinj<\/strong><\/a><\/p>\n<p>&#8221;SISTEMATIZACIJA&#8221; APSURDA I NEZNANJA!!!<\/p>\n<p>Pita novi menadzment jednog od poslovodja u firmi:<br \/>\nDa li bi STRAZAR mogao istovremeno da radi na Pumpnoj stanici a istovremeno pokriva i radno mjesto VODARA na solnim bazenima?!!<br \/>\nPa nisu radnici Solane NESCAF\u00c9 3u1.<\/p>\n<p><a href=\"http:\/\/www.visit-ulcinj.com\/blog\/wp-content\/uploads\/2013\/02\/Ulcinjska-Solana.21.jpg\"><img loading=\"lazy\" class=\"alignleft  wp-image-69310\" alt=\"Ulcinjska Solana.2\" src=\"http:\/\/www.visit-ulcinj.com\/blog\/wp-content\/uploads\/2013\/02\/Ulcinjska-Solana.21.jpg\" width=\"508\" height=\"300\" \/><\/a><\/p>\n<p><a href=\"https:\/\/www.facebook.com\/sindikat.solanaulcinj\" target=\"_blank\"><strong>Ostalo iz Sindikata Solane Ulcinj<\/strong><\/a><\/p>\n<p>Ovo vrijedja zdrav razum, vrijedja generacije ljudi koji su radili u Solani i one koji su se skolovali da bi radili u njoj!<br \/>\nIstovremeno to govori o neznanju i losim namjerama!<\/p>\n<p>Sindikalna organizacija Solane \u201eBajo Sekuli\u0107\u201c \u2013 Ulcinj, nakon ju\u010de odr\u017eane konferencije na temu: \u201eAktuelna de\u0161avanja u Solani Ulcinj iz perspektive najavljenog otpu\u0161tanja zaposlenih i njihovog statusa te opstanka Solane kao proizvo\u0111a\u010da i njenog zna\u010daja za prirodu\u201d, daje slede\u0107e<\/p>\n<p>SAOP\u0160TENJE ZA JAVNOST<\/p>\n<p>&#8220;Na vi\u0161esatnoj tematskoj konferenciji koja je ju\u010de odr\u017eana u Ulcinju u organizaciji Sindikalne organizacije Solana \u201cBajo Sekuli\u0107\u201d, svi u\u010desnici dali su jedinstvenu podr\u0161ku opstanku tog privrednog subjekta, koji je od posebnog zna\u010daja za op\u0161tinu Ulcinj, kako sa pozicije o\u010duvanja radnih mjesta i standarda zaposlenih i njihovih porodica, tako i sa pozicije o\u010duvanja biodiverziteta i valorizacije turizma. Konferenciji su prisustvovali gradona\u010delnik Ulcinja Nazif Cungu, predstavnik ve\u0107inskog vlasnika (Eurofond) Dragan Bo\u017eovi\u0107, poslanik Genci Nimanbegu, odbornik u Skup\u0161tini Ulcinj Andrija \u0106etkovi\u0107, generalni sekretar USSCG Sr\u0111a Kekovi\u0107, brojni predstavnici NVO i zaposlenih. Konferenciji nijesu prisustvovali, iako su uredno pozvani, ste\u010dajni sudija Dragan Vu\u010devi\u0107, ste\u010dajni upravnik Milorad Ikovi\u0107, predstavnici Ministarstva ekonomije i Savjeta za privatizaciju.<\/p>\n<p>U\u010desnici su konferenciju najavili kao po\u010detak op\u0161te borbe za opstanak Solane \u201cBajo Sekuli\u0107\u201d, kao jedne od najstarijih fabrika u dr\u017eavi, koja \u0107e idu\u0107e godine slaviti 80 godina postojanja. Zamjereno je \u0161to predstavnici Privrednog suda, Ministarstva ekonomije i Savjeta za privatizaciju nijesu uzeli u\u010de\u0161\u0107a na konferenciji. Me\u0111utim, posebno ohrabruju\u0107e bilo je pismo Agencije za za\u0161titu \u017eivotne sredine, koja je opravdala svoje odsustvo \u010dinjenicom da nemaju mandat niti svojim prisustvom mogu rje\u0161avati pitanje egzistencije zaposlenih, ali da podr\u017eavaju opstanak Solane u postoje\u0107im granicama i sa postoje\u0107om funkcijom, a \u0161to je u skladu sa Izmjenama i dopunama Prostornog plana Crne Gore do 2020. godine, gdje je planirano da se Solana proglasi spomenikom prirode. Njihova i istra\u017eivanja me\u0111unarodnih eksperata potvrdjuju \u010dinjenicu da se radi o najzna\u010dajnijem stani\u0161tu za ptice na Isto\u010dnoj obali Jadrana. Kako su u pismu istakli, \u010dinjenica da zna\u010daj Solane za za\u0161titu biodiverziteta zna\u010dajno prevazilazi nacionalne okvire obavezuje Crnu Goru na za\u0161titu ovog podru\u010dja, kako bi, u prvom redu migratornim, zimovalicama i gnijezde\u0107im vrstama ptica obezbijedili sigurno mjesto za odmor i ishranu.<\/p>\n<p>Jedan od zaklju\u010dak konferencije je da gradona\u010delnik Nazif Cungu, do kraja idu\u0107e sedmice, organizuje sastanak sa svim relevantnim subjektima, na kojem bi se tra\u017eile garancije za opstanak Solane i o\u010duvanje postoje\u0107ih radnih mjesta, koja predstavljaju minimum za funkcionisanje fabrike.<\/p>\n<p>Ostali zaklju\u010dci su:<br \/>\nDa se formira poseban tim na lokalnom nivou u sastavu: sindikat, lokalna uprava i nevladin sektor koji \u0107e saciniti u \u0161to kracem roku elaborat sa argumemtima da Solanu treba sa\u010duvati u postoje\u0107im granicama i sa postoje\u0107om funkcijom;<br \/>\nO\u010duvati postoje\u0107a radna mjesta;<br \/>\nIsplatiti zaostale zarade i doprinose zaposlenima;<br \/>\nRazrije\u0161iti ste\u010dajnog upravnika i njegovog pomo\u0107nika;<br \/>\nOrganizovanje protestnog skupa na nivou grada ako se poku\u0161a sa realizacijom najavljenog otpu\u0161tanja zaposlenih 28.02.2013.g. ili se krene u likvidaciju fabrike;<br \/>\nPoziva se Skup\u0161ina op\u0161tine Ulcinj da na vanrednoj sjednici podr\u017ei ove zaklju\u010dke;<br \/>\nPoziva se Vlada Crne Gore da ne dozvoli likvidaciju fabrike i natjera ve\u0107inskog vlasnika da investira u fabriku. U suprotnom od Vlade se zahtijeva da dr\u017eava povrati ve\u0107insko vlasni\u0161tvo u Solani.<\/p>\n<p>Ukoliko u roku od 10 dana Sindikalna organizacija Solana \u201cBajo Sekuli\u0107\u201d ne dobije garancije o opstanku Solane, otpo\u010de\u0107e sa organizovanjem radni\u010dkih i gra\u0111anskih protesta, te lobiranjem doma\u0107e i evropske javnosti u borbi za opstanaka Solane.&#8221;<\/p>\n<p>&nbsp;<\/p>\n<p><a href=\"https:\/\/www.facebook.com\/sindikat.solanaulcinj\" target=\"_blank\"><strong>PREDSJEDNIK SINDIKALNE ORGANIZACIJE<\/strong><\/a><br \/>\n<a href=\"https:\/\/www.facebook.com\/sindikat.solanaulcinj\" target=\"_blank\"><strong> MARKO MIRANOVIC<\/strong><\/a><\/p>\n<p><strong>Izvor: <a id=\"js_70\" href=\"https:\/\/www.facebook.com\/sindikat.solanaulcinj\" data-hovercard=\"\/ajax\/hovercard\/user.php?id=100003742510899\">Sindikat Solana Ulcinj Facebook<\/a><\/strong><\/p>\n<p><iframe loading=\"lazy\" width=\"508\" height=\"360\" src=\"http:\/\/www.youtube.com\/embed\/LhvHqRcyEe8?rel=0\" frameborder=\"0\" allowfullscreen><\/iframe><\/p>\n<p><a href=\"http:\/\/www.visit-ulcinj.com\/blog\/wp-content\/uploads\/2013\/02\/Ulcinjska-Solana.3.jpg\"><img loading=\"lazy\" class=\"alignleft  wp-image-69311\" alt=\"Ulcinjska Solana.3\" src=\"http:\/\/www.visit-ulcinj.com\/blog\/wp-content\/uploads\/2013\/02\/Ulcinjska-Solana.3.jpg\" width=\"508\" height=\"300\" \/><\/a><\/p>\n","protected":false},"excerpt":{"rendered":"<p>Na svojoj Facebook stranici\u00a0Sindikat Solane Ulcinj, posebnu zahvalnost radnici Solane duguju nasem Opstinskom sindikalnom povjereniku ispred Unije slobodnih sindikata Crne Gore, gospodinu Aslanu Zeneliju! Beskompromisnom borcu za radnicka prava svih radnika Ulcinja, pravednom i postenom covjeku britke rijeci! Aslane HVALA!!! Sindikat Solana Ulcinj Facebook Ostalo iz Sindikata Solane Ulcinj Sindikat Solane uz posredovanje Gradonacelnika Ulcinja [&hellip;]<\/p>\n","protected":false},"author":1,"featured_media":0,"comment_status":"open","ping_status":"closed","sticky":false,"template":"","format":"standard","meta":{"spay_email":"","jetpack_publicize_message":"","jetpack_is_tweetstorm":false,"jetpack_publicize_feature_enabled":true},"categories":[8337],"tags":[7208,21910,19,1968],"jetpack_publicize_connections":[],"yoast_head":"<!-- This site is optimized with the Yoast SEO plugin v19.1 - https:\/\/yoast.com\/wordpress\/plugins\/seo\/ -->\n<title>Sindikat Solane Ulcinj zahvaljuje Aslana Zenelija - Lajme nga Ulqini<\/title>\n<meta name=\"description\" content=\"Na svojoj Facebook stranici\u00a0Sindikat Solane Ulcinj, posebnu zahvalnost radnici Solane duguju nasem Opstinskom sindikalnom povjereniku ispred Unije\" \/>\n<meta name=\"robots\" content=\"index, follow, max-snippet:-1, max-image-preview:large, max-video-preview:-1\" \/>\n<link rel=\"canonical\" href=\"https:\/\/www.visit-ulcinj.com\/blog\/2013\/02\/26\/sindikat-solane-ulcinj-zahvaljuje-aslana-zenelija\/\" \/>\n<meta property=\"og:locale\" content=\"en_US\" \/>\n<meta property=\"og:type\" content=\"article\" \/>\n<meta property=\"og:title\" content=\"Sindikat Solane Ulcinj zahvaljuje Aslana Zenelija - Lajme nga Ulqini\" \/>\n<meta property=\"og:description\" content=\"Na svojoj Facebook stranici\u00a0Sindikat Solane Ulcinj, posebnu zahvalnost radnici Solane duguju nasem Opstinskom sindikalnom povjereniku ispred Unije\" \/>\n<meta property=\"og:url\" content=\"https:\/\/www.visit-ulcinj.com\/blog\/2013\/02\/26\/sindikat-solane-ulcinj-zahvaljuje-aslana-zenelija\/\" \/>\n<meta property=\"og:site_name\" content=\"Lajme nga Ulqini\" \/>\n<meta property=\"article:published_time\" content=\"2013-02-26T18:39:38+00:00\" \/>\n<meta property=\"article:modified_time\" content=\"2013-02-26T18:44:12+00:00\" \/>\n<meta property=\"og:image\" content=\"http:\/\/www.visit-ulcinj.com\/blog\/wp-content\/uploads\/2013\/02\/ASLLAN-ZENELI.jpg\" \/>\n<meta name=\"twitter:label1\" content=\"Written by\" \/>\n\t<meta name=\"twitter:data1\" content=\"ulqini\" \/>\n\t<meta name=\"twitter:label2\" content=\"Est. reading time\" \/>\n\t<meta name=\"twitter:data2\" content=\"4 minutes\" \/>\n<script type=\"application\/ld+json\" class=\"yoast-schema-graph\">{\"@context\":\"https:\/\/schema.org\",\"@graph\":[{\"@type\":\"WebSite\",\"@id\":\"https:\/\/www.visit-ulcinj.com\/blog\/#website\",\"url\":\"https:\/\/www.visit-ulcinj.com\/blog\/\",\"name\":\"Lajme nga Ulqini\",\"description\":\"Lajme,Vijesti,Ulqini,Ulqin,Crna Gora,Mali i Zi\",\"potentialAction\":[{\"@type\":\"SearchAction\",\"target\":{\"@type\":\"EntryPoint\",\"urlTemplate\":\"https:\/\/www.visit-ulcinj.com\/blog\/?s={search_term_string}\"},\"query-input\":\"required name=search_term_string\"}],\"inLanguage\":\"en-US\"},{\"@type\":\"ImageObject\",\"inLanguage\":\"en-US\",\"@id\":\"https:\/\/www.visit-ulcinj.com\/blog\/2013\/02\/26\/sindikat-solane-ulcinj-zahvaljuje-aslana-zenelija\/#primaryimage\",\"url\":\"https:\/\/www.visit-ulcinj.com\/blog\/wp-content\/uploads\/2013\/02\/ASLLAN-ZENELI.jpg\",\"contentUrl\":\"https:\/\/www.visit-ulcinj.com\/blog\/wp-content\/uploads\/2013\/02\/ASLLAN-ZENELI.jpg\",\"width\":800,\"height\":600},{\"@type\":\"WebPage\",\"@id\":\"https:\/\/www.visit-ulcinj.com\/blog\/2013\/02\/26\/sindikat-solane-ulcinj-zahvaljuje-aslana-zenelija\/#webpage\",\"url\":\"https:\/\/www.visit-ulcinj.com\/blog\/2013\/02\/26\/sindikat-solane-ulcinj-zahvaljuje-aslana-zenelija\/\",\"name\":\"Sindikat Solane Ulcinj zahvaljuje Aslana Zenelija - Lajme nga Ulqini\",\"isPartOf\":{\"@id\":\"https:\/\/www.visit-ulcinj.com\/blog\/#website\"},\"primaryImageOfPage\":{\"@id\":\"https:\/\/www.visit-ulcinj.com\/blog\/2013\/02\/26\/sindikat-solane-ulcinj-zahvaljuje-aslana-zenelija\/#primaryimage\"},\"datePublished\":\"2013-02-26T18:39:38+00:00\",\"dateModified\":\"2013-02-26T18:44:12+00:00\",\"author\":{\"@id\":\"https:\/\/www.visit-ulcinj.com\/blog\/#\/schema\/person\/dcab619c614d3038751c63bc2aadc06d\"},\"description\":\"Na svojoj Facebook stranici\u00a0Sindikat Solane Ulcinj, posebnu zahvalnost radnici Solane duguju nasem Opstinskom sindikalnom povjereniku ispred Unije\",\"breadcrumb\":{\"@id\":\"https:\/\/www.visit-ulcinj.com\/blog\/2013\/02\/26\/sindikat-solane-ulcinj-zahvaljuje-aslana-zenelija\/#breadcrumb\"},\"inLanguage\":\"en-US\",\"potentialAction\":[{\"@type\":\"ReadAction\",\"target\":[\"https:\/\/www.visit-ulcinj.com\/blog\/2013\/02\/26\/sindikat-solane-ulcinj-zahvaljuje-aslana-zenelija\/\"]}]},{\"@type\":\"BreadcrumbList\",\"@id\":\"https:\/\/www.visit-ulcinj.com\/blog\/2013\/02\/26\/sindikat-solane-ulcinj-zahvaljuje-aslana-zenelija\/#breadcrumb\",\"itemListElement\":[{\"@type\":\"ListItem\",\"position\":1,\"name\":\"Sindikat Solane Ulcinj zahvaljuje Aslana Zenelija\"}]},{\"@type\":\"Person\",\"@id\":\"https:\/\/www.visit-ulcinj.com\/blog\/#\/schema\/person\/dcab619c614d3038751c63bc2aadc06d\",\"name\":\"ulqini\",\"sameAs\":[\"http:\/\/www.visit-ulcinj.com\"],\"url\":\"https:\/\/www.visit-ulcinj.com\/blog\/author\/admin\/\"}]}<\/script>\n<!-- \/ Yoast SEO plugin. -->","yoast_head_json":{"title":"Sindikat Solane Ulcinj zahvaljuje Aslana Zenelija - Lajme nga Ulqini","description":"Na svojoj Facebook stranici\u00a0Sindikat Solane Ulcinj, posebnu zahvalnost radnici Solane duguju nasem Opstinskom sindikalnom povjereniku ispred Unije","robots":{"index":"index","follow":"follow","max-snippet":"max-snippet:-1","max-image-preview":"max-image-preview:large","max-video-preview":"max-video-preview:-1"},"canonical":"https:\/\/www.visit-ulcinj.com\/blog\/2013\/02\/26\/sindikat-solane-ulcinj-zahvaljuje-aslana-zenelija\/","og_locale":"en_US","og_type":"article","og_title":"Sindikat Solane Ulcinj zahvaljuje Aslana Zenelija - Lajme nga Ulqini","og_description":"Na svojoj Facebook stranici\u00a0Sindikat Solane Ulcinj, posebnu zahvalnost radnici Solane duguju nasem Opstinskom sindikalnom povjereniku ispred Unije","og_url":"https:\/\/www.visit-ulcinj.com\/blog\/2013\/02\/26\/sindikat-solane-ulcinj-zahvaljuje-aslana-zenelija\/","og_site_name":"Lajme nga Ulqini","article_published_time":"2013-02-26T18:39:38+00:00","article_modified_time":"2013-02-26T18:44:12+00:00","og_image":[{"url":"http:\/\/www.visit-ulcinj.com\/blog\/wp-content\/uploads\/2013\/02\/ASLLAN-ZENELI.jpg"}],"twitter_misc":{"Written by":"ulqini","Est. reading time":"4 minutes"},"schema":{"@context":"https:\/\/schema.org","@graph":[{"@type":"WebSite","@id":"https:\/\/www.visit-ulcinj.com\/blog\/#website","url":"https:\/\/www.visit-ulcinj.com\/blog\/","name":"Lajme nga Ulqini","description":"Lajme,Vijesti,Ulqini,Ulqin,Crna Gora,Mali i Zi","potentialAction":[{"@type":"SearchAction","target":{"@type":"EntryPoint","urlTemplate":"https:\/\/www.visit-ulcinj.com\/blog\/?s={search_term_string}"},"query-input":"required name=search_term_string"}],"inLanguage":"en-US"},{"@type":"ImageObject","inLanguage":"en-US","@id":"https:\/\/www.visit-ulcinj.com\/blog\/2013\/02\/26\/sindikat-solane-ulcinj-zahvaljuje-aslana-zenelija\/#primaryimage","url":"https:\/\/www.visit-ulcinj.com\/blog\/wp-content\/uploads\/2013\/02\/ASLLAN-ZENELI.jpg","contentUrl":"https:\/\/www.visit-ulcinj.com\/blog\/wp-content\/uploads\/2013\/02\/ASLLAN-ZENELI.jpg","width":800,"height":600},{"@type":"WebPage","@id":"https:\/\/www.visit-ulcinj.com\/blog\/2013\/02\/26\/sindikat-solane-ulcinj-zahvaljuje-aslana-zenelija\/#webpage","url":"https:\/\/www.visit-ulcinj.com\/blog\/2013\/02\/26\/sindikat-solane-ulcinj-zahvaljuje-aslana-zenelija\/","name":"Sindikat Solane Ulcinj zahvaljuje Aslana Zenelija - Lajme nga Ulqini","isPartOf":{"@id":"https:\/\/www.visit-ulcinj.com\/blog\/#website"},"primaryImageOfPage":{"@id":"https:\/\/www.visit-ulcinj.com\/blog\/2013\/02\/26\/sindikat-solane-ulcinj-zahvaljuje-aslana-zenelija\/#primaryimage"},"datePublished":"2013-02-26T18:39:38+00:00","dateModified":"2013-02-26T18:44:12+00:00","author":{"@id":"https:\/\/www.visit-ulcinj.com\/blog\/#\/schema\/person\/dcab619c614d3038751c63bc2aadc06d"},"description":"Na svojoj Facebook stranici\u00a0Sindikat Solane Ulcinj, posebnu zahvalnost radnici Solane duguju nasem Opstinskom sindikalnom povjereniku ispred Unije","breadcrumb":{"@id":"https:\/\/www.visit-ulcinj.com\/blog\/2013\/02\/26\/sindikat-solane-ulcinj-zahvaljuje-aslana-zenelija\/#breadcrumb"},"inLanguage":"en-US","potentialAction":[{"@type":"ReadAction","target":["https:\/\/www.visit-ulcinj.com\/blog\/2013\/02\/26\/sindikat-solane-ulcinj-zahvaljuje-aslana-zenelija\/"]}]},{"@type":"BreadcrumbList","@id":"https:\/\/www.visit-ulcinj.com\/blog\/2013\/02\/26\/sindikat-solane-ulcinj-zahvaljuje-aslana-zenelija\/#breadcrumb","itemListElement":[{"@type":"ListItem","position":1,"name":"Sindikat Solane Ulcinj zahvaljuje Aslana Zenelija"}]},{"@type":"Person","@id":"https:\/\/www.visit-ulcinj.com\/blog\/#\/schema\/person\/dcab619c614d3038751c63bc2aadc06d","name":"ulqini","sameAs":["http:\/\/www.visit-ulcinj.com"],"url":"https:\/\/www.visit-ulcinj.com\/blog\/author\/admin\/"}]}},"jetpack_featured_media_url":"","jetpack_sharing_enabled":true,"jetpack_shortlink":"https:\/\/wp.me\/pe6lTn-i1R","_links":{"self":[{"href":"https:\/\/www.visit-ulcinj.com\/blog\/wp-json\/wp\/v2\/posts\/69307"}],"collection":[{"href":"https:\/\/www.visit-ulcinj.com\/blog\/wp-json\/wp\/v2\/posts"}],"about":[{"href":"https:\/\/www.visit-ulcinj.com\/blog\/wp-json\/wp\/v2\/types\/post"}],"author":[{"embeddable":true,"href":"https:\/\/www.visit-ulcinj.com\/blog\/wp-json\/wp\/v2\/users\/1"}],"replies":[{"embeddable":true,"href":"https:\/\/www.visit-ulcinj.com\/blog\/wp-json\/wp\/v2\/comments?post=69307"}],"version-history":[{"count":3,"href":"https:\/\/www.visit-ulcinj.com\/blog\/wp-json\/wp\/v2\/posts\/69307\/revisions"}],"predecessor-version":[{"id":69315,"href":"https:\/\/www.visit-ulcinj.com\/blog\/wp-json\/wp\/v2\/posts\/69307\/revisions\/69315"}],"wp:attachment":[{"href":"https:\/\/www.visit-ulcinj.com\/blog\/wp-json\/wp\/v2\/media?parent=69307"}],"wp:term":[{"taxonomy":"category","embeddable":true,"href":"https:\/\/www.visit-ulcinj.com\/blog\/wp-json\/wp\/v2\/categories?post=69307"},{"taxonomy":"post_tag","embeddable":true,"href":"https:\/\/www.visit-ulcinj.com\/blog\/wp-json\/wp\/v2\/tags?post=69307"}],"curies":[{"name":"wp","href":"https:\/\/api.w.org\/{rel}","templated":true}]}}