{"id":69332,"date":"2013-02-27T14:03:58","date_gmt":"2013-02-27T13:03:58","guid":{"rendered":"http:\/\/www.visit-ulcinj.com\/blog\/?p=69332"},"modified":"2013-02-27T14:03:58","modified_gmt":"2013-02-27T13:03:58","slug":"pese-kampione-te-malit-te-zi-per-kk-ulqini","status":"publish","type":"post","link":"https:\/\/www.visit-ulcinj.com\/blog\/2013\/02\/27\/pese-kampione-te-malit-te-zi-per-kk-ulqini\/","title":{"rendered":"Pes\u00eb kampion\u00eb t\u00eb Malit t\u00eb Zi p\u00ebr KK Ulqini"},"content":{"rendered":"<p><a href=\"http:\/\/www.visit-ulcinj.com\/blog\/wp-content\/uploads\/2013\/02\/Klubi-Krates-Ulqini.jpg\"><img loading=\"lazy\" class=\"alignleft  wp-image-69333\" alt=\"Klubi Krates Ulqini\" src=\"http:\/\/www.visit-ulcinj.com\/blog\/wp-content\/uploads\/2013\/02\/Klubi-Krates-Ulqini.jpg\" width=\"300\" height=\"300\" srcset=\"https:\/\/www.visit-ulcinj.com\/blog\/wp-content\/uploads\/2013\/02\/Klubi-Krates-Ulqini.jpg 960w, https:\/\/www.visit-ulcinj.com\/blog\/wp-content\/uploads\/2013\/02\/Klubi-Krates-Ulqini-150x150.jpg 150w, https:\/\/www.visit-ulcinj.com\/blog\/wp-content\/uploads\/2013\/02\/Klubi-Krates-Ulqini-300x300.jpg 300w\" sizes=\"(max-width: 300px) 100vw, 300px\" \/><\/a>T\u00eb shtun\u00ebn, m\u00eb 23 shkurt 2013 n\u00eb Podgoric\u00eb u mbajt Kampionati i Karates\u00eb s\u00eb Malit t\u00eb Zi p\u00ebr pionier\u00eb dhe shpresa n\u00eb kata individuale dhe ekipore dhe n\u00eb luft\u00ebra individuale. Klubi i karates\u00eb \u201cUlqini\u201d u rendit n\u00eb vend t\u00eb tret\u00eb n\u00eb renditjen e p\u00ebrgjithshme, n\u00eb vend t\u00eb par\u00eb u rendit KK \u201cBuduqnost\u201d, nd\u00ebrsa vendi i dyt\u00eb i takoi KK \u201cOmlladinac\u201d nga Podgorica.<\/p>\n<p>N\u00eb disiplin\u00ebn individuale n\u00eb luft\u00ebra kampion\u00eb t\u00eb Malit t\u00eb Zi u shpall\u00ebn 3 garues, kurse n\u00eb kata 2 garues. Diell\u00ebza Rama p\u00ebr her\u00eb t\u00eb tret\u00eb shpallet kampione e Malit t\u00eb Zi n\u00eb luft\u00ebra individuale: n\u00eb vitin 2011, 2012 dhe tash n\u00eb vitin 2013 n\u00eb kategorin\u00eb -42 kg . Kampion i Malit t\u00eb Zi u shpall dhe Ronald Jacoviq n\u00eb kategorin\u00eb -35 kg, i cili premton shum\u00eb dhe nga ai priten edhe rezultate edhe m\u00eb t\u00eb m\u00ebdha. Po ashtu ish-n\u00ebnkampioni i vitit t\u00eb kaluar Nermin Suma k\u00ebt\u00eb vit tregoi q\u00eb nuk ka m\u00eb t\u00eb mire duke u shpallur kampion n\u00eb kategorin\u00eb -45 kg. N\u00eb kata individuale kampion\u00eb t\u00eb Malit t\u00eb Zi p\u00ebrvitn 2013 u shpall\u00ebn Mark Daboviqi dhe Diell\u00ebza Rama. N\u00ebnkampion\u00eb t\u00eb Malit t\u00eb Zi u shpall\u00ebn 4 garues: Eliza Salihu, Katarina Marnikoviq, Albert Rudoviq dhe Ensar Marshiqi.<\/p>\n<p>Me medalje t\u00eb bronzt\u00eb u kuror\u00ebzuan 8 garues dhe 2 ekipe. N\u00eb luft\u00ebra individuale me medalje t\u00eb bronzt\u00eb u kuror\u00ebzuan Gabriel Bytyqi, Elvir Islamoviq, Marko Daboviq, Arben Elezi, Christofer Rudoviq dhe Adnan Kuqi. N\u00eb kata individuale me medaljen e bronzt\u00eb u kuror\u00ebzua Ronald Jacoviq dhe Nermin Suma.<\/p>\n<p>Ekipi i pionier\u00ebve n\u00eb kata ekipore, n\u00eb p\u00ebrb\u00ebrje Pjeter Hot, Ronald Jacoviq dhe Gabriel Bytyqi u kuror\u00ebzua me medalje t\u00eb bronzt\u00eb. Po ashtu dhe ekipi i shpresave n\u00eb kata ekipore, n\u00eb p\u00ebrb\u00ebrje Ensar Marshiq, Ibrahim Zogaj dhe Marko Daboviq u kuror\u00ebzua me medalje t\u00eb bronzt\u00eb.<\/p>\n<p>-Ky \u00ebsht\u00eb nj\u00eb fillim i mbar\u00eb i sezonit t\u00eb par\u00eb t\u00eb garave p\u00ebr k\u00ebt\u00eb vit dhe ne jemi t\u00eb k\u00ebnaqur me rezultatet e arritura t\u00eb garuesve tan\u00eb, t\u00eb cilat edhe ishin pak a shum\u00eb t\u00eb prituara, pasi q\u00eb p\u00ebrgatitjet kan\u00eb qen\u00eb shum\u00eb intensive duke ushtruar \u00e7do dit\u00eb pa nd\u00ebrprerje. Rezultatet nuk do t\u00eb na mungojn\u00eb as n\u00eb t\u00eb ardhmnen, por p\u00ebrkrahja financiare nga komuna dhe institucionet publike dhe private \u00ebsht\u00eb e mjerueshme. Pa t\u00eb k\u00ebta t\u00eb rinj e t\u00eb reja nuk do t\u00eb ken\u00eb mund\u00ebsi q\u00eb t\u00eb p\u00ebrfaq\u00ebsojn\u00eb qytetin ton\u00eb, emrin e t\u00eb cilit e mbajn\u00eb plot\u00eb 3 dekada n\u00eb gara prestigjoze. Fatkeq\u00ebsisht n\u00ebse k\u00ebshtu do vazhdohet rruga na \u00e7on kah shuarja e nj\u00eb tradite t\u00eb gjat\u00eb e t\u00eb suksesshme t\u00eb klubit dhe t\u00eb sporteve t\u00eb tjera n\u00eb p\u00ebrgjith\u00ebsi, &#8211; shprehen trajner\u00ebt dhe udh\u00ebheq\u00ebsit e k\u00ebtij klubi.<\/p>\n<p>Sh\u00ebrbimi informativ i Klubit t\u00eb Karates\u00eb \u201cUlcinj Ulqini<\/p>\n","protected":false},"excerpt":{"rendered":"<p>T\u00eb shtun\u00ebn, m\u00eb 23 shkurt 2013 n\u00eb Podgoric\u00eb u mbajt Kampionati i Karates\u00eb s\u00eb Malit t\u00eb Zi p\u00ebr pionier\u00eb dhe shpresa n\u00eb kata individuale dhe ekipore dhe n\u00eb luft\u00ebra individuale. Klubi i karates\u00eb \u201cUlqini\u201d u rendit n\u00eb vend t\u00eb tret\u00eb n\u00eb renditjen e p\u00ebrgjithshme, n\u00eb vend t\u00eb par\u00eb u rendit KK \u201cBuduqnost\u201d, nd\u00ebrsa vendi i [&hellip;]<\/p>\n","protected":false},"author":1,"featured_media":0,"comment_status":"open","ping_status":"closed","sticky":false,"template":"","format":"standard","meta":{"spay_email":"","jetpack_publicize_message":"","jetpack_is_tweetstorm":false,"jetpack_publicize_feature_enabled":true},"categories":[3],"tags":[17484],"jetpack_publicize_connections":[],"yoast_head":"<!-- This site is optimized with the Yoast SEO plugin v19.1 - https:\/\/yoast.com\/wordpress\/plugins\/seo\/ -->\n<title>Pes\u00eb kampion\u00eb t\u00eb Malit t\u00eb Zi p\u00ebr KK Ulqini - Lajme nga Ulqini<\/title>\n<meta name=\"description\" content=\"T\u00eb shtun\u00ebn, m\u00eb 23 shkurt 2013 n\u00eb Podgoric\u00eb u mbajt Kampionati i Karates\u00eb s\u00eb Malit t\u00eb Zi p\u00ebr pionier\u00eb dhe shpresa n\u00eb kata individuale dhe ekipore dhe n\u00eb\" \/>\n<meta name=\"robots\" content=\"index, follow, max-snippet:-1, max-image-preview:large, max-video-preview:-1\" \/>\n<link rel=\"canonical\" href=\"https:\/\/www.visit-ulcinj.com\/blog\/2013\/02\/27\/pese-kampione-te-malit-te-zi-per-kk-ulqini\/\" \/>\n<meta property=\"og:locale\" content=\"en_US\" \/>\n<meta property=\"og:type\" content=\"article\" \/>\n<meta property=\"og:title\" content=\"Pes\u00eb kampion\u00eb t\u00eb Malit t\u00eb Zi p\u00ebr KK Ulqini - Lajme nga Ulqini\" \/>\n<meta property=\"og:description\" content=\"T\u00eb shtun\u00ebn, m\u00eb 23 shkurt 2013 n\u00eb Podgoric\u00eb u mbajt Kampionati i Karates\u00eb s\u00eb Malit t\u00eb Zi p\u00ebr pionier\u00eb dhe shpresa n\u00eb kata individuale dhe ekipore dhe n\u00eb\" \/>\n<meta property=\"og:url\" content=\"https:\/\/www.visit-ulcinj.com\/blog\/2013\/02\/27\/pese-kampione-te-malit-te-zi-per-kk-ulqini\/\" \/>\n<meta property=\"og:site_name\" content=\"Lajme nga Ulqini\" \/>\n<meta property=\"article:published_time\" content=\"2013-02-27T13:03:58+00:00\" \/>\n<meta property=\"og:image\" content=\"http:\/\/www.visit-ulcinj.com\/blog\/wp-content\/uploads\/2013\/02\/Klubi-Krates-Ulqini.jpg\" \/>\n<meta name=\"twitter:label1\" content=\"Written by\" \/>\n\t<meta name=\"twitter:data1\" content=\"ulqini\" \/>\n\t<meta name=\"twitter:label2\" content=\"Est. reading time\" \/>\n\t<meta name=\"twitter:data2\" content=\"2 minutes\" \/>\n<script type=\"application\/ld+json\" class=\"yoast-schema-graph\">{\"@context\":\"https:\/\/schema.org\",\"@graph\":[{\"@type\":\"WebSite\",\"@id\":\"https:\/\/www.visit-ulcinj.com\/blog\/#website\",\"url\":\"https:\/\/www.visit-ulcinj.com\/blog\/\",\"name\":\"Lajme nga Ulqini\",\"description\":\"Lajme,Vijesti,Ulqini,Ulqin,Crna Gora,Mali i Zi\",\"potentialAction\":[{\"@type\":\"SearchAction\",\"target\":{\"@type\":\"EntryPoint\",\"urlTemplate\":\"https:\/\/www.visit-ulcinj.com\/blog\/?s={search_term_string}\"},\"query-input\":\"required name=search_term_string\"}],\"inLanguage\":\"en-US\"},{\"@type\":\"ImageObject\",\"inLanguage\":\"en-US\",\"@id\":\"https:\/\/www.visit-ulcinj.com\/blog\/2013\/02\/27\/pese-kampione-te-malit-te-zi-per-kk-ulqini\/#primaryimage\",\"url\":\"https:\/\/www.visit-ulcinj.com\/blog\/wp-content\/uploads\/2013\/02\/Klubi-Krates-Ulqini.jpg\",\"contentUrl\":\"https:\/\/www.visit-ulcinj.com\/blog\/wp-content\/uploads\/2013\/02\/Klubi-Krates-Ulqini.jpg\",\"width\":960,\"height\":960},{\"@type\":\"WebPage\",\"@id\":\"https:\/\/www.visit-ulcinj.com\/blog\/2013\/02\/27\/pese-kampione-te-malit-te-zi-per-kk-ulqini\/#webpage\",\"url\":\"https:\/\/www.visit-ulcinj.com\/blog\/2013\/02\/27\/pese-kampione-te-malit-te-zi-per-kk-ulqini\/\",\"name\":\"Pes\u00eb kampion\u00eb t\u00eb Malit t\u00eb Zi p\u00ebr KK Ulqini - Lajme nga Ulqini\",\"isPartOf\":{\"@id\":\"https:\/\/www.visit-ulcinj.com\/blog\/#website\"},\"primaryImageOfPage\":{\"@id\":\"https:\/\/www.visit-ulcinj.com\/blog\/2013\/02\/27\/pese-kampione-te-malit-te-zi-per-kk-ulqini\/#primaryimage\"},\"datePublished\":\"2013-02-27T13:03:58+00:00\",\"dateModified\":\"2013-02-27T13:03:58+00:00\",\"author\":{\"@id\":\"https:\/\/www.visit-ulcinj.com\/blog\/#\/schema\/person\/dcab619c614d3038751c63bc2aadc06d\"},\"description\":\"T\u00eb shtun\u00ebn, m\u00eb 23 shkurt 2013 n\u00eb Podgoric\u00eb u mbajt Kampionati i Karates\u00eb s\u00eb Malit t\u00eb Zi p\u00ebr pionier\u00eb dhe shpresa n\u00eb kata individuale dhe ekipore dhe n\u00eb\",\"breadcrumb\":{\"@id\":\"https:\/\/www.visit-ulcinj.com\/blog\/2013\/02\/27\/pese-kampione-te-malit-te-zi-per-kk-ulqini\/#breadcrumb\"},\"inLanguage\":\"en-US\",\"potentialAction\":[{\"@type\":\"ReadAction\",\"target\":[\"https:\/\/www.visit-ulcinj.com\/blog\/2013\/02\/27\/pese-kampione-te-malit-te-zi-per-kk-ulqini\/\"]}]},{\"@type\":\"BreadcrumbList\",\"@id\":\"https:\/\/www.visit-ulcinj.com\/blog\/2013\/02\/27\/pese-kampione-te-malit-te-zi-per-kk-ulqini\/#breadcrumb\",\"itemListElement\":[{\"@type\":\"ListItem\",\"position\":1,\"name\":\"Pes\u00eb kampion\u00eb t\u00eb Malit t\u00eb Zi p\u00ebr KK Ulqini\"}]},{\"@type\":\"Person\",\"@id\":\"https:\/\/www.visit-ulcinj.com\/blog\/#\/schema\/person\/dcab619c614d3038751c63bc2aadc06d\",\"name\":\"ulqini\",\"sameAs\":[\"http:\/\/www.visit-ulcinj.com\"],\"url\":\"https:\/\/www.visit-ulcinj.com\/blog\/author\/admin\/\"}]}<\/script>\n<!-- \/ Yoast SEO plugin. -->","yoast_head_json":{"title":"Pes\u00eb kampion\u00eb t\u00eb Malit t\u00eb Zi p\u00ebr KK Ulqini - Lajme nga Ulqini","description":"T\u00eb shtun\u00ebn, m\u00eb 23 shkurt 2013 n\u00eb Podgoric\u00eb u mbajt Kampionati i Karates\u00eb s\u00eb Malit t\u00eb Zi p\u00ebr pionier\u00eb dhe shpresa n\u00eb kata individuale dhe ekipore dhe n\u00eb","robots":{"index":"index","follow":"follow","max-snippet":"max-snippet:-1","max-image-preview":"max-image-preview:large","max-video-preview":"max-video-preview:-1"},"canonical":"https:\/\/www.visit-ulcinj.com\/blog\/2013\/02\/27\/pese-kampione-te-malit-te-zi-per-kk-ulqini\/","og_locale":"en_US","og_type":"article","og_title":"Pes\u00eb kampion\u00eb t\u00eb Malit t\u00eb Zi p\u00ebr KK Ulqini - Lajme nga Ulqini","og_description":"T\u00eb shtun\u00ebn, m\u00eb 23 shkurt 2013 n\u00eb Podgoric\u00eb u mbajt Kampionati i Karates\u00eb s\u00eb Malit t\u00eb Zi p\u00ebr pionier\u00eb dhe shpresa n\u00eb kata individuale dhe ekipore dhe n\u00eb","og_url":"https:\/\/www.visit-ulcinj.com\/blog\/2013\/02\/27\/pese-kampione-te-malit-te-zi-per-kk-ulqini\/","og_site_name":"Lajme nga Ulqini","article_published_time":"2013-02-27T13:03:58+00:00","og_image":[{"url":"http:\/\/www.visit-ulcinj.com\/blog\/wp-content\/uploads\/2013\/02\/Klubi-Krates-Ulqini.jpg"}],"twitter_misc":{"Written by":"ulqini","Est. reading time":"2 minutes"},"schema":{"@context":"https:\/\/schema.org","@graph":[{"@type":"WebSite","@id":"https:\/\/www.visit-ulcinj.com\/blog\/#website","url":"https:\/\/www.visit-ulcinj.com\/blog\/","name":"Lajme nga Ulqini","description":"Lajme,Vijesti,Ulqini,Ulqin,Crna Gora,Mali i Zi","potentialAction":[{"@type":"SearchAction","target":{"@type":"EntryPoint","urlTemplate":"https:\/\/www.visit-ulcinj.com\/blog\/?s={search_term_string}"},"query-input":"required name=search_term_string"}],"inLanguage":"en-US"},{"@type":"ImageObject","inLanguage":"en-US","@id":"https:\/\/www.visit-ulcinj.com\/blog\/2013\/02\/27\/pese-kampione-te-malit-te-zi-per-kk-ulqini\/#primaryimage","url":"https:\/\/www.visit-ulcinj.com\/blog\/wp-content\/uploads\/2013\/02\/Klubi-Krates-Ulqini.jpg","contentUrl":"https:\/\/www.visit-ulcinj.com\/blog\/wp-content\/uploads\/2013\/02\/Klubi-Krates-Ulqini.jpg","width":960,"height":960},{"@type":"WebPage","@id":"https:\/\/www.visit-ulcinj.com\/blog\/2013\/02\/27\/pese-kampione-te-malit-te-zi-per-kk-ulqini\/#webpage","url":"https:\/\/www.visit-ulcinj.com\/blog\/2013\/02\/27\/pese-kampione-te-malit-te-zi-per-kk-ulqini\/","name":"Pes\u00eb kampion\u00eb t\u00eb Malit t\u00eb Zi p\u00ebr KK Ulqini - Lajme nga Ulqini","isPartOf":{"@id":"https:\/\/www.visit-ulcinj.com\/blog\/#website"},"primaryImageOfPage":{"@id":"https:\/\/www.visit-ulcinj.com\/blog\/2013\/02\/27\/pese-kampione-te-malit-te-zi-per-kk-ulqini\/#primaryimage"},"datePublished":"2013-02-27T13:03:58+00:00","dateModified":"2013-02-27T13:03:58+00:00","author":{"@id":"https:\/\/www.visit-ulcinj.com\/blog\/#\/schema\/person\/dcab619c614d3038751c63bc2aadc06d"},"description":"T\u00eb shtun\u00ebn, m\u00eb 23 shkurt 2013 n\u00eb Podgoric\u00eb u mbajt Kampionati i Karates\u00eb s\u00eb Malit t\u00eb Zi p\u00ebr pionier\u00eb dhe shpresa n\u00eb kata individuale dhe ekipore dhe n\u00eb","breadcrumb":{"@id":"https:\/\/www.visit-ulcinj.com\/blog\/2013\/02\/27\/pese-kampione-te-malit-te-zi-per-kk-ulqini\/#breadcrumb"},"inLanguage":"en-US","potentialAction":[{"@type":"ReadAction","target":["https:\/\/www.visit-ulcinj.com\/blog\/2013\/02\/27\/pese-kampione-te-malit-te-zi-per-kk-ulqini\/"]}]},{"@type":"BreadcrumbList","@id":"https:\/\/www.visit-ulcinj.com\/blog\/2013\/02\/27\/pese-kampione-te-malit-te-zi-per-kk-ulqini\/#breadcrumb","itemListElement":[{"@type":"ListItem","position":1,"name":"Pes\u00eb kampion\u00eb t\u00eb Malit t\u00eb Zi p\u00ebr KK Ulqini"}]},{"@type":"Person","@id":"https:\/\/www.visit-ulcinj.com\/blog\/#\/schema\/person\/dcab619c614d3038751c63bc2aadc06d","name":"ulqini","sameAs":["http:\/\/www.visit-ulcinj.com"],"url":"https:\/\/www.visit-ulcinj.com\/blog\/author\/admin\/"}]}},"jetpack_featured_media_url":"","jetpack_sharing_enabled":true,"jetpack_shortlink":"https:\/\/wp.me\/pe6lTn-i2g","_links":{"self":[{"href":"https:\/\/www.visit-ulcinj.com\/blog\/wp-json\/wp\/v2\/posts\/69332"}],"collection":[{"href":"https:\/\/www.visit-ulcinj.com\/blog\/wp-json\/wp\/v2\/posts"}],"about":[{"href":"https:\/\/www.visit-ulcinj.com\/blog\/wp-json\/wp\/v2\/types\/post"}],"author":[{"embeddable":true,"href":"https:\/\/www.visit-ulcinj.com\/blog\/wp-json\/wp\/v2\/users\/1"}],"replies":[{"embeddable":true,"href":"https:\/\/www.visit-ulcinj.com\/blog\/wp-json\/wp\/v2\/comments?post=69332"}],"version-history":[{"count":1,"href":"https:\/\/www.visit-ulcinj.com\/blog\/wp-json\/wp\/v2\/posts\/69332\/revisions"}],"predecessor-version":[{"id":69334,"href":"https:\/\/www.visit-ulcinj.com\/blog\/wp-json\/wp\/v2\/posts\/69332\/revisions\/69334"}],"wp:attachment":[{"href":"https:\/\/www.visit-ulcinj.com\/blog\/wp-json\/wp\/v2\/media?parent=69332"}],"wp:term":[{"taxonomy":"category","embeddable":true,"href":"https:\/\/www.visit-ulcinj.com\/blog\/wp-json\/wp\/v2\/categories?post=69332"},{"taxonomy":"post_tag","embeddable":true,"href":"https:\/\/www.visit-ulcinj.com\/blog\/wp-json\/wp\/v2\/tags?post=69332"}],"curies":[{"name":"wp","href":"https:\/\/api.w.org\/{rel}","templated":true}]}}