{"id":69339,"date":"2013-02-27T14:27:27","date_gmt":"2013-02-27T13:27:27","guid":{"rendered":"http:\/\/www.visit-ulcinj.com\/blog\/?p=69339"},"modified":"2013-02-27T14:27:46","modified_gmt":"2013-02-27T13:27:46","slug":"dana-28-02-2013-u-skupstinu-opstine-ulcinj","status":"publish","type":"post","link":"https:\/\/www.visit-ulcinj.com\/blog\/2013\/02\/27\/dana-28-02-2013-u-skupstinu-opstine-ulcinj\/","title":{"rendered":"Dana 28.02.2013 U Skup\u0161tinu Op\u0161tine Ulcinj"},"content":{"rendered":"<p><a href=\"http:\/\/www.visit-ulcinj.com\/blog\/wp-content\/uploads\/2013\/02\/Opstina-Ulcinj.jpg\"><img loading=\"lazy\" class=\"alignleft  wp-image-69340\" alt=\"Opstina Ulcinj\" src=\"http:\/\/www.visit-ulcinj.com\/blog\/wp-content\/uploads\/2013\/02\/Opstina-Ulcinj.jpg\" width=\"508\" height=\"138\" \/><\/a>Po\u0161tovani,<\/p>\n<p>Kao \u0161to ste upoznati Vlada Crne Gore je utvrdila predlog Zakona o morskom dobru, koji treba da bude upu\u0107en Skup\u0161tini Crne Gore na usvajanje. Ministarstvo odr\u017eivog razvoja i turizma je formiralo radnu grupu u kojoj je i predstavnik Op\u0161tine Ulcinj, koji je ovla\u0161\u0107en da podnese amandmane, prije dostavljanja predloga Skup\u0161tini na usvajanje.<\/p>\n<p>Radi usagla\u0161avanja stavova, u skladu sa zaklju\u010dcima Skup\u0161tine Op\u0161tine Ulcinj od 12.12.2011. godine, dana 28.02.2013. godine u 18.00 \u010dasova, u Maloj sali Skup\u0161tine odr\u017ea\u0107e se sastanak, na kojem su pozvani najva\u017eniji politi\u010dki i dru\u0161tveni \u010dinioci op\u0161tine Ulcinj, gdje bi se zauzeli zajedni\u010dki stavovi i dali zajedni\u010dki predlozi, radi pobolj\u0161anja predlo\u017eenog zakonskog teksta.<\/p>\n<p>&nbsp;<\/p>\n<p>Pozivamo medije da u\u010destvuju na sastanku.<\/p>\n<p><strong>Municipality of Ulcinj \/ Op\u0161tina Ulcinj \/ Komuna e Ulqinit<\/strong><br \/>\nTel: +382 30 412 050<br \/>\nFax: +382 30 412 413<br \/>\nAdresa: Bul. Skenderbeu bb, 85360 Ulcinj, MNE<\/p>\n<p>&nbsp;<\/p>\n","protected":false},"excerpt":{"rendered":"<p>Po\u0161tovani, Kao \u0161to ste upoznati Vlada Crne Gore je utvrdila predlog Zakona o morskom dobru, koji treba da bude upu\u0107en Skup\u0161tini Crne Gore na usvajanje. Ministarstvo odr\u017eivog razvoja i turizma je formiralo radnu grupu u kojoj je i predstavnik Op\u0161tine Ulcinj, koji je ovla\u0161\u0107en da podnese amandmane, prije dostavljanja predloga Skup\u0161tini na usvajanje. Radi usagla\u0161avanja [&hellip;]<\/p>\n","protected":false},"author":1,"featured_media":0,"comment_status":"open","ping_status":"closed","sticky":false,"template":"","format":"standard","meta":{"spay_email":"","jetpack_publicize_message":"","jetpack_is_tweetstorm":false,"jetpack_publicize_feature_enabled":true},"categories":[6950],"tags":[264],"jetpack_publicize_connections":[],"yoast_head":"<!-- This site is optimized with the Yoast SEO plugin v19.1 - https:\/\/yoast.com\/wordpress\/plugins\/seo\/ -->\n<title>Dana 28.02.2013 U Skup\u0161tinu Op\u0161tine Ulcinj - Lajme nga Ulqini<\/title>\n<meta name=\"description\" content=\"Po\u0161tovani, Kao \u0161to ste upoznati Vlada Crne Gore je utvrdila predlog Zakona o morskom dobru, koji treba da bude upu\u0107en Skup\u0161tini Crne Gore na usvajanje.\" \/>\n<meta name=\"robots\" content=\"index, follow, max-snippet:-1, max-image-preview:large, max-video-preview:-1\" \/>\n<link rel=\"canonical\" href=\"https:\/\/www.visit-ulcinj.com\/blog\/2013\/02\/27\/dana-28-02-2013-u-skupstinu-opstine-ulcinj\/\" \/>\n<meta property=\"og:locale\" content=\"en_US\" \/>\n<meta property=\"og:type\" content=\"article\" \/>\n<meta property=\"og:title\" content=\"Dana 28.02.2013 U Skup\u0161tinu Op\u0161tine Ulcinj - Lajme nga Ulqini\" \/>\n<meta property=\"og:description\" content=\"Po\u0161tovani, Kao \u0161to ste upoznati Vlada Crne Gore je utvrdila predlog Zakona o morskom dobru, koji treba da bude upu\u0107en Skup\u0161tini Crne Gore na usvajanje.\" \/>\n<meta property=\"og:url\" content=\"https:\/\/www.visit-ulcinj.com\/blog\/2013\/02\/27\/dana-28-02-2013-u-skupstinu-opstine-ulcinj\/\" \/>\n<meta property=\"og:site_name\" content=\"Lajme nga Ulqini\" \/>\n<meta property=\"article:published_time\" content=\"2013-02-27T13:27:27+00:00\" \/>\n<meta property=\"article:modified_time\" content=\"2013-02-27T13:27:46+00:00\" \/>\n<meta property=\"og:image\" content=\"http:\/\/www.visit-ulcinj.com\/blog\/wp-content\/uploads\/2013\/02\/Opstina-Ulcinj.jpg\" \/>\n<meta name=\"twitter:label1\" content=\"Written by\" \/>\n\t<meta name=\"twitter:data1\" content=\"ulqini\" \/>\n\t<meta name=\"twitter:label2\" content=\"Est. reading time\" \/>\n\t<meta name=\"twitter:data2\" content=\"1 minute\" \/>\n<script type=\"application\/ld+json\" class=\"yoast-schema-graph\">{\"@context\":\"https:\/\/schema.org\",\"@graph\":[{\"@type\":\"WebSite\",\"@id\":\"https:\/\/www.visit-ulcinj.com\/blog\/#website\",\"url\":\"https:\/\/www.visit-ulcinj.com\/blog\/\",\"name\":\"Lajme nga Ulqini\",\"description\":\"Lajme,Vijesti,Ulqini,Ulqin,Crna Gora,Mali i Zi\",\"potentialAction\":[{\"@type\":\"SearchAction\",\"target\":{\"@type\":\"EntryPoint\",\"urlTemplate\":\"https:\/\/www.visit-ulcinj.com\/blog\/?s={search_term_string}\"},\"query-input\":\"required name=search_term_string\"}],\"inLanguage\":\"en-US\"},{\"@type\":\"ImageObject\",\"inLanguage\":\"en-US\",\"@id\":\"https:\/\/www.visit-ulcinj.com\/blog\/2013\/02\/27\/dana-28-02-2013-u-skupstinu-opstine-ulcinj\/#primaryimage\",\"url\":\"https:\/\/www.visit-ulcinj.com\/blog\/wp-content\/uploads\/2013\/02\/Opstina-Ulcinj.jpg\",\"contentUrl\":\"https:\/\/www.visit-ulcinj.com\/blog\/wp-content\/uploads\/2013\/02\/Opstina-Ulcinj.jpg\",\"width\":467,\"height\":138},{\"@type\":\"WebPage\",\"@id\":\"https:\/\/www.visit-ulcinj.com\/blog\/2013\/02\/27\/dana-28-02-2013-u-skupstinu-opstine-ulcinj\/#webpage\",\"url\":\"https:\/\/www.visit-ulcinj.com\/blog\/2013\/02\/27\/dana-28-02-2013-u-skupstinu-opstine-ulcinj\/\",\"name\":\"Dana 28.02.2013 U Skup\u0161tinu Op\u0161tine Ulcinj - Lajme nga Ulqini\",\"isPartOf\":{\"@id\":\"https:\/\/www.visit-ulcinj.com\/blog\/#website\"},\"primaryImageOfPage\":{\"@id\":\"https:\/\/www.visit-ulcinj.com\/blog\/2013\/02\/27\/dana-28-02-2013-u-skupstinu-opstine-ulcinj\/#primaryimage\"},\"datePublished\":\"2013-02-27T13:27:27+00:00\",\"dateModified\":\"2013-02-27T13:27:46+00:00\",\"author\":{\"@id\":\"https:\/\/www.visit-ulcinj.com\/blog\/#\/schema\/person\/dcab619c614d3038751c63bc2aadc06d\"},\"description\":\"Po\u0161tovani, Kao \u0161to ste upoznati Vlada Crne Gore je utvrdila predlog Zakona o morskom dobru, koji treba da bude upu\u0107en Skup\u0161tini Crne Gore na usvajanje.\",\"breadcrumb\":{\"@id\":\"https:\/\/www.visit-ulcinj.com\/blog\/2013\/02\/27\/dana-28-02-2013-u-skupstinu-opstine-ulcinj\/#breadcrumb\"},\"inLanguage\":\"en-US\",\"potentialAction\":[{\"@type\":\"ReadAction\",\"target\":[\"https:\/\/www.visit-ulcinj.com\/blog\/2013\/02\/27\/dana-28-02-2013-u-skupstinu-opstine-ulcinj\/\"]}]},{\"@type\":\"BreadcrumbList\",\"@id\":\"https:\/\/www.visit-ulcinj.com\/blog\/2013\/02\/27\/dana-28-02-2013-u-skupstinu-opstine-ulcinj\/#breadcrumb\",\"itemListElement\":[{\"@type\":\"ListItem\",\"position\":1,\"name\":\"Dana 28.02.2013 U Skup\u0161tinu Op\u0161tine Ulcinj\"}]},{\"@type\":\"Person\",\"@id\":\"https:\/\/www.visit-ulcinj.com\/blog\/#\/schema\/person\/dcab619c614d3038751c63bc2aadc06d\",\"name\":\"ulqini\",\"sameAs\":[\"http:\/\/www.visit-ulcinj.com\"],\"url\":\"https:\/\/www.visit-ulcinj.com\/blog\/author\/admin\/\"}]}<\/script>\n<!-- \/ Yoast SEO plugin. -->","yoast_head_json":{"title":"Dana 28.02.2013 U Skup\u0161tinu Op\u0161tine Ulcinj - Lajme nga Ulqini","description":"Po\u0161tovani, Kao \u0161to ste upoznati Vlada Crne Gore je utvrdila predlog Zakona o morskom dobru, koji treba da bude upu\u0107en Skup\u0161tini Crne Gore na usvajanje.","robots":{"index":"index","follow":"follow","max-snippet":"max-snippet:-1","max-image-preview":"max-image-preview:large","max-video-preview":"max-video-preview:-1"},"canonical":"https:\/\/www.visit-ulcinj.com\/blog\/2013\/02\/27\/dana-28-02-2013-u-skupstinu-opstine-ulcinj\/","og_locale":"en_US","og_type":"article","og_title":"Dana 28.02.2013 U Skup\u0161tinu Op\u0161tine Ulcinj - Lajme nga Ulqini","og_description":"Po\u0161tovani, Kao \u0161to ste upoznati Vlada Crne Gore je utvrdila predlog Zakona o morskom dobru, koji treba da bude upu\u0107en Skup\u0161tini Crne Gore na usvajanje.","og_url":"https:\/\/www.visit-ulcinj.com\/blog\/2013\/02\/27\/dana-28-02-2013-u-skupstinu-opstine-ulcinj\/","og_site_name":"Lajme nga Ulqini","article_published_time":"2013-02-27T13:27:27+00:00","article_modified_time":"2013-02-27T13:27:46+00:00","og_image":[{"url":"http:\/\/www.visit-ulcinj.com\/blog\/wp-content\/uploads\/2013\/02\/Opstina-Ulcinj.jpg"}],"twitter_misc":{"Written by":"ulqini","Est. reading time":"1 minute"},"schema":{"@context":"https:\/\/schema.org","@graph":[{"@type":"WebSite","@id":"https:\/\/www.visit-ulcinj.com\/blog\/#website","url":"https:\/\/www.visit-ulcinj.com\/blog\/","name":"Lajme nga Ulqini","description":"Lajme,Vijesti,Ulqini,Ulqin,Crna Gora,Mali i Zi","potentialAction":[{"@type":"SearchAction","target":{"@type":"EntryPoint","urlTemplate":"https:\/\/www.visit-ulcinj.com\/blog\/?s={search_term_string}"},"query-input":"required name=search_term_string"}],"inLanguage":"en-US"},{"@type":"ImageObject","inLanguage":"en-US","@id":"https:\/\/www.visit-ulcinj.com\/blog\/2013\/02\/27\/dana-28-02-2013-u-skupstinu-opstine-ulcinj\/#primaryimage","url":"https:\/\/www.visit-ulcinj.com\/blog\/wp-content\/uploads\/2013\/02\/Opstina-Ulcinj.jpg","contentUrl":"https:\/\/www.visit-ulcinj.com\/blog\/wp-content\/uploads\/2013\/02\/Opstina-Ulcinj.jpg","width":467,"height":138},{"@type":"WebPage","@id":"https:\/\/www.visit-ulcinj.com\/blog\/2013\/02\/27\/dana-28-02-2013-u-skupstinu-opstine-ulcinj\/#webpage","url":"https:\/\/www.visit-ulcinj.com\/blog\/2013\/02\/27\/dana-28-02-2013-u-skupstinu-opstine-ulcinj\/","name":"Dana 28.02.2013 U Skup\u0161tinu Op\u0161tine Ulcinj - Lajme nga Ulqini","isPartOf":{"@id":"https:\/\/www.visit-ulcinj.com\/blog\/#website"},"primaryImageOfPage":{"@id":"https:\/\/www.visit-ulcinj.com\/blog\/2013\/02\/27\/dana-28-02-2013-u-skupstinu-opstine-ulcinj\/#primaryimage"},"datePublished":"2013-02-27T13:27:27+00:00","dateModified":"2013-02-27T13:27:46+00:00","author":{"@id":"https:\/\/www.visit-ulcinj.com\/blog\/#\/schema\/person\/dcab619c614d3038751c63bc2aadc06d"},"description":"Po\u0161tovani, Kao \u0161to ste upoznati Vlada Crne Gore je utvrdila predlog Zakona o morskom dobru, koji treba da bude upu\u0107en Skup\u0161tini Crne Gore na usvajanje.","breadcrumb":{"@id":"https:\/\/www.visit-ulcinj.com\/blog\/2013\/02\/27\/dana-28-02-2013-u-skupstinu-opstine-ulcinj\/#breadcrumb"},"inLanguage":"en-US","potentialAction":[{"@type":"ReadAction","target":["https:\/\/www.visit-ulcinj.com\/blog\/2013\/02\/27\/dana-28-02-2013-u-skupstinu-opstine-ulcinj\/"]}]},{"@type":"BreadcrumbList","@id":"https:\/\/www.visit-ulcinj.com\/blog\/2013\/02\/27\/dana-28-02-2013-u-skupstinu-opstine-ulcinj\/#breadcrumb","itemListElement":[{"@type":"ListItem","position":1,"name":"Dana 28.02.2013 U Skup\u0161tinu Op\u0161tine Ulcinj"}]},{"@type":"Person","@id":"https:\/\/www.visit-ulcinj.com\/blog\/#\/schema\/person\/dcab619c614d3038751c63bc2aadc06d","name":"ulqini","sameAs":["http:\/\/www.visit-ulcinj.com"],"url":"https:\/\/www.visit-ulcinj.com\/blog\/author\/admin\/"}]}},"jetpack_featured_media_url":"","jetpack_sharing_enabled":true,"jetpack_shortlink":"https:\/\/wp.me\/pe6lTn-i2n","_links":{"self":[{"href":"https:\/\/www.visit-ulcinj.com\/blog\/wp-json\/wp\/v2\/posts\/69339"}],"collection":[{"href":"https:\/\/www.visit-ulcinj.com\/blog\/wp-json\/wp\/v2\/posts"}],"about":[{"href":"https:\/\/www.visit-ulcinj.com\/blog\/wp-json\/wp\/v2\/types\/post"}],"author":[{"embeddable":true,"href":"https:\/\/www.visit-ulcinj.com\/blog\/wp-json\/wp\/v2\/users\/1"}],"replies":[{"embeddable":true,"href":"https:\/\/www.visit-ulcinj.com\/blog\/wp-json\/wp\/v2\/comments?post=69339"}],"version-history":[{"count":2,"href":"https:\/\/www.visit-ulcinj.com\/blog\/wp-json\/wp\/v2\/posts\/69339\/revisions"}],"predecessor-version":[{"id":69342,"href":"https:\/\/www.visit-ulcinj.com\/blog\/wp-json\/wp\/v2\/posts\/69339\/revisions\/69342"}],"wp:attachment":[{"href":"https:\/\/www.visit-ulcinj.com\/blog\/wp-json\/wp\/v2\/media?parent=69339"}],"wp:term":[{"taxonomy":"category","embeddable":true,"href":"https:\/\/www.visit-ulcinj.com\/blog\/wp-json\/wp\/v2\/categories?post=69339"},{"taxonomy":"post_tag","embeddable":true,"href":"https:\/\/www.visit-ulcinj.com\/blog\/wp-json\/wp\/v2\/tags?post=69339"}],"curies":[{"name":"wp","href":"https:\/\/api.w.org\/{rel}","templated":true}]}}