{"id":69343,"date":"2013-02-27T18:15:22","date_gmt":"2013-02-27T17:15:22","guid":{"rendered":"http:\/\/www.visit-ulcinj.com\/blog\/?p=69343"},"modified":"2013-02-27T18:15:44","modified_gmt":"2013-02-27T17:15:44","slug":"komuna-e-malesiseloje-politike-e-podgorices-nga-xh-zeneli","status":"publish","type":"post","link":"https:\/\/www.visit-ulcinj.com\/blog\/2013\/02\/27\/komuna-e-malesiseloje-politike-e-podgorices-nga-xh-zeneli\/","title":{"rendered":"Komuna e Mal\u00ebsis\u00eb,loj\u00eb politike e Podgoric\u00ebs nga Xh. Zeneli"},"content":{"rendered":"<p><a href=\"http:\/\/www.visit-ulcinj.com\/blog\/wp-content\/uploads\/2013\/02\/XheladinZeneli.jpg\"><img loading=\"lazy\" class=\"alignleft size-full wp-image-69344\" alt=\"XheladinZeneli\" src=\"http:\/\/www.visit-ulcinj.com\/blog\/wp-content\/uploads\/2013\/02\/XheladinZeneli.jpg\" width=\"165\" height=\"220\" \/><\/a>\u00c7\u00ebshtja e Komun\u00ebs s\u00eb Tuzit (Mal\u00ebsis\u00eb) \u00ebsht\u00eb pjes\u00eb e programit,pothuajse e t\u00eb\u00a0 gjith\u00eb subjekteve politike shqiptare dhe t\u00eb disa organizatave joqeveritare\u00a0 dhe nj\u00ebkoh\u00ebsisht \u00ebsht\u00eb nj\u00eb nd\u00ebr k\u00ebrkesat e tyre kryesore.Gjithashtu,kjo \u00e7\u00ebshtje ka qen\u00eb tem\u00eb e diskutimeve t\u00eb niveleve t\u00eb ndryshme,tem\u00eb e disa elaborateve e projekteve, si dhe shkak i\u00a0 protestave paq\u00ebsore.<\/p>\n<p>Kurse, q\u00eb nga viti 1997 e deri m\u00eb sot,s\u00eb paku pes\u00eb her\u00eb \u00ebsht\u00eb premtuar jet\u00ebsimi i Komun\u00ebs s\u00eb Tuzit me t\u00eb drejta t\u00eb plota nga ana e qeveritar\u00ebve malazez\u00a0 ,por deri m\u00eb sot asnj\u00eb nga k\u00ebto premtime nuk \u00ebsht\u00eb mbajtur.Poashtu,k\u00ebrkesa e Komun\u00ebs s\u00eb Tuzit shpesh\u00ebher\u00eb ka qen\u00eb objekt negocimi n\u00eb mes partis\u00eb n\u00eb pushtet dhe faktorit politik shqiptar. Gjat\u00eb fushatave t\u00eb ndryshme parazgjedhore ,n\u00eb t\u00eb kaluar\u00ebn,zyrtar\u00ebt e partis\u00eb n\u00eb pushtet,duke p\u00ebrfshir\u00eb edhe kryetarin Millo Gjukanoviq, kan\u00eb vizituar trev\u00ebn e Mal\u00ebsis\u00eb vet\u00ebm me nj\u00eb q\u00ebllim : q\u00eb duke premtuar realizimin e komun\u00ebs,t\u00eb mbledhin vota\u00a0 p\u00ebr Partin\u00eb Demokratike Socialiste (DPS).Dhe p\u00ebr fat t\u00eb keq, deri m\u00eb tani,kjo politik\u00eb ka pir\u00eb uj\u00eb.<\/p>\n<p>Gjat\u00eb gjith\u00eb k\u00ebsaj kohe,jo vet\u00ebm ndaj \u00e7\u00ebshtjes s\u00eb Komun\u00ebs s\u00eb Tuzit,por n\u00eb p\u00ebrgjith\u00ebsi ndaj Mal\u00ebsis\u00eb,\u00ebsht\u00eb udh\u00ebhequr nj\u00eb politik\u00eb neglizhente,inferiore dhe diskriminuese nga ana e Podgoric\u00ebs zyrtare e cila \u00ebsht\u00eb qasur \u00e7\u00ebshtjes s\u00eb Komun\u00ebs s\u00eb Tuzit vet\u00ebm at\u00ebher\u00eb kur ky pushtet ka\u00a0 par\u00eb mund\u00ebsin\u00eb e p\u00ebrfitimit t\u00eb vet politik.Pra, partia n\u00eb pushtet e Millo Gjukanoviqit (PDS), e ka shfryt\u00ebzuar dhe gjithnj\u00eb vazhdon q\u00eb t&#8217;a shfryt\u00ebzoj\u00eb\u00a0 deri n\u00eb\u00a0 maksimum k\u00ebrkes\u00ebn e drejt\u00eb t\u00eb banor\u00ebve t\u00eb Mal\u00ebsis\u00eb p\u00ebr\u00a0 interesat,nevojat dhe q\u00ebllimet e veta politike . Sepse nuk shpjegohet ndryshe zvarritja me paramendim ,tashm\u00eb m\u00eb shum\u00eb se dy dekada ,e realizimit t\u00eb Komun\u00ebs s\u00eb plot\u00eb duke kusht\u00ebzuar jet\u00ebsimin\u00a0 e saj me arsyetime t\u00eb pakuptimta dhe absurde.<\/p>\n<p>Edhe sot ,\u00e7\u00ebshtja e Komun\u00ebs s\u00eb Tuzit \u00ebsht\u00eb b\u00ebr\u00eb tem\u00eb e zgjedhjeve presidenciale n\u00eb Mal t\u00eb Zi, t\u00eb cilat jan\u00eb t\u00eb\u00a0 parashikuara q\u00eb t\u00eb mbahen me 7 Prill t\u00eb k\u00ebtij viti. Si\u00e7 njoftojn\u00eb mediat, subjekteve politike shqiptare t\u00eb cilat jan\u00eb pjes\u00eb e koalicionit qeveritar,fillimisht iu \u00ebsht\u00eb k\u00ebrkuar p\u00ebr t\u00eb mb\u00ebshtetur kandidatin e PDS-s\u00eb, Filip Vujanoviq p\u00ebr president n\u00eb zgjedhjet e muajit Prill.Si k\u00ebmbim, partia n\u00eb pushtet e Gjukanoviqit (PDS)) do t\u00eb zhvilloj\u00eb m\u00eb von\u00eb referendumin &#8220;konsulltativ&#8221; p\u00ebr statusin e plot\u00eb t\u00eb komun\u00ebs Tuzit.P\u00ebrs\u00ebri, qeveria malazeze ,n\u00eb m\u00ebnyr\u00eb perfide dhe t\u00eb kalkuluar,tenton q\u00eb t\u00eb p\u00ebrdor\u00eb \u00e7\u00ebshtjen e Komun\u00ebs s\u00eb Tuzit, si\u00a0 mjet\u00a0 p\u00ebr t\u00eb arritur q\u00ebllimet e saja politike.Tani shtrohet pyetja se deri kur \u00e7\u00ebshtja e Komun\u00ebs s\u00eb Tuzit do t\u00eb jet\u00eb objekt i marr\u00ebveshjeve apo \u00e7\u00ebshtje\u00a0 kusht\u00ebzimi i nj\u00ebr\u00ebs pal\u00eb (pra, qeveris\u00eb\u00a0 malazeze) ndaj pal\u00ebs tjet\u00ebr(p\u00ebrfaq\u00ebsuesve t\u00eb subjekteve nacionale shqiptare) !?<\/p>\n<p>Nj\u00eb pjes\u00eb e konsiderueshme e p\u00ebrgjegj\u00ebsis\u00eb lidhur me mosrealizimin e Komun\u00ebs s\u00eb plot\u00eb t\u00eb Tuzit ,mban edhe\u00a0 faktori politik shqiptar i cili nuk ka qen\u00eb sa duhet i vendosur apo k\u00ebmb\u00ebngul\u00ebs,unik dhe konsistent lidhur me\u00a0 \u00e7\u00ebshtjen n\u00eb fjal\u00eb,q\u00eb nga fillimi.Gjithashtu,faktori politik shqiptar ka lejuar q\u00eb shpesh\u00ebher\u00eb t\u00eb manipulohet,nga ana e partis\u00eb n\u00eb pushtet,n\u00eb mes tjerash edhe me \u00e7\u00ebshtjen e Komun\u00ebs, e cila ka p\u00ebrfituar nga ndasit\u00eb dhe nga mosuniteti i subjekteve politike shqiptare. Edhe n\u00eb zgjedhjet presidenciale t\u00eb k\u00ebtij viti, partit\u00eb politike apo kualicionet shqiptare q\u00eb jan\u00eb pjes\u00eb e qeveris\u00eb,deri m\u00eb sot, nuk kan\u00eb arritur qendrim t\u00eb nj\u00ebjt\u00eb dhe kan\u00eb dallime sa i p\u00ebrket asaj\u00a0 se a duhet apo nuk duhet p\u00ebrkrahur kandidati i PSD-s\u00eb(DPS-it) p\u00ebr president t\u00eb Malit t\u00eb Zi.<\/p>\n<p><strong>\u00a0\u00a0 Tendencat e shk\u00ebputjes s\u00eb nj\u00eb komune dhe paradokset politike n\u00eb rajon<\/strong><\/p>\n<p>Kur\u00a0 jan\u00eb n\u00eb pyetje pozita e popujve pakic\u00eb n\u00eb hap\u00ebsir\u00ebn e shteteve q\u00eb u krijuan nga shp\u00ebrb\u00ebrja e Jugosllavis\u00eb,paradoksi m\u00eb i madh \u00ebsht\u00eb aplikimi i standardeve t\u00eb ndrysh\u00ebm (t\u00eb dyfisht\u00eb,nganj\u00ebher\u00eb edhe t\u00eb trefisht\u00eb)\u00a0 n\u00eb zgjidhjen e statusit t\u00eb tyre brenda shtetit t\u00eb tanish\u00ebm ku ata jetojn\u00eb. T\u00eb marrim p\u00ebr shembull serb\u00ebt n\u00eb veri t\u00eb\u00a0 Kosov\u00ebs t\u00eb cil\u00ebt me p\u00ebrkrahjen e heshtur t\u00eb komunitetit europian, po angazhohen p\u00ebr autonomi politiko-territoriale apo status special i cili, si i till\u00eb\u00a0 paraqet sfid\u00eb serioze p\u00ebr integritetin dhe t\u00ebr\u00ebsin\u00eb shtet\u00ebrore t\u00eb Kosov\u00ebs.<\/p>\n<p>Rasti tjet\u00ebr i k\u00ebrkesave ekstremiste serbe n\u00eb rajon,paraqet iniciativa e Komun\u00ebs Lubinje,territor\u00a0 brenda Federat\u00ebs s\u00eb Bosnj\u00ebs dhe Hercegovin\u00ebs,me popullsi\u00a0 shumic\u00eb t\u00eb nacionalitetit serb.Komuna e Lubinj\u00ebs gjindet n\u00eb pjes\u00ebn jug-lindore t\u00eb Hercegovin\u00ebs af\u00ebr kufirit shtet\u00ebror me Malin e Zi dhe n\u00ebTetor t\u00eb vitit t\u00eb kaluar si\u00e7 njofton portali\u00a0 informativ n\u00eb gjuh\u00ebn malazeze http:\/\/www.vijesti.me\/ e dat\u00ebs 26\/10\/2012),zyrtar\u00ebt e k\u00ebsaj komune planifikojn\u00eb q\u00eb t\u00eb ftojn\u00eb banor\u00ebt e vet\u00a0 n\u00eb referendum me q\u00ebllim q\u00eb t\u00eb votojn\u00eb p\u00ebr shk\u00ebputje nga republika e Bosnj\u00ebs dhe Hercegovin\u00ebs dhe t&#8217;i bashkangjiten Malit t\u00eb Zi !? K\u00ebte vendim ata e mb\u00ebshtesin\u00a0 n\u00eb Ligjin p\u00ebr referendum dhe n\u00eb iniciativ\u00ebn qytetare t\u00eb Republik\u00ebs Serbe( RS) e cila \u00ebsht\u00eb n\u00eb fuqi q\u00eb nga viti 2010. N\u00ebse vjen deri te realizimi i nj\u00eb referendumi t\u00eb till\u00eb,ky do t\u00eb ishte rasti i par\u00eb n\u00eb k\u00ebt\u00eb hap\u00ebsir\u00eb t\u00eb Ballkanit ku nj\u00eb komun\u00eb e nj\u00eb shteti fqinj shk\u00ebpuet dhe i bashkangjitet nj\u00eb shteti tjet\u00ebr. Lidhur me k\u00ebt\u00eb lajm, p\u00ebr befasi,nuk pati asnj\u00eb reagim nga instancat nd\u00ebrkomb\u00ebtare.<\/p>\n<p>Derisa n\u00eb nj\u00ebr\u00ebn an\u00eb,nj\u00eb komune (komuniteti) t\u00eb nj\u00eb shteti fqinj, i ofrohet mund\u00ebsia e shk\u00ebputjes nga shteti t\u00eb cilit ato i takojn\u00eb,n\u00eb an\u00ebn tjet\u00ebr nj\u00eb pjese t\u00eb shqiptar\u00ebve n\u00eb Mal t\u00eb Zi,respektivisht Mal\u00ebsis\u00eb,vazhdimisht iu mohohet nj\u00eb nd\u00ebr drejtat e tyre fundamentale,e drejta e vet\u00ebqeverisjes s\u00eb plot\u00eb lokale,si k\u00ebrkes\u00eb minimale e shumic\u00ebs autoktone shqiptare\u00a0 n\u00eb k\u00ebt\u00eb trev\u00eb.Atyre, pra banor\u00ebve t\u00eb Mal\u00ebsis\u00eb ,tash disa vite me rradh\u00eb iu \u00ebsht\u00eb imponuar e ashtuquajtura Komun\u00eb urbane dhe sot\u00a0 iu ofrohet nj\u00ebfar\u00eb referendumi &#8220;konsulltativ&#8221;,i cili sipas disa ekspert\u00ebve t\u00eb fush\u00ebs p\u00ebrkat\u00ebse ,nj\u00eb gj\u00eb e till\u00eb nuk ka baz\u00eb ligjore dhe do t\u00eb duhej t\u00eb ishte i papranuesh\u00ebm.<\/p>\n<p>Banor\u00ebt e Mal\u00ebsis\u00eb k\u00ebrkojn\u00eb q\u00eb t\u00eb trajtohen n\u00eb m\u00ebnyr\u00eb t\u00eb barabart\u00eb,ashtu si edhe bashk\u00ebsit\u00eb e tjera etnike n\u00eb Mal t\u00eb Zi dhe k\u00ebrkesa e tyre nuk k\u00ebrcnon integritetin e shtetit t\u00eb Malit t\u00eb Zi dhe \u00ebsht\u00eb\u00a0 n\u00eb p\u00ebrputhje me t\u00eb gjitha ligjet,kartat dhe konventat nd\u00ebrkomb\u00ebtare p\u00ebr vet\u00ebqeverisjen lokale dhe decentralizimin e pushtetit ,prandaj edhe mos realizimi i drejt\u00ebs s\u00eb formimit t\u00eb Komun\u00ebs s\u00eb plot\u00eb t\u00eb tyre, \u00ebsht\u00eb i pabaz\u00eb dhe i pajustifikuesh\u00ebm.<\/p>\n<p>\u00cbsht\u00eb imperative q\u00eb shqiptar\u00ebt dhe p\u00ebrfaq\u00ebsuesit e tyre politik t\u00eb ngrisin z\u00ebrin e tyre tani dhe\u00a0 n\u00eb m\u00ebnyr\u00eb t\u00eb unifikuar e me k\u00ebmb\u00ebngulsi t\u00eb k\u00ebrkojn\u00eb\u00a0 realizimin e Komun\u00ebs s\u00eb plot\u00eb t\u00eb Tuzit,pa asnj\u00eb lloj\u00eb referendumi dhe pa kurrfar\u00eb kushti apo ultimatumi nga ana e qeveris\u00eb s\u00eb Malit t\u00eb Zi,p\u00ebrndryshe \u00e7\u00ebshtja e realizimit ,t\u00eb nj\u00eb nd\u00ebr k\u00ebrkesave m\u00eb jetike t\u00eb shqiptar\u00ebve n\u00eb k\u00ebt\u00eb shtet,do t\u00eb vazhdoj\u00eb q\u00eb edhe m\u00eb tutje t\u00eb jet\u00eb loj\u00eb poltike e Podgoric\u00ebs.<\/p>\n<p>&nbsp;<\/p>\n<p>&nbsp;<\/p>\n<p>Xheladin Zeneli<\/p>\n<p>27 Shkurt 2013<br \/>\nhttp:\/\/xheladin-zeneli.blogspot.com\/<\/p>\n","protected":false},"excerpt":{"rendered":"<p>\u00c7\u00ebshtja e Komun\u00ebs s\u00eb Tuzit (Mal\u00ebsis\u00eb) \u00ebsht\u00eb pjes\u00eb e programit,pothuajse e t\u00eb\u00a0 gjith\u00eb subjekteve politike shqiptare dhe t\u00eb disa organizatave joqeveritare\u00a0 dhe nj\u00ebkoh\u00ebsisht \u00ebsht\u00eb nj\u00eb nd\u00ebr k\u00ebrkesat e tyre kryesore.Gjithashtu,kjo \u00e7\u00ebshtje ka qen\u00eb tem\u00eb e diskutimeve t\u00eb niveleve t\u00eb ndryshme,tem\u00eb e disa elaborateve e projekteve, si dhe shkak i\u00a0 protestave paq\u00ebsore. Kurse, q\u00eb nga viti [&hellip;]<\/p>\n","protected":false},"author":1,"featured_media":0,"comment_status":"open","ping_status":"closed","sticky":false,"template":"","format":"standard","meta":{"spay_email":"","jetpack_publicize_message":"","jetpack_is_tweetstorm":false,"jetpack_publicize_feature_enabled":true},"categories":[14249],"tags":[11863],"jetpack_publicize_connections":[],"yoast_head":"<!-- This site is optimized with the Yoast SEO plugin v19.1 - https:\/\/yoast.com\/wordpress\/plugins\/seo\/ -->\n<title>Komuna e Mal\u00ebsis\u00eb,loj\u00eb politike e Podgoric\u00ebs nga Xh. Zeneli - Lajme nga Ulqini<\/title>\n<meta name=\"description\" content=\"\u00c7\u00ebshtja e Komun\u00ebs s\u00eb Tuzit (Mal\u00ebsis\u00eb) \u00ebsht\u00eb pjes\u00eb e programit,pothuajse e t\u00eb\u00a0 gjith\u00eb subjekteve politike shqiptare dhe t\u00eb disa organizatave joqeveritare\u00a0\" \/>\n<meta name=\"robots\" content=\"index, follow, max-snippet:-1, max-image-preview:large, max-video-preview:-1\" \/>\n<link rel=\"canonical\" href=\"https:\/\/www.visit-ulcinj.com\/blog\/2013\/02\/27\/komuna-e-malesiseloje-politike-e-podgorices-nga-xh-zeneli\/\" \/>\n<meta property=\"og:locale\" content=\"en_US\" \/>\n<meta property=\"og:type\" content=\"article\" \/>\n<meta property=\"og:title\" content=\"Komuna e Mal\u00ebsis\u00eb,loj\u00eb politike e Podgoric\u00ebs nga Xh. Zeneli - Lajme nga Ulqini\" \/>\n<meta property=\"og:description\" content=\"\u00c7\u00ebshtja e Komun\u00ebs s\u00eb Tuzit (Mal\u00ebsis\u00eb) \u00ebsht\u00eb pjes\u00eb e programit,pothuajse e t\u00eb\u00a0 gjith\u00eb subjekteve politike shqiptare dhe t\u00eb disa organizatave joqeveritare\u00a0\" \/>\n<meta property=\"og:url\" content=\"https:\/\/www.visit-ulcinj.com\/blog\/2013\/02\/27\/komuna-e-malesiseloje-politike-e-podgorices-nga-xh-zeneli\/\" \/>\n<meta property=\"og:site_name\" content=\"Lajme nga Ulqini\" \/>\n<meta property=\"article:published_time\" content=\"2013-02-27T17:15:22+00:00\" \/>\n<meta property=\"article:modified_time\" content=\"2013-02-27T17:15:44+00:00\" \/>\n<meta property=\"og:image\" content=\"http:\/\/www.visit-ulcinj.com\/blog\/wp-content\/uploads\/2013\/02\/XheladinZeneli.jpg\" \/>\n<meta name=\"twitter:label1\" content=\"Written by\" \/>\n\t<meta name=\"twitter:data1\" content=\"ulqini\" \/>\n\t<meta name=\"twitter:label2\" content=\"Est. reading time\" \/>\n\t<meta name=\"twitter:data2\" content=\"6 minutes\" \/>\n<script type=\"application\/ld+json\" class=\"yoast-schema-graph\">{\"@context\":\"https:\/\/schema.org\",\"@graph\":[{\"@type\":\"WebSite\",\"@id\":\"https:\/\/www.visit-ulcinj.com\/blog\/#website\",\"url\":\"https:\/\/www.visit-ulcinj.com\/blog\/\",\"name\":\"Lajme nga Ulqini\",\"description\":\"Lajme,Vijesti,Ulqini,Ulqin,Crna Gora,Mali i Zi\",\"potentialAction\":[{\"@type\":\"SearchAction\",\"target\":{\"@type\":\"EntryPoint\",\"urlTemplate\":\"https:\/\/www.visit-ulcinj.com\/blog\/?s={search_term_string}\"},\"query-input\":\"required name=search_term_string\"}],\"inLanguage\":\"en-US\"},{\"@type\":\"ImageObject\",\"inLanguage\":\"en-US\",\"@id\":\"https:\/\/www.visit-ulcinj.com\/blog\/2013\/02\/27\/komuna-e-malesiseloje-politike-e-podgorices-nga-xh-zeneli\/#primaryimage\",\"url\":\"https:\/\/www.visit-ulcinj.com\/blog\/wp-content\/uploads\/2013\/02\/XheladinZeneli.jpg\",\"contentUrl\":\"https:\/\/www.visit-ulcinj.com\/blog\/wp-content\/uploads\/2013\/02\/XheladinZeneli.jpg\",\"width\":165,\"height\":220},{\"@type\":\"WebPage\",\"@id\":\"https:\/\/www.visit-ulcinj.com\/blog\/2013\/02\/27\/komuna-e-malesiseloje-politike-e-podgorices-nga-xh-zeneli\/#webpage\",\"url\":\"https:\/\/www.visit-ulcinj.com\/blog\/2013\/02\/27\/komuna-e-malesiseloje-politike-e-podgorices-nga-xh-zeneli\/\",\"name\":\"Komuna e Mal\u00ebsis\u00eb,loj\u00eb politike e Podgoric\u00ebs nga Xh. Zeneli - Lajme nga Ulqini\",\"isPartOf\":{\"@id\":\"https:\/\/www.visit-ulcinj.com\/blog\/#website\"},\"primaryImageOfPage\":{\"@id\":\"https:\/\/www.visit-ulcinj.com\/blog\/2013\/02\/27\/komuna-e-malesiseloje-politike-e-podgorices-nga-xh-zeneli\/#primaryimage\"},\"datePublished\":\"2013-02-27T17:15:22+00:00\",\"dateModified\":\"2013-02-27T17:15:44+00:00\",\"author\":{\"@id\":\"https:\/\/www.visit-ulcinj.com\/blog\/#\/schema\/person\/dcab619c614d3038751c63bc2aadc06d\"},\"description\":\"\u00c7\u00ebshtja e Komun\u00ebs s\u00eb Tuzit (Mal\u00ebsis\u00eb) \u00ebsht\u00eb pjes\u00eb e programit,pothuajse e t\u00eb\u00a0 gjith\u00eb subjekteve politike shqiptare dhe t\u00eb disa organizatave joqeveritare\u00a0\",\"breadcrumb\":{\"@id\":\"https:\/\/www.visit-ulcinj.com\/blog\/2013\/02\/27\/komuna-e-malesiseloje-politike-e-podgorices-nga-xh-zeneli\/#breadcrumb\"},\"inLanguage\":\"en-US\",\"potentialAction\":[{\"@type\":\"ReadAction\",\"target\":[\"https:\/\/www.visit-ulcinj.com\/blog\/2013\/02\/27\/komuna-e-malesiseloje-politike-e-podgorices-nga-xh-zeneli\/\"]}]},{\"@type\":\"BreadcrumbList\",\"@id\":\"https:\/\/www.visit-ulcinj.com\/blog\/2013\/02\/27\/komuna-e-malesiseloje-politike-e-podgorices-nga-xh-zeneli\/#breadcrumb\",\"itemListElement\":[{\"@type\":\"ListItem\",\"position\":1,\"name\":\"Komuna e Mal\u00ebsis\u00eb,loj\u00eb politike e Podgoric\u00ebs nga Xh. Zeneli\"}]},{\"@type\":\"Person\",\"@id\":\"https:\/\/www.visit-ulcinj.com\/blog\/#\/schema\/person\/dcab619c614d3038751c63bc2aadc06d\",\"name\":\"ulqini\",\"sameAs\":[\"http:\/\/www.visit-ulcinj.com\"],\"url\":\"https:\/\/www.visit-ulcinj.com\/blog\/author\/admin\/\"}]}<\/script>\n<!-- \/ Yoast SEO plugin. -->","yoast_head_json":{"title":"Komuna e Mal\u00ebsis\u00eb,loj\u00eb politike e Podgoric\u00ebs nga Xh. Zeneli - Lajme nga Ulqini","description":"\u00c7\u00ebshtja e Komun\u00ebs s\u00eb Tuzit (Mal\u00ebsis\u00eb) \u00ebsht\u00eb pjes\u00eb e programit,pothuajse e t\u00eb\u00a0 gjith\u00eb subjekteve politike shqiptare dhe t\u00eb disa organizatave joqeveritare\u00a0","robots":{"index":"index","follow":"follow","max-snippet":"max-snippet:-1","max-image-preview":"max-image-preview:large","max-video-preview":"max-video-preview:-1"},"canonical":"https:\/\/www.visit-ulcinj.com\/blog\/2013\/02\/27\/komuna-e-malesiseloje-politike-e-podgorices-nga-xh-zeneli\/","og_locale":"en_US","og_type":"article","og_title":"Komuna e Mal\u00ebsis\u00eb,loj\u00eb politike e Podgoric\u00ebs nga Xh. Zeneli - Lajme nga Ulqini","og_description":"\u00c7\u00ebshtja e Komun\u00ebs s\u00eb Tuzit (Mal\u00ebsis\u00eb) \u00ebsht\u00eb pjes\u00eb e programit,pothuajse e t\u00eb\u00a0 gjith\u00eb subjekteve politike shqiptare dhe t\u00eb disa organizatave joqeveritare\u00a0","og_url":"https:\/\/www.visit-ulcinj.com\/blog\/2013\/02\/27\/komuna-e-malesiseloje-politike-e-podgorices-nga-xh-zeneli\/","og_site_name":"Lajme nga Ulqini","article_published_time":"2013-02-27T17:15:22+00:00","article_modified_time":"2013-02-27T17:15:44+00:00","og_image":[{"url":"http:\/\/www.visit-ulcinj.com\/blog\/wp-content\/uploads\/2013\/02\/XheladinZeneli.jpg"}],"twitter_misc":{"Written by":"ulqini","Est. reading time":"6 minutes"},"schema":{"@context":"https:\/\/schema.org","@graph":[{"@type":"WebSite","@id":"https:\/\/www.visit-ulcinj.com\/blog\/#website","url":"https:\/\/www.visit-ulcinj.com\/blog\/","name":"Lajme nga Ulqini","description":"Lajme,Vijesti,Ulqini,Ulqin,Crna Gora,Mali i Zi","potentialAction":[{"@type":"SearchAction","target":{"@type":"EntryPoint","urlTemplate":"https:\/\/www.visit-ulcinj.com\/blog\/?s={search_term_string}"},"query-input":"required name=search_term_string"}],"inLanguage":"en-US"},{"@type":"ImageObject","inLanguage":"en-US","@id":"https:\/\/www.visit-ulcinj.com\/blog\/2013\/02\/27\/komuna-e-malesiseloje-politike-e-podgorices-nga-xh-zeneli\/#primaryimage","url":"https:\/\/www.visit-ulcinj.com\/blog\/wp-content\/uploads\/2013\/02\/XheladinZeneli.jpg","contentUrl":"https:\/\/www.visit-ulcinj.com\/blog\/wp-content\/uploads\/2013\/02\/XheladinZeneli.jpg","width":165,"height":220},{"@type":"WebPage","@id":"https:\/\/www.visit-ulcinj.com\/blog\/2013\/02\/27\/komuna-e-malesiseloje-politike-e-podgorices-nga-xh-zeneli\/#webpage","url":"https:\/\/www.visit-ulcinj.com\/blog\/2013\/02\/27\/komuna-e-malesiseloje-politike-e-podgorices-nga-xh-zeneli\/","name":"Komuna e Mal\u00ebsis\u00eb,loj\u00eb politike e Podgoric\u00ebs nga Xh. Zeneli - Lajme nga Ulqini","isPartOf":{"@id":"https:\/\/www.visit-ulcinj.com\/blog\/#website"},"primaryImageOfPage":{"@id":"https:\/\/www.visit-ulcinj.com\/blog\/2013\/02\/27\/komuna-e-malesiseloje-politike-e-podgorices-nga-xh-zeneli\/#primaryimage"},"datePublished":"2013-02-27T17:15:22+00:00","dateModified":"2013-02-27T17:15:44+00:00","author":{"@id":"https:\/\/www.visit-ulcinj.com\/blog\/#\/schema\/person\/dcab619c614d3038751c63bc2aadc06d"},"description":"\u00c7\u00ebshtja e Komun\u00ebs s\u00eb Tuzit (Mal\u00ebsis\u00eb) \u00ebsht\u00eb pjes\u00eb e programit,pothuajse e t\u00eb\u00a0 gjith\u00eb subjekteve politike shqiptare dhe t\u00eb disa organizatave joqeveritare\u00a0","breadcrumb":{"@id":"https:\/\/www.visit-ulcinj.com\/blog\/2013\/02\/27\/komuna-e-malesiseloje-politike-e-podgorices-nga-xh-zeneli\/#breadcrumb"},"inLanguage":"en-US","potentialAction":[{"@type":"ReadAction","target":["https:\/\/www.visit-ulcinj.com\/blog\/2013\/02\/27\/komuna-e-malesiseloje-politike-e-podgorices-nga-xh-zeneli\/"]}]},{"@type":"BreadcrumbList","@id":"https:\/\/www.visit-ulcinj.com\/blog\/2013\/02\/27\/komuna-e-malesiseloje-politike-e-podgorices-nga-xh-zeneli\/#breadcrumb","itemListElement":[{"@type":"ListItem","position":1,"name":"Komuna e Mal\u00ebsis\u00eb,loj\u00eb politike e Podgoric\u00ebs nga Xh. Zeneli"}]},{"@type":"Person","@id":"https:\/\/www.visit-ulcinj.com\/blog\/#\/schema\/person\/dcab619c614d3038751c63bc2aadc06d","name":"ulqini","sameAs":["http:\/\/www.visit-ulcinj.com"],"url":"https:\/\/www.visit-ulcinj.com\/blog\/author\/admin\/"}]}},"jetpack_featured_media_url":"","jetpack_sharing_enabled":true,"jetpack_shortlink":"https:\/\/wp.me\/pe6lTn-i2r","_links":{"self":[{"href":"https:\/\/www.visit-ulcinj.com\/blog\/wp-json\/wp\/v2\/posts\/69343"}],"collection":[{"href":"https:\/\/www.visit-ulcinj.com\/blog\/wp-json\/wp\/v2\/posts"}],"about":[{"href":"https:\/\/www.visit-ulcinj.com\/blog\/wp-json\/wp\/v2\/types\/post"}],"author":[{"embeddable":true,"href":"https:\/\/www.visit-ulcinj.com\/blog\/wp-json\/wp\/v2\/users\/1"}],"replies":[{"embeddable":true,"href":"https:\/\/www.visit-ulcinj.com\/blog\/wp-json\/wp\/v2\/comments?post=69343"}],"version-history":[{"count":2,"href":"https:\/\/www.visit-ulcinj.com\/blog\/wp-json\/wp\/v2\/posts\/69343\/revisions"}],"predecessor-version":[{"id":69346,"href":"https:\/\/www.visit-ulcinj.com\/blog\/wp-json\/wp\/v2\/posts\/69343\/revisions\/69346"}],"wp:attachment":[{"href":"https:\/\/www.visit-ulcinj.com\/blog\/wp-json\/wp\/v2\/media?parent=69343"}],"wp:term":[{"taxonomy":"category","embeddable":true,"href":"https:\/\/www.visit-ulcinj.com\/blog\/wp-json\/wp\/v2\/categories?post=69343"},{"taxonomy":"post_tag","embeddable":true,"href":"https:\/\/www.visit-ulcinj.com\/blog\/wp-json\/wp\/v2\/tags?post=69343"}],"curies":[{"name":"wp","href":"https:\/\/api.w.org\/{rel}","templated":true}]}}