{"id":69359,"date":"2013-03-01T18:13:13","date_gmt":"2013-03-01T17:13:13","guid":{"rendered":"http:\/\/www.visit-ulcinj.com\/blog\/?p=69359"},"modified":"2013-03-02T21:08:26","modified_gmt":"2013-03-02T20:08:26","slug":"ftese-per-festen-e-8-marsit-ne-hotel-mediteran","status":"publish","type":"post","link":"https:\/\/www.visit-ulcinj.com\/blog\/2013\/03\/01\/ftese-per-festen-e-8-marsit-ne-hotel-mediteran\/","title":{"rendered":"Ftes\u00eb per fest\u00ebn e 8 Marsit ne Hotel Mediteran"},"content":{"rendered":"<p align=\"center\"><strong><a href=\"http:\/\/www.visit-ulcinj.com\/blog\/wp-content\/uploads\/2013\/03\/Ftes\u00eb-per-8-marsin.jpg\"><img loading=\"lazy\" class=\"alignleft  wp-image-69360\" alt=\"Ftes\u00eb per 8 marsin\" src=\"http:\/\/www.visit-ulcinj.com\/blog\/wp-content\/uploads\/2013\/03\/Ftes\u00eb-per-8-marsin.jpg\" width=\"508\" height=\"147\" \/><\/a>T\u00eb dashur miq dhe mysafir t\u00eb Hotelit Mediteran,<\/strong><\/p>\n<p style=\"text-align: left;\" align=\"center\">Ju ftojm\u00eb te kaloni nj\u00eb mbr\u00ebmje t\u00eb paharrueshme me rastin e fest\u00ebs s\u00eb 8 Marsit dit\u00ebs se gruas&#8230;<br \/>\nMe muzik\u00eb te leht\u00eb qytetare mysafir\u00ebt I arg\u00ebton grupi Trio Bend nga Ulqini.<\/p>\n<p style=\"text-align: left;\" align=\"center\"><strong>\u00c7mimi I dark\u00ebs solemne 25 \u20ac p\u00ebr person p\u00ebrfshir\u00eb dark\u00ebn ne baz\u00eb t\u00eb tryz\u00ebs suedeze dhe pijeve jo alkoholike pa caktim.<\/strong><br \/>\nRezervoni, ejani dhe k\u00ebnaquni&#8230; Rezervimet mund t\u00eb b\u00ebhen deri me 4 Mars. Numrin i tel <strong><a href=\"tel:030%20403%20124\" target=\"_blank\">030 403 124<\/a><\/strong><\/p>\n<p style=\"text-align: center;\"><strong>G\u00ebzuar 8 Marsin t\u00eb gjiht\u00eb pjestareve te gjinis\u00eb m\u00eb t\u00eb bukur nga Hoteli Mediteran!<\/strong><\/p>\n<p style=\"text-align: left;\"><a href=\"http:\/\/www.visit-ulcinj.com\/blog\/wp-content\/uploads\/2013\/03\/Ftes\u00eb-per-8-marsin.1.jpg\"><img loading=\"lazy\" class=\"alignleft  wp-image-69361\" alt=\"Ftes\u00eb per 8 marsin.1\" src=\"http:\/\/www.visit-ulcinj.com\/blog\/wp-content\/uploads\/2013\/03\/Ftes\u00eb-per-8-marsin.1.jpg\" width=\"508\" height=\"383\" \/><\/a><\/p>\n<p align=\"center\"><strong>Dragi prijatelji i gosti Hotela Mediteran Ulcinj,<\/strong><\/p>\n<div align=\"center\"><\/div>\n<p style=\"text-align: left;\" align=\"center\">Pozivamo vas da u\u017eivate u nezaboravnoj ve\u010deri povodom proslave Dana \u017dena, 8. Marta u Hotelu Mediteran. Uz starogradsku narodnu muziku, goste \u0107e zabavljati trio bend iz Ulcinja.<\/p>\n<p style=\"text-align: left;\" align=\"center\"><strong>Cijena ve\u010dere po osobi je 25 \u20ac.<br \/>\nCijena uklju\u010duje ve\u010deru na bazi \u0161vedskog stola i neograni\u010deno bezalkoholno pi\u0107e.<br \/>\n<\/strong>Rezervi\u0161ite, do\u0111ite i u\u017eivajte&#8230; Rezervacije se mogu napraviti do 4. Marta na telefon <strong><a href=\"tel:030%20403%20124\" target=\"_blank\">030 403 124<\/a><\/strong><\/p>\n<p align=\"center\"><strong>Sretan 8. Mart svim pripadnicama ljep\u0161eg pola \u017eeli Hotel Mediteran!<\/strong><\/p>\n<p align=\"center\"><span style=\"color: #ffffff;\"><br \/>\n<!--YouTube Error: bad URL entered--><br \/>\n\u0421\u0440\u0435\u045b\u0430\u043d 8. \u043c\u0430\u0440\u0442, Heureux Mars 8, \u0160\u0165astn\u00fd 8.b\u0159ezna, Happy March 8, Gl\u00fcckliche 8. M\u00e4rz, Buon 8 marzo, \u0421\u0440\u0435\u045c\u0435\u043d 8 \u043c\u0430\u0440\u0442, Boldog m\u00e1rcius 8, Szcz\u0119\u015bliwa 08 marca, Sre\u010den 8. marec, \u0414\u043d\u0435\u043c 8 \u041c\u0430\u0440\u0442\u0430, <\/span><\/p>\n<p><strong><br \/>\n<\/strong><\/p>\n","protected":false},"excerpt":{"rendered":"<p>T\u00eb dashur miq dhe mysafir t\u00eb Hotelit Mediteran, Ju ftojm\u00eb te kaloni nj\u00eb mbr\u00ebmje t\u00eb paharrueshme me rastin e fest\u00ebs s\u00eb 8 Marsit dit\u00ebs se gruas&#8230; Me muzik\u00eb te leht\u00eb qytetare mysafir\u00ebt I arg\u00ebton grupi Trio Bend nga Ulqini. \u00c7mimi I dark\u00ebs solemne 25 \u20ac p\u00ebr person p\u00ebrfshir\u00eb dark\u00ebn ne baz\u00eb t\u00eb tryz\u00ebs suedeze dhe [&hellip;]<\/p>\n","protected":false},"author":1,"featured_media":0,"comment_status":"open","ping_status":"closed","sticky":false,"template":"","format":"standard","meta":{"spay_email":"","jetpack_publicize_message":"","jetpack_is_tweetstorm":false,"jetpack_publicize_feature_enabled":true},"categories":[4,6950],"tags":[21923,21919,21913,21920,21918,21917,21916,21914,15892,21924,21922,21921,21915],"jetpack_publicize_connections":[],"yoast_head":"<!-- This site is optimized with the Yoast SEO plugin v19.1 - https:\/\/yoast.com\/wordpress\/plugins\/seo\/ -->\n<title>Ftes\u00eb per fest\u00ebn e 8 Marsit ne Hotel Mediteran - Lajme nga Ulqini<\/title>\n<meta name=\"description\" content=\"T\u00eb dashur miq dhe mysafir t\u00eb Hotelit Mediteran, Ju ftojm\u00eb te kaloni nj\u00eb mbr\u00ebmje t\u00eb paharrueshme me rastin e fest\u00ebs s\u00eb 8 Marsit dit\u00ebs se gruas... Me muzik\u00eb\" \/>\n<meta name=\"robots\" content=\"index, follow, max-snippet:-1, max-image-preview:large, max-video-preview:-1\" \/>\n<link rel=\"canonical\" href=\"https:\/\/www.visit-ulcinj.com\/blog\/2013\/03\/01\/ftese-per-festen-e-8-marsit-ne-hotel-mediteran\/\" \/>\n<meta property=\"og:locale\" content=\"en_US\" \/>\n<meta property=\"og:type\" content=\"article\" \/>\n<meta property=\"og:title\" content=\"Ftes\u00eb per fest\u00ebn e 8 Marsit ne Hotel Mediteran - Lajme nga Ulqini\" \/>\n<meta property=\"og:description\" content=\"T\u00eb dashur miq dhe mysafir t\u00eb Hotelit Mediteran, Ju ftojm\u00eb te kaloni nj\u00eb mbr\u00ebmje t\u00eb paharrueshme me rastin e fest\u00ebs s\u00eb 8 Marsit dit\u00ebs se gruas... Me muzik\u00eb\" \/>\n<meta property=\"og:url\" content=\"https:\/\/www.visit-ulcinj.com\/blog\/2013\/03\/01\/ftese-per-festen-e-8-marsit-ne-hotel-mediteran\/\" \/>\n<meta property=\"og:site_name\" content=\"Lajme nga Ulqini\" \/>\n<meta property=\"article:published_time\" content=\"2013-03-01T17:13:13+00:00\" \/>\n<meta property=\"article:modified_time\" content=\"2013-03-02T20:08:26+00:00\" \/>\n<meta name=\"twitter:label1\" content=\"Written by\" \/>\n\t<meta name=\"twitter:data1\" content=\"ulqini\" \/>\n\t<meta name=\"twitter:label2\" content=\"Est. reading time\" \/>\n\t<meta name=\"twitter:data2\" content=\"1 minute\" \/>\n<script type=\"application\/ld+json\" class=\"yoast-schema-graph\">{\"@context\":\"https:\/\/schema.org\",\"@graph\":[{\"@type\":\"WebSite\",\"@id\":\"https:\/\/www.visit-ulcinj.com\/blog\/#website\",\"url\":\"https:\/\/www.visit-ulcinj.com\/blog\/\",\"name\":\"Lajme nga Ulqini\",\"description\":\"Lajme,Vijesti,Ulqini,Ulqin,Crna Gora,Mali i Zi\",\"potentialAction\":[{\"@type\":\"SearchAction\",\"target\":{\"@type\":\"EntryPoint\",\"urlTemplate\":\"https:\/\/www.visit-ulcinj.com\/blog\/?s={search_term_string}\"},\"query-input\":\"required name=search_term_string\"}],\"inLanguage\":\"en-US\"},{\"@type\":\"WebPage\",\"@id\":\"https:\/\/www.visit-ulcinj.com\/blog\/2013\/03\/01\/ftese-per-festen-e-8-marsit-ne-hotel-mediteran\/#webpage\",\"url\":\"https:\/\/www.visit-ulcinj.com\/blog\/2013\/03\/01\/ftese-per-festen-e-8-marsit-ne-hotel-mediteran\/\",\"name\":\"Ftes\u00eb per fest\u00ebn e 8 Marsit ne Hotel Mediteran - Lajme nga Ulqini\",\"isPartOf\":{\"@id\":\"https:\/\/www.visit-ulcinj.com\/blog\/#website\"},\"datePublished\":\"2013-03-01T17:13:13+00:00\",\"dateModified\":\"2013-03-02T20:08:26+00:00\",\"author\":{\"@id\":\"https:\/\/www.visit-ulcinj.com\/blog\/#\/schema\/person\/dcab619c614d3038751c63bc2aadc06d\"},\"description\":\"T\u00eb dashur miq dhe mysafir t\u00eb Hotelit Mediteran, Ju ftojm\u00eb te kaloni nj\u00eb mbr\u00ebmje t\u00eb paharrueshme me rastin e fest\u00ebs s\u00eb 8 Marsit dit\u00ebs se gruas... Me muzik\u00eb\",\"breadcrumb\":{\"@id\":\"https:\/\/www.visit-ulcinj.com\/blog\/2013\/03\/01\/ftese-per-festen-e-8-marsit-ne-hotel-mediteran\/#breadcrumb\"},\"inLanguage\":\"en-US\",\"potentialAction\":[{\"@type\":\"ReadAction\",\"target\":[\"https:\/\/www.visit-ulcinj.com\/blog\/2013\/03\/01\/ftese-per-festen-e-8-marsit-ne-hotel-mediteran\/\"]}]},{\"@type\":\"BreadcrumbList\",\"@id\":\"https:\/\/www.visit-ulcinj.com\/blog\/2013\/03\/01\/ftese-per-festen-e-8-marsit-ne-hotel-mediteran\/#breadcrumb\",\"itemListElement\":[{\"@type\":\"ListItem\",\"position\":1,\"name\":\"Ftes\u00eb per fest\u00ebn e 8 Marsit ne Hotel Mediteran\"}]},{\"@type\":\"Person\",\"@id\":\"https:\/\/www.visit-ulcinj.com\/blog\/#\/schema\/person\/dcab619c614d3038751c63bc2aadc06d\",\"name\":\"ulqini\",\"sameAs\":[\"http:\/\/www.visit-ulcinj.com\"],\"url\":\"https:\/\/www.visit-ulcinj.com\/blog\/author\/admin\/\"}]}<\/script>\n<!-- \/ Yoast SEO plugin. -->","yoast_head_json":{"title":"Ftes\u00eb per fest\u00ebn e 8 Marsit ne Hotel Mediteran - Lajme nga Ulqini","description":"T\u00eb dashur miq dhe mysafir t\u00eb Hotelit Mediteran, Ju ftojm\u00eb te kaloni nj\u00eb mbr\u00ebmje t\u00eb paharrueshme me rastin e fest\u00ebs s\u00eb 8 Marsit dit\u00ebs se gruas... Me muzik\u00eb","robots":{"index":"index","follow":"follow","max-snippet":"max-snippet:-1","max-image-preview":"max-image-preview:large","max-video-preview":"max-video-preview:-1"},"canonical":"https:\/\/www.visit-ulcinj.com\/blog\/2013\/03\/01\/ftese-per-festen-e-8-marsit-ne-hotel-mediteran\/","og_locale":"en_US","og_type":"article","og_title":"Ftes\u00eb per fest\u00ebn e 8 Marsit ne Hotel Mediteran - Lajme nga Ulqini","og_description":"T\u00eb dashur miq dhe mysafir t\u00eb Hotelit Mediteran, Ju ftojm\u00eb te kaloni nj\u00eb mbr\u00ebmje t\u00eb paharrueshme me rastin e fest\u00ebs s\u00eb 8 Marsit dit\u00ebs se gruas... Me muzik\u00eb","og_url":"https:\/\/www.visit-ulcinj.com\/blog\/2013\/03\/01\/ftese-per-festen-e-8-marsit-ne-hotel-mediteran\/","og_site_name":"Lajme nga Ulqini","article_published_time":"2013-03-01T17:13:13+00:00","article_modified_time":"2013-03-02T20:08:26+00:00","twitter_misc":{"Written by":"ulqini","Est. reading time":"1 minute"},"schema":{"@context":"https:\/\/schema.org","@graph":[{"@type":"WebSite","@id":"https:\/\/www.visit-ulcinj.com\/blog\/#website","url":"https:\/\/www.visit-ulcinj.com\/blog\/","name":"Lajme nga Ulqini","description":"Lajme,Vijesti,Ulqini,Ulqin,Crna Gora,Mali i Zi","potentialAction":[{"@type":"SearchAction","target":{"@type":"EntryPoint","urlTemplate":"https:\/\/www.visit-ulcinj.com\/blog\/?s={search_term_string}"},"query-input":"required name=search_term_string"}],"inLanguage":"en-US"},{"@type":"WebPage","@id":"https:\/\/www.visit-ulcinj.com\/blog\/2013\/03\/01\/ftese-per-festen-e-8-marsit-ne-hotel-mediteran\/#webpage","url":"https:\/\/www.visit-ulcinj.com\/blog\/2013\/03\/01\/ftese-per-festen-e-8-marsit-ne-hotel-mediteran\/","name":"Ftes\u00eb per fest\u00ebn e 8 Marsit ne Hotel Mediteran - Lajme nga Ulqini","isPartOf":{"@id":"https:\/\/www.visit-ulcinj.com\/blog\/#website"},"datePublished":"2013-03-01T17:13:13+00:00","dateModified":"2013-03-02T20:08:26+00:00","author":{"@id":"https:\/\/www.visit-ulcinj.com\/blog\/#\/schema\/person\/dcab619c614d3038751c63bc2aadc06d"},"description":"T\u00eb dashur miq dhe mysafir t\u00eb Hotelit Mediteran, Ju ftojm\u00eb te kaloni nj\u00eb mbr\u00ebmje t\u00eb paharrueshme me rastin e fest\u00ebs s\u00eb 8 Marsit dit\u00ebs se gruas... Me muzik\u00eb","breadcrumb":{"@id":"https:\/\/www.visit-ulcinj.com\/blog\/2013\/03\/01\/ftese-per-festen-e-8-marsit-ne-hotel-mediteran\/#breadcrumb"},"inLanguage":"en-US","potentialAction":[{"@type":"ReadAction","target":["https:\/\/www.visit-ulcinj.com\/blog\/2013\/03\/01\/ftese-per-festen-e-8-marsit-ne-hotel-mediteran\/"]}]},{"@type":"BreadcrumbList","@id":"https:\/\/www.visit-ulcinj.com\/blog\/2013\/03\/01\/ftese-per-festen-e-8-marsit-ne-hotel-mediteran\/#breadcrumb","itemListElement":[{"@type":"ListItem","position":1,"name":"Ftes\u00eb per fest\u00ebn e 8 Marsit ne Hotel Mediteran"}]},{"@type":"Person","@id":"https:\/\/www.visit-ulcinj.com\/blog\/#\/schema\/person\/dcab619c614d3038751c63bc2aadc06d","name":"ulqini","sameAs":["http:\/\/www.visit-ulcinj.com"],"url":"https:\/\/www.visit-ulcinj.com\/blog\/author\/admin\/"}]}},"jetpack_featured_media_url":"","jetpack_sharing_enabled":true,"jetpack_shortlink":"https:\/\/wp.me\/pe6lTn-i2H","_links":{"self":[{"href":"https:\/\/www.visit-ulcinj.com\/blog\/wp-json\/wp\/v2\/posts\/69359"}],"collection":[{"href":"https:\/\/www.visit-ulcinj.com\/blog\/wp-json\/wp\/v2\/posts"}],"about":[{"href":"https:\/\/www.visit-ulcinj.com\/blog\/wp-json\/wp\/v2\/types\/post"}],"author":[{"embeddable":true,"href":"https:\/\/www.visit-ulcinj.com\/blog\/wp-json\/wp\/v2\/users\/1"}],"replies":[{"embeddable":true,"href":"https:\/\/www.visit-ulcinj.com\/blog\/wp-json\/wp\/v2\/comments?post=69359"}],"version-history":[{"count":4,"href":"https:\/\/www.visit-ulcinj.com\/blog\/wp-json\/wp\/v2\/posts\/69359\/revisions"}],"predecessor-version":[{"id":69404,"href":"https:\/\/www.visit-ulcinj.com\/blog\/wp-json\/wp\/v2\/posts\/69359\/revisions\/69404"}],"wp:attachment":[{"href":"https:\/\/www.visit-ulcinj.com\/blog\/wp-json\/wp\/v2\/media?parent=69359"}],"wp:term":[{"taxonomy":"category","embeddable":true,"href":"https:\/\/www.visit-ulcinj.com\/blog\/wp-json\/wp\/v2\/categories?post=69359"},{"taxonomy":"post_tag","embeddable":true,"href":"https:\/\/www.visit-ulcinj.com\/blog\/wp-json\/wp\/v2\/tags?post=69359"}],"curies":[{"name":"wp","href":"https:\/\/api.w.org\/{rel}","templated":true}]}}