{"id":69373,"date":"2013-03-02T00:11:49","date_gmt":"2013-03-01T23:11:49","guid":{"rendered":"http:\/\/www.visit-ulcinj.com\/blog\/?p=69373"},"modified":"2013-03-02T07:58:53","modified_gmt":"2013-03-02T06:58:53","slug":"ot-e-ulqinit-merr-pjes-ne-panairin-e-turizmit-ne-budapest-utazas-2013","status":"publish","type":"post","link":"https:\/\/www.visit-ulcinj.com\/blog\/2013\/03\/02\/ot-e-ulqinit-merr-pjes-ne-panairin-e-turizmit-ne-budapest-utazas-2013\/","title":{"rendered":"OT e Ulqinit merr pjes n\u00eb panairin e turizmit n\u00eb Budapest \u201eUTAZAS\u201d 2013"},"content":{"rendered":"<p><strong><strong><a href=\"http:\/\/www.visit-ulcinj.com\/blog\/wp-content\/uploads\/2013\/03\/Organizata-turistike-e-Ulqinit-ne-Panairin-Utazas-Budapest.2013.jpg\"><img loading=\"lazy\" class=\"alignleft  wp-image-69375\" alt=\"Organizata turistike e Ulqinit ne Panairin Utazas Budapest.2013\" src=\"http:\/\/www.visit-ulcinj.com\/blog\/wp-content\/uploads\/2013\/03\/Organizata-turistike-e-Ulqinit-ne-Panairin-Utazas-Budapest.2013.jpg\" width=\"508\" height=\"360\" \/><\/a>Raport nga Panairi i turizmit<\/strong> Budapest \u201eUTAZAS\u201c-prej ( 28.02. \u2013 03.mars 2013)<\/strong><\/p>\n<p>N\u00eb panarin e 36 Nd\u00ebrkomb\u00ebtar UTAZAS i cili mbahet prej 28 shkurt deri me 3 mars n\u00eb Budapest n\u00eb banakun e perbashk\u00ebt jan\u00eb duke marr\u00eb pjes\u00eb Organizatat lokale turistike t\u00eb Ulqinit, Tivatit, Kotorrit, Herceg Novit, Budv\u00eb, Tivarit dhe Cetin\u00ebs, ku po prezentohet oferta turistike e qyteteve te lart\u00ebp\u00ebrmendura, si dhe oferta e Malit te Zi n\u00eb teresi si destinacion turistik.<\/p>\n<p>Prezentimin e p\u00ebrbashk\u00ebt t\u00eb organizatave turistike t\u00eb Ulqinit, Tivatit, Kotorrit, Herceg Novit, Budv\u00ebs dhe Tivarit e kan\u00eb p\u00ebrkrahur shum\u00eb afarist\u00eb si me prezenc\u00ebn e tyre ashtu edhe me an\u00eb t\u00eb materijaleve promovuese. Prej afaristeve q\u00eb jan\u00eb duke marre pjes\u00eb n\u00eb banakun ton\u00eb jan\u00eb hoteli Mediteran nga Ulqini, Rivijera e Budv\u00ebs dhe Hungest Sun Resort nga Herceg Novi. Dit\u00ebn e dyt\u00eb do ti bashk\u00ebngjiten edhe Organizatat lokale t\u00eb Beranes, Plevl\u00ebs dhe Kollashinit.<\/p>\n<p>Menj\u00ebher\u00eb dit\u00ebn e par\u00eb t\u00eb panairit jan\u00eb mbajtur disa takime pune me p\u00ebrfaqesuesit e agjensioneve turistike dhe turoperatereve: Haris Travel Club, Adria Tours KFT, Holiday Egertourist, Paradis Travel, Kiraly Tours, Delta T \u2013 Tours, Thomas Cook, Neckermann, Neverland Travel KFT etj.<\/p>\n<p>Poashtu dit\u00ebn e par\u00eb n\u00eb banakun e Malit te Zi ka qen\u00eb prezent edhe Ambasadori i Malit t\u00eb Zi n\u00eb Hungari z. Mirsad Biboviq I cili ka p\u00ebrshendetur me k\u00ebt\u00eb rast t\u00eb pranishmit q\u00eb kan\u00eb vendosur ta b\u00ebjn\u00eb prezentimin ne kuad\u00ebr t\u00eb nj\u00eb banaku t\u00eb p\u00ebrbashk\u00ebt, si dhe sekretarja e Ambasad\u00ebs zonja Borjanka Simiqeviq.<\/p>\n<p>Vizitor\u00ebve t\u00eb banakut ton\u00eb n\u00eb kuad\u00ebr t\u00eb panairit t\u00eb 36 Utazas \u00ebsht\u00eb ofruar nj\u00eb num\u00ebr i madh i materijaleve promovues dhe deri ne fund te panairit pritet nje numer i madh i vizitoreve si dhe nje bashkepunim me to.<\/p>\n<p>N\u00eb k\u00ebt\u00eb panair Nd\u00ebrkomb\u00ebtar jan\u00eb duke marr\u00eb pjes\u00eb rreth 500 ekspozues nga 30 vende te ndryshme, q\u00eb edhe nj\u00ebher konfimorn faktin q\u00eb ky panair ndjek hapat e panaireve t\u00eb njohur nga regioni.<\/p>\n\n\t\t<style type=\"text\/css\">\n\t\t\t#gallery-1 {\n\t\t\t\tmargin: auto;\n\t\t\t}\n\t\t\t#gallery-1 .gallery-item {\n\t\t\t\tfloat: left;\n\t\t\t\tmargin-top: 10px;\n\t\t\t\ttext-align: center;\n\t\t\t\twidth: 33%;\n\t\t\t}\n\t\t\t#gallery-1 img {\n\t\t\t\tborder: 2px solid #cfcfcf;\n\t\t\t}\n\t\t\t#gallery-1 .gallery-caption {\n\t\t\t\tmargin-left: 0;\n\t\t\t}\n\t\t\t\/* see gallery_shortcode() in wp-includes\/media.php *\/\n\t\t<\/style>\n\t\t<div id='gallery-1' class='gallery galleryid-69373 gallery-columns-3 gallery-size-thumbnail'><dl class='gallery-item'>\n\t\t\t<dt class='gallery-icon landscape'>\n\t\t\t\t<a href='https:\/\/www.visit-ulcinj.com\/blog\/2013\/03\/02\/ot-e-ulqinit-merr-pjes-ne-panairin-e-turizmit-ne-budapest-utazas-2013\/organizata-turistike-e-ulqinit-ne-panairin-utazas-budapest-2013-5\/'><img width=\"150\" height=\"150\" src=\"https:\/\/www.visit-ulcinj.com\/blog\/wp-content\/uploads\/2013\/03\/Organizata-turistike-e-Ulqinit-ne-Panairin-Utazas-Budapest.2013.5-150x150.jpg\" class=\"attachment-thumbnail size-thumbnail\" alt=\"\" loading=\"lazy\" \/><\/a>\n\t\t\t<\/dt><\/dl><dl class='gallery-item'>\n\t\t\t<dt class='gallery-icon landscape'>\n\t\t\t\t<a href='https:\/\/www.visit-ulcinj.com\/blog\/2013\/03\/02\/ot-e-ulqinit-merr-pjes-ne-panairin-e-turizmit-ne-budapest-utazas-2013\/organizata-turistike-e-ulqinit-ne-panairin-utazas-budapest-2013\/'><img width=\"150\" height=\"150\" src=\"https:\/\/www.visit-ulcinj.com\/blog\/wp-content\/uploads\/2013\/03\/Organizata-turistike-e-Ulqinit-ne-Panairin-Utazas-Budapest.2013-150x150.jpg\" class=\"attachment-thumbnail size-thumbnail\" alt=\"\" loading=\"lazy\" \/><\/a>\n\t\t\t<\/dt><\/dl><dl class='gallery-item'>\n\t\t\t<dt class='gallery-icon landscape'>\n\t\t\t\t<a href='https:\/\/www.visit-ulcinj.com\/blog\/2013\/03\/02\/ot-e-ulqinit-merr-pjes-ne-panairin-e-turizmit-ne-budapest-utazas-2013\/organizata-turistike-e-ulqinit-ne-panairin-utazas-budapest-2013-4\/'><img width=\"150\" height=\"150\" src=\"https:\/\/www.visit-ulcinj.com\/blog\/wp-content\/uploads\/2013\/03\/Organizata-turistike-e-Ulqinit-ne-Panairin-Utazas-Budapest.2013.4-150x150.jpg\" class=\"attachment-thumbnail size-thumbnail\" alt=\"\" loading=\"lazy\" \/><\/a>\n\t\t\t<\/dt><\/dl><br style=\"clear: both\" \/><dl class='gallery-item'>\n\t\t\t<dt class='gallery-icon landscape'>\n\t\t\t\t<a href='https:\/\/www.visit-ulcinj.com\/blog\/2013\/03\/02\/ot-e-ulqinit-merr-pjes-ne-panairin-e-turizmit-ne-budapest-utazas-2013\/organizata-turistike-e-ulqinit-ne-panairin-utazas-budapest-2013-3\/'><img width=\"150\" height=\"150\" src=\"https:\/\/www.visit-ulcinj.com\/blog\/wp-content\/uploads\/2013\/03\/Organizata-turistike-e-Ulqinit-ne-Panairin-Utazas-Budapest.2013.3-150x150.jpg\" class=\"attachment-thumbnail size-thumbnail\" alt=\"\" loading=\"lazy\" \/><\/a>\n\t\t\t<\/dt><\/dl><dl class='gallery-item'>\n\t\t\t<dt class='gallery-icon landscape'>\n\t\t\t\t<a href='https:\/\/www.visit-ulcinj.com\/blog\/2013\/03\/02\/ot-e-ulqinit-merr-pjes-ne-panairin-e-turizmit-ne-budapest-utazas-2013\/organizata-turistike-e-ulqinit-ne-panairin-utazas-budapest-2013-2\/'><img width=\"150\" height=\"150\" src=\"https:\/\/www.visit-ulcinj.com\/blog\/wp-content\/uploads\/2013\/03\/Organizata-turistike-e-Ulqinit-ne-Panairin-Utazas-Budapest.2013.2-150x150.jpg\" class=\"attachment-thumbnail size-thumbnail\" alt=\"\" loading=\"lazy\" \/><\/a>\n\t\t\t<\/dt><\/dl><dl class='gallery-item'>\n\t\t\t<dt class='gallery-icon landscape'>\n\t\t\t\t<a href='https:\/\/www.visit-ulcinj.com\/blog\/2013\/03\/02\/ot-e-ulqinit-merr-pjes-ne-panairin-e-turizmit-ne-budapest-utazas-2013\/organizata-turistike-e-ulqinit-ne-panairin-utazas-budapest-2013-1\/'><img width=\"150\" height=\"150\" src=\"https:\/\/www.visit-ulcinj.com\/blog\/wp-content\/uploads\/2013\/03\/Organizata-turistike-e-Ulqinit-ne-Panairin-Utazas-Budapest.2013.1-150x150.jpg\" class=\"attachment-thumbnail size-thumbnail\" alt=\"\" loading=\"lazy\" \/><\/a>\n\t\t\t<\/dt><\/dl><br style=\"clear: both\" \/>\n\t\t<\/div>\n\n","protected":false},"excerpt":{"rendered":"<p>Raport nga Panairi i turizmit Budapest \u201eUTAZAS\u201c-prej ( 28.02. \u2013 03.mars 2013) N\u00eb panarin e 36 Nd\u00ebrkomb\u00ebtar UTAZAS i cili mbahet prej 28 shkurt deri me 3 mars n\u00eb Budapest n\u00eb banakun e perbashk\u00ebt jan\u00eb duke marr\u00eb pjes\u00eb Organizatat lokale turistike t\u00eb Ulqinit, Tivatit, Kotorrit, Herceg Novit, Budv\u00eb, Tivarit dhe Cetin\u00ebs, ku po prezentohet oferta [&hellip;]<\/p>\n","protected":false},"author":1,"featured_media":0,"comment_status":"open","ping_status":"closed","sticky":false,"template":"","format":"standard","meta":{"spay_email":"","jetpack_publicize_message":"","jetpack_is_tweetstorm":false,"jetpack_publicize_feature_enabled":true},"categories":[1],"tags":[671],"jetpack_publicize_connections":[],"yoast_head":"<!-- This site is optimized with the Yoast SEO plugin v19.1 - https:\/\/yoast.com\/wordpress\/plugins\/seo\/ -->\n<title>OT e Ulqinit merr pjes n\u00eb panairin e turizmit n\u00eb Budapest \u201eUTAZAS\u201d 2013 - Lajme nga Ulqini<\/title>\n<meta name=\"description\" content=\"Raport nga Panairi i turizmit Budapest \u201eUTAZAS\u201c-prej ( 28.02. \u2013 03.mars 2013) N\u00eb panarin e 36 Nd\u00ebrkomb\u00ebtar UTAZAS i cili mbahet prej 28 shkurt deri me 3\" \/>\n<meta name=\"robots\" content=\"index, follow, max-snippet:-1, max-image-preview:large, max-video-preview:-1\" \/>\n<link rel=\"canonical\" href=\"https:\/\/www.visit-ulcinj.com\/blog\/2013\/03\/02\/ot-e-ulqinit-merr-pjes-ne-panairin-e-turizmit-ne-budapest-utazas-2013\/\" \/>\n<meta property=\"og:locale\" content=\"en_US\" \/>\n<meta property=\"og:type\" content=\"article\" \/>\n<meta property=\"og:title\" content=\"OT e Ulqinit merr pjes n\u00eb panairin e turizmit n\u00eb Budapest \u201eUTAZAS\u201d 2013 - Lajme nga Ulqini\" \/>\n<meta property=\"og:description\" content=\"Raport nga Panairi i turizmit Budapest \u201eUTAZAS\u201c-prej ( 28.02. \u2013 03.mars 2013) N\u00eb panarin e 36 Nd\u00ebrkomb\u00ebtar UTAZAS i cili mbahet prej 28 shkurt deri me 3\" \/>\n<meta property=\"og:url\" content=\"https:\/\/www.visit-ulcinj.com\/blog\/2013\/03\/02\/ot-e-ulqinit-merr-pjes-ne-panairin-e-turizmit-ne-budapest-utazas-2013\/\" \/>\n<meta property=\"og:site_name\" content=\"Lajme nga Ulqini\" \/>\n<meta property=\"article:published_time\" content=\"2013-03-01T23:11:49+00:00\" \/>\n<meta property=\"article:modified_time\" content=\"2013-03-02T06:58:53+00:00\" \/>\n<meta property=\"og:image\" content=\"https:\/\/www.visit-ulcinj.com\/blog\/wp-content\/uploads\/2013\/03\/Organizata-turistike-e-Ulqinit-ne-Panairin-Utazas-Budapest.2013.5-150x150.jpg\" \/>\n<meta name=\"twitter:label1\" content=\"Written by\" \/>\n\t<meta name=\"twitter:data1\" content=\"ulqini\" \/>\n\t<meta name=\"twitter:label2\" content=\"Est. reading time\" \/>\n\t<meta name=\"twitter:data2\" content=\"2 minutes\" \/>\n<script type=\"application\/ld+json\" class=\"yoast-schema-graph\">{\"@context\":\"https:\/\/schema.org\",\"@graph\":[{\"@type\":\"WebSite\",\"@id\":\"https:\/\/www.visit-ulcinj.com\/blog\/#website\",\"url\":\"https:\/\/www.visit-ulcinj.com\/blog\/\",\"name\":\"Lajme nga Ulqini\",\"description\":\"Lajme,Vijesti,Ulqini,Ulqin,Crna Gora,Mali i Zi\",\"potentialAction\":[{\"@type\":\"SearchAction\",\"target\":{\"@type\":\"EntryPoint\",\"urlTemplate\":\"https:\/\/www.visit-ulcinj.com\/blog\/?s={search_term_string}\"},\"query-input\":\"required name=search_term_string\"}],\"inLanguage\":\"en-US\"},{\"@type\":\"ImageObject\",\"inLanguage\":\"en-US\",\"@id\":\"https:\/\/www.visit-ulcinj.com\/blog\/2013\/03\/02\/ot-e-ulqinit-merr-pjes-ne-panairin-e-turizmit-ne-budapest-utazas-2013\/#primaryimage\",\"url\":\"https:\/\/www.visit-ulcinj.com\/blog\/wp-content\/uploads\/2013\/03\/Organizata-turistike-e-Ulqinit-ne-Panairin-Utazas-Budapest.2013.jpg\",\"contentUrl\":\"https:\/\/www.visit-ulcinj.com\/blog\/wp-content\/uploads\/2013\/03\/Organizata-turistike-e-Ulqinit-ne-Panairin-Utazas-Budapest.2013.jpg\",\"width\":1000,\"height\":750},{\"@type\":\"WebPage\",\"@id\":\"https:\/\/www.visit-ulcinj.com\/blog\/2013\/03\/02\/ot-e-ulqinit-merr-pjes-ne-panairin-e-turizmit-ne-budapest-utazas-2013\/#webpage\",\"url\":\"https:\/\/www.visit-ulcinj.com\/blog\/2013\/03\/02\/ot-e-ulqinit-merr-pjes-ne-panairin-e-turizmit-ne-budapest-utazas-2013\/\",\"name\":\"OT e Ulqinit merr pjes n\u00eb panairin e turizmit n\u00eb Budapest \u201eUTAZAS\u201d 2013 - Lajme nga Ulqini\",\"isPartOf\":{\"@id\":\"https:\/\/www.visit-ulcinj.com\/blog\/#website\"},\"primaryImageOfPage\":{\"@id\":\"https:\/\/www.visit-ulcinj.com\/blog\/2013\/03\/02\/ot-e-ulqinit-merr-pjes-ne-panairin-e-turizmit-ne-budapest-utazas-2013\/#primaryimage\"},\"datePublished\":\"2013-03-01T23:11:49+00:00\",\"dateModified\":\"2013-03-02T06:58:53+00:00\",\"author\":{\"@id\":\"https:\/\/www.visit-ulcinj.com\/blog\/#\/schema\/person\/dcab619c614d3038751c63bc2aadc06d\"},\"description\":\"Raport nga Panairi i turizmit Budapest \u201eUTAZAS\u201c-prej ( 28.02. \u2013 03.mars 2013) N\u00eb panarin e 36 Nd\u00ebrkomb\u00ebtar UTAZAS i cili mbahet prej 28 shkurt deri me 3\",\"breadcrumb\":{\"@id\":\"https:\/\/www.visit-ulcinj.com\/blog\/2013\/03\/02\/ot-e-ulqinit-merr-pjes-ne-panairin-e-turizmit-ne-budapest-utazas-2013\/#breadcrumb\"},\"inLanguage\":\"en-US\",\"potentialAction\":[{\"@type\":\"ReadAction\",\"target\":[\"https:\/\/www.visit-ulcinj.com\/blog\/2013\/03\/02\/ot-e-ulqinit-merr-pjes-ne-panairin-e-turizmit-ne-budapest-utazas-2013\/\"]}]},{\"@type\":\"BreadcrumbList\",\"@id\":\"https:\/\/www.visit-ulcinj.com\/blog\/2013\/03\/02\/ot-e-ulqinit-merr-pjes-ne-panairin-e-turizmit-ne-budapest-utazas-2013\/#breadcrumb\",\"itemListElement\":[{\"@type\":\"ListItem\",\"position\":1,\"name\":\"OT e Ulqinit merr pjes n\u00eb panairin e turizmit n\u00eb Budapest \u201eUTAZAS\u201d 2013\"}]},{\"@type\":\"Person\",\"@id\":\"https:\/\/www.visit-ulcinj.com\/blog\/#\/schema\/person\/dcab619c614d3038751c63bc2aadc06d\",\"name\":\"ulqini\",\"sameAs\":[\"http:\/\/www.visit-ulcinj.com\"],\"url\":\"https:\/\/www.visit-ulcinj.com\/blog\/author\/admin\/\"}]}<\/script>\n<!-- \/ Yoast SEO plugin. -->","yoast_head_json":{"title":"OT e Ulqinit merr pjes n\u00eb panairin e turizmit n\u00eb Budapest \u201eUTAZAS\u201d 2013 - Lajme nga Ulqini","description":"Raport nga Panairi i turizmit Budapest \u201eUTAZAS\u201c-prej ( 28.02. \u2013 03.mars 2013) N\u00eb panarin e 36 Nd\u00ebrkomb\u00ebtar UTAZAS i cili mbahet prej 28 shkurt deri me 3","robots":{"index":"index","follow":"follow","max-snippet":"max-snippet:-1","max-image-preview":"max-image-preview:large","max-video-preview":"max-video-preview:-1"},"canonical":"https:\/\/www.visit-ulcinj.com\/blog\/2013\/03\/02\/ot-e-ulqinit-merr-pjes-ne-panairin-e-turizmit-ne-budapest-utazas-2013\/","og_locale":"en_US","og_type":"article","og_title":"OT e Ulqinit merr pjes n\u00eb panairin e turizmit n\u00eb Budapest \u201eUTAZAS\u201d 2013 - Lajme nga Ulqini","og_description":"Raport nga Panairi i turizmit Budapest \u201eUTAZAS\u201c-prej ( 28.02. \u2013 03.mars 2013) N\u00eb panarin e 36 Nd\u00ebrkomb\u00ebtar UTAZAS i cili mbahet prej 28 shkurt deri me 3","og_url":"https:\/\/www.visit-ulcinj.com\/blog\/2013\/03\/02\/ot-e-ulqinit-merr-pjes-ne-panairin-e-turizmit-ne-budapest-utazas-2013\/","og_site_name":"Lajme nga Ulqini","article_published_time":"2013-03-01T23:11:49+00:00","article_modified_time":"2013-03-02T06:58:53+00:00","og_image":[{"url":"https:\/\/www.visit-ulcinj.com\/blog\/wp-content\/uploads\/2013\/03\/Organizata-turistike-e-Ulqinit-ne-Panairin-Utazas-Budapest.2013.5-150x150.jpg"}],"twitter_misc":{"Written by":"ulqini","Est. reading time":"2 minutes"},"schema":{"@context":"https:\/\/schema.org","@graph":[{"@type":"WebSite","@id":"https:\/\/www.visit-ulcinj.com\/blog\/#website","url":"https:\/\/www.visit-ulcinj.com\/blog\/","name":"Lajme nga Ulqini","description":"Lajme,Vijesti,Ulqini,Ulqin,Crna Gora,Mali i Zi","potentialAction":[{"@type":"SearchAction","target":{"@type":"EntryPoint","urlTemplate":"https:\/\/www.visit-ulcinj.com\/blog\/?s={search_term_string}"},"query-input":"required name=search_term_string"}],"inLanguage":"en-US"},{"@type":"ImageObject","inLanguage":"en-US","@id":"https:\/\/www.visit-ulcinj.com\/blog\/2013\/03\/02\/ot-e-ulqinit-merr-pjes-ne-panairin-e-turizmit-ne-budapest-utazas-2013\/#primaryimage","url":"https:\/\/www.visit-ulcinj.com\/blog\/wp-content\/uploads\/2013\/03\/Organizata-turistike-e-Ulqinit-ne-Panairin-Utazas-Budapest.2013.jpg","contentUrl":"https:\/\/www.visit-ulcinj.com\/blog\/wp-content\/uploads\/2013\/03\/Organizata-turistike-e-Ulqinit-ne-Panairin-Utazas-Budapest.2013.jpg","width":1000,"height":750},{"@type":"WebPage","@id":"https:\/\/www.visit-ulcinj.com\/blog\/2013\/03\/02\/ot-e-ulqinit-merr-pjes-ne-panairin-e-turizmit-ne-budapest-utazas-2013\/#webpage","url":"https:\/\/www.visit-ulcinj.com\/blog\/2013\/03\/02\/ot-e-ulqinit-merr-pjes-ne-panairin-e-turizmit-ne-budapest-utazas-2013\/","name":"OT e Ulqinit merr pjes n\u00eb panairin e turizmit n\u00eb Budapest \u201eUTAZAS\u201d 2013 - Lajme nga Ulqini","isPartOf":{"@id":"https:\/\/www.visit-ulcinj.com\/blog\/#website"},"primaryImageOfPage":{"@id":"https:\/\/www.visit-ulcinj.com\/blog\/2013\/03\/02\/ot-e-ulqinit-merr-pjes-ne-panairin-e-turizmit-ne-budapest-utazas-2013\/#primaryimage"},"datePublished":"2013-03-01T23:11:49+00:00","dateModified":"2013-03-02T06:58:53+00:00","author":{"@id":"https:\/\/www.visit-ulcinj.com\/blog\/#\/schema\/person\/dcab619c614d3038751c63bc2aadc06d"},"description":"Raport nga Panairi i turizmit Budapest \u201eUTAZAS\u201c-prej ( 28.02. \u2013 03.mars 2013) N\u00eb panarin e 36 Nd\u00ebrkomb\u00ebtar UTAZAS i cili mbahet prej 28 shkurt deri me 3","breadcrumb":{"@id":"https:\/\/www.visit-ulcinj.com\/blog\/2013\/03\/02\/ot-e-ulqinit-merr-pjes-ne-panairin-e-turizmit-ne-budapest-utazas-2013\/#breadcrumb"},"inLanguage":"en-US","potentialAction":[{"@type":"ReadAction","target":["https:\/\/www.visit-ulcinj.com\/blog\/2013\/03\/02\/ot-e-ulqinit-merr-pjes-ne-panairin-e-turizmit-ne-budapest-utazas-2013\/"]}]},{"@type":"BreadcrumbList","@id":"https:\/\/www.visit-ulcinj.com\/blog\/2013\/03\/02\/ot-e-ulqinit-merr-pjes-ne-panairin-e-turizmit-ne-budapest-utazas-2013\/#breadcrumb","itemListElement":[{"@type":"ListItem","position":1,"name":"OT e Ulqinit merr pjes n\u00eb panairin e turizmit n\u00eb Budapest \u201eUTAZAS\u201d 2013"}]},{"@type":"Person","@id":"https:\/\/www.visit-ulcinj.com\/blog\/#\/schema\/person\/dcab619c614d3038751c63bc2aadc06d","name":"ulqini","sameAs":["http:\/\/www.visit-ulcinj.com"],"url":"https:\/\/www.visit-ulcinj.com\/blog\/author\/admin\/"}]}},"jetpack_featured_media_url":"","jetpack_sharing_enabled":true,"jetpack_shortlink":"https:\/\/wp.me\/pe6lTn-i2V","_links":{"self":[{"href":"https:\/\/www.visit-ulcinj.com\/blog\/wp-json\/wp\/v2\/posts\/69373"}],"collection":[{"href":"https:\/\/www.visit-ulcinj.com\/blog\/wp-json\/wp\/v2\/posts"}],"about":[{"href":"https:\/\/www.visit-ulcinj.com\/blog\/wp-json\/wp\/v2\/types\/post"}],"author":[{"embeddable":true,"href":"https:\/\/www.visit-ulcinj.com\/blog\/wp-json\/wp\/v2\/users\/1"}],"replies":[{"embeddable":true,"href":"https:\/\/www.visit-ulcinj.com\/blog\/wp-json\/wp\/v2\/comments?post=69373"}],"version-history":[{"count":3,"href":"https:\/\/www.visit-ulcinj.com\/blog\/wp-json\/wp\/v2\/posts\/69373\/revisions"}],"predecessor-version":[{"id":69383,"href":"https:\/\/www.visit-ulcinj.com\/blog\/wp-json\/wp\/v2\/posts\/69373\/revisions\/69383"}],"wp:attachment":[{"href":"https:\/\/www.visit-ulcinj.com\/blog\/wp-json\/wp\/v2\/media?parent=69373"}],"wp:term":[{"taxonomy":"category","embeddable":true,"href":"https:\/\/www.visit-ulcinj.com\/blog\/wp-json\/wp\/v2\/categories?post=69373"},{"taxonomy":"post_tag","embeddable":true,"href":"https:\/\/www.visit-ulcinj.com\/blog\/wp-json\/wp\/v2\/tags?post=69373"}],"curies":[{"name":"wp","href":"https:\/\/api.w.org\/{rel}","templated":true}]}}