{"id":69385,"date":"2013-03-02T08:08:49","date_gmt":"2013-03-02T07:08:49","guid":{"rendered":"http:\/\/www.visit-ulcinj.com\/blog\/?p=69385"},"modified":"2013-03-02T08:09:30","modified_gmt":"2013-03-02T07:09:30","slug":"turisticka-ponuda-ulcinja-na-sajmu-u-u-budimpesti-utazas-2013","status":"publish","type":"post","link":"https:\/\/www.visit-ulcinj.com\/blog\/2013\/03\/02\/turisticka-ponuda-ulcinja-na-sajmu-u-u-budimpesti-utazas-2013\/","title":{"rendered":"Turisti\u010dka ponuda Ulcinja na sajmu u u Budimpe\u0161ti \u201eUTAZAS 2013\u201c"},"content":{"rendered":"<p><strong><a href=\"http:\/\/www.visit-ulcinj.com\/blog\/wp-content\/uploads\/2013\/03\/Organizata-turistike-e-Ulqinit-ne-Panairin-Utazas-Budapest.2013.jpg\"><img loading=\"lazy\" class=\"alignleft  wp-image-69375\" alt=\"Organizata turistike e Ulqinit ne Panairin Utazas Budapest.2013\" src=\"http:\/\/www.visit-ulcinj.com\/blog\/wp-content\/uploads\/2013\/03\/Organizata-turistike-e-Ulqinit-ne-Panairin-Utazas-Budapest.2013.jpg\" width=\"508\" height=\"360\" \/><\/a>Budimpe\u0161ta &#8211; UTAZAS 2013<\/strong><\/p>\n<p>Na 36. Me\u0111unarodnom sajmu turizma \u201eUTAZAS\u201c, koji se od 28.februara do 03. marta odr\u017eava u Budimpe\u0161ti, ucestvuje i Turisti\u010dka Organizacija Ulcinj. Na zajedni\u010dkom \u0161tandu nastupaju lokalne turisti\u010dke organizacije \u00a0Tivta, Kotora, Herceg Novog, Budve i Bara i Cetinja na kojem se predstavlja turisti\u010dka ponuda pomenutih gradova, a i cjelokupna ponuda Crne Gore kao turisti\u010dke destinacije.<\/p>\n<p>Zajedni\u010dko predstavljanje turisti\u010dkih organizacija Ulcinja, Tivta, Kotora, \u00a0Herceg Novog , Budve i Bara podr\u017eao je veliki broj privrednika,kako u\u010de\u0161\u0107em sa svojim promotivnim materijalom,tako i li\u010dnim prisustvom. Od privrednika na na\u0161em \u0161tandu, prisustvuju predstavnici hotela Mediteran iz Ulcinja, Budvanske rivijere i Hungest Sun Resort hotela iz Herceg Novog. Drugog dana sajma na na\u0161em \u0161tandu pridru\u017ei\u0107e se \u00a0i predstavnici LTO sa sjevera, iz Berana, Pljevalja i Kola\u0161ina.<\/p>\n<p>Ve\u0107 prvog dana sajma odr\u017eani su brojni poslovni susreti sa predstavnicima mnogih turisti\u010dkih agencija i turisti\u010dkih operatora: Haris Travel Club, Adria Tours Kft., Holiday-Egertourist Kft., Paradis Travel, Kiraly Tours, Delta T-Tours, Thomas Cook,Neckermann,Neverland Travel Kft. i drugi.<\/p>\n<p>Tako\u0111e prvog dana sajma na\u0161 \u00a0\u0161tand posjetili su \u00a0Ambasador Crne Gore u Ma\u0111arskoj \u00a0g-din \u00a0Mirsad Bibovi\u0107 \u00a0i sekretar Ambasade gospo\u0111a Borjanka Simi\u0107evi\u0107.<\/p>\n<p>Posjetiocima na\u0161eg \u0161tanda u okviru 36. UTAZAS-a ponu\u0111en je i raznovrstan propagandni materijal, i do kraja sajma o\u010dekuje se kontinuirano dobra posje\u0107enost i uspostavljanje kontakata i saradnje.<\/p>\n<p>Na 36. Me\u0111unarodnom sajmu turizma u Budimpe\u0161ti u\u010destvuje 500 izlaga\u010da iz 30 zemalja svijeta, \u0161to potvr\u0111uje \u010dinjenicu da ovaj sajam prati renomirane sajmove turizma u regionu.<\/p>\n<p>Strucna sluzba TO ULCINJ<\/p>\n\n\t\t<style type=\"text\/css\">\n\t\t\t#gallery-1 {\n\t\t\t\tmargin: auto;\n\t\t\t}\n\t\t\t#gallery-1 .gallery-item {\n\t\t\t\tfloat: left;\n\t\t\t\tmargin-top: 10px;\n\t\t\t\ttext-align: center;\n\t\t\t\twidth: 33%;\n\t\t\t}\n\t\t\t#gallery-1 img {\n\t\t\t\tborder: 2px solid #cfcfcf;\n\t\t\t}\n\t\t\t#gallery-1 .gallery-caption {\n\t\t\t\tmargin-left: 0;\n\t\t\t}\n\t\t\t\/* see gallery_shortcode() in wp-includes\/media.php *\/\n\t\t<\/style>\n\t\t<div id='gallery-1' class='gallery galleryid-69385 gallery-columns-3 gallery-size-thumbnail'><dl class='gallery-item'>\n\t\t\t<dt class='gallery-icon landscape'>\n\t\t\t\t<a href='https:\/\/www.visit-ulcinj.com\/blog\/2013\/03\/02\/ot-e-ulqinit-merr-pjes-ne-panairin-e-turizmit-ne-budapest-utazas-2013\/organizata-turistike-e-ulqinit-ne-panairin-utazas-budapest-2013-5\/'><img width=\"150\" height=\"150\" src=\"https:\/\/www.visit-ulcinj.com\/blog\/wp-content\/uploads\/2013\/03\/Organizata-turistike-e-Ulqinit-ne-Panairin-Utazas-Budapest.2013.5-150x150.jpg\" class=\"attachment-thumbnail size-thumbnail\" alt=\"\" loading=\"lazy\" \/><\/a>\n\t\t\t<\/dt><\/dl><dl class='gallery-item'>\n\t\t\t<dt class='gallery-icon landscape'>\n\t\t\t\t<a href='https:\/\/www.visit-ulcinj.com\/blog\/2013\/03\/02\/ot-e-ulqinit-merr-pjes-ne-panairin-e-turizmit-ne-budapest-utazas-2013\/organizata-turistike-e-ulqinit-ne-panairin-utazas-budapest-2013-4\/'><img width=\"150\" height=\"150\" src=\"https:\/\/www.visit-ulcinj.com\/blog\/wp-content\/uploads\/2013\/03\/Organizata-turistike-e-Ulqinit-ne-Panairin-Utazas-Budapest.2013.4-150x150.jpg\" class=\"attachment-thumbnail size-thumbnail\" alt=\"\" loading=\"lazy\" \/><\/a>\n\t\t\t<\/dt><\/dl><dl class='gallery-item'>\n\t\t\t<dt class='gallery-icon landscape'>\n\t\t\t\t<a href='https:\/\/www.visit-ulcinj.com\/blog\/2013\/03\/02\/ot-e-ulqinit-merr-pjes-ne-panairin-e-turizmit-ne-budapest-utazas-2013\/organizata-turistike-e-ulqinit-ne-panairin-utazas-budapest-2013-3\/'><img width=\"150\" height=\"150\" src=\"https:\/\/www.visit-ulcinj.com\/blog\/wp-content\/uploads\/2013\/03\/Organizata-turistike-e-Ulqinit-ne-Panairin-Utazas-Budapest.2013.3-150x150.jpg\" class=\"attachment-thumbnail size-thumbnail\" alt=\"\" loading=\"lazy\" \/><\/a>\n\t\t\t<\/dt><\/dl><br style=\"clear: both\" \/><dl class='gallery-item'>\n\t\t\t<dt class='gallery-icon landscape'>\n\t\t\t\t<a href='https:\/\/www.visit-ulcinj.com\/blog\/2013\/03\/02\/ot-e-ulqinit-merr-pjes-ne-panairin-e-turizmit-ne-budapest-utazas-2013\/organizata-turistike-e-ulqinit-ne-panairin-utazas-budapest-2013-2\/'><img width=\"150\" height=\"150\" src=\"https:\/\/www.visit-ulcinj.com\/blog\/wp-content\/uploads\/2013\/03\/Organizata-turistike-e-Ulqinit-ne-Panairin-Utazas-Budapest.2013.2-150x150.jpg\" class=\"attachment-thumbnail size-thumbnail\" alt=\"\" loading=\"lazy\" \/><\/a>\n\t\t\t<\/dt><\/dl><dl class='gallery-item'>\n\t\t\t<dt class='gallery-icon landscape'>\n\t\t\t\t<a href='https:\/\/www.visit-ulcinj.com\/blog\/2013\/03\/02\/ot-e-ulqinit-merr-pjes-ne-panairin-e-turizmit-ne-budapest-utazas-2013\/organizata-turistike-e-ulqinit-ne-panairin-utazas-budapest-2013-1\/'><img width=\"150\" height=\"150\" src=\"https:\/\/www.visit-ulcinj.com\/blog\/wp-content\/uploads\/2013\/03\/Organizata-turistike-e-Ulqinit-ne-Panairin-Utazas-Budapest.2013.1-150x150.jpg\" class=\"attachment-thumbnail size-thumbnail\" alt=\"\" loading=\"lazy\" \/><\/a>\n\t\t\t<\/dt><\/dl><dl class='gallery-item'>\n\t\t\t<dt class='gallery-icon landscape'>\n\t\t\t\t<a href='https:\/\/www.visit-ulcinj.com\/blog\/2013\/03\/02\/ot-e-ulqinit-merr-pjes-ne-panairin-e-turizmit-ne-budapest-utazas-2013\/organizata-turistike-e-ulqinit-ne-panairin-utazas-budapest-2013\/'><img width=\"150\" height=\"150\" src=\"https:\/\/www.visit-ulcinj.com\/blog\/wp-content\/uploads\/2013\/03\/Organizata-turistike-e-Ulqinit-ne-Panairin-Utazas-Budapest.2013-150x150.jpg\" class=\"attachment-thumbnail size-thumbnail\" alt=\"\" loading=\"lazy\" \/><\/a>\n\t\t\t<\/dt><\/dl><br style=\"clear: both\" \/>\n\t\t<\/div>\n\n","protected":false},"excerpt":{"rendered":"<p>Budimpe\u0161ta &#8211; UTAZAS 2013 Na 36. Me\u0111unarodnom sajmu turizma \u201eUTAZAS\u201c, koji se od 28.februara do 03. marta odr\u017eava u Budimpe\u0161ti, ucestvuje i Turisti\u010dka Organizacija Ulcinj. Na zajedni\u010dkom \u0161tandu nastupaju lokalne turisti\u010dke organizacije \u00a0Tivta, Kotora, Herceg Novog, Budve i Bara i Cetinja na kojem se predstavlja turisti\u010dka ponuda pomenutih gradova, a i cjelokupna ponuda Crne Gore [&hellip;]<\/p>\n","protected":false},"author":1,"featured_media":0,"comment_status":"open","ping_status":"closed","sticky":false,"template":"","format":"standard","meta":{"spay_email":"","jetpack_publicize_message":"","jetpack_is_tweetstorm":false,"jetpack_publicize_feature_enabled":true},"categories":[6950],"tags":[19],"jetpack_publicize_connections":[],"yoast_head":"<!-- This site is optimized with the Yoast SEO plugin v19.1 - https:\/\/yoast.com\/wordpress\/plugins\/seo\/ -->\n<title>Turisti\u010dka ponuda Ulcinja na sajmu u u Budimpe\u0161ti \u201eUTAZAS 2013\u201c - Lajme nga Ulqini<\/title>\n<meta name=\"description\" content=\"Budimpe\u0161ta - UTAZAS 2013 Na 36. Me\u0111unarodnom sajmu turizma \u201eUTAZAS\u201c, koji se od 28.februara do 03. marta odr\u017eava u Budimpe\u0161ti, ucestvuje i Turisti\u010dka\" \/>\n<meta name=\"robots\" content=\"index, follow, max-snippet:-1, max-image-preview:large, max-video-preview:-1\" \/>\n<link rel=\"canonical\" href=\"https:\/\/www.visit-ulcinj.com\/blog\/2013\/03\/02\/turisticka-ponuda-ulcinja-na-sajmu-u-u-budimpesti-utazas-2013\/\" \/>\n<meta property=\"og:locale\" content=\"en_US\" \/>\n<meta property=\"og:type\" content=\"article\" \/>\n<meta property=\"og:title\" content=\"Turisti\u010dka ponuda Ulcinja na sajmu u u Budimpe\u0161ti \u201eUTAZAS 2013\u201c - Lajme nga Ulqini\" \/>\n<meta property=\"og:description\" content=\"Budimpe\u0161ta - UTAZAS 2013 Na 36. Me\u0111unarodnom sajmu turizma \u201eUTAZAS\u201c, koji se od 28.februara do 03. marta odr\u017eava u Budimpe\u0161ti, ucestvuje i Turisti\u010dka\" \/>\n<meta property=\"og:url\" content=\"https:\/\/www.visit-ulcinj.com\/blog\/2013\/03\/02\/turisticka-ponuda-ulcinja-na-sajmu-u-u-budimpesti-utazas-2013\/\" \/>\n<meta property=\"og:site_name\" content=\"Lajme nga Ulqini\" \/>\n<meta property=\"article:published_time\" content=\"2013-03-02T07:08:49+00:00\" \/>\n<meta property=\"article:modified_time\" content=\"2013-03-02T07:09:30+00:00\" \/>\n<meta property=\"og:image\" content=\"https:\/\/www.visit-ulcinj.com\/blog\/wp-content\/uploads\/2013\/03\/Organizata-turistike-e-Ulqinit-ne-Panairin-Utazas-Budapest.2013.5-150x150.jpg\" \/>\n<meta name=\"twitter:label1\" content=\"Written by\" \/>\n\t<meta name=\"twitter:data1\" content=\"ulqini\" \/>\n\t<meta name=\"twitter:label2\" content=\"Est. reading time\" \/>\n\t<meta name=\"twitter:data2\" content=\"1 minute\" \/>\n<script type=\"application\/ld+json\" class=\"yoast-schema-graph\">{\"@context\":\"https:\/\/schema.org\",\"@graph\":[{\"@type\":\"WebSite\",\"@id\":\"https:\/\/www.visit-ulcinj.com\/blog\/#website\",\"url\":\"https:\/\/www.visit-ulcinj.com\/blog\/\",\"name\":\"Lajme nga Ulqini\",\"description\":\"Lajme,Vijesti,Ulqini,Ulqin,Crna Gora,Mali i Zi\",\"potentialAction\":[{\"@type\":\"SearchAction\",\"target\":{\"@type\":\"EntryPoint\",\"urlTemplate\":\"https:\/\/www.visit-ulcinj.com\/blog\/?s={search_term_string}\"},\"query-input\":\"required name=search_term_string\"}],\"inLanguage\":\"en-US\"},{\"@type\":\"ImageObject\",\"inLanguage\":\"en-US\",\"@id\":\"https:\/\/www.visit-ulcinj.com\/blog\/2013\/03\/02\/turisticka-ponuda-ulcinja-na-sajmu-u-u-budimpesti-utazas-2013\/#primaryimage\",\"url\":\"https:\/\/www.visit-ulcinj.com\/blog\/wp-content\/uploads\/2013\/03\/Organizata-turistike-e-Ulqinit-ne-Panairin-Utazas-Budapest.2013.jpg\",\"contentUrl\":\"https:\/\/www.visit-ulcinj.com\/blog\/wp-content\/uploads\/2013\/03\/Organizata-turistike-e-Ulqinit-ne-Panairin-Utazas-Budapest.2013.jpg\",\"width\":1000,\"height\":750},{\"@type\":\"WebPage\",\"@id\":\"https:\/\/www.visit-ulcinj.com\/blog\/2013\/03\/02\/turisticka-ponuda-ulcinja-na-sajmu-u-u-budimpesti-utazas-2013\/#webpage\",\"url\":\"https:\/\/www.visit-ulcinj.com\/blog\/2013\/03\/02\/turisticka-ponuda-ulcinja-na-sajmu-u-u-budimpesti-utazas-2013\/\",\"name\":\"Turisti\u010dka ponuda Ulcinja na sajmu u u Budimpe\u0161ti \u201eUTAZAS 2013\u201c - Lajme nga Ulqini\",\"isPartOf\":{\"@id\":\"https:\/\/www.visit-ulcinj.com\/blog\/#website\"},\"primaryImageOfPage\":{\"@id\":\"https:\/\/www.visit-ulcinj.com\/blog\/2013\/03\/02\/turisticka-ponuda-ulcinja-na-sajmu-u-u-budimpesti-utazas-2013\/#primaryimage\"},\"datePublished\":\"2013-03-02T07:08:49+00:00\",\"dateModified\":\"2013-03-02T07:09:30+00:00\",\"author\":{\"@id\":\"https:\/\/www.visit-ulcinj.com\/blog\/#\/schema\/person\/dcab619c614d3038751c63bc2aadc06d\"},\"description\":\"Budimpe\u0161ta - UTAZAS 2013 Na 36. Me\u0111unarodnom sajmu turizma \u201eUTAZAS\u201c, koji se od 28.februara do 03. marta odr\u017eava u Budimpe\u0161ti, ucestvuje i Turisti\u010dka\",\"breadcrumb\":{\"@id\":\"https:\/\/www.visit-ulcinj.com\/blog\/2013\/03\/02\/turisticka-ponuda-ulcinja-na-sajmu-u-u-budimpesti-utazas-2013\/#breadcrumb\"},\"inLanguage\":\"en-US\",\"potentialAction\":[{\"@type\":\"ReadAction\",\"target\":[\"https:\/\/www.visit-ulcinj.com\/blog\/2013\/03\/02\/turisticka-ponuda-ulcinja-na-sajmu-u-u-budimpesti-utazas-2013\/\"]}]},{\"@type\":\"BreadcrumbList\",\"@id\":\"https:\/\/www.visit-ulcinj.com\/blog\/2013\/03\/02\/turisticka-ponuda-ulcinja-na-sajmu-u-u-budimpesti-utazas-2013\/#breadcrumb\",\"itemListElement\":[{\"@type\":\"ListItem\",\"position\":1,\"name\":\"Turisti\u010dka ponuda Ulcinja na sajmu u u Budimpe\u0161ti \u201eUTAZAS 2013\u201c\"}]},{\"@type\":\"Person\",\"@id\":\"https:\/\/www.visit-ulcinj.com\/blog\/#\/schema\/person\/dcab619c614d3038751c63bc2aadc06d\",\"name\":\"ulqini\",\"sameAs\":[\"http:\/\/www.visit-ulcinj.com\"],\"url\":\"https:\/\/www.visit-ulcinj.com\/blog\/author\/admin\/\"}]}<\/script>\n<!-- \/ Yoast SEO plugin. -->","yoast_head_json":{"title":"Turisti\u010dka ponuda Ulcinja na sajmu u u Budimpe\u0161ti \u201eUTAZAS 2013\u201c - Lajme nga Ulqini","description":"Budimpe\u0161ta - UTAZAS 2013 Na 36. Me\u0111unarodnom sajmu turizma \u201eUTAZAS\u201c, koji se od 28.februara do 03. marta odr\u017eava u Budimpe\u0161ti, ucestvuje i Turisti\u010dka","robots":{"index":"index","follow":"follow","max-snippet":"max-snippet:-1","max-image-preview":"max-image-preview:large","max-video-preview":"max-video-preview:-1"},"canonical":"https:\/\/www.visit-ulcinj.com\/blog\/2013\/03\/02\/turisticka-ponuda-ulcinja-na-sajmu-u-u-budimpesti-utazas-2013\/","og_locale":"en_US","og_type":"article","og_title":"Turisti\u010dka ponuda Ulcinja na sajmu u u Budimpe\u0161ti \u201eUTAZAS 2013\u201c - Lajme nga Ulqini","og_description":"Budimpe\u0161ta - UTAZAS 2013 Na 36. Me\u0111unarodnom sajmu turizma \u201eUTAZAS\u201c, koji se od 28.februara do 03. marta odr\u017eava u Budimpe\u0161ti, ucestvuje i Turisti\u010dka","og_url":"https:\/\/www.visit-ulcinj.com\/blog\/2013\/03\/02\/turisticka-ponuda-ulcinja-na-sajmu-u-u-budimpesti-utazas-2013\/","og_site_name":"Lajme nga Ulqini","article_published_time":"2013-03-02T07:08:49+00:00","article_modified_time":"2013-03-02T07:09:30+00:00","og_image":[{"url":"https:\/\/www.visit-ulcinj.com\/blog\/wp-content\/uploads\/2013\/03\/Organizata-turistike-e-Ulqinit-ne-Panairin-Utazas-Budapest.2013.5-150x150.jpg"}],"twitter_misc":{"Written by":"ulqini","Est. reading time":"1 minute"},"schema":{"@context":"https:\/\/schema.org","@graph":[{"@type":"WebSite","@id":"https:\/\/www.visit-ulcinj.com\/blog\/#website","url":"https:\/\/www.visit-ulcinj.com\/blog\/","name":"Lajme nga Ulqini","description":"Lajme,Vijesti,Ulqini,Ulqin,Crna Gora,Mali i Zi","potentialAction":[{"@type":"SearchAction","target":{"@type":"EntryPoint","urlTemplate":"https:\/\/www.visit-ulcinj.com\/blog\/?s={search_term_string}"},"query-input":"required name=search_term_string"}],"inLanguage":"en-US"},{"@type":"ImageObject","inLanguage":"en-US","@id":"https:\/\/www.visit-ulcinj.com\/blog\/2013\/03\/02\/turisticka-ponuda-ulcinja-na-sajmu-u-u-budimpesti-utazas-2013\/#primaryimage","url":"https:\/\/www.visit-ulcinj.com\/blog\/wp-content\/uploads\/2013\/03\/Organizata-turistike-e-Ulqinit-ne-Panairin-Utazas-Budapest.2013.jpg","contentUrl":"https:\/\/www.visit-ulcinj.com\/blog\/wp-content\/uploads\/2013\/03\/Organizata-turistike-e-Ulqinit-ne-Panairin-Utazas-Budapest.2013.jpg","width":1000,"height":750},{"@type":"WebPage","@id":"https:\/\/www.visit-ulcinj.com\/blog\/2013\/03\/02\/turisticka-ponuda-ulcinja-na-sajmu-u-u-budimpesti-utazas-2013\/#webpage","url":"https:\/\/www.visit-ulcinj.com\/blog\/2013\/03\/02\/turisticka-ponuda-ulcinja-na-sajmu-u-u-budimpesti-utazas-2013\/","name":"Turisti\u010dka ponuda Ulcinja na sajmu u u Budimpe\u0161ti \u201eUTAZAS 2013\u201c - Lajme nga Ulqini","isPartOf":{"@id":"https:\/\/www.visit-ulcinj.com\/blog\/#website"},"primaryImageOfPage":{"@id":"https:\/\/www.visit-ulcinj.com\/blog\/2013\/03\/02\/turisticka-ponuda-ulcinja-na-sajmu-u-u-budimpesti-utazas-2013\/#primaryimage"},"datePublished":"2013-03-02T07:08:49+00:00","dateModified":"2013-03-02T07:09:30+00:00","author":{"@id":"https:\/\/www.visit-ulcinj.com\/blog\/#\/schema\/person\/dcab619c614d3038751c63bc2aadc06d"},"description":"Budimpe\u0161ta - UTAZAS 2013 Na 36. Me\u0111unarodnom sajmu turizma \u201eUTAZAS\u201c, koji se od 28.februara do 03. marta odr\u017eava u Budimpe\u0161ti, ucestvuje i Turisti\u010dka","breadcrumb":{"@id":"https:\/\/www.visit-ulcinj.com\/blog\/2013\/03\/02\/turisticka-ponuda-ulcinja-na-sajmu-u-u-budimpesti-utazas-2013\/#breadcrumb"},"inLanguage":"en-US","potentialAction":[{"@type":"ReadAction","target":["https:\/\/www.visit-ulcinj.com\/blog\/2013\/03\/02\/turisticka-ponuda-ulcinja-na-sajmu-u-u-budimpesti-utazas-2013\/"]}]},{"@type":"BreadcrumbList","@id":"https:\/\/www.visit-ulcinj.com\/blog\/2013\/03\/02\/turisticka-ponuda-ulcinja-na-sajmu-u-u-budimpesti-utazas-2013\/#breadcrumb","itemListElement":[{"@type":"ListItem","position":1,"name":"Turisti\u010dka ponuda Ulcinja na sajmu u u Budimpe\u0161ti \u201eUTAZAS 2013\u201c"}]},{"@type":"Person","@id":"https:\/\/www.visit-ulcinj.com\/blog\/#\/schema\/person\/dcab619c614d3038751c63bc2aadc06d","name":"ulqini","sameAs":["http:\/\/www.visit-ulcinj.com"],"url":"https:\/\/www.visit-ulcinj.com\/blog\/author\/admin\/"}]}},"jetpack_featured_media_url":"","jetpack_sharing_enabled":true,"jetpack_shortlink":"https:\/\/wp.me\/pe6lTn-i37","_links":{"self":[{"href":"https:\/\/www.visit-ulcinj.com\/blog\/wp-json\/wp\/v2\/posts\/69385"}],"collection":[{"href":"https:\/\/www.visit-ulcinj.com\/blog\/wp-json\/wp\/v2\/posts"}],"about":[{"href":"https:\/\/www.visit-ulcinj.com\/blog\/wp-json\/wp\/v2\/types\/post"}],"author":[{"embeddable":true,"href":"https:\/\/www.visit-ulcinj.com\/blog\/wp-json\/wp\/v2\/users\/1"}],"replies":[{"embeddable":true,"href":"https:\/\/www.visit-ulcinj.com\/blog\/wp-json\/wp\/v2\/comments?post=69385"}],"version-history":[{"count":2,"href":"https:\/\/www.visit-ulcinj.com\/blog\/wp-json\/wp\/v2\/posts\/69385\/revisions"}],"predecessor-version":[{"id":69387,"href":"https:\/\/www.visit-ulcinj.com\/blog\/wp-json\/wp\/v2\/posts\/69385\/revisions\/69387"}],"wp:attachment":[{"href":"https:\/\/www.visit-ulcinj.com\/blog\/wp-json\/wp\/v2\/media?parent=69385"}],"wp:term":[{"taxonomy":"category","embeddable":true,"href":"https:\/\/www.visit-ulcinj.com\/blog\/wp-json\/wp\/v2\/categories?post=69385"},{"taxonomy":"post_tag","embeddable":true,"href":"https:\/\/www.visit-ulcinj.com\/blog\/wp-json\/wp\/v2\/tags?post=69385"}],"curies":[{"name":"wp","href":"https:\/\/api.w.org\/{rel}","templated":true}]}}