{"id":69388,"date":"2013-03-02T08:30:20","date_gmt":"2013-03-02T07:30:20","guid":{"rendered":"http:\/\/www.visit-ulcinj.com\/blog\/?p=69388"},"modified":"2013-03-02T08:30:37","modified_gmt":"2013-03-02T07:30:37","slug":"potpisan-bratimljenje-odbora-iz-e-ulcinj-i-odbora-iz-e-prizren","status":"publish","type":"post","link":"https:\/\/www.visit-ulcinj.com\/blog\/2013\/03\/02\/potpisan-bratimljenje-odbora-iz-e-ulcinj-i-odbora-iz-e-prizren\/","title":{"rendered":"Potpisan Bratimljenje Odbora IZ-e Ulcinj i Odbora IZ-e Prizren"},"content":{"rendered":"<p><a href=\"http:\/\/www.visit-ulcinj.com\/blog\/wp-content\/uploads\/2013\/02\/Binjak\u00ebzimi-i-k\u00ebshillave-t\u00eb-Bashk\u00ebsis\u00eb-Islame-t\u00eb-Ulqinit-dhe-Prizrenit.13.jpg\"><img loading=\"lazy\" class=\"alignleft  wp-image-69251\" alt=\"Binjak\u00ebzimi i k\u00ebshillave t\u00eb Bashk\u00ebsis\u00eb Islame t\u00eb Ulqinit dhe Prizrenit.13\" src=\"http:\/\/www.visit-ulcinj.com\/blog\/wp-content\/uploads\/2013\/02\/Binjak\u00ebzimi-i-k\u00ebshillave-t\u00eb-Bashk\u00ebsis\u00eb-Islame-t\u00eb-Ulqinit-dhe-Prizrenit.13.jpg\" width=\"508\" height=\"360\" \/><\/a>Prizren \u2013 U petak, 22.02.2013. godine, u Prizrenu, potpisan je akt bratimljenja dva Odbora Islamskih zajednica Ulcinja i Prizrena.<\/p>\n<p>Delegaciju O.I.Z. Ulcinj u sastavu Hafiz Jakup \u0160enaj, Mr. Ali-ef. Bardhi, Gazmend Dollaku, Mr. Suad-ef. Ukoshata, Mirsad-ef. Mu\u00e7aj, Bajram-ef. Hajdari, Isa-ef. Aloshi i Agim Dragovoja, \u00a0boravila je u Prizrenu tokom dana d\u017eume, kojom prilikom je do\u010dekana od osoblja O.I.Z. Prizren. Neki od imama iz Ulcinja odr\u017eali su hutbe u nekoliko prizrenskih d\u017eamija: hafiz Jakup u Sinan Pa\u0161inoj d\u017eamiji, glavni imam Ali-ef. Bardhi u Sejdi beg d\u017eamiji i Mirsad-ef. Mu\u00e7aj u glavnoj Bajrakli d\u017eamiji. Hutbu u Bajrakli d\u017eamiji snimila je i lokalna televizija TV Besa i istu emitirala nave\u010de.<\/p>\n<p>Nakon bratskih besjeda, sve\u010dani akt potpisan je u lokalima prizrenske Medrese. U ime OIZ Prizren akt bratimljenja potpisao je predsjednik OIZ Prizren, Lutfi-ef. Ball\u00ebk, a u ime OIZ Ulcinj, predsjednik Gazmend Dollaku. Nakon potpisivaja, svi prisutni su imali zajedni\u010dki sve\u010dani ru\u010dak.<\/p>\n<p>\u010cin bratimljenja podrazumijeva tje\u0161niju saradnju izme\u0111u Odbora IZ-e ovih dvaju gradova, razmjenu imama po vjerskim skupovima, organizirane posjete d\u017eemata, i sl., i u\u010dinjen je uz prethodni pristanak Predsjedni\u0161tva IZ-e Kosova i Me\u0161ihata IZ-e u Crnoj Gori.<\/p>\n<p><strong>Suad Ukoshata<br \/>\nIzvor: Monteislam<br \/>\n<\/strong><\/p>\n","protected":false},"excerpt":{"rendered":"<p>Prizren \u2013 U petak, 22.02.2013. godine, u Prizrenu, potpisan je akt bratimljenja dva Odbora Islamskih zajednica Ulcinja i Prizrena. Delegaciju O.I.Z. Ulcinj u sastavu Hafiz Jakup \u0160enaj, Mr. Ali-ef. Bardhi, Gazmend Dollaku, Mr. Suad-ef. Ukoshata, Mirsad-ef. Mu\u00e7aj, Bajram-ef. Hajdari, Isa-ef. Aloshi i Agim Dragovoja, \u00a0boravila je u Prizrenu tokom dana d\u017eume, kojom prilikom je do\u010dekana [&hellip;]<\/p>\n","protected":false},"author":1,"featured_media":0,"comment_status":"open","ping_status":"closed","sticky":false,"template":"","format":"standard","meta":{"spay_email":"","jetpack_publicize_message":"","jetpack_is_tweetstorm":false,"jetpack_publicize_feature_enabled":true},"categories":[6950],"tags":[19],"jetpack_publicize_connections":[],"yoast_head":"<!-- This site is optimized with the Yoast SEO plugin v19.1 - https:\/\/yoast.com\/wordpress\/plugins\/seo\/ -->\n<title>Potpisan Bratimljenje Odbora IZ-e Ulcinj i Odbora IZ-e Prizren - Lajme nga Ulqini<\/title>\n<meta name=\"description\" content=\"Prizren \u2013 U petak, 22.02.2013. godine, u Prizrenu, potpisan je akt bratimljenja dva Odbora Islamskih zajednica Ulcinja i Prizrena. Delegaciju O.I.Z.\" \/>\n<meta name=\"robots\" content=\"index, follow, max-snippet:-1, max-image-preview:large, max-video-preview:-1\" \/>\n<link rel=\"canonical\" href=\"https:\/\/www.visit-ulcinj.com\/blog\/2013\/03\/02\/potpisan-bratimljenje-odbora-iz-e-ulcinj-i-odbora-iz-e-prizren\/\" \/>\n<meta property=\"og:locale\" content=\"en_US\" \/>\n<meta property=\"og:type\" content=\"article\" \/>\n<meta property=\"og:title\" content=\"Potpisan Bratimljenje Odbora IZ-e Ulcinj i Odbora IZ-e Prizren - Lajme nga Ulqini\" \/>\n<meta property=\"og:description\" content=\"Prizren \u2013 U petak, 22.02.2013. godine, u Prizrenu, potpisan je akt bratimljenja dva Odbora Islamskih zajednica Ulcinja i Prizrena. Delegaciju O.I.Z.\" \/>\n<meta property=\"og:url\" content=\"https:\/\/www.visit-ulcinj.com\/blog\/2013\/03\/02\/potpisan-bratimljenje-odbora-iz-e-ulcinj-i-odbora-iz-e-prizren\/\" \/>\n<meta property=\"og:site_name\" content=\"Lajme nga Ulqini\" \/>\n<meta property=\"article:published_time\" content=\"2013-03-02T07:30:20+00:00\" \/>\n<meta property=\"article:modified_time\" content=\"2013-03-02T07:30:37+00:00\" \/>\n<meta name=\"twitter:label1\" content=\"Written by\" \/>\n\t<meta name=\"twitter:data1\" content=\"ulqini\" \/>\n\t<meta name=\"twitter:label2\" content=\"Est. reading time\" \/>\n\t<meta name=\"twitter:data2\" content=\"1 minute\" \/>\n<script type=\"application\/ld+json\" class=\"yoast-schema-graph\">{\"@context\":\"https:\/\/schema.org\",\"@graph\":[{\"@type\":\"WebSite\",\"@id\":\"https:\/\/www.visit-ulcinj.com\/blog\/#website\",\"url\":\"https:\/\/www.visit-ulcinj.com\/blog\/\",\"name\":\"Lajme nga Ulqini\",\"description\":\"Lajme,Vijesti,Ulqini,Ulqin,Crna Gora,Mali i Zi\",\"potentialAction\":[{\"@type\":\"SearchAction\",\"target\":{\"@type\":\"EntryPoint\",\"urlTemplate\":\"https:\/\/www.visit-ulcinj.com\/blog\/?s={search_term_string}\"},\"query-input\":\"required name=search_term_string\"}],\"inLanguage\":\"en-US\"},{\"@type\":\"WebPage\",\"@id\":\"https:\/\/www.visit-ulcinj.com\/blog\/2013\/03\/02\/potpisan-bratimljenje-odbora-iz-e-ulcinj-i-odbora-iz-e-prizren\/#webpage\",\"url\":\"https:\/\/www.visit-ulcinj.com\/blog\/2013\/03\/02\/potpisan-bratimljenje-odbora-iz-e-ulcinj-i-odbora-iz-e-prizren\/\",\"name\":\"Potpisan Bratimljenje Odbora IZ-e Ulcinj i Odbora IZ-e Prizren - Lajme nga Ulqini\",\"isPartOf\":{\"@id\":\"https:\/\/www.visit-ulcinj.com\/blog\/#website\"},\"datePublished\":\"2013-03-02T07:30:20+00:00\",\"dateModified\":\"2013-03-02T07:30:37+00:00\",\"author\":{\"@id\":\"https:\/\/www.visit-ulcinj.com\/blog\/#\/schema\/person\/dcab619c614d3038751c63bc2aadc06d\"},\"description\":\"Prizren \u2013 U petak, 22.02.2013. godine, u Prizrenu, potpisan je akt bratimljenja dva Odbora Islamskih zajednica Ulcinja i Prizrena. Delegaciju O.I.Z.\",\"breadcrumb\":{\"@id\":\"https:\/\/www.visit-ulcinj.com\/blog\/2013\/03\/02\/potpisan-bratimljenje-odbora-iz-e-ulcinj-i-odbora-iz-e-prizren\/#breadcrumb\"},\"inLanguage\":\"en-US\",\"potentialAction\":[{\"@type\":\"ReadAction\",\"target\":[\"https:\/\/www.visit-ulcinj.com\/blog\/2013\/03\/02\/potpisan-bratimljenje-odbora-iz-e-ulcinj-i-odbora-iz-e-prizren\/\"]}]},{\"@type\":\"BreadcrumbList\",\"@id\":\"https:\/\/www.visit-ulcinj.com\/blog\/2013\/03\/02\/potpisan-bratimljenje-odbora-iz-e-ulcinj-i-odbora-iz-e-prizren\/#breadcrumb\",\"itemListElement\":[{\"@type\":\"ListItem\",\"position\":1,\"name\":\"Potpisan Bratimljenje Odbora IZ-e Ulcinj i Odbora IZ-e Prizren\"}]},{\"@type\":\"Person\",\"@id\":\"https:\/\/www.visit-ulcinj.com\/blog\/#\/schema\/person\/dcab619c614d3038751c63bc2aadc06d\",\"name\":\"ulqini\",\"sameAs\":[\"http:\/\/www.visit-ulcinj.com\"],\"url\":\"https:\/\/www.visit-ulcinj.com\/blog\/author\/admin\/\"}]}<\/script>\n<!-- \/ Yoast SEO plugin. -->","yoast_head_json":{"title":"Potpisan Bratimljenje Odbora IZ-e Ulcinj i Odbora IZ-e Prizren - Lajme nga Ulqini","description":"Prizren \u2013 U petak, 22.02.2013. godine, u Prizrenu, potpisan je akt bratimljenja dva Odbora Islamskih zajednica Ulcinja i Prizrena. Delegaciju O.I.Z.","robots":{"index":"index","follow":"follow","max-snippet":"max-snippet:-1","max-image-preview":"max-image-preview:large","max-video-preview":"max-video-preview:-1"},"canonical":"https:\/\/www.visit-ulcinj.com\/blog\/2013\/03\/02\/potpisan-bratimljenje-odbora-iz-e-ulcinj-i-odbora-iz-e-prizren\/","og_locale":"en_US","og_type":"article","og_title":"Potpisan Bratimljenje Odbora IZ-e Ulcinj i Odbora IZ-e Prizren - Lajme nga Ulqini","og_description":"Prizren \u2013 U petak, 22.02.2013. godine, u Prizrenu, potpisan je akt bratimljenja dva Odbora Islamskih zajednica Ulcinja i Prizrena. Delegaciju O.I.Z.","og_url":"https:\/\/www.visit-ulcinj.com\/blog\/2013\/03\/02\/potpisan-bratimljenje-odbora-iz-e-ulcinj-i-odbora-iz-e-prizren\/","og_site_name":"Lajme nga Ulqini","article_published_time":"2013-03-02T07:30:20+00:00","article_modified_time":"2013-03-02T07:30:37+00:00","twitter_misc":{"Written by":"ulqini","Est. reading time":"1 minute"},"schema":{"@context":"https:\/\/schema.org","@graph":[{"@type":"WebSite","@id":"https:\/\/www.visit-ulcinj.com\/blog\/#website","url":"https:\/\/www.visit-ulcinj.com\/blog\/","name":"Lajme nga Ulqini","description":"Lajme,Vijesti,Ulqini,Ulqin,Crna Gora,Mali i Zi","potentialAction":[{"@type":"SearchAction","target":{"@type":"EntryPoint","urlTemplate":"https:\/\/www.visit-ulcinj.com\/blog\/?s={search_term_string}"},"query-input":"required name=search_term_string"}],"inLanguage":"en-US"},{"@type":"WebPage","@id":"https:\/\/www.visit-ulcinj.com\/blog\/2013\/03\/02\/potpisan-bratimljenje-odbora-iz-e-ulcinj-i-odbora-iz-e-prizren\/#webpage","url":"https:\/\/www.visit-ulcinj.com\/blog\/2013\/03\/02\/potpisan-bratimljenje-odbora-iz-e-ulcinj-i-odbora-iz-e-prizren\/","name":"Potpisan Bratimljenje Odbora IZ-e Ulcinj i Odbora IZ-e Prizren - Lajme nga Ulqini","isPartOf":{"@id":"https:\/\/www.visit-ulcinj.com\/blog\/#website"},"datePublished":"2013-03-02T07:30:20+00:00","dateModified":"2013-03-02T07:30:37+00:00","author":{"@id":"https:\/\/www.visit-ulcinj.com\/blog\/#\/schema\/person\/dcab619c614d3038751c63bc2aadc06d"},"description":"Prizren \u2013 U petak, 22.02.2013. godine, u Prizrenu, potpisan je akt bratimljenja dva Odbora Islamskih zajednica Ulcinja i Prizrena. Delegaciju O.I.Z.","breadcrumb":{"@id":"https:\/\/www.visit-ulcinj.com\/blog\/2013\/03\/02\/potpisan-bratimljenje-odbora-iz-e-ulcinj-i-odbora-iz-e-prizren\/#breadcrumb"},"inLanguage":"en-US","potentialAction":[{"@type":"ReadAction","target":["https:\/\/www.visit-ulcinj.com\/blog\/2013\/03\/02\/potpisan-bratimljenje-odbora-iz-e-ulcinj-i-odbora-iz-e-prizren\/"]}]},{"@type":"BreadcrumbList","@id":"https:\/\/www.visit-ulcinj.com\/blog\/2013\/03\/02\/potpisan-bratimljenje-odbora-iz-e-ulcinj-i-odbora-iz-e-prizren\/#breadcrumb","itemListElement":[{"@type":"ListItem","position":1,"name":"Potpisan Bratimljenje Odbora IZ-e Ulcinj i Odbora IZ-e Prizren"}]},{"@type":"Person","@id":"https:\/\/www.visit-ulcinj.com\/blog\/#\/schema\/person\/dcab619c614d3038751c63bc2aadc06d","name":"ulqini","sameAs":["http:\/\/www.visit-ulcinj.com"],"url":"https:\/\/www.visit-ulcinj.com\/blog\/author\/admin\/"}]}},"jetpack_featured_media_url":"","jetpack_sharing_enabled":true,"jetpack_shortlink":"https:\/\/wp.me\/pe6lTn-i3a","_links":{"self":[{"href":"https:\/\/www.visit-ulcinj.com\/blog\/wp-json\/wp\/v2\/posts\/69388"}],"collection":[{"href":"https:\/\/www.visit-ulcinj.com\/blog\/wp-json\/wp\/v2\/posts"}],"about":[{"href":"https:\/\/www.visit-ulcinj.com\/blog\/wp-json\/wp\/v2\/types\/post"}],"author":[{"embeddable":true,"href":"https:\/\/www.visit-ulcinj.com\/blog\/wp-json\/wp\/v2\/users\/1"}],"replies":[{"embeddable":true,"href":"https:\/\/www.visit-ulcinj.com\/blog\/wp-json\/wp\/v2\/comments?post=69388"}],"version-history":[{"count":2,"href":"https:\/\/www.visit-ulcinj.com\/blog\/wp-json\/wp\/v2\/posts\/69388\/revisions"}],"predecessor-version":[{"id":69390,"href":"https:\/\/www.visit-ulcinj.com\/blog\/wp-json\/wp\/v2\/posts\/69388\/revisions\/69390"}],"wp:attachment":[{"href":"https:\/\/www.visit-ulcinj.com\/blog\/wp-json\/wp\/v2\/media?parent=69388"}],"wp:term":[{"taxonomy":"category","embeddable":true,"href":"https:\/\/www.visit-ulcinj.com\/blog\/wp-json\/wp\/v2\/categories?post=69388"},{"taxonomy":"post_tag","embeddable":true,"href":"https:\/\/www.visit-ulcinj.com\/blog\/wp-json\/wp\/v2\/tags?post=69388"}],"curies":[{"name":"wp","href":"https:\/\/api.w.org\/{rel}","templated":true}]}}