{"id":69391,"date":"2013-03-02T08:37:13","date_gmt":"2013-03-02T07:37:13","guid":{"rendered":"http:\/\/www.visit-ulcinj.com\/blog\/?p=69391"},"modified":"2013-03-02T08:37:14","modified_gmt":"2013-03-02T07:37:14","slug":"cetkovic-predlog-zakona-neprihvatljiv","status":"publish","type":"post","link":"https:\/\/www.visit-ulcinj.com\/blog\/2013\/03\/02\/cetkovic-predlog-zakona-neprihvatljiv\/","title":{"rendered":"\u0106etkovi\u0107: Predlog zakona neprihvatljiv"},"content":{"rendered":"<p align=\"justify\"><a href=\"http:\/\/www.visit-ulcinj.com\/blog\/wp-content\/uploads\/2013\/03\/Andrija-Cetkovic-snp-ulcinj.jpg\"><img loading=\"lazy\" class=\"alignleft  wp-image-69392\" alt=\"Andrija-Cetkovic-snp-ulcinj\" src=\"http:\/\/www.visit-ulcinj.com\/blog\/wp-content\/uploads\/2013\/03\/Andrija-Cetkovic-snp-ulcinj.jpg\" width=\"350\" height=\"347\" \/><\/a>ULCINj \u2013 U maloj sali Skup\u0161tine op\u0161tine Ulcinj sino\u0107 je odr\u017ean sastanak predstavnika lokalne samouprave s najva\u017enijim lokalnim politi\u010dkim i dru\u0161tvenim \u010diniocima radi usagla\u0161avanja stavova povodom predlo\u017eenog Zakona o morskom dobru. Podsje\u0107amo, Vlada je utvrdila predlog Zakona o morskom dobru, koji treba da bude upu\u0107en Skup\u0161tini na usvajanje. Ministarstvo odr\u017eivog razvoja i turizma formiralo je radnu grupu u kojoj je i predstavnik Op\u0161tine Ulcinj D\u017eeudet Cakuli, ovla\u0161\u0107en da podnese amandmane prije dostavljanja predloga Skup\u0161tini na usvajanje. Na sastanku, kome su pored politi\u010dkih partija prisustvovali i predstavnici NVO sektora, zaklju\u010deno je da su svi jednoglasno protiv dono\u0161enja predlo\u017eenog zakona. Predsjednik op\u0161tine Ulcinj Nazif Cungu smatra da je predlo\u017eeni nacrt zakona neprihvatljiv, jer su glavne primjedbe koje je SO usvojila odbijene.<\/p>\n<p>Predstavnik SNP-a Andrija \u0106etkovi\u0107 nije optimista kad je u pitanju rje\u0161avanje ove situacije. On je najavio da \u0107e ta partija glasati protiv ovog zakona.<\/p>\n<p>\u2013 Smatramo da je ovaj predlog zakona neprihvatljiv i da treba da se vrati na javnu raspravu u svim primorskim op\u0161tinama. Kod usvajanja ovakvih zakona ne smiju se potkrasti ni najmanje gre\u0161ke, pa je zato neophodan ve\u0107i uticaj lokalnih partija, a naro\u010dito onih koje \u010dine vladaju\u0107u koalciju na dr\u017eavnom nivou \u2013 kazao je \u0106etkovi\u0107.<\/p>\n<p><strong>Izvor: Dan online<\/strong><\/p>\n","protected":false},"excerpt":{"rendered":"<p>ULCINj \u2013 U maloj sali Skup\u0161tine op\u0161tine Ulcinj sino\u0107 je odr\u017ean sastanak predstavnika lokalne samouprave s najva\u017enijim lokalnim politi\u010dkim i dru\u0161tvenim \u010diniocima radi usagla\u0161avanja stavova povodom predlo\u017eenog Zakona o morskom dobru. Podsje\u0107amo, Vlada je utvrdila predlog Zakona o morskom dobru, koji treba da bude upu\u0107en Skup\u0161tini na usvajanje. Ministarstvo odr\u017eivog razvoja i turizma formiralo je [&hellip;]<\/p>\n","protected":false},"author":1,"featured_media":0,"comment_status":"open","ping_status":"closed","sticky":false,"template":"","format":"standard","meta":{"spay_email":"","jetpack_publicize_message":"","jetpack_is_tweetstorm":false,"jetpack_publicize_feature_enabled":true},"categories":[6950],"tags":[19],"jetpack_publicize_connections":[],"yoast_head":"<!-- This site is optimized with the Yoast SEO plugin v19.1 - https:\/\/yoast.com\/wordpress\/plugins\/seo\/ -->\n<title>\u0106etkovi\u0107: Predlog zakona neprihvatljiv - Lajme nga Ulqini<\/title>\n<meta name=\"description\" content=\"ULCINj \u2013 U maloj sali Skup\u0161tine op\u0161tine Ulcinj sino\u0107 je odr\u017ean sastanak predstavnika lokalne samouprave s najva\u017enijim lokalnim politi\u010dkim i dru\u0161tvenim\" \/>\n<meta name=\"robots\" content=\"index, follow, max-snippet:-1, max-image-preview:large, max-video-preview:-1\" \/>\n<link rel=\"canonical\" href=\"https:\/\/www.visit-ulcinj.com\/blog\/2013\/03\/02\/cetkovic-predlog-zakona-neprihvatljiv\/\" \/>\n<meta property=\"og:locale\" content=\"en_US\" \/>\n<meta property=\"og:type\" content=\"article\" \/>\n<meta property=\"og:title\" content=\"\u0106etkovi\u0107: Predlog zakona neprihvatljiv - Lajme nga Ulqini\" \/>\n<meta property=\"og:description\" content=\"ULCINj \u2013 U maloj sali Skup\u0161tine op\u0161tine Ulcinj sino\u0107 je odr\u017ean sastanak predstavnika lokalne samouprave s najva\u017enijim lokalnim politi\u010dkim i dru\u0161tvenim\" \/>\n<meta property=\"og:url\" content=\"https:\/\/www.visit-ulcinj.com\/blog\/2013\/03\/02\/cetkovic-predlog-zakona-neprihvatljiv\/\" \/>\n<meta property=\"og:site_name\" content=\"Lajme nga Ulqini\" \/>\n<meta property=\"article:published_time\" content=\"2013-03-02T07:37:13+00:00\" \/>\n<meta property=\"article:modified_time\" content=\"2013-03-02T07:37:14+00:00\" \/>\n<meta property=\"og:image\" content=\"http:\/\/www.visit-ulcinj.com\/blog\/wp-content\/uploads\/2013\/03\/Andrija-Cetkovic-snp-ulcinj.jpg\" \/>\n<meta name=\"twitter:label1\" content=\"Written by\" \/>\n\t<meta name=\"twitter:data1\" content=\"ulqini\" \/>\n\t<meta name=\"twitter:label2\" content=\"Est. reading time\" \/>\n\t<meta name=\"twitter:data2\" content=\"1 minute\" \/>\n<script type=\"application\/ld+json\" class=\"yoast-schema-graph\">{\"@context\":\"https:\/\/schema.org\",\"@graph\":[{\"@type\":\"WebSite\",\"@id\":\"https:\/\/www.visit-ulcinj.com\/blog\/#website\",\"url\":\"https:\/\/www.visit-ulcinj.com\/blog\/\",\"name\":\"Lajme nga Ulqini\",\"description\":\"Lajme,Vijesti,Ulqini,Ulqin,Crna Gora,Mali i Zi\",\"potentialAction\":[{\"@type\":\"SearchAction\",\"target\":{\"@type\":\"EntryPoint\",\"urlTemplate\":\"https:\/\/www.visit-ulcinj.com\/blog\/?s={search_term_string}\"},\"query-input\":\"required name=search_term_string\"}],\"inLanguage\":\"en-US\"},{\"@type\":\"ImageObject\",\"inLanguage\":\"en-US\",\"@id\":\"https:\/\/www.visit-ulcinj.com\/blog\/2013\/03\/02\/cetkovic-predlog-zakona-neprihvatljiv\/#primaryimage\",\"url\":\"https:\/\/www.visit-ulcinj.com\/blog\/wp-content\/uploads\/2013\/03\/Andrija-Cetkovic-snp-ulcinj.jpg\",\"contentUrl\":\"https:\/\/www.visit-ulcinj.com\/blog\/wp-content\/uploads\/2013\/03\/Andrija-Cetkovic-snp-ulcinj.jpg\",\"width\":358,\"height\":347},{\"@type\":\"WebPage\",\"@id\":\"https:\/\/www.visit-ulcinj.com\/blog\/2013\/03\/02\/cetkovic-predlog-zakona-neprihvatljiv\/#webpage\",\"url\":\"https:\/\/www.visit-ulcinj.com\/blog\/2013\/03\/02\/cetkovic-predlog-zakona-neprihvatljiv\/\",\"name\":\"\u0106etkovi\u0107: Predlog zakona neprihvatljiv - Lajme nga Ulqini\",\"isPartOf\":{\"@id\":\"https:\/\/www.visit-ulcinj.com\/blog\/#website\"},\"primaryImageOfPage\":{\"@id\":\"https:\/\/www.visit-ulcinj.com\/blog\/2013\/03\/02\/cetkovic-predlog-zakona-neprihvatljiv\/#primaryimage\"},\"datePublished\":\"2013-03-02T07:37:13+00:00\",\"dateModified\":\"2013-03-02T07:37:14+00:00\",\"author\":{\"@id\":\"https:\/\/www.visit-ulcinj.com\/blog\/#\/schema\/person\/dcab619c614d3038751c63bc2aadc06d\"},\"description\":\"ULCINj \u2013 U maloj sali Skup\u0161tine op\u0161tine Ulcinj sino\u0107 je odr\u017ean sastanak predstavnika lokalne samouprave s najva\u017enijim lokalnim politi\u010dkim i dru\u0161tvenim\",\"breadcrumb\":{\"@id\":\"https:\/\/www.visit-ulcinj.com\/blog\/2013\/03\/02\/cetkovic-predlog-zakona-neprihvatljiv\/#breadcrumb\"},\"inLanguage\":\"en-US\",\"potentialAction\":[{\"@type\":\"ReadAction\",\"target\":[\"https:\/\/www.visit-ulcinj.com\/blog\/2013\/03\/02\/cetkovic-predlog-zakona-neprihvatljiv\/\"]}]},{\"@type\":\"BreadcrumbList\",\"@id\":\"https:\/\/www.visit-ulcinj.com\/blog\/2013\/03\/02\/cetkovic-predlog-zakona-neprihvatljiv\/#breadcrumb\",\"itemListElement\":[{\"@type\":\"ListItem\",\"position\":1,\"name\":\"\u0106etkovi\u0107: Predlog zakona neprihvatljiv\"}]},{\"@type\":\"Person\",\"@id\":\"https:\/\/www.visit-ulcinj.com\/blog\/#\/schema\/person\/dcab619c614d3038751c63bc2aadc06d\",\"name\":\"ulqini\",\"sameAs\":[\"http:\/\/www.visit-ulcinj.com\"],\"url\":\"https:\/\/www.visit-ulcinj.com\/blog\/author\/admin\/\"}]}<\/script>\n<!-- \/ Yoast SEO plugin. -->","yoast_head_json":{"title":"\u0106etkovi\u0107: Predlog zakona neprihvatljiv - Lajme nga Ulqini","description":"ULCINj \u2013 U maloj sali Skup\u0161tine op\u0161tine Ulcinj sino\u0107 je odr\u017ean sastanak predstavnika lokalne samouprave s najva\u017enijim lokalnim politi\u010dkim i dru\u0161tvenim","robots":{"index":"index","follow":"follow","max-snippet":"max-snippet:-1","max-image-preview":"max-image-preview:large","max-video-preview":"max-video-preview:-1"},"canonical":"https:\/\/www.visit-ulcinj.com\/blog\/2013\/03\/02\/cetkovic-predlog-zakona-neprihvatljiv\/","og_locale":"en_US","og_type":"article","og_title":"\u0106etkovi\u0107: Predlog zakona neprihvatljiv - Lajme nga Ulqini","og_description":"ULCINj \u2013 U maloj sali Skup\u0161tine op\u0161tine Ulcinj sino\u0107 je odr\u017ean sastanak predstavnika lokalne samouprave s najva\u017enijim lokalnim politi\u010dkim i dru\u0161tvenim","og_url":"https:\/\/www.visit-ulcinj.com\/blog\/2013\/03\/02\/cetkovic-predlog-zakona-neprihvatljiv\/","og_site_name":"Lajme nga Ulqini","article_published_time":"2013-03-02T07:37:13+00:00","article_modified_time":"2013-03-02T07:37:14+00:00","og_image":[{"url":"http:\/\/www.visit-ulcinj.com\/blog\/wp-content\/uploads\/2013\/03\/Andrija-Cetkovic-snp-ulcinj.jpg"}],"twitter_misc":{"Written by":"ulqini","Est. reading time":"1 minute"},"schema":{"@context":"https:\/\/schema.org","@graph":[{"@type":"WebSite","@id":"https:\/\/www.visit-ulcinj.com\/blog\/#website","url":"https:\/\/www.visit-ulcinj.com\/blog\/","name":"Lajme nga Ulqini","description":"Lajme,Vijesti,Ulqini,Ulqin,Crna Gora,Mali i Zi","potentialAction":[{"@type":"SearchAction","target":{"@type":"EntryPoint","urlTemplate":"https:\/\/www.visit-ulcinj.com\/blog\/?s={search_term_string}"},"query-input":"required name=search_term_string"}],"inLanguage":"en-US"},{"@type":"ImageObject","inLanguage":"en-US","@id":"https:\/\/www.visit-ulcinj.com\/blog\/2013\/03\/02\/cetkovic-predlog-zakona-neprihvatljiv\/#primaryimage","url":"https:\/\/www.visit-ulcinj.com\/blog\/wp-content\/uploads\/2013\/03\/Andrija-Cetkovic-snp-ulcinj.jpg","contentUrl":"https:\/\/www.visit-ulcinj.com\/blog\/wp-content\/uploads\/2013\/03\/Andrija-Cetkovic-snp-ulcinj.jpg","width":358,"height":347},{"@type":"WebPage","@id":"https:\/\/www.visit-ulcinj.com\/blog\/2013\/03\/02\/cetkovic-predlog-zakona-neprihvatljiv\/#webpage","url":"https:\/\/www.visit-ulcinj.com\/blog\/2013\/03\/02\/cetkovic-predlog-zakona-neprihvatljiv\/","name":"\u0106etkovi\u0107: Predlog zakona neprihvatljiv - Lajme nga Ulqini","isPartOf":{"@id":"https:\/\/www.visit-ulcinj.com\/blog\/#website"},"primaryImageOfPage":{"@id":"https:\/\/www.visit-ulcinj.com\/blog\/2013\/03\/02\/cetkovic-predlog-zakona-neprihvatljiv\/#primaryimage"},"datePublished":"2013-03-02T07:37:13+00:00","dateModified":"2013-03-02T07:37:14+00:00","author":{"@id":"https:\/\/www.visit-ulcinj.com\/blog\/#\/schema\/person\/dcab619c614d3038751c63bc2aadc06d"},"description":"ULCINj \u2013 U maloj sali Skup\u0161tine op\u0161tine Ulcinj sino\u0107 je odr\u017ean sastanak predstavnika lokalne samouprave s najva\u017enijim lokalnim politi\u010dkim i dru\u0161tvenim","breadcrumb":{"@id":"https:\/\/www.visit-ulcinj.com\/blog\/2013\/03\/02\/cetkovic-predlog-zakona-neprihvatljiv\/#breadcrumb"},"inLanguage":"en-US","potentialAction":[{"@type":"ReadAction","target":["https:\/\/www.visit-ulcinj.com\/blog\/2013\/03\/02\/cetkovic-predlog-zakona-neprihvatljiv\/"]}]},{"@type":"BreadcrumbList","@id":"https:\/\/www.visit-ulcinj.com\/blog\/2013\/03\/02\/cetkovic-predlog-zakona-neprihvatljiv\/#breadcrumb","itemListElement":[{"@type":"ListItem","position":1,"name":"\u0106etkovi\u0107: Predlog zakona neprihvatljiv"}]},{"@type":"Person","@id":"https:\/\/www.visit-ulcinj.com\/blog\/#\/schema\/person\/dcab619c614d3038751c63bc2aadc06d","name":"ulqini","sameAs":["http:\/\/www.visit-ulcinj.com"],"url":"https:\/\/www.visit-ulcinj.com\/blog\/author\/admin\/"}]}},"jetpack_featured_media_url":"","jetpack_sharing_enabled":true,"jetpack_shortlink":"https:\/\/wp.me\/pe6lTn-i3d","_links":{"self":[{"href":"https:\/\/www.visit-ulcinj.com\/blog\/wp-json\/wp\/v2\/posts\/69391"}],"collection":[{"href":"https:\/\/www.visit-ulcinj.com\/blog\/wp-json\/wp\/v2\/posts"}],"about":[{"href":"https:\/\/www.visit-ulcinj.com\/blog\/wp-json\/wp\/v2\/types\/post"}],"author":[{"embeddable":true,"href":"https:\/\/www.visit-ulcinj.com\/blog\/wp-json\/wp\/v2\/users\/1"}],"replies":[{"embeddable":true,"href":"https:\/\/www.visit-ulcinj.com\/blog\/wp-json\/wp\/v2\/comments?post=69391"}],"version-history":[{"count":1,"href":"https:\/\/www.visit-ulcinj.com\/blog\/wp-json\/wp\/v2\/posts\/69391\/revisions"}],"predecessor-version":[{"id":69393,"href":"https:\/\/www.visit-ulcinj.com\/blog\/wp-json\/wp\/v2\/posts\/69391\/revisions\/69393"}],"wp:attachment":[{"href":"https:\/\/www.visit-ulcinj.com\/blog\/wp-json\/wp\/v2\/media?parent=69391"}],"wp:term":[{"taxonomy":"category","embeddable":true,"href":"https:\/\/www.visit-ulcinj.com\/blog\/wp-json\/wp\/v2\/categories?post=69391"},{"taxonomy":"post_tag","embeddable":true,"href":"https:\/\/www.visit-ulcinj.com\/blog\/wp-json\/wp\/v2\/tags?post=69391"}],"curies":[{"name":"wp","href":"https:\/\/api.w.org\/{rel}","templated":true}]}}