{"id":69411,"date":"2013-03-15T00:31:14","date_gmt":"2013-03-14T23:31:14","guid":{"rendered":"http:\/\/www.visit-ulcinj.com\/blog\/?p=69411"},"modified":"2013-03-17T19:39:22","modified_gmt":"2013-03-17T18:39:22","slug":"ulqinaku-hamid-hoxha-me-dy-medalje-te-arta-ne-atletik","status":"publish","type":"post","link":"https:\/\/www.visit-ulcinj.com\/blog\/2013\/03\/15\/ulqinaku-hamid-hoxha-me-dy-medalje-te-arta-ne-atletik\/","title":{"rendered":"Ulqinaku Hamid Hoxha  me dy medalje t\u00eb arta n\u00eb atletik + Foto"},"content":{"rendered":"<p><a href=\"http:\/\/www.visit-ulcinj.com\/blog\/wp-content\/uploads\/2013\/03\/Hamid-Hoxha-me-dy-medalje-t\u00eb-arta.1.jpg\"><img loading=\"lazy\" class=\"alignleft  wp-image-69507\" alt=\"Hamid Hoxha  me dy medalje t\u00eb arta.1\" src=\"http:\/\/www.visit-ulcinj.com\/blog\/wp-content\/uploads\/2013\/03\/Hamid-Hoxha-me-dy-medalje-t\u00eb-arta.1.jpg\" width=\"508\" height=\"360\" \/><\/a>Ulqinaku tashm\u00eb i njohur Hamid Hoxha me n\u00ebnshtetsi Zvicerane\u00a0 i p\u00ebrmbushi parashikimet e veta duke fituar dy medalje e arta, nj\u00ebra n\u00eb diciplin\u00eb &#8221; Sprint n\u00eb 60 metra&#8221; \u00a0p\u00ebr junior, kurse medalja tjet\u00ebr e art\u00eb n\u00eb diciplin\u00ebn &#8220;K\u00ebrcim s\u00eb gjati&#8221; , duke vendosur madje edhe nj\u00eb rekord t\u00eb ri olimpik n\u00eb gar\u00ebn e shampionatit Zviceran n\u00eb atletik \u00a0n\u00eb vendin \u00a0Macolin m\u00eb 24.02.2013 n\u00eb kantonin e Valisit.<\/p>\n<p>Ai e nxuni \u00a0vendin e par\u00eb n\u00eb sprint prej 60 m duke thyer rekordin e vet\u00eb t\u00eb performances 6&#8221;93, n\u00eb disiplin\u00eb p\u00ebr junior deri 18 vje\u00e7\u00eb.<\/p>\n<p>Hamid Hoxha arriti t\u00eb stoliset me medalje t\u00eb art\u00eb edhe n\u00eb&#8221; K\u00ebrcim s\u00eb gjati &#8221; duke thyer nj\u00ebsoj rekordin e vet m\u00eb 6m92, i cila i solli shum stolisije t\u00eb reja olimpike vendit te vet.<\/p>\n<p>Lajme nga Ulqini e pergezon Hamid Hoxhen per fitoren,si perhere\u00a0duke treguar aftesine tij\u00eb \u00a0dhe intelegjencen e ketyre fushave\u00a0 sportive.<\/p>\n<p>Sot\u00eb suksesi i Hamid Hoxh\u00ebs per nj\u00eb medalje t\u00eb art\u00eb u b\u00eb realitet duke e zhvilluar me dashuri e vullnet gjithmone atletik\u00ebn q\u00eb e ke n\u00eb shpirt\u00eb.<\/p>\n<p><strong>Lajme nga Ulqini<br \/>\n\n\t\t<style type=\"text\/css\">\n\t\t\t#gallery-1 {\n\t\t\t\tmargin: auto;\n\t\t\t}\n\t\t\t#gallery-1 .gallery-item {\n\t\t\t\tfloat: left;\n\t\t\t\tmargin-top: 10px;\n\t\t\t\ttext-align: center;\n\t\t\t\twidth: 33%;\n\t\t\t}\n\t\t\t#gallery-1 img {\n\t\t\t\tborder: 2px solid #cfcfcf;\n\t\t\t}\n\t\t\t#gallery-1 .gallery-caption {\n\t\t\t\tmargin-left: 0;\n\t\t\t}\n\t\t\t\/* see gallery_shortcode() in wp-includes\/media.php *\/\n\t\t<\/style>\n\t\t<div id='gallery-1' class='gallery galleryid-69411 gallery-columns-3 gallery-size-thumbnail'><dl class='gallery-item'>\n\t\t\t<dt class='gallery-icon portrait'>\n\t\t\t\t<a href='https:\/\/www.visit-ulcinj.com\/blog\/2013\/03\/15\/ulqinaku-hamid-hoxha-me-dy-medalje-te-arta-ne-atletik\/hamid-hoxha-me-dy-medalje-te-arta-ne-atletik-ne-zvicer\/'><img width=\"150\" height=\"150\" src=\"https:\/\/www.visit-ulcinj.com\/blog\/wp-content\/uploads\/2013\/03\/Hamid-Hoxha-me-dy-medalje-te-arta-ne-atletik-ne-Zvicer-150x150.jpg\" class=\"attachment-thumbnail size-thumbnail\" alt=\"\" loading=\"lazy\" \/><\/a>\n\t\t\t<\/dt><\/dl><dl class='gallery-item'>\n\t\t\t<dt class='gallery-icon landscape'>\n\t\t\t\t<a href='https:\/\/www.visit-ulcinj.com\/blog\/2013\/03\/15\/ulqinaku-hamid-hoxha-me-dy-medalje-te-arta-ne-atletik\/hamid-hoxha-me-dy-medalje-te-arta-2\/'><img width=\"150\" height=\"150\" src=\"https:\/\/www.visit-ulcinj.com\/blog\/wp-content\/uploads\/2013\/03\/Hamid-Hoxha-me-dy-medalje-t\u00eb-arta.2-150x150.jpg\" class=\"attachment-thumbnail size-thumbnail\" alt=\"\" loading=\"lazy\" \/><\/a>\n\t\t\t<\/dt><\/dl><dl class='gallery-item'>\n\t\t\t<dt class='gallery-icon landscape'>\n\t\t\t\t<a href='https:\/\/www.visit-ulcinj.com\/blog\/2013\/03\/15\/ulqinaku-hamid-hoxha-me-dy-medalje-te-arta-ne-atletik\/hamid-hoxha-me-dy-medalje-te-arta-3\/'><img width=\"150\" height=\"150\" src=\"https:\/\/www.visit-ulcinj.com\/blog\/wp-content\/uploads\/2013\/03\/Hamid-Hoxha-me-dy-medalje-t\u00eb-arta.3-150x150.jpg\" class=\"attachment-thumbnail size-thumbnail\" alt=\"\" loading=\"lazy\" \/><\/a>\n\t\t\t<\/dt><\/dl><br style=\"clear: both\" \/><dl class='gallery-item'>\n\t\t\t<dt class='gallery-icon landscape'>\n\t\t\t\t<a href='https:\/\/www.visit-ulcinj.com\/blog\/2013\/03\/15\/ulqinaku-hamid-hoxha-me-dy-medalje-te-arta-ne-atletik\/hamid-hoxha-me-dy-medalje-te-arta-4\/'><img width=\"150\" height=\"150\" src=\"https:\/\/www.visit-ulcinj.com\/blog\/wp-content\/uploads\/2013\/03\/Hamid-Hoxha-me-dy-medalje-t\u00eb-arta.4-150x150.jpg\" class=\"attachment-thumbnail size-thumbnail\" alt=\"\" loading=\"lazy\" \/><\/a>\n\t\t\t<\/dt><\/dl><dl class='gallery-item'>\n\t\t\t<dt class='gallery-icon landscape'>\n\t\t\t\t<a href='https:\/\/www.visit-ulcinj.com\/blog\/2013\/03\/15\/ulqinaku-hamid-hoxha-me-dy-medalje-te-arta-ne-atletik\/hamid-hoxha-me-dy-medalje-te-arta\/'><img width=\"150\" height=\"150\" src=\"https:\/\/www.visit-ulcinj.com\/blog\/wp-content\/uploads\/2013\/03\/Hamid-Hoxha-me-dy-medalje-t\u00eb-arta-150x150.jpg\" class=\"attachment-thumbnail size-thumbnail\" alt=\"\" loading=\"lazy\" \/><\/a>\n\t\t\t<\/dt><\/dl><dl class='gallery-item'>\n\t\t\t<dt class='gallery-icon landscape'>\n\t\t\t\t<a href='https:\/\/www.visit-ulcinj.com\/blog\/2013\/03\/15\/ulqinaku-hamid-hoxha-me-dy-medalje-te-arta-ne-atletik\/hamid-hoxha-me-dy-medalje-te-arta-1\/'><img width=\"150\" height=\"150\" src=\"https:\/\/www.visit-ulcinj.com\/blog\/wp-content\/uploads\/2013\/03\/Hamid-Hoxha-me-dy-medalje-t\u00eb-arta.1-150x150.jpg\" class=\"attachment-thumbnail size-thumbnail\" alt=\"\" loading=\"lazy\" \/><\/a>\n\t\t\t<\/dt><\/dl><br style=\"clear: both\" \/>\n\t\t<\/div>\n<br \/>\n<\/strong><\/p>\n","protected":false},"excerpt":{"rendered":"<p>Ulqinaku tashm\u00eb i njohur Hamid Hoxha me n\u00ebnshtetsi Zvicerane\u00a0 i p\u00ebrmbushi parashikimet e veta duke fituar dy medalje e arta, nj\u00ebra n\u00eb diciplin\u00eb &#8221; Sprint n\u00eb 60 metra&#8221; \u00a0p\u00ebr junior, kurse medalja tjet\u00ebr e art\u00eb n\u00eb diciplin\u00ebn &#8220;K\u00ebrcim s\u00eb gjati&#8221; , duke vendosur madje edhe nj\u00eb rekord t\u00eb ri olimpik n\u00eb gar\u00ebn e shampionatit Zviceran [&hellip;]<\/p>\n","protected":false},"author":1,"featured_media":0,"comment_status":"open","ping_status":"closed","sticky":false,"template":"","format":"standard","meta":{"spay_email":"","jetpack_publicize_message":"","jetpack_is_tweetstorm":false,"jetpack_publicize_feature_enabled":true},"categories":[7,1],"tags":[20095],"jetpack_publicize_connections":[],"yoast_head":"<!-- This site is optimized with the Yoast SEO plugin v19.1 - https:\/\/yoast.com\/wordpress\/plugins\/seo\/ -->\n<title>Ulqinaku Hamid Hoxha me dy medalje t\u00eb arta n\u00eb atletik + Foto - Lajme nga Ulqini<\/title>\n<meta name=\"description\" content=\"Ulqinaku tashm\u00eb i njohur Hamid Hoxha me n\u00ebnshtetsi Zvicerane\u00a0 i p\u00ebrmbushi parashikimet e veta duke fituar dy medalje e arta, nj\u00ebra n\u00eb diciplin\u00eb &quot; Sprint\" \/>\n<meta name=\"robots\" content=\"index, follow, max-snippet:-1, max-image-preview:large, max-video-preview:-1\" \/>\n<link rel=\"canonical\" href=\"https:\/\/www.visit-ulcinj.com\/blog\/2013\/03\/15\/ulqinaku-hamid-hoxha-me-dy-medalje-te-arta-ne-atletik\/\" \/>\n<meta property=\"og:locale\" content=\"en_US\" \/>\n<meta property=\"og:type\" content=\"article\" \/>\n<meta property=\"og:title\" content=\"Ulqinaku Hamid Hoxha me dy medalje t\u00eb arta n\u00eb atletik + Foto - Lajme nga Ulqini\" \/>\n<meta property=\"og:description\" content=\"Ulqinaku tashm\u00eb i njohur Hamid Hoxha me n\u00ebnshtetsi Zvicerane\u00a0 i p\u00ebrmbushi parashikimet e veta duke fituar dy medalje e arta, nj\u00ebra n\u00eb diciplin\u00eb &quot; Sprint\" \/>\n<meta property=\"og:url\" content=\"https:\/\/www.visit-ulcinj.com\/blog\/2013\/03\/15\/ulqinaku-hamid-hoxha-me-dy-medalje-te-arta-ne-atletik\/\" \/>\n<meta property=\"og:site_name\" content=\"Lajme nga Ulqini\" \/>\n<meta property=\"article:published_time\" content=\"2013-03-14T23:31:14+00:00\" \/>\n<meta property=\"article:modified_time\" content=\"2013-03-17T18:39:22+00:00\" \/>\n<meta property=\"og:image\" content=\"https:\/\/www.visit-ulcinj.com\/blog\/wp-content\/uploads\/2013\/03\/Hamid-Hoxha-me-dy-medalje-te-arta-ne-atletik-ne-Zvicer-150x150.jpg\" \/>\n<meta name=\"twitter:label1\" content=\"Written by\" \/>\n\t<meta name=\"twitter:data1\" content=\"ulqini\" \/>\n\t<meta name=\"twitter:label2\" content=\"Est. reading time\" \/>\n\t<meta name=\"twitter:data2\" content=\"1 minute\" \/>\n<script type=\"application\/ld+json\" class=\"yoast-schema-graph\">{\"@context\":\"https:\/\/schema.org\",\"@graph\":[{\"@type\":\"WebSite\",\"@id\":\"https:\/\/www.visit-ulcinj.com\/blog\/#website\",\"url\":\"https:\/\/www.visit-ulcinj.com\/blog\/\",\"name\":\"Lajme nga Ulqini\",\"description\":\"Lajme,Vijesti,Ulqini,Ulqin,Crna Gora,Mali i Zi\",\"potentialAction\":[{\"@type\":\"SearchAction\",\"target\":{\"@type\":\"EntryPoint\",\"urlTemplate\":\"https:\/\/www.visit-ulcinj.com\/blog\/?s={search_term_string}\"},\"query-input\":\"required name=search_term_string\"}],\"inLanguage\":\"en-US\"},{\"@type\":\"WebPage\",\"@id\":\"https:\/\/www.visit-ulcinj.com\/blog\/2013\/03\/15\/ulqinaku-hamid-hoxha-me-dy-medalje-te-arta-ne-atletik\/#webpage\",\"url\":\"https:\/\/www.visit-ulcinj.com\/blog\/2013\/03\/15\/ulqinaku-hamid-hoxha-me-dy-medalje-te-arta-ne-atletik\/\",\"name\":\"Ulqinaku Hamid Hoxha me dy medalje t\u00eb arta n\u00eb atletik + Foto - Lajme nga Ulqini\",\"isPartOf\":{\"@id\":\"https:\/\/www.visit-ulcinj.com\/blog\/#website\"},\"datePublished\":\"2013-03-14T23:31:14+00:00\",\"dateModified\":\"2013-03-17T18:39:22+00:00\",\"author\":{\"@id\":\"https:\/\/www.visit-ulcinj.com\/blog\/#\/schema\/person\/dcab619c614d3038751c63bc2aadc06d\"},\"description\":\"Ulqinaku tashm\u00eb i njohur Hamid Hoxha me n\u00ebnshtetsi Zvicerane\u00a0 i p\u00ebrmbushi parashikimet e veta duke fituar dy medalje e arta, nj\u00ebra n\u00eb diciplin\u00eb \\\" Sprint\",\"breadcrumb\":{\"@id\":\"https:\/\/www.visit-ulcinj.com\/blog\/2013\/03\/15\/ulqinaku-hamid-hoxha-me-dy-medalje-te-arta-ne-atletik\/#breadcrumb\"},\"inLanguage\":\"en-US\",\"potentialAction\":[{\"@type\":\"ReadAction\",\"target\":[\"https:\/\/www.visit-ulcinj.com\/blog\/2013\/03\/15\/ulqinaku-hamid-hoxha-me-dy-medalje-te-arta-ne-atletik\/\"]}]},{\"@type\":\"BreadcrumbList\",\"@id\":\"https:\/\/www.visit-ulcinj.com\/blog\/2013\/03\/15\/ulqinaku-hamid-hoxha-me-dy-medalje-te-arta-ne-atletik\/#breadcrumb\",\"itemListElement\":[{\"@type\":\"ListItem\",\"position\":1,\"name\":\"Ulqinaku Hamid Hoxha me dy medalje t\u00eb arta n\u00eb atletik + Foto\"}]},{\"@type\":\"Person\",\"@id\":\"https:\/\/www.visit-ulcinj.com\/blog\/#\/schema\/person\/dcab619c614d3038751c63bc2aadc06d\",\"name\":\"ulqini\",\"sameAs\":[\"http:\/\/www.visit-ulcinj.com\"],\"url\":\"https:\/\/www.visit-ulcinj.com\/blog\/author\/admin\/\"}]}<\/script>\n<!-- \/ Yoast SEO plugin. -->","yoast_head_json":{"title":"Ulqinaku Hamid Hoxha me dy medalje t\u00eb arta n\u00eb atletik + Foto - Lajme nga Ulqini","description":"Ulqinaku tashm\u00eb i njohur Hamid Hoxha me n\u00ebnshtetsi Zvicerane\u00a0 i p\u00ebrmbushi parashikimet e veta duke fituar dy medalje e arta, nj\u00ebra n\u00eb diciplin\u00eb \" Sprint","robots":{"index":"index","follow":"follow","max-snippet":"max-snippet:-1","max-image-preview":"max-image-preview:large","max-video-preview":"max-video-preview:-1"},"canonical":"https:\/\/www.visit-ulcinj.com\/blog\/2013\/03\/15\/ulqinaku-hamid-hoxha-me-dy-medalje-te-arta-ne-atletik\/","og_locale":"en_US","og_type":"article","og_title":"Ulqinaku Hamid Hoxha me dy medalje t\u00eb arta n\u00eb atletik + Foto - Lajme nga Ulqini","og_description":"Ulqinaku tashm\u00eb i njohur Hamid Hoxha me n\u00ebnshtetsi Zvicerane\u00a0 i p\u00ebrmbushi parashikimet e veta duke fituar dy medalje e arta, nj\u00ebra n\u00eb diciplin\u00eb \" Sprint","og_url":"https:\/\/www.visit-ulcinj.com\/blog\/2013\/03\/15\/ulqinaku-hamid-hoxha-me-dy-medalje-te-arta-ne-atletik\/","og_site_name":"Lajme nga Ulqini","article_published_time":"2013-03-14T23:31:14+00:00","article_modified_time":"2013-03-17T18:39:22+00:00","og_image":[{"url":"https:\/\/www.visit-ulcinj.com\/blog\/wp-content\/uploads\/2013\/03\/Hamid-Hoxha-me-dy-medalje-te-arta-ne-atletik-ne-Zvicer-150x150.jpg"}],"twitter_misc":{"Written by":"ulqini","Est. reading time":"1 minute"},"schema":{"@context":"https:\/\/schema.org","@graph":[{"@type":"WebSite","@id":"https:\/\/www.visit-ulcinj.com\/blog\/#website","url":"https:\/\/www.visit-ulcinj.com\/blog\/","name":"Lajme nga Ulqini","description":"Lajme,Vijesti,Ulqini,Ulqin,Crna Gora,Mali i Zi","potentialAction":[{"@type":"SearchAction","target":{"@type":"EntryPoint","urlTemplate":"https:\/\/www.visit-ulcinj.com\/blog\/?s={search_term_string}"},"query-input":"required name=search_term_string"}],"inLanguage":"en-US"},{"@type":"WebPage","@id":"https:\/\/www.visit-ulcinj.com\/blog\/2013\/03\/15\/ulqinaku-hamid-hoxha-me-dy-medalje-te-arta-ne-atletik\/#webpage","url":"https:\/\/www.visit-ulcinj.com\/blog\/2013\/03\/15\/ulqinaku-hamid-hoxha-me-dy-medalje-te-arta-ne-atletik\/","name":"Ulqinaku Hamid Hoxha me dy medalje t\u00eb arta n\u00eb atletik + Foto - Lajme nga Ulqini","isPartOf":{"@id":"https:\/\/www.visit-ulcinj.com\/blog\/#website"},"datePublished":"2013-03-14T23:31:14+00:00","dateModified":"2013-03-17T18:39:22+00:00","author":{"@id":"https:\/\/www.visit-ulcinj.com\/blog\/#\/schema\/person\/dcab619c614d3038751c63bc2aadc06d"},"description":"Ulqinaku tashm\u00eb i njohur Hamid Hoxha me n\u00ebnshtetsi Zvicerane\u00a0 i p\u00ebrmbushi parashikimet e veta duke fituar dy medalje e arta, nj\u00ebra n\u00eb diciplin\u00eb \" Sprint","breadcrumb":{"@id":"https:\/\/www.visit-ulcinj.com\/blog\/2013\/03\/15\/ulqinaku-hamid-hoxha-me-dy-medalje-te-arta-ne-atletik\/#breadcrumb"},"inLanguage":"en-US","potentialAction":[{"@type":"ReadAction","target":["https:\/\/www.visit-ulcinj.com\/blog\/2013\/03\/15\/ulqinaku-hamid-hoxha-me-dy-medalje-te-arta-ne-atletik\/"]}]},{"@type":"BreadcrumbList","@id":"https:\/\/www.visit-ulcinj.com\/blog\/2013\/03\/15\/ulqinaku-hamid-hoxha-me-dy-medalje-te-arta-ne-atletik\/#breadcrumb","itemListElement":[{"@type":"ListItem","position":1,"name":"Ulqinaku Hamid Hoxha me dy medalje t\u00eb arta n\u00eb atletik + Foto"}]},{"@type":"Person","@id":"https:\/\/www.visit-ulcinj.com\/blog\/#\/schema\/person\/dcab619c614d3038751c63bc2aadc06d","name":"ulqini","sameAs":["http:\/\/www.visit-ulcinj.com"],"url":"https:\/\/www.visit-ulcinj.com\/blog\/author\/admin\/"}]}},"jetpack_featured_media_url":"","jetpack_sharing_enabled":true,"jetpack_shortlink":"https:\/\/wp.me\/pe6lTn-i3x","_links":{"self":[{"href":"https:\/\/www.visit-ulcinj.com\/blog\/wp-json\/wp\/v2\/posts\/69411"}],"collection":[{"href":"https:\/\/www.visit-ulcinj.com\/blog\/wp-json\/wp\/v2\/posts"}],"about":[{"href":"https:\/\/www.visit-ulcinj.com\/blog\/wp-json\/wp\/v2\/types\/post"}],"author":[{"embeddable":true,"href":"https:\/\/www.visit-ulcinj.com\/blog\/wp-json\/wp\/v2\/users\/1"}],"replies":[{"embeddable":true,"href":"https:\/\/www.visit-ulcinj.com\/blog\/wp-json\/wp\/v2\/comments?post=69411"}],"version-history":[{"count":6,"href":"https:\/\/www.visit-ulcinj.com\/blog\/wp-json\/wp\/v2\/posts\/69411\/revisions"}],"predecessor-version":[{"id":69761,"href":"https:\/\/www.visit-ulcinj.com\/blog\/wp-json\/wp\/v2\/posts\/69411\/revisions\/69761"}],"wp:attachment":[{"href":"https:\/\/www.visit-ulcinj.com\/blog\/wp-json\/wp\/v2\/media?parent=69411"}],"wp:term":[{"taxonomy":"category","embeddable":true,"href":"https:\/\/www.visit-ulcinj.com\/blog\/wp-json\/wp\/v2\/categories?post=69411"},{"taxonomy":"post_tag","embeddable":true,"href":"https:\/\/www.visit-ulcinj.com\/blog\/wp-json\/wp\/v2\/tags?post=69411"}],"curies":[{"name":"wp","href":"https:\/\/api.w.org\/{rel}","templated":true}]}}