{"id":69413,"date":"2013-03-06T13:31:53","date_gmt":"2013-03-06T12:31:53","guid":{"rendered":"http:\/\/www.visit-ulcinj.com\/blog\/?p=69413"},"modified":"2013-03-09T15:25:18","modified_gmt":"2013-03-09T14:25:18","slug":"reagimi-i-dritan-abazit-e-njohim","status":"publish","type":"post","link":"https:\/\/www.visit-ulcinj.com\/blog\/2013\/03\/06\/reagimi-i-dritan-abazit-e-njohim\/","title":{"rendered":"Reagimi i Dritan Abazit: E njohim"},"content":{"rendered":"<p><strong>\u00a0<a href=\"http:\/\/www.visit-ulcinj.com\/blog\/wp-content\/uploads\/2013\/03\/DritanAbazoviq.jpg\"><img loading=\"lazy\" class=\"alignleft  wp-image-69407\" alt=\"DritanAbazoviq\" src=\"http:\/\/www.visit-ulcinj.com\/blog\/wp-content\/uploads\/2013\/03\/DritanAbazoviq.jpg\" width=\"508\" height=\"360\" \/><\/a><\/strong><\/p>\n<p style=\"text-align: center;\"><strong> E njohim<\/strong><\/p>\n<p>\u00cbsht\u00eb e pamundur si politikan\u00ebt gjat\u00eb fushat\u00ebs parazgjedhore harrojn\u00eb realitetin dhe e tregojn\u00eb at\u00eb ashtu si\u00e7 n\u00eb fakt nuk \u00ebsht\u00eb. Koh\u00eb m\u00eb par\u00eb dikush tha q\u00eb m\u00eb t\u00eb rrezikshme jan\u00eb gjysm\u00eb t\u00eb v\u00ebrtetat, gjysm\u00eb idet\u00eb dhe gjysm\u00eb njer\u00ebzit. K\u00ebshtu dje, p\u00ebr shembull, kishim rastin t\u00eb d\u00ebgjojm\u00eb nj\u00eb gjysm\u00eb t\u00eb v\u00ebrtet kur kandidati p\u00ebr kryetar t\u00eb Malit t\u00eb Zi p\u00ebr her\u00eb t\u00eb tret\u00eb, z. Fillip Vujanoviq, tha q\u00eb n\u00eb Ulqin jan\u00eb investuar mbi\u00a0 40 milion euro n\u00eb pes\u00eb vitet e fundit!? Ndoshta i ndikuar nga euforia e madhe q\u00eb mbizot\u00ebronte n\u00eb qytet me rastin e vizit\u00ebs s\u00eb tij harroj q\u00eb ai dhe partia e tij jan\u00eb n\u00eb pushtet tash 24 vite t\u00eb plota, k\u00ebshtu q\u00eb edhe para k\u00ebtyre pes\u00eb vite t\u00eb fundit q\u00eb i p\u00ebrmendi, ai n\u00eb k\u00ebt\u00eb vend ishte edhe kryetar, edhe kryeminist\u00ebr, edhe minist\u00ebr i policis\u00eb, edhe minist\u00ebr i drejt\u00ebsis\u00eb!<\/p>\n<p>Asgj\u00eb nuk do t\u00eb ishte e \u00e7uditshme sikur Vujanoviqi t\u00eb thoshte q\u00eb Qeveria ka investuar at\u00eb \u00e7ka investoi, por absolutisht ajo shum\u00eb nuk \u00ebsht\u00eb aq sa ai tha. Nga ana tjet\u00ebr, ajo me vite ka rr\u00ebnuar Ulqinin dhe potencialet e tija, k\u00ebshtu q\u00eb d\u00ebmi \u00ebsht\u00eb shum\u00eb m\u00eb i madh nga investimet p\u00ebr t\u00eb cilat foli kandidati p\u00ebr kryetar. \u00cbsht\u00eb nd\u00ebrtuar ura, por \u00ebsht\u00eb rr\u00ebnuar simboli jon\u00eb, Galebi, dhe disa hotele tjer\u00eb, \u00ebsht\u00eb nd\u00ebrtuar deponia, por \u00ebsht\u00eb shitur dhe shkat\u00ebrruar Kriporja, \u00ebsht\u00eb nd\u00ebrtuar faza e par\u00eb e rrug\u00ebs s\u00eb thjesht me dy korsi drejt Sukubin\u00ebs,\u00a0 por T\u00eb Mirat Detare kan\u00eb rob\u00ebruar praktikisht \u00e7do gj\u00eb q\u00eb vlen n\u00eb k\u00ebt\u00eb qytet, nuk \u00ebsht\u00eb kthyer Valdanosi, p\u00ebrkundrazi parashihet p\u00ebr t\u00eb kush e di sat\u00ebn her\u00eb t\u00eb shitet ky gji p\u00ebrrallor, nuk ka kapacitete t\u00eb reja banimi, dhe Komuna m\u00eb e pasur me resurse n\u00eb bregdet n\u00eb fakt \u00ebsht\u00eb Komuna m\u00eb e varf\u00ebr !? Dhe t\u00eb gjitha k\u00ebto fal qeverisjes s\u00eb mir\u00eb p\u00ebr t\u00eb cil\u00ebn foli z. Vujanoviq.<\/p>\n<p>Por, asgj\u00eb e papritur nga z. Vujanoviq, ne e njohim! Me siguri u inspirua dhe frym\u00ebzua kur \u201crespektuesit\u201d lokal i than\u00eb q\u00eb n\u00eb Ulqin ai do t\u00eb fitoj m\u00eb s\u00eb shumti vota. Ndoshta dhe do ti marr\u00eb, i g\u00ebzoft\u00eb, mir\u00ebpo mos t\u00eb mendoj q\u00eb t\u00eb gjith\u00eb njer\u00ebzit k\u00ebtu jan\u00eb aq naiv si\u00e7 ju duket pushtet mbajt\u00ebsve nga Podgorica. \u00cbsht\u00eb e v\u00ebrtet q\u00eb Ulqini n\u00eb 24 vitet e fundit ka r\u00ebn\u00eb materialisht dhe moralisht, por edhe r\u00ebnia \u00ebsht\u00eb fluturim, vet\u00ebm n\u00ebse ajo kuptohet. Do t\u00eb niset Ulqini prap\u00eb p\u00ebrpara, p\u00ebr k\u00ebt\u00eb gj\u00eb nuk ka as dyshim dhe as dilem\u00eb, por vet\u00ebm mbasi q\u00eb kjo qeveri dhe ky lloj pushteti t\u00eb shkoj n\u00eb opozit\u00eb, dhe deklaratat e ngjashme do t\u00eb trajtohen n\u00eb rubrik\u00ebn \u201cbesoni apo jo\u201d. Duke pasur parasysh q\u00eb Vujanoviqi \u00ebsht\u00eb i qassh\u00ebm si njeri dhe si burr\u00eb shteti, \u00ebsht\u00eb e pritshme q\u00eb k\u00ebt\u00eb reagim tonin ta kuptoj si q\u00ebllimmir\u00eb, dhe n\u00ebse prap\u00eb ulet n\u00eb t\u00eb nj\u00ebjt\u00ebn karrig\u00eb, ta ndryshoj marr\u00ebdh\u00ebnien reale ndaj k\u00ebtij qyteti dhe ndaj qytetar\u00ebve t\u00eb tij.<\/p>\n","protected":false},"excerpt":{"rendered":"<p>\u00a0 E njohim \u00cbsht\u00eb e pamundur si politikan\u00ebt gjat\u00eb fushat\u00ebs parazgjedhore harrojn\u00eb realitetin dhe e tregojn\u00eb at\u00eb ashtu si\u00e7 n\u00eb fakt nuk \u00ebsht\u00eb. Koh\u00eb m\u00eb par\u00eb dikush tha q\u00eb m\u00eb t\u00eb rrezikshme jan\u00eb gjysm\u00eb t\u00eb v\u00ebrtetat, gjysm\u00eb idet\u00eb dhe gjysm\u00eb njer\u00ebzit. K\u00ebshtu dje, p\u00ebr shembull, kishim rastin t\u00eb d\u00ebgjojm\u00eb nj\u00eb gjysm\u00eb t\u00eb v\u00ebrtet kur kandidati [&hellip;]<\/p>\n","protected":false},"author":1,"featured_media":0,"comment_status":"open","ping_status":"closed","sticky":false,"template":"","format":"standard","meta":{"spay_email":"","jetpack_publicize_message":"","jetpack_is_tweetstorm":false,"jetpack_publicize_feature_enabled":true},"categories":[1,6],"tags":[13701,200],"jetpack_publicize_connections":[],"yoast_head":"<!-- This site is optimized with the Yoast SEO plugin v19.1 - https:\/\/yoast.com\/wordpress\/plugins\/seo\/ -->\n<title>Reagimi i Dritan Abazit: E njohim - Lajme nga Ulqini<\/title>\n<meta name=\"description\" content=\"\u00a0 E njohim \u00cbsht\u00eb e pamundur si politikan\u00ebt gjat\u00eb fushat\u00ebs parazgjedhore harrojn\u00eb realitetin dhe e tregojn\u00eb at\u00eb ashtu si\u00e7 n\u00eb fakt nuk \u00ebsht\u00eb. Koh\u00eb m\u00eb par\u00eb\" \/>\n<meta name=\"robots\" content=\"index, follow, max-snippet:-1, max-image-preview:large, max-video-preview:-1\" \/>\n<link rel=\"canonical\" href=\"https:\/\/www.visit-ulcinj.com\/blog\/2013\/03\/06\/reagimi-i-dritan-abazit-e-njohim\/\" \/>\n<meta property=\"og:locale\" content=\"en_US\" \/>\n<meta property=\"og:type\" content=\"article\" \/>\n<meta property=\"og:title\" content=\"Reagimi i Dritan Abazit: E njohim - Lajme nga Ulqini\" \/>\n<meta property=\"og:description\" content=\"\u00a0 E njohim \u00cbsht\u00eb e pamundur si politikan\u00ebt gjat\u00eb fushat\u00ebs parazgjedhore harrojn\u00eb realitetin dhe e tregojn\u00eb at\u00eb ashtu si\u00e7 n\u00eb fakt nuk \u00ebsht\u00eb. Koh\u00eb m\u00eb par\u00eb\" \/>\n<meta property=\"og:url\" content=\"https:\/\/www.visit-ulcinj.com\/blog\/2013\/03\/06\/reagimi-i-dritan-abazit-e-njohim\/\" \/>\n<meta property=\"og:site_name\" content=\"Lajme nga Ulqini\" \/>\n<meta property=\"article:published_time\" content=\"2013-03-06T12:31:53+00:00\" \/>\n<meta property=\"article:modified_time\" content=\"2013-03-09T14:25:18+00:00\" \/>\n<meta property=\"og:image\" content=\"http:\/\/www.visit-ulcinj.com\/blog\/wp-content\/uploads\/2013\/03\/DritanAbazoviq.jpg\" \/>\n<meta name=\"twitter:label1\" content=\"Written by\" \/>\n\t<meta name=\"twitter:data1\" content=\"ulqini\" \/>\n\t<meta name=\"twitter:label2\" content=\"Est. reading time\" \/>\n\t<meta name=\"twitter:data2\" content=\"3 minutes\" \/>\n<script type=\"application\/ld+json\" class=\"yoast-schema-graph\">{\"@context\":\"https:\/\/schema.org\",\"@graph\":[{\"@type\":\"WebSite\",\"@id\":\"https:\/\/www.visit-ulcinj.com\/blog\/#website\",\"url\":\"https:\/\/www.visit-ulcinj.com\/blog\/\",\"name\":\"Lajme nga Ulqini\",\"description\":\"Lajme,Vijesti,Ulqini,Ulqin,Crna Gora,Mali i Zi\",\"potentialAction\":[{\"@type\":\"SearchAction\",\"target\":{\"@type\":\"EntryPoint\",\"urlTemplate\":\"https:\/\/www.visit-ulcinj.com\/blog\/?s={search_term_string}\"},\"query-input\":\"required name=search_term_string\"}],\"inLanguage\":\"en-US\"},{\"@type\":\"ImageObject\",\"inLanguage\":\"en-US\",\"@id\":\"https:\/\/www.visit-ulcinj.com\/blog\/2013\/03\/06\/reagimi-i-dritan-abazit-e-njohim\/#primaryimage\",\"url\":\"https:\/\/www.visit-ulcinj.com\/blog\/wp-content\/uploads\/2013\/03\/DritanAbazoviq.jpg\",\"contentUrl\":\"https:\/\/www.visit-ulcinj.com\/blog\/wp-content\/uploads\/2013\/03\/DritanAbazoviq.jpg\",\"width\":1000,\"height\":655},{\"@type\":\"WebPage\",\"@id\":\"https:\/\/www.visit-ulcinj.com\/blog\/2013\/03\/06\/reagimi-i-dritan-abazit-e-njohim\/#webpage\",\"url\":\"https:\/\/www.visit-ulcinj.com\/blog\/2013\/03\/06\/reagimi-i-dritan-abazit-e-njohim\/\",\"name\":\"Reagimi i Dritan Abazit: E njohim - Lajme nga Ulqini\",\"isPartOf\":{\"@id\":\"https:\/\/www.visit-ulcinj.com\/blog\/#website\"},\"primaryImageOfPage\":{\"@id\":\"https:\/\/www.visit-ulcinj.com\/blog\/2013\/03\/06\/reagimi-i-dritan-abazit-e-njohim\/#primaryimage\"},\"datePublished\":\"2013-03-06T12:31:53+00:00\",\"dateModified\":\"2013-03-09T14:25:18+00:00\",\"author\":{\"@id\":\"https:\/\/www.visit-ulcinj.com\/blog\/#\/schema\/person\/dcab619c614d3038751c63bc2aadc06d\"},\"description\":\"\u00a0 E njohim \u00cbsht\u00eb e pamundur si politikan\u00ebt gjat\u00eb fushat\u00ebs parazgjedhore harrojn\u00eb realitetin dhe e tregojn\u00eb at\u00eb ashtu si\u00e7 n\u00eb fakt nuk \u00ebsht\u00eb. Koh\u00eb m\u00eb par\u00eb\",\"breadcrumb\":{\"@id\":\"https:\/\/www.visit-ulcinj.com\/blog\/2013\/03\/06\/reagimi-i-dritan-abazit-e-njohim\/#breadcrumb\"},\"inLanguage\":\"en-US\",\"potentialAction\":[{\"@type\":\"ReadAction\",\"target\":[\"https:\/\/www.visit-ulcinj.com\/blog\/2013\/03\/06\/reagimi-i-dritan-abazit-e-njohim\/\"]}]},{\"@type\":\"BreadcrumbList\",\"@id\":\"https:\/\/www.visit-ulcinj.com\/blog\/2013\/03\/06\/reagimi-i-dritan-abazit-e-njohim\/#breadcrumb\",\"itemListElement\":[{\"@type\":\"ListItem\",\"position\":1,\"name\":\"Reagimi i Dritan Abazit: E njohim\"}]},{\"@type\":\"Person\",\"@id\":\"https:\/\/www.visit-ulcinj.com\/blog\/#\/schema\/person\/dcab619c614d3038751c63bc2aadc06d\",\"name\":\"ulqini\",\"sameAs\":[\"http:\/\/www.visit-ulcinj.com\"],\"url\":\"https:\/\/www.visit-ulcinj.com\/blog\/author\/admin\/\"}]}<\/script>\n<!-- \/ Yoast SEO plugin. -->","yoast_head_json":{"title":"Reagimi i Dritan Abazit: E njohim - Lajme nga Ulqini","description":"\u00a0 E njohim \u00cbsht\u00eb e pamundur si politikan\u00ebt gjat\u00eb fushat\u00ebs parazgjedhore harrojn\u00eb realitetin dhe e tregojn\u00eb at\u00eb ashtu si\u00e7 n\u00eb fakt nuk \u00ebsht\u00eb. Koh\u00eb m\u00eb par\u00eb","robots":{"index":"index","follow":"follow","max-snippet":"max-snippet:-1","max-image-preview":"max-image-preview:large","max-video-preview":"max-video-preview:-1"},"canonical":"https:\/\/www.visit-ulcinj.com\/blog\/2013\/03\/06\/reagimi-i-dritan-abazit-e-njohim\/","og_locale":"en_US","og_type":"article","og_title":"Reagimi i Dritan Abazit: E njohim - Lajme nga Ulqini","og_description":"\u00a0 E njohim \u00cbsht\u00eb e pamundur si politikan\u00ebt gjat\u00eb fushat\u00ebs parazgjedhore harrojn\u00eb realitetin dhe e tregojn\u00eb at\u00eb ashtu si\u00e7 n\u00eb fakt nuk \u00ebsht\u00eb. Koh\u00eb m\u00eb par\u00eb","og_url":"https:\/\/www.visit-ulcinj.com\/blog\/2013\/03\/06\/reagimi-i-dritan-abazit-e-njohim\/","og_site_name":"Lajme nga Ulqini","article_published_time":"2013-03-06T12:31:53+00:00","article_modified_time":"2013-03-09T14:25:18+00:00","og_image":[{"url":"http:\/\/www.visit-ulcinj.com\/blog\/wp-content\/uploads\/2013\/03\/DritanAbazoviq.jpg"}],"twitter_misc":{"Written by":"ulqini","Est. reading time":"3 minutes"},"schema":{"@context":"https:\/\/schema.org","@graph":[{"@type":"WebSite","@id":"https:\/\/www.visit-ulcinj.com\/blog\/#website","url":"https:\/\/www.visit-ulcinj.com\/blog\/","name":"Lajme nga Ulqini","description":"Lajme,Vijesti,Ulqini,Ulqin,Crna Gora,Mali i Zi","potentialAction":[{"@type":"SearchAction","target":{"@type":"EntryPoint","urlTemplate":"https:\/\/www.visit-ulcinj.com\/blog\/?s={search_term_string}"},"query-input":"required name=search_term_string"}],"inLanguage":"en-US"},{"@type":"ImageObject","inLanguage":"en-US","@id":"https:\/\/www.visit-ulcinj.com\/blog\/2013\/03\/06\/reagimi-i-dritan-abazit-e-njohim\/#primaryimage","url":"https:\/\/www.visit-ulcinj.com\/blog\/wp-content\/uploads\/2013\/03\/DritanAbazoviq.jpg","contentUrl":"https:\/\/www.visit-ulcinj.com\/blog\/wp-content\/uploads\/2013\/03\/DritanAbazoviq.jpg","width":1000,"height":655},{"@type":"WebPage","@id":"https:\/\/www.visit-ulcinj.com\/blog\/2013\/03\/06\/reagimi-i-dritan-abazit-e-njohim\/#webpage","url":"https:\/\/www.visit-ulcinj.com\/blog\/2013\/03\/06\/reagimi-i-dritan-abazit-e-njohim\/","name":"Reagimi i Dritan Abazit: E njohim - Lajme nga Ulqini","isPartOf":{"@id":"https:\/\/www.visit-ulcinj.com\/blog\/#website"},"primaryImageOfPage":{"@id":"https:\/\/www.visit-ulcinj.com\/blog\/2013\/03\/06\/reagimi-i-dritan-abazit-e-njohim\/#primaryimage"},"datePublished":"2013-03-06T12:31:53+00:00","dateModified":"2013-03-09T14:25:18+00:00","author":{"@id":"https:\/\/www.visit-ulcinj.com\/blog\/#\/schema\/person\/dcab619c614d3038751c63bc2aadc06d"},"description":"\u00a0 E njohim \u00cbsht\u00eb e pamundur si politikan\u00ebt gjat\u00eb fushat\u00ebs parazgjedhore harrojn\u00eb realitetin dhe e tregojn\u00eb at\u00eb ashtu si\u00e7 n\u00eb fakt nuk \u00ebsht\u00eb. Koh\u00eb m\u00eb par\u00eb","breadcrumb":{"@id":"https:\/\/www.visit-ulcinj.com\/blog\/2013\/03\/06\/reagimi-i-dritan-abazit-e-njohim\/#breadcrumb"},"inLanguage":"en-US","potentialAction":[{"@type":"ReadAction","target":["https:\/\/www.visit-ulcinj.com\/blog\/2013\/03\/06\/reagimi-i-dritan-abazit-e-njohim\/"]}]},{"@type":"BreadcrumbList","@id":"https:\/\/www.visit-ulcinj.com\/blog\/2013\/03\/06\/reagimi-i-dritan-abazit-e-njohim\/#breadcrumb","itemListElement":[{"@type":"ListItem","position":1,"name":"Reagimi i Dritan Abazit: E njohim"}]},{"@type":"Person","@id":"https:\/\/www.visit-ulcinj.com\/blog\/#\/schema\/person\/dcab619c614d3038751c63bc2aadc06d","name":"ulqini","sameAs":["http:\/\/www.visit-ulcinj.com"],"url":"https:\/\/www.visit-ulcinj.com\/blog\/author\/admin\/"}]}},"jetpack_featured_media_url":"","jetpack_sharing_enabled":true,"jetpack_shortlink":"https:\/\/wp.me\/pe6lTn-i3z","_links":{"self":[{"href":"https:\/\/www.visit-ulcinj.com\/blog\/wp-json\/wp\/v2\/posts\/69413"}],"collection":[{"href":"https:\/\/www.visit-ulcinj.com\/blog\/wp-json\/wp\/v2\/posts"}],"about":[{"href":"https:\/\/www.visit-ulcinj.com\/blog\/wp-json\/wp\/v2\/types\/post"}],"author":[{"embeddable":true,"href":"https:\/\/www.visit-ulcinj.com\/blog\/wp-json\/wp\/v2\/users\/1"}],"replies":[{"embeddable":true,"href":"https:\/\/www.visit-ulcinj.com\/blog\/wp-json\/wp\/v2\/comments?post=69413"}],"version-history":[{"count":6,"href":"https:\/\/www.visit-ulcinj.com\/blog\/wp-json\/wp\/v2\/posts\/69413\/revisions"}],"predecessor-version":[{"id":69440,"href":"https:\/\/www.visit-ulcinj.com\/blog\/wp-json\/wp\/v2\/posts\/69413\/revisions\/69440"}],"wp:attachment":[{"href":"https:\/\/www.visit-ulcinj.com\/blog\/wp-json\/wp\/v2\/media?parent=69413"}],"wp:term":[{"taxonomy":"category","embeddable":true,"href":"https:\/\/www.visit-ulcinj.com\/blog\/wp-json\/wp\/v2\/categories?post=69413"},{"taxonomy":"post_tag","embeddable":true,"href":"https:\/\/www.visit-ulcinj.com\/blog\/wp-json\/wp\/v2\/tags?post=69413"}],"curies":[{"name":"wp","href":"https:\/\/api.w.org\/{rel}","templated":true}]}}