{"id":69422,"date":"2013-03-09T15:21:29","date_gmt":"2013-03-09T14:21:29","guid":{"rendered":"http:\/\/www.visit-ulcinj.com\/blog\/?p=69422"},"modified":"2013-03-09T18:23:07","modified_gmt":"2013-03-09T17:23:07","slug":"dragina-ne-uje","status":"publish","type":"post","link":"https:\/\/www.visit-ulcinj.com\/blog\/2013\/03\/09\/dragina-ne-uje\/","title":{"rendered":"Dragina ne Uje + Foto &#8211; Video"},"content":{"rendered":"<p><a href=\"http:\/\/www.visit-ulcinj.com\/blog\/wp-content\/uploads\/2013\/03\/Dragina-ne-Uje.jpg\"><img loading=\"lazy\" class=\"alignleft  wp-image-69423\" alt=\"Dragina ne Uje\" src=\"http:\/\/www.visit-ulcinj.com\/blog\/wp-content\/uploads\/2013\/03\/Dragina-ne-Uje.jpg\" width=\"508\" height=\"360\" \/><\/a><\/p>\n<p>09.03.2013 &#8211; Ky uj\u00eb nuk mbahet mend, thon\u00eb t\u00eb mo\u00e7mit, te Mullini i Haxhi Zenelit, ne Dragin\u00eb. Dhe kjo, jo si rezultat i t\u00eb reshjeve t\u00eb shumta, por si rezultat i punimeve pa plan n\u00eb aksin rrugor Sukubin\u00eb-Katerkoll\u00eb Ngushtimi i urave, ngritja e tras\u00ebs s\u00eb rrug\u00ebs dhe prurja e uj\u00ebrave nga p\u00ebrroi kryesor, shkaktoi k\u00ebto pamje q\u00eb po shihni. Urgjentisht duhet t\u00eb nd\u00ebrmerren masa p\u00ebr riparimin e pjes\u00ebve t\u00eb d\u00ebmtuara.<\/p>\n<p><strong> Pamje nga <a id=\"js_8\" href=\"https:\/\/www.facebook.com\/valon.kovaci\" data-hovercard=\"\/ajax\/hovercard\/user.php?id=1009530920\">Valon Kova\u00e7i<\/a> Facebook<br \/>\n<br \/>\n<\/strong><\/p>\n<p><iframe loading=\"lazy\" width=\"508\" height=\"360\" src=\"http:\/\/www.youtube.com\/embed\/1varui_JLeM?list=UUxtI0wphDxNgzeHdQ4NteDQ\" frameborder=\"0\" allowfullscreen><\/iframe><\/p>\n","protected":false},"excerpt":{"rendered":"<p>09.03.2013 &#8211; Ky uj\u00eb nuk mbahet mend, thon\u00eb t\u00eb mo\u00e7mit, te Mullini i Haxhi Zenelit, ne Dragin\u00eb. Dhe kjo, jo si rezultat i t\u00eb reshjeve t\u00eb shumta, por si rezultat i punimeve pa plan n\u00eb aksin rrugor Sukubin\u00eb-Katerkoll\u00eb Ngushtimi i urave, ngritja e tras\u00ebs s\u00eb rrug\u00ebs dhe prurja e uj\u00ebrave nga p\u00ebrroi kryesor, shkaktoi k\u00ebto [&hellip;]<\/p>\n","protected":false},"author":1,"featured_media":0,"comment_status":"open","ping_status":"closed","sticky":false,"template":"","format":"standard","meta":{"spay_email":"","jetpack_publicize_message":"","jetpack_is_tweetstorm":false,"jetpack_publicize_feature_enabled":true},"categories":[1],"tags":[3511,200,18],"jetpack_publicize_connections":[],"yoast_head":"<!-- This site is optimized with the Yoast SEO plugin v19.1 - https:\/\/yoast.com\/wordpress\/plugins\/seo\/ -->\n<title>Dragina ne Uje + Foto - Video - Lajme nga Ulqini<\/title>\n<meta name=\"description\" content=\"09.03.2013 - Ky uj\u00eb nuk mbahet mend, thon\u00eb t\u00eb mo\u00e7mit, te Mullini i Haxhi Zenelit, ne Dragin\u00eb. Dhe kjo, jo si rezultat i t\u00eb reshjeve t\u00eb shumta, por si\" \/>\n<meta name=\"robots\" content=\"index, follow, max-snippet:-1, max-image-preview:large, max-video-preview:-1\" \/>\n<link rel=\"canonical\" href=\"https:\/\/www.visit-ulcinj.com\/blog\/2013\/03\/09\/dragina-ne-uje\/\" \/>\n<meta property=\"og:locale\" content=\"en_US\" \/>\n<meta property=\"og:type\" content=\"article\" \/>\n<meta property=\"og:title\" content=\"Dragina ne Uje + Foto - Video - Lajme nga Ulqini\" \/>\n<meta property=\"og:description\" content=\"09.03.2013 - Ky uj\u00eb nuk mbahet mend, thon\u00eb t\u00eb mo\u00e7mit, te Mullini i Haxhi Zenelit, ne Dragin\u00eb. Dhe kjo, jo si rezultat i t\u00eb reshjeve t\u00eb shumta, por si\" \/>\n<meta property=\"og:url\" content=\"https:\/\/www.visit-ulcinj.com\/blog\/2013\/03\/09\/dragina-ne-uje\/\" \/>\n<meta property=\"og:site_name\" content=\"Lajme nga Ulqini\" \/>\n<meta property=\"article:published_time\" content=\"2013-03-09T14:21:29+00:00\" \/>\n<meta property=\"article:modified_time\" content=\"2013-03-09T17:23:07+00:00\" \/>\n<meta property=\"og:image\" content=\"https:\/\/www.visit-ulcinj.com\/blog\/wp-content\/uploads\/2013\/03\/Dragina-ne-Uje.1-150x150.jpg\" \/>\n<meta name=\"twitter:label1\" content=\"Written by\" \/>\n\t<meta name=\"twitter:data1\" content=\"ulqini\" \/>\n<script type=\"application\/ld+json\" class=\"yoast-schema-graph\">{\"@context\":\"https:\/\/schema.org\",\"@graph\":[{\"@type\":\"WebSite\",\"@id\":\"https:\/\/www.visit-ulcinj.com\/blog\/#website\",\"url\":\"https:\/\/www.visit-ulcinj.com\/blog\/\",\"name\":\"Lajme nga Ulqini\",\"description\":\"Lajme,Vijesti,Ulqini,Ulqin,Crna Gora,Mali i Zi\",\"potentialAction\":[{\"@type\":\"SearchAction\",\"target\":{\"@type\":\"EntryPoint\",\"urlTemplate\":\"https:\/\/www.visit-ulcinj.com\/blog\/?s={search_term_string}\"},\"query-input\":\"required name=search_term_string\"}],\"inLanguage\":\"en-US\"},{\"@type\":\"ImageObject\",\"inLanguage\":\"en-US\",\"@id\":\"https:\/\/www.visit-ulcinj.com\/blog\/2013\/03\/09\/dragina-ne-uje\/#primaryimage\",\"url\":\"http:\/\/www.visit-ulcinj.com\/blog\/wp-content\/uploads\/2013\/03\/Dragina-ne-Uje.jpg\",\"contentUrl\":\"http:\/\/www.visit-ulcinj.com\/blog\/wp-content\/uploads\/2013\/03\/Dragina-ne-Uje.jpg\"},{\"@type\":\"WebPage\",\"@id\":\"https:\/\/www.visit-ulcinj.com\/blog\/2013\/03\/09\/dragina-ne-uje\/#webpage\",\"url\":\"https:\/\/www.visit-ulcinj.com\/blog\/2013\/03\/09\/dragina-ne-uje\/\",\"name\":\"Dragina ne Uje + Foto - Video - Lajme nga Ulqini\",\"isPartOf\":{\"@id\":\"https:\/\/www.visit-ulcinj.com\/blog\/#website\"},\"primaryImageOfPage\":{\"@id\":\"https:\/\/www.visit-ulcinj.com\/blog\/2013\/03\/09\/dragina-ne-uje\/#primaryimage\"},\"datePublished\":\"2013-03-09T14:21:29+00:00\",\"dateModified\":\"2013-03-09T17:23:07+00:00\",\"author\":{\"@id\":\"https:\/\/www.visit-ulcinj.com\/blog\/#\/schema\/person\/dcab619c614d3038751c63bc2aadc06d\"},\"description\":\"09.03.2013 - Ky uj\u00eb nuk mbahet mend, thon\u00eb t\u00eb mo\u00e7mit, te Mullini i Haxhi Zenelit, ne Dragin\u00eb. Dhe kjo, jo si rezultat i t\u00eb reshjeve t\u00eb shumta, por si\",\"breadcrumb\":{\"@id\":\"https:\/\/www.visit-ulcinj.com\/blog\/2013\/03\/09\/dragina-ne-uje\/#breadcrumb\"},\"inLanguage\":\"en-US\",\"potentialAction\":[{\"@type\":\"ReadAction\",\"target\":[\"https:\/\/www.visit-ulcinj.com\/blog\/2013\/03\/09\/dragina-ne-uje\/\"]}]},{\"@type\":\"BreadcrumbList\",\"@id\":\"https:\/\/www.visit-ulcinj.com\/blog\/2013\/03\/09\/dragina-ne-uje\/#breadcrumb\",\"itemListElement\":[{\"@type\":\"ListItem\",\"position\":1,\"name\":\"Dragina ne Uje + Foto &#8211; Video\"}]},{\"@type\":\"Person\",\"@id\":\"https:\/\/www.visit-ulcinj.com\/blog\/#\/schema\/person\/dcab619c614d3038751c63bc2aadc06d\",\"name\":\"ulqini\",\"sameAs\":[\"http:\/\/www.visit-ulcinj.com\"],\"url\":\"https:\/\/www.visit-ulcinj.com\/blog\/author\/admin\/\"}]}<\/script>\n<!-- \/ Yoast SEO plugin. -->","yoast_head_json":{"title":"Dragina ne Uje + Foto - Video - Lajme nga Ulqini","description":"09.03.2013 - Ky uj\u00eb nuk mbahet mend, thon\u00eb t\u00eb mo\u00e7mit, te Mullini i Haxhi Zenelit, ne Dragin\u00eb. Dhe kjo, jo si rezultat i t\u00eb reshjeve t\u00eb shumta, por si","robots":{"index":"index","follow":"follow","max-snippet":"max-snippet:-1","max-image-preview":"max-image-preview:large","max-video-preview":"max-video-preview:-1"},"canonical":"https:\/\/www.visit-ulcinj.com\/blog\/2013\/03\/09\/dragina-ne-uje\/","og_locale":"en_US","og_type":"article","og_title":"Dragina ne Uje + Foto - Video - Lajme nga Ulqini","og_description":"09.03.2013 - Ky uj\u00eb nuk mbahet mend, thon\u00eb t\u00eb mo\u00e7mit, te Mullini i Haxhi Zenelit, ne Dragin\u00eb. Dhe kjo, jo si rezultat i t\u00eb reshjeve t\u00eb shumta, por si","og_url":"https:\/\/www.visit-ulcinj.com\/blog\/2013\/03\/09\/dragina-ne-uje\/","og_site_name":"Lajme nga Ulqini","article_published_time":"2013-03-09T14:21:29+00:00","article_modified_time":"2013-03-09T17:23:07+00:00","og_image":[{"url":"https:\/\/www.visit-ulcinj.com\/blog\/wp-content\/uploads\/2013\/03\/Dragina-ne-Uje.1-150x150.jpg"}],"twitter_misc":{"Written by":"ulqini"},"schema":{"@context":"https:\/\/schema.org","@graph":[{"@type":"WebSite","@id":"https:\/\/www.visit-ulcinj.com\/blog\/#website","url":"https:\/\/www.visit-ulcinj.com\/blog\/","name":"Lajme nga Ulqini","description":"Lajme,Vijesti,Ulqini,Ulqin,Crna Gora,Mali i Zi","potentialAction":[{"@type":"SearchAction","target":{"@type":"EntryPoint","urlTemplate":"https:\/\/www.visit-ulcinj.com\/blog\/?s={search_term_string}"},"query-input":"required name=search_term_string"}],"inLanguage":"en-US"},{"@type":"ImageObject","inLanguage":"en-US","@id":"https:\/\/www.visit-ulcinj.com\/blog\/2013\/03\/09\/dragina-ne-uje\/#primaryimage","url":"http:\/\/www.visit-ulcinj.com\/blog\/wp-content\/uploads\/2013\/03\/Dragina-ne-Uje.jpg","contentUrl":"http:\/\/www.visit-ulcinj.com\/blog\/wp-content\/uploads\/2013\/03\/Dragina-ne-Uje.jpg"},{"@type":"WebPage","@id":"https:\/\/www.visit-ulcinj.com\/blog\/2013\/03\/09\/dragina-ne-uje\/#webpage","url":"https:\/\/www.visit-ulcinj.com\/blog\/2013\/03\/09\/dragina-ne-uje\/","name":"Dragina ne Uje + Foto - Video - Lajme nga Ulqini","isPartOf":{"@id":"https:\/\/www.visit-ulcinj.com\/blog\/#website"},"primaryImageOfPage":{"@id":"https:\/\/www.visit-ulcinj.com\/blog\/2013\/03\/09\/dragina-ne-uje\/#primaryimage"},"datePublished":"2013-03-09T14:21:29+00:00","dateModified":"2013-03-09T17:23:07+00:00","author":{"@id":"https:\/\/www.visit-ulcinj.com\/blog\/#\/schema\/person\/dcab619c614d3038751c63bc2aadc06d"},"description":"09.03.2013 - Ky uj\u00eb nuk mbahet mend, thon\u00eb t\u00eb mo\u00e7mit, te Mullini i Haxhi Zenelit, ne Dragin\u00eb. Dhe kjo, jo si rezultat i t\u00eb reshjeve t\u00eb shumta, por si","breadcrumb":{"@id":"https:\/\/www.visit-ulcinj.com\/blog\/2013\/03\/09\/dragina-ne-uje\/#breadcrumb"},"inLanguage":"en-US","potentialAction":[{"@type":"ReadAction","target":["https:\/\/www.visit-ulcinj.com\/blog\/2013\/03\/09\/dragina-ne-uje\/"]}]},{"@type":"BreadcrumbList","@id":"https:\/\/www.visit-ulcinj.com\/blog\/2013\/03\/09\/dragina-ne-uje\/#breadcrumb","itemListElement":[{"@type":"ListItem","position":1,"name":"Dragina ne Uje + Foto &#8211; Video"}]},{"@type":"Person","@id":"https:\/\/www.visit-ulcinj.com\/blog\/#\/schema\/person\/dcab619c614d3038751c63bc2aadc06d","name":"ulqini","sameAs":["http:\/\/www.visit-ulcinj.com"],"url":"https:\/\/www.visit-ulcinj.com\/blog\/author\/admin\/"}]}},"jetpack_featured_media_url":"","jetpack_sharing_enabled":true,"jetpack_shortlink":"https:\/\/wp.me\/pe6lTn-i3I","_links":{"self":[{"href":"https:\/\/www.visit-ulcinj.com\/blog\/wp-json\/wp\/v2\/posts\/69422"}],"collection":[{"href":"https:\/\/www.visit-ulcinj.com\/blog\/wp-json\/wp\/v2\/posts"}],"about":[{"href":"https:\/\/www.visit-ulcinj.com\/blog\/wp-json\/wp\/v2\/types\/post"}],"author":[{"embeddable":true,"href":"https:\/\/www.visit-ulcinj.com\/blog\/wp-json\/wp\/v2\/users\/1"}],"replies":[{"embeddable":true,"href":"https:\/\/www.visit-ulcinj.com\/blog\/wp-json\/wp\/v2\/comments?post=69422"}],"version-history":[{"count":8,"href":"https:\/\/www.visit-ulcinj.com\/blog\/wp-json\/wp\/v2\/posts\/69422\/revisions"}],"predecessor-version":[{"id":69455,"href":"https:\/\/www.visit-ulcinj.com\/blog\/wp-json\/wp\/v2\/posts\/69422\/revisions\/69455"}],"wp:attachment":[{"href":"https:\/\/www.visit-ulcinj.com\/blog\/wp-json\/wp\/v2\/media?parent=69422"}],"wp:term":[{"taxonomy":"category","embeddable":true,"href":"https:\/\/www.visit-ulcinj.com\/blog\/wp-json\/wp\/v2\/categories?post=69422"},{"taxonomy":"post_tag","embeddable":true,"href":"https:\/\/www.visit-ulcinj.com\/blog\/wp-json\/wp\/v2\/tags?post=69422"}],"curies":[{"name":"wp","href":"https:\/\/api.w.org\/{rel}","templated":true}]}}