{"id":6943,"date":"2008-12-07T17:30:02","date_gmt":"2008-12-07T16:30:02","guid":{"rendered":"http:\/\/www.visit-ulcinj.com\/blog\/?p=6943"},"modified":"2008-12-07T17:33:11","modified_gmt":"2008-12-07T16:33:11","slug":"mesazhi-i-kurban-bajramit-nga-nga-rexhep-ef-lika-kryeimami-i-ulqinit","status":"publish","type":"post","link":"https:\/\/www.visit-ulcinj.com\/blog\/2008\/12\/07\/mesazhi-i-kurban-bajramit-nga-nga-rexhep-ef-lika-kryeimami-i-ulqinit\/","title":{"rendered":"Mesazhi i Kurban Bajramit nga nga Rexhep ef. Lika, Kryeimami i Ulqinit"},"content":{"rendered":"<p><a href=\"http:\/\/www.visit-ulcinj.com\/blog\/wp-content\/uploads\/2008\/10\/molla-rexhep-lika.jpg\"><img loading=\"lazy\" class=\"alignleft size-medium wp-image-3795\" title=\"molla-rexhep-lika\" src=\"http:\/\/www.visit-ulcinj.com\/blog\/wp-content\/uploads\/2008\/10\/molla-rexhep-lika-300x225.jpg\" alt=\"\" width=\"300\" height=\"225\" srcset=\"https:\/\/www.visit-ulcinj.com\/blog\/wp-content\/uploads\/2008\/10\/molla-rexhep-lika-300x225.jpg 300w, https:\/\/www.visit-ulcinj.com\/blog\/wp-content\/uploads\/2008\/10\/molla-rexhep-lika.jpg 384w\" sizes=\"(max-width: 300px) 100vw, 300px\" \/><\/a>Kreu i Bashk\u00ebsis\u00eb Islame t\u00eb Ulqinit, Rexhep ef. Lika, Kryeimami i Ulqinit n\u00eb prag t\u00eb Kurban Bajramit ka uruar t\u00eb gjith\u00eb besimtar\u00ebt e fes\u00eb islame me mesazh p\u00ebr paqe dhe harmoni. Ai ka ftuar q\u00eb kjo fest\u00eb t\u00eb reflektoj\u00eb ndjenj\u00ebn e humanitetit, solidaritetit, bamir\u00ebsis\u00eb e mbi t\u00eb gjitha devotshm\u00ebris\u00eb e cila \u00ebsht\u00eb edhe simbolika e prerjes s\u00eb Kurbanit.<br \/>\nKreu i Bashk\u00ebsis\u00eb Islame t\u00eb Ulqinit, Rexhep ef. Lika, Kryeimami i Ulqinit fillimisht n\u00eb mesazhin e tij shprehu k\u00ebnaq\u00ebsin\u00eb e ve\u00e7ant\u00eb q\u00eb n\u00eb em\u00ebr t\u00eb Bashk\u00ebsis\u00eb Islame t\u00eb Ulqinit, t\u2019ju uroj\u00eb p\u00ebr fest\u00ebn e kurban \u2013 Bajramit, me d\u00ebshirat m\u00eb t\u00eb mira p\u00ebr sh\u00ebndetin dhe lumturin\u00eb e t\u00eb gjith\u00eb besimtar\u00ebve. Me tej n\u00eb mesazhin e tij n\u00eb prag t\u00eb fest\u00ebs s\u00eb kurban Bajramit Rexhep ef. Lika, Kryeimami i Ulqinit, flet p\u00ebr r\u00ebnd\u00ebsin\u00eb e fest\u00ebs.\u201dFesta e Kurban \u2013 Bajramit, tek ne duhet t\u00eb reflektoj\u00eb, krahas adhurimit t\u00eb krijuesit fuqiplot\u00eb, edhe ndjenj\u00ebn e humanitetit, solidaritetit, bamir\u00ebsis\u00eb e mbi t\u00eb gjitha arritjen e devotshm\u00ebris\u00eb, sepse edhe flijimi i kubanit q\u00eb e b\u00ebjm\u00eb me k\u00ebt\u00eb rast nuk ka p\u00ebr q\u00ebllim vet\u00ebm derdhjen e gjakut por mbi t\u00eb gjitha arritjen e devotshm\u00ebris\u00eb\u201d thot\u00eb ai.<\/p>\n<p>Sipas Rexhep ef. Lika, Kryeimami i Ulqinit, festa e Kurban \u2013 Bajramit duhet kuptuar drejt\u00eb e mir\u00eb sepse ng\u00ebrthen n\u00eb vete adhurime t\u00eb cilat ushqejn\u00eb shpirtin, pastrojn\u00eb zemr\u00ebn dhe b\u00ebjn\u00eb njer\u00ebzit q\u00eb t\u00eb duhen m\u00eb shum\u00eb nd\u00ebrmjet veti.<\/p>\n<p>\u201cN\u00eb shpirtin ton\u00eb duhet t\u00eb kultivojm\u00eb vlera p\u00ebr nj\u00eb jet\u00eb m\u00eb t\u00eb mir\u00eb, p\u00ebr nj\u00eb shoq\u00ebri t\u00eb sh\u00ebndosh\u00eb, p\u00ebr nj\u00eb unitet dhe v\u00ebllaz\u00ebri t\u00eb mir\u00ebfillt\u00eb. N\u00eb k\u00ebt\u00eb dit\u00eb feste, m\u00eb lejoni edhe nj\u00ebher\u00eb t\u00eb ju uroj\u00eb t\u00eb gjith\u00ebve sh\u00ebndet dhe lumturi\u201d thuhet n\u00eb mesazh..<\/p>\n<p>Kreun e Bashk\u00ebsis\u00eb Islame t\u00eb Ulqinit, dhe gjith\u00eb besimtar\u00ebt mysliman, me rastin fest\u00ebs s\u00eb Kurban Bajramit i kan\u00eb p\u00ebrg\u00ebzuar presidenti i Malit t\u00eb Zi &#8211; Filip Vujanoviq, kryeministri Milo Gjukanoviq si dhe p\u00ebrfaq\u00ebsues t\u00eb tjer\u00eb t\u00eb institucioneve dhe subjekteve politike n\u00eb vend.<\/p>\n<p><strong>Lajme nga Ulqini<\/strong><\/p>\n<!--YouTube Error: bad URL entered-->\n","protected":false},"excerpt":{"rendered":"<p>Kreu i Bashk\u00ebsis\u00eb Islame t\u00eb Ulqinit, Rexhep ef. Lika, Kryeimami i Ulqinit n\u00eb prag t\u00eb Kurban Bajramit ka uruar t\u00eb gjith\u00eb besimtar\u00ebt e fes\u00eb islame me mesazh p\u00ebr paqe dhe harmoni. Ai ka ftuar q\u00eb kjo fest\u00eb t\u00eb reflektoj\u00eb ndjenj\u00ebn e humanitetit, solidaritetit, bamir\u00ebsis\u00eb e mbi t\u00eb gjitha devotshm\u00ebris\u00eb e cila \u00ebsht\u00eb edhe simbolika e [&hellip;]<\/p>\n","protected":false},"author":1,"featured_media":0,"comment_status":"open","ping_status":"closed","sticky":false,"template":"","format":"standard","meta":{"spay_email":"","jetpack_publicize_message":"","jetpack_is_tweetstorm":false,"jetpack_publicize_feature_enabled":true},"categories":[1],"tags":[5173,200],"jetpack_publicize_connections":[],"yoast_head":"<!-- This site is optimized with the Yoast SEO plugin v19.1 - https:\/\/yoast.com\/wordpress\/plugins\/seo\/ -->\n<title>Mesazhi i Kurban Bajramit nga nga Rexhep ef. Lika, Kryeimami i Ulqinit - Lajme nga Ulqini<\/title>\n<meta name=\"description\" content=\"Kreu i Bashk\u00ebsis\u00eb Islame t\u00eb Ulqinit, Rexhep ef. Lika, Kryeimami i Ulqinit n\u00eb prag t\u00eb Kurban Bajramit ka uruar t\u00eb gjith\u00eb besimtar\u00ebt e fes\u00eb islame me mesazh\" \/>\n<meta name=\"robots\" content=\"index, follow, max-snippet:-1, max-image-preview:large, max-video-preview:-1\" \/>\n<link rel=\"canonical\" href=\"https:\/\/www.visit-ulcinj.com\/blog\/2008\/12\/07\/mesazhi-i-kurban-bajramit-nga-nga-rexhep-ef-lika-kryeimami-i-ulqinit\/\" \/>\n<meta property=\"og:locale\" content=\"en_US\" \/>\n<meta property=\"og:type\" content=\"article\" \/>\n<meta property=\"og:title\" content=\"Mesazhi i Kurban Bajramit nga nga Rexhep ef. Lika, Kryeimami i Ulqinit - Lajme nga Ulqini\" \/>\n<meta property=\"og:description\" content=\"Kreu i Bashk\u00ebsis\u00eb Islame t\u00eb Ulqinit, Rexhep ef. Lika, Kryeimami i Ulqinit n\u00eb prag t\u00eb Kurban Bajramit ka uruar t\u00eb gjith\u00eb besimtar\u00ebt e fes\u00eb islame me mesazh\" \/>\n<meta property=\"og:url\" content=\"https:\/\/www.visit-ulcinj.com\/blog\/2008\/12\/07\/mesazhi-i-kurban-bajramit-nga-nga-rexhep-ef-lika-kryeimami-i-ulqinit\/\" \/>\n<meta property=\"og:site_name\" content=\"Lajme nga Ulqini\" \/>\n<meta property=\"article:published_time\" content=\"2008-12-07T16:30:02+00:00\" \/>\n<meta property=\"article:modified_time\" content=\"2008-12-07T16:33:11+00:00\" \/>\n<meta property=\"og:image\" content=\"http:\/\/www.visit-ulcinj.com\/blog\/wp-content\/uploads\/2008\/10\/molla-rexhep-lika-300x225.jpg\" \/>\n<meta name=\"twitter:label1\" content=\"Written by\" \/>\n\t<meta name=\"twitter:data1\" content=\"ulqini\" \/>\n\t<meta name=\"twitter:label2\" content=\"Est. reading time\" \/>\n\t<meta name=\"twitter:data2\" content=\"2 minutes\" \/>\n<script type=\"application\/ld+json\" class=\"yoast-schema-graph\">{\"@context\":\"https:\/\/schema.org\",\"@graph\":[{\"@type\":\"WebSite\",\"@id\":\"https:\/\/www.visit-ulcinj.com\/blog\/#website\",\"url\":\"https:\/\/www.visit-ulcinj.com\/blog\/\",\"name\":\"Lajme nga Ulqini\",\"description\":\"Lajme,Vijesti,Ulqini,Ulqin,Crna Gora,Mali i Zi\",\"potentialAction\":[{\"@type\":\"SearchAction\",\"target\":{\"@type\":\"EntryPoint\",\"urlTemplate\":\"https:\/\/www.visit-ulcinj.com\/blog\/?s={search_term_string}\"},\"query-input\":\"required name=search_term_string\"}],\"inLanguage\":\"en-US\"},{\"@type\":\"ImageObject\",\"inLanguage\":\"en-US\",\"@id\":\"https:\/\/www.visit-ulcinj.com\/blog\/2008\/12\/07\/mesazhi-i-kurban-bajramit-nga-nga-rexhep-ef-lika-kryeimami-i-ulqinit\/#primaryimage\",\"url\":\"http:\/\/www.visit-ulcinj.com\/blog\/wp-content\/uploads\/2008\/10\/molla-rexhep-lika-300x225.jpg\",\"contentUrl\":\"http:\/\/www.visit-ulcinj.com\/blog\/wp-content\/uploads\/2008\/10\/molla-rexhep-lika-300x225.jpg\"},{\"@type\":\"WebPage\",\"@id\":\"https:\/\/www.visit-ulcinj.com\/blog\/2008\/12\/07\/mesazhi-i-kurban-bajramit-nga-nga-rexhep-ef-lika-kryeimami-i-ulqinit\/#webpage\",\"url\":\"https:\/\/www.visit-ulcinj.com\/blog\/2008\/12\/07\/mesazhi-i-kurban-bajramit-nga-nga-rexhep-ef-lika-kryeimami-i-ulqinit\/\",\"name\":\"Mesazhi i Kurban Bajramit nga nga Rexhep ef. Lika, Kryeimami i Ulqinit - Lajme nga Ulqini\",\"isPartOf\":{\"@id\":\"https:\/\/www.visit-ulcinj.com\/blog\/#website\"},\"primaryImageOfPage\":{\"@id\":\"https:\/\/www.visit-ulcinj.com\/blog\/2008\/12\/07\/mesazhi-i-kurban-bajramit-nga-nga-rexhep-ef-lika-kryeimami-i-ulqinit\/#primaryimage\"},\"datePublished\":\"2008-12-07T16:30:02+00:00\",\"dateModified\":\"2008-12-07T16:33:11+00:00\",\"author\":{\"@id\":\"https:\/\/www.visit-ulcinj.com\/blog\/#\/schema\/person\/dcab619c614d3038751c63bc2aadc06d\"},\"description\":\"Kreu i Bashk\u00ebsis\u00eb Islame t\u00eb Ulqinit, Rexhep ef. Lika, Kryeimami i Ulqinit n\u00eb prag t\u00eb Kurban Bajramit ka uruar t\u00eb gjith\u00eb besimtar\u00ebt e fes\u00eb islame me mesazh\",\"breadcrumb\":{\"@id\":\"https:\/\/www.visit-ulcinj.com\/blog\/2008\/12\/07\/mesazhi-i-kurban-bajramit-nga-nga-rexhep-ef-lika-kryeimami-i-ulqinit\/#breadcrumb\"},\"inLanguage\":\"en-US\",\"potentialAction\":[{\"@type\":\"ReadAction\",\"target\":[\"https:\/\/www.visit-ulcinj.com\/blog\/2008\/12\/07\/mesazhi-i-kurban-bajramit-nga-nga-rexhep-ef-lika-kryeimami-i-ulqinit\/\"]}]},{\"@type\":\"BreadcrumbList\",\"@id\":\"https:\/\/www.visit-ulcinj.com\/blog\/2008\/12\/07\/mesazhi-i-kurban-bajramit-nga-nga-rexhep-ef-lika-kryeimami-i-ulqinit\/#breadcrumb\",\"itemListElement\":[{\"@type\":\"ListItem\",\"position\":1,\"name\":\"Mesazhi i Kurban Bajramit nga nga Rexhep ef. Lika, Kryeimami i Ulqinit\"}]},{\"@type\":\"Person\",\"@id\":\"https:\/\/www.visit-ulcinj.com\/blog\/#\/schema\/person\/dcab619c614d3038751c63bc2aadc06d\",\"name\":\"ulqini\",\"sameAs\":[\"http:\/\/www.visit-ulcinj.com\"],\"url\":\"https:\/\/www.visit-ulcinj.com\/blog\/author\/admin\/\"}]}<\/script>\n<!-- \/ Yoast SEO plugin. -->","yoast_head_json":{"title":"Mesazhi i Kurban Bajramit nga nga Rexhep ef. Lika, Kryeimami i Ulqinit - Lajme nga Ulqini","description":"Kreu i Bashk\u00ebsis\u00eb Islame t\u00eb Ulqinit, Rexhep ef. Lika, Kryeimami i Ulqinit n\u00eb prag t\u00eb Kurban Bajramit ka uruar t\u00eb gjith\u00eb besimtar\u00ebt e fes\u00eb islame me mesazh","robots":{"index":"index","follow":"follow","max-snippet":"max-snippet:-1","max-image-preview":"max-image-preview:large","max-video-preview":"max-video-preview:-1"},"canonical":"https:\/\/www.visit-ulcinj.com\/blog\/2008\/12\/07\/mesazhi-i-kurban-bajramit-nga-nga-rexhep-ef-lika-kryeimami-i-ulqinit\/","og_locale":"en_US","og_type":"article","og_title":"Mesazhi i Kurban Bajramit nga nga Rexhep ef. Lika, Kryeimami i Ulqinit - Lajme nga Ulqini","og_description":"Kreu i Bashk\u00ebsis\u00eb Islame t\u00eb Ulqinit, Rexhep ef. Lika, Kryeimami i Ulqinit n\u00eb prag t\u00eb Kurban Bajramit ka uruar t\u00eb gjith\u00eb besimtar\u00ebt e fes\u00eb islame me mesazh","og_url":"https:\/\/www.visit-ulcinj.com\/blog\/2008\/12\/07\/mesazhi-i-kurban-bajramit-nga-nga-rexhep-ef-lika-kryeimami-i-ulqinit\/","og_site_name":"Lajme nga Ulqini","article_published_time":"2008-12-07T16:30:02+00:00","article_modified_time":"2008-12-07T16:33:11+00:00","og_image":[{"url":"http:\/\/www.visit-ulcinj.com\/blog\/wp-content\/uploads\/2008\/10\/molla-rexhep-lika-300x225.jpg"}],"twitter_misc":{"Written by":"ulqini","Est. reading time":"2 minutes"},"schema":{"@context":"https:\/\/schema.org","@graph":[{"@type":"WebSite","@id":"https:\/\/www.visit-ulcinj.com\/blog\/#website","url":"https:\/\/www.visit-ulcinj.com\/blog\/","name":"Lajme nga Ulqini","description":"Lajme,Vijesti,Ulqini,Ulqin,Crna Gora,Mali i Zi","potentialAction":[{"@type":"SearchAction","target":{"@type":"EntryPoint","urlTemplate":"https:\/\/www.visit-ulcinj.com\/blog\/?s={search_term_string}"},"query-input":"required name=search_term_string"}],"inLanguage":"en-US"},{"@type":"ImageObject","inLanguage":"en-US","@id":"https:\/\/www.visit-ulcinj.com\/blog\/2008\/12\/07\/mesazhi-i-kurban-bajramit-nga-nga-rexhep-ef-lika-kryeimami-i-ulqinit\/#primaryimage","url":"http:\/\/www.visit-ulcinj.com\/blog\/wp-content\/uploads\/2008\/10\/molla-rexhep-lika-300x225.jpg","contentUrl":"http:\/\/www.visit-ulcinj.com\/blog\/wp-content\/uploads\/2008\/10\/molla-rexhep-lika-300x225.jpg"},{"@type":"WebPage","@id":"https:\/\/www.visit-ulcinj.com\/blog\/2008\/12\/07\/mesazhi-i-kurban-bajramit-nga-nga-rexhep-ef-lika-kryeimami-i-ulqinit\/#webpage","url":"https:\/\/www.visit-ulcinj.com\/blog\/2008\/12\/07\/mesazhi-i-kurban-bajramit-nga-nga-rexhep-ef-lika-kryeimami-i-ulqinit\/","name":"Mesazhi i Kurban Bajramit nga nga Rexhep ef. Lika, Kryeimami i Ulqinit - Lajme nga Ulqini","isPartOf":{"@id":"https:\/\/www.visit-ulcinj.com\/blog\/#website"},"primaryImageOfPage":{"@id":"https:\/\/www.visit-ulcinj.com\/blog\/2008\/12\/07\/mesazhi-i-kurban-bajramit-nga-nga-rexhep-ef-lika-kryeimami-i-ulqinit\/#primaryimage"},"datePublished":"2008-12-07T16:30:02+00:00","dateModified":"2008-12-07T16:33:11+00:00","author":{"@id":"https:\/\/www.visit-ulcinj.com\/blog\/#\/schema\/person\/dcab619c614d3038751c63bc2aadc06d"},"description":"Kreu i Bashk\u00ebsis\u00eb Islame t\u00eb Ulqinit, Rexhep ef. Lika, Kryeimami i Ulqinit n\u00eb prag t\u00eb Kurban Bajramit ka uruar t\u00eb gjith\u00eb besimtar\u00ebt e fes\u00eb islame me mesazh","breadcrumb":{"@id":"https:\/\/www.visit-ulcinj.com\/blog\/2008\/12\/07\/mesazhi-i-kurban-bajramit-nga-nga-rexhep-ef-lika-kryeimami-i-ulqinit\/#breadcrumb"},"inLanguage":"en-US","potentialAction":[{"@type":"ReadAction","target":["https:\/\/www.visit-ulcinj.com\/blog\/2008\/12\/07\/mesazhi-i-kurban-bajramit-nga-nga-rexhep-ef-lika-kryeimami-i-ulqinit\/"]}]},{"@type":"BreadcrumbList","@id":"https:\/\/www.visit-ulcinj.com\/blog\/2008\/12\/07\/mesazhi-i-kurban-bajramit-nga-nga-rexhep-ef-lika-kryeimami-i-ulqinit\/#breadcrumb","itemListElement":[{"@type":"ListItem","position":1,"name":"Mesazhi i Kurban Bajramit nga nga Rexhep ef. Lika, Kryeimami i Ulqinit"}]},{"@type":"Person","@id":"https:\/\/www.visit-ulcinj.com\/blog\/#\/schema\/person\/dcab619c614d3038751c63bc2aadc06d","name":"ulqini","sameAs":["http:\/\/www.visit-ulcinj.com"],"url":"https:\/\/www.visit-ulcinj.com\/blog\/author\/admin\/"}]}},"jetpack_featured_media_url":"","jetpack_sharing_enabled":true,"jetpack_shortlink":"https:\/\/wp.me\/pe6lTn-1NZ","_links":{"self":[{"href":"https:\/\/www.visit-ulcinj.com\/blog\/wp-json\/wp\/v2\/posts\/6943"}],"collection":[{"href":"https:\/\/www.visit-ulcinj.com\/blog\/wp-json\/wp\/v2\/posts"}],"about":[{"href":"https:\/\/www.visit-ulcinj.com\/blog\/wp-json\/wp\/v2\/types\/post"}],"author":[{"embeddable":true,"href":"https:\/\/www.visit-ulcinj.com\/blog\/wp-json\/wp\/v2\/users\/1"}],"replies":[{"embeddable":true,"href":"https:\/\/www.visit-ulcinj.com\/blog\/wp-json\/wp\/v2\/comments?post=6943"}],"version-history":[{"count":0,"href":"https:\/\/www.visit-ulcinj.com\/blog\/wp-json\/wp\/v2\/posts\/6943\/revisions"}],"wp:attachment":[{"href":"https:\/\/www.visit-ulcinj.com\/blog\/wp-json\/wp\/v2\/media?parent=6943"}],"wp:term":[{"taxonomy":"category","embeddable":true,"href":"https:\/\/www.visit-ulcinj.com\/blog\/wp-json\/wp\/v2\/categories?post=6943"},{"taxonomy":"post_tag","embeddable":true,"href":"https:\/\/www.visit-ulcinj.com\/blog\/wp-json\/wp\/v2\/tags?post=6943"}],"curies":[{"name":"wp","href":"https:\/\/api.w.org\/{rel}","templated":true}]}}