{"id":69456,"date":"2013-03-09T18:30:49","date_gmt":"2013-03-09T17:30:49","guid":{"rendered":"http:\/\/www.visit-ulcinj.com\/blog\/?p=69456"},"modified":"2013-03-09T18:30:49","modified_gmt":"2013-03-09T17:30:49","slug":"gjeke-gjonaj-akt-burreror-dhe-atdhetar","status":"publish","type":"post","link":"https:\/\/www.visit-ulcinj.com\/blog\/2013\/03\/09\/gjeke-gjonaj-akt-burreror-dhe-atdhetar\/","title":{"rendered":"Gjek\u00eb Gjonaj: Akt burr\u00ebror dhe atdhetar"},"content":{"rendered":"<p><strong><a href=\"http:\/\/www.visit-ulcinj.com\/blog\/wp-content\/uploads\/2013\/03\/Gjeke-Gjonaj.jpg\"><img loading=\"lazy\" class=\"alignleft size-full wp-image-69457\" alt=\"Gjeke-Gjonaj\" src=\"http:\/\/www.visit-ulcinj.com\/blog\/wp-content\/uploads\/2013\/03\/Gjeke-Gjonaj.jpg\" width=\"350\" height=\"390\" \/><\/a>Nga Gjek\u00eb Gjonaj<\/strong><br \/>\nShqiptar\u00ebt n\u00eb Malin e Zi n\u00eb koh\u00ebn e sistemit komunist p\u00ebrjetuan fatin e bashk\u00ebkombasve t\u00eb tyre n\u00eb ish Jugosllavi. Atyre u cenoheshin disa t\u00eb drejta komb\u00ebtare, t\u00eb cilat p\u00ebrforconin bindjet e tyre patriotike dhe ndjesin\u00eb p\u00ebr mospajtim me pushtetin e koh\u00ebs. Padrejt\u00ebsit\u00eb q\u00eb u b\u00ebheshin shqiptar\u00ebve ishin t\u00eb shumta. N\u00eb shpirtin e secilit shqiptar pothuaj ishte ngjizur frika e tmerrshme nga pushteti jugosllav, e cila i shoq\u00ebronte gjat\u00eb gjith\u00eb jet\u00ebs deri n\u00eb vdekje. Me k\u00ebt\u00eb frik\u00eb madje lindnin edhe foshnjat. Nj\u00ebra prej t\u00eb drejtave t\u00eb mohuara shumic\u00ebn e koh\u00ebs ishte edhe p\u00ebrdorimi i flamurit shqiptar. Historia e p\u00ebrdorimit t\u00eb k\u00ebtij simboli ton\u00eb komb\u00ebtar n\u00eb ish Jugosllavi ndryshonte nga klima politke: her\u00eb lejohej p\u00ebrdorimi, e her\u00eb ndalohej, si i tekej pushtetit q\u00eb s\u2019na b\u00ebnte hesap. Gj\u00ebrat nisin t\u00eb ndryshojn\u00eb pas r\u00ebnies s\u00eb Aleksand\u00ebr Rankoviqit n\u00eb Plenumin e Brioneve t\u00eb vitit 1966. N\u00eb vitin 1977 lideri i\u00a0 ish Jugosllavis\u00eb Josip Broz Tito nd\u00ebr t\u00eb tjera kishte inicuar edhe \u00e7\u00ebshtjen e lejimit t\u00eb p\u00ebrdorimit t\u00eb flamurit komb\u00ebtar shqiptar.<\/p>\n<p><strong>Flamuri i par\u00eb shqiptar val\u00ebvitet n\u00eb dasm\u00ebn e Palok\u00eb Shkrelit n\u00eb Shtoj t\u00eb Ulqinit<\/strong><br \/>\nZyrtarizimin e lejimit t\u00eb flamurit t\u00eb pakicave nacionale n\u00eb ish Jugosllavi , sekretar n\u00eb Shkoll\u00ebn Fillore \u201c Marko Nuculloviq\u201d n\u00eb Shtoj, si\u00e7 shprehet ai, e kishte lexuar n\u00eb t\u00eb p\u00ebrditshem \u201c Politika \u201c t\u00eb Beogradit, t\u00eb dat\u00ebs 4 gusht 1968. Ky lajm i mir\u00eb e kishte inkuruajuar Shkrelin q\u00eb t\u00eb p\u00ebrdor\u00eb Flamurin Komb\u00ebtar Shqiptar me rastin e martes\u00ebs s\u00eb tij, m\u00eb 11 n\u00ebntor t\u00eb vitit 1968. Nj\u00eb veprim i till\u00eb burr\u00ebror e atdhetar nuk ishte aspak i leht\u00eb p\u00ebr koh\u00ebn, pasi deri at\u00ebher\u00eb n\u00eb k\u00ebt\u00eb komun\u00eb shqiptar\u00ebt nuk e kishin p\u00ebrdor\u00eb flamurin shqiptar n\u00eb ceremoni martesore. \u201cDeri at\u00ebher\u00eb dasmat shqiptare b\u00ebheshin pa pranin\u00eb e flamurit shqiptar dhe me sa di un\u00eb ky ishte flamuri i par\u00eb shqiptar q\u00eb valvitej ne dasma n\u00eb k\u00ebt\u00eb komun\u00eb\u201d, na tregon atdhetari i devotsh\u00ebm dhe intelektuali I mir\u00ebfillt\u00eb prof.dr. Bahri Brisku, i cili n\u00eb insistim t\u00eb Palok\u00eb Shkrelit, pasi kishte arritur t\u00eb zez\u00ebn e ullirit t\u2019i bind familjar\u00ebt e vet, dit\u00ebn e dasm\u00ebs n\u00eb rolin e dasmorit solli n\u00eb sht\u00ebpin\u00eb e dh\u00ebnd\u00ebrrit t\u00eb ri n\u00eb Shtoj t\u00eb Ulqinit Flamurin Komb\u00ebtar. Me k\u00ebt\u00eb simbol m\u00eb sublim t\u00eb shprehjes s\u00eb identitetit t\u00eb shqiptar\u00ebve, kudo q\u00eb jetojn\u00eb ata, t\u00eb ngjitur n\u00eb pjes\u00ebn an\u00ebsore n\u00eb furgonin e nuses me afro 30 dasmor\u00eb t\u00eb shp\u00ebrndar\u00eb n\u00eb disa vetura kaluan n\u00ebp\u00ebr qytetin e Ulqinit, Tivarit e Titogradit ( Podgorica e sotme) dhe mb\u00ebrritj\u00ebn n\u00eb sht\u00ebpin\u00eb e Nik\u00eb Gorvokaj n\u00eb bajrakun e Koj\u00ebs, n\u00eb k\u00ebt\u00eb trev\u00eb shqiptare e cila flijoi shtat\u00eb trima heronj p\u00ebr ngrtijen e Flamurit Shqiptar n\u00eb De\u00e7iq n\u00eb vitin 1911.<\/p>\n<p><strong>Lot\u00eb g\u00ebzimi<\/strong><\/p>\n<p>Sipas rr\u00ebfimit t\u00eb dasmorit prof.dr. Bahri Briksut gjat\u00eb rrug\u00ebtimit t\u00eb gjat\u00eb nga Shtoji i Ulqinit deri n\u00eb Koj\u00eb t\u00eb Mal\u00ebsis\u00eb s\u00eb Madhe flamurin e kishim ngritur n\u00eb der\u00eb t\u00eb furgonit.\u201d Edhe pse flamuri shqiptar nuk shihej me sy t\u00eb mir\u00eb nga pushteti rrug\u00ebs p\u00ebr n\u00eb Koj\u00eb nuk pat\u00ebm asnj\u00eb problem. Kur mb\u00ebrrti\u00ebm para sht\u00ebpis\u00eb s\u00eb nuses n\u00eb Koj\u00eb familjar\u00ebt me duartroktije na d\u00ebshiruan mir\u00ebseradhje. Nuset dhe vajzat mal\u00ebsore na prit\u00ebn me k\u00ebng\u00eb dasme. T\u00eb gjith\u00eb u mall\u00ebngjyen dhe u g\u00ebzuan pa mas\u00eb kur para sht\u00ebpis\u00eb s\u00eb nuses valvitej Flamuri Komb\u00ebtar. Nuk munguan as lot\u00ebt e g\u00ebzimit. Kjoshi faqebardh\u00eb, o dasmor\u00eb q\u00eb na e prut\u00eb me veti nusen, duke aluduar n\u00eb flamur. \u201cKjo nuse q\u00eb na e soll\u00ebt ju asht ma e bukur dhe ma madh\u00ebshtore se ajo \u00e7i po merrni ju. Ju sot me k\u00ebt\u00eb flamur na g\u00ebzuat ne dhe krejt Mal\u00ebsin\u00eb e Madhe. Paskemi pas kujt me ia dhan\u00eb bin\u00eb ton\u00eb. E pa\u00e7im p\u00ebr hajr\u00eb e me nafak\u00eb flamurin ton\u00eb komb\u00ebtar, t\u00eb cilin deri sot nuk kemi guxua as me e p\u00ebrm\u00ebnd, e jo ma me e p\u00ebrdor\u00eb\u201d, tha me shum\u00eb emocion nj\u00ebri prej sht\u00ebpiak\u00ebve. &#8211; Ashtu kjoft\u00eb &#8211; brohorit\u00ebn z\u00ebsh\u00ebm mal\u00ebsor\u00ebt dhe mal\u00ebsoret e tjera.<\/p>\n<p><strong>Kthimi n\u00eb Ulqin<\/strong><\/p>\n<p>Sipas zakonit dasmor\u00ebt pas dite u kthyen me nuse p\u00ebr n\u00eb Ulqin. Kthimi, thot\u00eb nusja Gjyste Gorvokaj \u2013 Shkreli (at\u00ebher\u00cb 19 vje\u00e7)pati dy ndalesa nga policia rrugore. Nj\u00ebra n\u00eb hyrje t\u00eb Titogradit ( Podgoric\u00ebs) dhe tjetra n\u00eb Tivar. \u201c Sa isha e g\u00ebzuar q\u00eb po martohesha aq edhe ndjehesha e frik\u00ebsuar. Rrug\u00ebs mendoja p\u00ebr pasojat eventuale p\u00ebr shkak t\u00eb p\u00ebrdorimit t\u00eb flamurit, i cili p\u00ebr koh\u00ebn ishte risi dhe rrezik. Kur arrit\u00ebm n\u00eb Podgoric\u00eb i d\u00ebgjoja komentet: \u201cKjo makin\u00eb me k\u00ebt\u00eb flamur sigurisht \u00ebsht\u00eb e Ambasad\u00ebs s\u00eb Shqip\u00ebris\u00eb\u201d I lutesha Zotit q\u00eb gjith\u00e7ka t\u00eb shkoj\u00eb mbar\u00eb. Kisha frik\u00eb q\u00eb t\u00eb mos jem, si\u00e7 shprehemi ne mal\u00ebsor\u00ebt, nuse hije zez\u00eb, \u201c thot\u00eb Gjystja Asaj dhe prof.Bahri Briskut u kujtohet si sot se policia e Titogradit ishte m\u00eb e sjellshme se sa ajo e Tivarit. \u201c Kontrollimi i policis\u00eb n\u00eb Titograd nuk shkatoi asnj\u00eb shqet\u00ebsim n\u00eb mesin e dasmor\u00ebve. Edhe pse polic\u00ebt e shikon me habi flamurin shqiptar ishin korrekt. Ata u soll\u00ebn mir\u00eb me ne dhe nuk na k\u00ebrc\u00ebnuan. Nd\u00ebrkoh\u00eb n\u00eb Tivar polic\u00ebt ishin m\u00eb t\u00eb ashp\u00ebr. Na pyet\u00ebn se \u00e7ka \u00ebsht\u00eb ky flamur q\u00eb e keni ngritur n\u00eb makin\u00eb. \u201e Ne shqiptar\u00ebt s\u2018kemi tjet\u00ebr simbol komb\u00ebtar. Ky \u00ebsht\u00eb flamuri yn\u00eb, u thash\u00eb polic\u00ebve. Mir\u00eb &#8211; i tha polici bajraktarit t\u00eb dasmor\u00ebve dhe shtoi pak me z\u00eb t\u00eb lart\u00eb se nd\u00ebr ne n\u00eb dasmat tona merret flamuri i Malit t\u00eb Zi. Kush e di se si do t\u00eb na maltretonin polic\u00ebt sikur situat\u00ebn t\u00eb mos e \u201e qet\u00ebsonte\u201c v\u00ebllai i dh\u00ebnd\u00ebrit Kol\u00eb Shkreli. Pas nd\u00ebrhyrjes s\u00eb Kol\u00ebs polic\u00ebt me nervoziz\u00ebm na urdh\u00ebruan: \u201e Hajdeni, largohuni k\u00ebtu pari dhe mos u ndalni askund rrug\u00ebs\u201c, b\u00ebrtiti polici, thot\u00eb Brisku.<\/p>\n<p><strong>Reflektimi i flamurit<\/strong><\/p>\n<p>Sipas profesor Briskut me val\u00ebvitjen e flamurit shqiptar n\u00eb dasm\u00ebn e Palok\u00eb Shkrelit n\u00eb Shtoj t\u00eb Ulqinit shqiptar\u00ebt p\u00ebrfituan shum\u00eb. S\u00eb pari p\u00ebrdorimi i k\u00ebtij flamuri ishte i pari n\u00eb dasmat shqiptare t\u00eb komun\u00ebs s\u00eb Ulqinit. S\u00eb dyti ky veprim ishte nj\u00eb fillim i mbar\u00eb n\u00eb zgjimin e vet\u00ebdijes komb\u00ebtare t\u00eb popullat\u00ebs shqiptare, ve\u00e7mas shtojak\u00ebve. S\u00eb treti policia shtet\u00ebrore n\u00eb Ulqin filloi t\u00eb humbas besimin n\u00eb bashk\u00ebpun\u00ebtor\u00ebt e tyre nga Shtoji.<\/p>\n<p><strong>D\u00ebshmi e besnik\u00ebris\u00eb ndaj kombit<\/strong><br \/>\nProtagonisti i k\u00ebtij akti burr\u00ebror Palok\u00eb Shkreli gjat\u00eb bised\u00ebs q\u00eb zhvillova p\u00ebr k\u00ebt\u00eb veprim t\u00eb tij fisnik para pak dit\u00ebsh n\u00eb sht\u00ebpin\u00eb e tij n\u00eb Plazhin e Madh t\u00eb Ulqinit n\u00eb pranin\u00eb e bashk\u00ebshortes s\u00eb tij Gjystes shprehet me modesti. \u201e Nuk b\u00ebra asgj\u00eb q\u00eb meriton lavd\u00ebrat\u00eb. Thjesht\u00eb veprova ashtu si\u00e7 do t\u00eb duhej t\u00eb veproj\u00eb \u00e7do shqiptar. Mora guximin t\u00eb p\u00ebrdor\u00eb n\u00eb das\u00ebm flamurin komb\u00ebtar, i cili ka mbajtur gjall\u00eb qen\u00ebsin\u00eb shqiptare n\u00eb rezistenc\u00ebn kund\u00ebr pushtuesve t\u00eb huaj sidomos n\u00eb shekullin XX. Flamuri p\u00ebr mua \u00ebsht\u00eb d\u00ebshmi e besnik\u00ebris\u00eb ndaj atdheut dhe ndaj kombit. Un\u00eb jam shqiptar dhe s\u2019mund t\u00eb jem askush tjet\u00ebr. Por m\u00eb vjen keq q\u00eb disa shqiptar e mohojn\u00eb t\u00eb qenurit shqiptar, duke mos ditur se \u00e7ka jan\u00eb. Un\u00eb nuk mund t\u00eb pajtohem me ata q\u00eb e duan tjetrin m\u00eb shum\u00eb se vetin\u201c, thot\u00eb Shkreli, duke shtuar se prej dit\u00ebs s\u00eb martes\u00ebs pushteti gjithmon\u00eb e ka shkikuar me sy t\u00eb keq, por nuk patur pasoja.<\/p>\n","protected":false},"excerpt":{"rendered":"<p>Nga Gjek\u00eb Gjonaj Shqiptar\u00ebt n\u00eb Malin e Zi n\u00eb koh\u00ebn e sistemit komunist p\u00ebrjetuan fatin e bashk\u00ebkombasve t\u00eb tyre n\u00eb ish Jugosllavi. Atyre u cenoheshin disa t\u00eb drejta komb\u00ebtare, t\u00eb cilat p\u00ebrforconin bindjet e tyre patriotike dhe ndjesin\u00eb p\u00ebr mospajtim me pushtetin e koh\u00ebs. Padrejt\u00ebsit\u00eb q\u00eb u b\u00ebheshin shqiptar\u00ebve ishin t\u00eb shumta. N\u00eb shpirtin e [&hellip;]<\/p>\n","protected":false},"author":1,"featured_media":0,"comment_status":"open","ping_status":"closed","sticky":false,"template":"","format":"standard","meta":{"spay_email":"","jetpack_publicize_message":"","jetpack_is_tweetstorm":false,"jetpack_publicize_feature_enabled":true},"categories":[4],"tags":[],"jetpack_publicize_connections":[],"yoast_head":"<!-- This site is optimized with the Yoast SEO plugin v19.1 - https:\/\/yoast.com\/wordpress\/plugins\/seo\/ -->\n<title>Gjek\u00eb Gjonaj: Akt burr\u00ebror dhe atdhetar - Lajme nga Ulqini<\/title>\n<meta name=\"description\" content=\"Nga Gjek\u00eb Gjonaj Shqiptar\u00ebt n\u00eb Malin e Zi n\u00eb koh\u00ebn e sistemit komunist p\u00ebrjetuan fatin e bashk\u00ebkombasve t\u00eb tyre n\u00eb ish Jugosllavi. Atyre u cenoheshin disa\" \/>\n<meta name=\"robots\" content=\"index, follow, max-snippet:-1, max-image-preview:large, max-video-preview:-1\" \/>\n<link rel=\"canonical\" href=\"https:\/\/www.visit-ulcinj.com\/blog\/2013\/03\/09\/gjeke-gjonaj-akt-burreror-dhe-atdhetar\/\" \/>\n<meta property=\"og:locale\" content=\"en_US\" \/>\n<meta property=\"og:type\" content=\"article\" \/>\n<meta property=\"og:title\" content=\"Gjek\u00eb Gjonaj: Akt burr\u00ebror dhe atdhetar - Lajme nga Ulqini\" \/>\n<meta property=\"og:description\" content=\"Nga Gjek\u00eb Gjonaj Shqiptar\u00ebt n\u00eb Malin e Zi n\u00eb koh\u00ebn e sistemit komunist p\u00ebrjetuan fatin e bashk\u00ebkombasve t\u00eb tyre n\u00eb ish Jugosllavi. Atyre u cenoheshin disa\" \/>\n<meta property=\"og:url\" content=\"https:\/\/www.visit-ulcinj.com\/blog\/2013\/03\/09\/gjeke-gjonaj-akt-burreror-dhe-atdhetar\/\" \/>\n<meta property=\"og:site_name\" content=\"Lajme nga Ulqini\" \/>\n<meta property=\"article:published_time\" content=\"2013-03-09T17:30:49+00:00\" \/>\n<meta property=\"og:image\" content=\"http:\/\/www.visit-ulcinj.com\/blog\/wp-content\/uploads\/2013\/03\/Gjeke-Gjonaj.jpg\" \/>\n<meta name=\"twitter:label1\" content=\"Written by\" \/>\n\t<meta name=\"twitter:data1\" content=\"ulqini\" \/>\n\t<meta name=\"twitter:label2\" content=\"Est. reading time\" \/>\n\t<meta name=\"twitter:data2\" content=\"7 minutes\" \/>\n<script type=\"application\/ld+json\" class=\"yoast-schema-graph\">{\"@context\":\"https:\/\/schema.org\",\"@graph\":[{\"@type\":\"WebSite\",\"@id\":\"https:\/\/www.visit-ulcinj.com\/blog\/#website\",\"url\":\"https:\/\/www.visit-ulcinj.com\/blog\/\",\"name\":\"Lajme nga Ulqini\",\"description\":\"Lajme,Vijesti,Ulqini,Ulqin,Crna Gora,Mali i Zi\",\"potentialAction\":[{\"@type\":\"SearchAction\",\"target\":{\"@type\":\"EntryPoint\",\"urlTemplate\":\"https:\/\/www.visit-ulcinj.com\/blog\/?s={search_term_string}\"},\"query-input\":\"required name=search_term_string\"}],\"inLanguage\":\"en-US\"},{\"@type\":\"ImageObject\",\"inLanguage\":\"en-US\",\"@id\":\"https:\/\/www.visit-ulcinj.com\/blog\/2013\/03\/09\/gjeke-gjonaj-akt-burreror-dhe-atdhetar\/#primaryimage\",\"url\":\"http:\/\/www.visit-ulcinj.com\/blog\/wp-content\/uploads\/2013\/03\/Gjeke-Gjonaj.jpg\",\"contentUrl\":\"http:\/\/www.visit-ulcinj.com\/blog\/wp-content\/uploads\/2013\/03\/Gjeke-Gjonaj.jpg\"},{\"@type\":\"WebPage\",\"@id\":\"https:\/\/www.visit-ulcinj.com\/blog\/2013\/03\/09\/gjeke-gjonaj-akt-burreror-dhe-atdhetar\/#webpage\",\"url\":\"https:\/\/www.visit-ulcinj.com\/blog\/2013\/03\/09\/gjeke-gjonaj-akt-burreror-dhe-atdhetar\/\",\"name\":\"Gjek\u00eb Gjonaj: Akt burr\u00ebror dhe atdhetar - Lajme nga Ulqini\",\"isPartOf\":{\"@id\":\"https:\/\/www.visit-ulcinj.com\/blog\/#website\"},\"primaryImageOfPage\":{\"@id\":\"https:\/\/www.visit-ulcinj.com\/blog\/2013\/03\/09\/gjeke-gjonaj-akt-burreror-dhe-atdhetar\/#primaryimage\"},\"datePublished\":\"2013-03-09T17:30:49+00:00\",\"dateModified\":\"2013-03-09T17:30:49+00:00\",\"author\":{\"@id\":\"https:\/\/www.visit-ulcinj.com\/blog\/#\/schema\/person\/dcab619c614d3038751c63bc2aadc06d\"},\"description\":\"Nga Gjek\u00eb Gjonaj Shqiptar\u00ebt n\u00eb Malin e Zi n\u00eb koh\u00ebn e sistemit komunist p\u00ebrjetuan fatin e bashk\u00ebkombasve t\u00eb tyre n\u00eb ish Jugosllavi. Atyre u cenoheshin disa\",\"breadcrumb\":{\"@id\":\"https:\/\/www.visit-ulcinj.com\/blog\/2013\/03\/09\/gjeke-gjonaj-akt-burreror-dhe-atdhetar\/#breadcrumb\"},\"inLanguage\":\"en-US\",\"potentialAction\":[{\"@type\":\"ReadAction\",\"target\":[\"https:\/\/www.visit-ulcinj.com\/blog\/2013\/03\/09\/gjeke-gjonaj-akt-burreror-dhe-atdhetar\/\"]}]},{\"@type\":\"BreadcrumbList\",\"@id\":\"https:\/\/www.visit-ulcinj.com\/blog\/2013\/03\/09\/gjeke-gjonaj-akt-burreror-dhe-atdhetar\/#breadcrumb\",\"itemListElement\":[{\"@type\":\"ListItem\",\"position\":1,\"name\":\"Gjek\u00eb Gjonaj: Akt burr\u00ebror dhe atdhetar\"}]},{\"@type\":\"Person\",\"@id\":\"https:\/\/www.visit-ulcinj.com\/blog\/#\/schema\/person\/dcab619c614d3038751c63bc2aadc06d\",\"name\":\"ulqini\",\"sameAs\":[\"http:\/\/www.visit-ulcinj.com\"],\"url\":\"https:\/\/www.visit-ulcinj.com\/blog\/author\/admin\/\"}]}<\/script>\n<!-- \/ Yoast SEO plugin. -->","yoast_head_json":{"title":"Gjek\u00eb Gjonaj: Akt burr\u00ebror dhe atdhetar - Lajme nga Ulqini","description":"Nga Gjek\u00eb Gjonaj Shqiptar\u00ebt n\u00eb Malin e Zi n\u00eb koh\u00ebn e sistemit komunist p\u00ebrjetuan fatin e bashk\u00ebkombasve t\u00eb tyre n\u00eb ish Jugosllavi. Atyre u cenoheshin disa","robots":{"index":"index","follow":"follow","max-snippet":"max-snippet:-1","max-image-preview":"max-image-preview:large","max-video-preview":"max-video-preview:-1"},"canonical":"https:\/\/www.visit-ulcinj.com\/blog\/2013\/03\/09\/gjeke-gjonaj-akt-burreror-dhe-atdhetar\/","og_locale":"en_US","og_type":"article","og_title":"Gjek\u00eb Gjonaj: Akt burr\u00ebror dhe atdhetar - Lajme nga Ulqini","og_description":"Nga Gjek\u00eb Gjonaj Shqiptar\u00ebt n\u00eb Malin e Zi n\u00eb koh\u00ebn e sistemit komunist p\u00ebrjetuan fatin e bashk\u00ebkombasve t\u00eb tyre n\u00eb ish Jugosllavi. Atyre u cenoheshin disa","og_url":"https:\/\/www.visit-ulcinj.com\/blog\/2013\/03\/09\/gjeke-gjonaj-akt-burreror-dhe-atdhetar\/","og_site_name":"Lajme nga Ulqini","article_published_time":"2013-03-09T17:30:49+00:00","og_image":[{"url":"http:\/\/www.visit-ulcinj.com\/blog\/wp-content\/uploads\/2013\/03\/Gjeke-Gjonaj.jpg"}],"twitter_misc":{"Written by":"ulqini","Est. reading time":"7 minutes"},"schema":{"@context":"https:\/\/schema.org","@graph":[{"@type":"WebSite","@id":"https:\/\/www.visit-ulcinj.com\/blog\/#website","url":"https:\/\/www.visit-ulcinj.com\/blog\/","name":"Lajme nga Ulqini","description":"Lajme,Vijesti,Ulqini,Ulqin,Crna Gora,Mali i Zi","potentialAction":[{"@type":"SearchAction","target":{"@type":"EntryPoint","urlTemplate":"https:\/\/www.visit-ulcinj.com\/blog\/?s={search_term_string}"},"query-input":"required name=search_term_string"}],"inLanguage":"en-US"},{"@type":"ImageObject","inLanguage":"en-US","@id":"https:\/\/www.visit-ulcinj.com\/blog\/2013\/03\/09\/gjeke-gjonaj-akt-burreror-dhe-atdhetar\/#primaryimage","url":"http:\/\/www.visit-ulcinj.com\/blog\/wp-content\/uploads\/2013\/03\/Gjeke-Gjonaj.jpg","contentUrl":"http:\/\/www.visit-ulcinj.com\/blog\/wp-content\/uploads\/2013\/03\/Gjeke-Gjonaj.jpg"},{"@type":"WebPage","@id":"https:\/\/www.visit-ulcinj.com\/blog\/2013\/03\/09\/gjeke-gjonaj-akt-burreror-dhe-atdhetar\/#webpage","url":"https:\/\/www.visit-ulcinj.com\/blog\/2013\/03\/09\/gjeke-gjonaj-akt-burreror-dhe-atdhetar\/","name":"Gjek\u00eb Gjonaj: Akt burr\u00ebror dhe atdhetar - Lajme nga Ulqini","isPartOf":{"@id":"https:\/\/www.visit-ulcinj.com\/blog\/#website"},"primaryImageOfPage":{"@id":"https:\/\/www.visit-ulcinj.com\/blog\/2013\/03\/09\/gjeke-gjonaj-akt-burreror-dhe-atdhetar\/#primaryimage"},"datePublished":"2013-03-09T17:30:49+00:00","dateModified":"2013-03-09T17:30:49+00:00","author":{"@id":"https:\/\/www.visit-ulcinj.com\/blog\/#\/schema\/person\/dcab619c614d3038751c63bc2aadc06d"},"description":"Nga Gjek\u00eb Gjonaj Shqiptar\u00ebt n\u00eb Malin e Zi n\u00eb koh\u00ebn e sistemit komunist p\u00ebrjetuan fatin e bashk\u00ebkombasve t\u00eb tyre n\u00eb ish Jugosllavi. Atyre u cenoheshin disa","breadcrumb":{"@id":"https:\/\/www.visit-ulcinj.com\/blog\/2013\/03\/09\/gjeke-gjonaj-akt-burreror-dhe-atdhetar\/#breadcrumb"},"inLanguage":"en-US","potentialAction":[{"@type":"ReadAction","target":["https:\/\/www.visit-ulcinj.com\/blog\/2013\/03\/09\/gjeke-gjonaj-akt-burreror-dhe-atdhetar\/"]}]},{"@type":"BreadcrumbList","@id":"https:\/\/www.visit-ulcinj.com\/blog\/2013\/03\/09\/gjeke-gjonaj-akt-burreror-dhe-atdhetar\/#breadcrumb","itemListElement":[{"@type":"ListItem","position":1,"name":"Gjek\u00eb Gjonaj: Akt burr\u00ebror dhe atdhetar"}]},{"@type":"Person","@id":"https:\/\/www.visit-ulcinj.com\/blog\/#\/schema\/person\/dcab619c614d3038751c63bc2aadc06d","name":"ulqini","sameAs":["http:\/\/www.visit-ulcinj.com"],"url":"https:\/\/www.visit-ulcinj.com\/blog\/author\/admin\/"}]}},"jetpack_featured_media_url":"","jetpack_sharing_enabled":true,"jetpack_shortlink":"https:\/\/wp.me\/pe6lTn-i4g","_links":{"self":[{"href":"https:\/\/www.visit-ulcinj.com\/blog\/wp-json\/wp\/v2\/posts\/69456"}],"collection":[{"href":"https:\/\/www.visit-ulcinj.com\/blog\/wp-json\/wp\/v2\/posts"}],"about":[{"href":"https:\/\/www.visit-ulcinj.com\/blog\/wp-json\/wp\/v2\/types\/post"}],"author":[{"embeddable":true,"href":"https:\/\/www.visit-ulcinj.com\/blog\/wp-json\/wp\/v2\/users\/1"}],"replies":[{"embeddable":true,"href":"https:\/\/www.visit-ulcinj.com\/blog\/wp-json\/wp\/v2\/comments?post=69456"}],"version-history":[{"count":1,"href":"https:\/\/www.visit-ulcinj.com\/blog\/wp-json\/wp\/v2\/posts\/69456\/revisions"}],"predecessor-version":[{"id":69458,"href":"https:\/\/www.visit-ulcinj.com\/blog\/wp-json\/wp\/v2\/posts\/69456\/revisions\/69458"}],"wp:attachment":[{"href":"https:\/\/www.visit-ulcinj.com\/blog\/wp-json\/wp\/v2\/media?parent=69456"}],"wp:term":[{"taxonomy":"category","embeddable":true,"href":"https:\/\/www.visit-ulcinj.com\/blog\/wp-json\/wp\/v2\/categories?post=69456"},{"taxonomy":"post_tag","embeddable":true,"href":"https:\/\/www.visit-ulcinj.com\/blog\/wp-json\/wp\/v2\/tags?post=69456"}],"curies":[{"name":"wp","href":"https:\/\/api.w.org\/{rel}","templated":true}]}}