{"id":69459,"date":"2013-03-09T18:35:56","date_gmt":"2013-03-09T17:35:56","guid":{"rendered":"http:\/\/www.visit-ulcinj.com\/blog\/?p=69459"},"modified":"2013-03-15T18:07:43","modified_gmt":"2013-03-15T17:07:43","slug":"senioret-e-kk-champion-nenkampion-shteteror","status":"publish","type":"post","link":"https:\/\/www.visit-ulcinj.com\/blog\/2013\/03\/09\/senioret-e-kk-champion-nenkampion-shteteror\/","title":{"rendered":"Senior\u00ebt e KK &#8221;Champion&#8221; &#8211; N\u00ebnkampion Shtet\u00ebror"},"content":{"rendered":"<p><a href=\"http:\/\/www.visit-ulcinj.com\/blog\/wp-content\/uploads\/2013\/03\/karate-klub-Champion-Ulqin_KarateClub-Champion-Ulcinj.jpg\"><img loading=\"lazy\" class=\"alignleft  wp-image-69497\" alt=\"karate klub Champion Ulqin_KarateClub Champion Ulcinj\" src=\"http:\/\/www.visit-ulcinj.com\/blog\/wp-content\/uploads\/2013\/03\/karate-klub-Champion-Ulqin_KarateClub-Champion-Ulcinj.jpg\" width=\"508\" height=\"360\" \/><\/a>Te shtunen me 02.03.2013 ne Podgorice,u mbajt kampionati i Malit te Zi per senior.Klubi i karatese Champion mori pjese me 6 garues.Si cdo here medaljet nuk munguan per senioret e ketij klubi.Ne luftera ekipore me medalje argjendi u kurorezua ekipi i perbere nga:Nexhad Cobiq,Edin Vejsilloviq,Sherif Asanoviq,Shaban Muratoviq,Ermin Coroviq dhe Rizo Resyloviq.Kurse ekipi i katave u kurorezua me medalje bronzi. Rizo Resyloviq mori vendin e trete ne luftra individuale ne kategorine -67kg.<br \/>\nKk Champion ne kete kampionat mori vendin e katert ne renditjen e pergjithshme.<\/p>\n<p>Fundjaven e shkuar,me 23.02.2013 klubi i karatese Champion pati edhe nje aktivitet tjeter,kampionatin e Malit te Zi per pionier dhe shpresa ne te cilin Champion u kthye me 1 kampion,5 nenkampion dhe 6 medalje bronzi.<br \/>\nNe kata individuale,kampion per te gjashten here me rralle u shpall Admir Sella kurse nenkampion Andrea Dragojeviq dhe Ervin Deljanin.Ne vendin e trete Melita Shata dhe Elvir Deljanin.Ndersa ne kata ekipore me medalje bronzi ekipi i shpresave:Admir Sella,Goran Kilibarda,Elvir Deljanin.<br \/>\nNe konkurencen e luftrave individuale,nenkampion per pionier u shpall Eliza Markiq,ndersa per shpresa Ervin Deljanin dhe Elvir Deljanin.Me medalje bronzi gjithashtu ne luftra individuale,Melita Shata,Andrea Dragojeviq dhe Adrian Gazivoda.<br \/>\nAktiviteti i rradhes per medalistet e ketij klubi eshte kampionati ballkanik qe do te mbahet me 29,30,31 mars 2013 ne Kragujevac.Nga klubi i karatese Champion 7 nxenes do te marrin pjese per perfaqesuesen e Malit te Zi.<br \/>\nTraineret i kk Champion jane te kenaqur me rezultatet e deritanishme.Si cdo here falenderojne prinderit e nxenesve per mbeshtetjen e tyre morale dhe financiare si dhe sponsoret te cilet vazhdimisht lehtesojne pjesmarrjet ne gara.<\/p>\n","protected":false},"excerpt":{"rendered":"<p>Te shtunen me 02.03.2013 ne Podgorice,u mbajt kampionati i Malit te Zi per senior.Klubi i karatese Champion mori pjese me 6 garues.Si cdo here medaljet nuk munguan per senioret e ketij klubi.Ne luftera ekipore me medalje argjendi u kurorezua ekipi i perbere nga:Nexhad Cobiq,Edin Vejsilloviq,Sherif Asanoviq,Shaban Muratoviq,Ermin Coroviq dhe Rizo Resyloviq.Kurse ekipi i katave u [&hellip;]<\/p>\n","protected":false},"author":1,"featured_media":0,"comment_status":"open","ping_status":"closed","sticky":false,"template":"","format":"standard","meta":{"spay_email":"","jetpack_publicize_message":"","jetpack_is_tweetstorm":false,"jetpack_publicize_feature_enabled":true},"categories":[3],"tags":[21886,21925],"jetpack_publicize_connections":[],"yoast_head":"<!-- This site is optimized with the Yoast SEO plugin v19.1 - https:\/\/yoast.com\/wordpress\/plugins\/seo\/ -->\n<title>Senior\u00ebt e KK &#039;&#039;Champion&#039;&#039; - N\u00ebnkampion Shtet\u00ebror - Lajme nga Ulqini<\/title>\n<meta name=\"description\" content=\"Te shtunen me 02.03.2013 ne Podgorice,u mbajt kampionati i Malit te Zi per senior.Klubi i karatese Champion mori pjese me 6 garues.Si cdo here medaljet\" \/>\n<meta name=\"robots\" content=\"index, follow, max-snippet:-1, max-image-preview:large, max-video-preview:-1\" \/>\n<link rel=\"canonical\" href=\"https:\/\/www.visit-ulcinj.com\/blog\/2013\/03\/09\/senioret-e-kk-champion-nenkampion-shteteror\/\" \/>\n<meta property=\"og:locale\" content=\"en_US\" \/>\n<meta property=\"og:type\" content=\"article\" \/>\n<meta property=\"og:title\" content=\"Senior\u00ebt e KK &#039;&#039;Champion&#039;&#039; - N\u00ebnkampion Shtet\u00ebror - Lajme nga Ulqini\" \/>\n<meta property=\"og:description\" content=\"Te shtunen me 02.03.2013 ne Podgorice,u mbajt kampionati i Malit te Zi per senior.Klubi i karatese Champion mori pjese me 6 garues.Si cdo here medaljet\" \/>\n<meta property=\"og:url\" content=\"https:\/\/www.visit-ulcinj.com\/blog\/2013\/03\/09\/senioret-e-kk-champion-nenkampion-shteteror\/\" \/>\n<meta property=\"og:site_name\" content=\"Lajme nga Ulqini\" \/>\n<meta property=\"article:published_time\" content=\"2013-03-09T17:35:56+00:00\" \/>\n<meta property=\"article:modified_time\" content=\"2013-03-15T17:07:43+00:00\" \/>\n<meta property=\"og:image\" content=\"http:\/\/www.visit-ulcinj.com\/blog\/wp-content\/uploads\/2013\/03\/karate-klub-Champion-Ulqin_KarateClub-Champion-Ulcinj.jpg\" \/>\n<meta name=\"twitter:label1\" content=\"Written by\" \/>\n\t<meta name=\"twitter:data1\" content=\"ulqini\" \/>\n\t<meta name=\"twitter:label2\" content=\"Est. reading time\" \/>\n\t<meta name=\"twitter:data2\" content=\"1 minute\" \/>\n<script type=\"application\/ld+json\" class=\"yoast-schema-graph\">{\"@context\":\"https:\/\/schema.org\",\"@graph\":[{\"@type\":\"WebSite\",\"@id\":\"https:\/\/www.visit-ulcinj.com\/blog\/#website\",\"url\":\"https:\/\/www.visit-ulcinj.com\/blog\/\",\"name\":\"Lajme nga Ulqini\",\"description\":\"Lajme,Vijesti,Ulqini,Ulqin,Crna Gora,Mali i Zi\",\"potentialAction\":[{\"@type\":\"SearchAction\",\"target\":{\"@type\":\"EntryPoint\",\"urlTemplate\":\"https:\/\/www.visit-ulcinj.com\/blog\/?s={search_term_string}\"},\"query-input\":\"required name=search_term_string\"}],\"inLanguage\":\"en-US\"},{\"@type\":\"ImageObject\",\"inLanguage\":\"en-US\",\"@id\":\"https:\/\/www.visit-ulcinj.com\/blog\/2013\/03\/09\/senioret-e-kk-champion-nenkampion-shteteror\/#primaryimage\",\"url\":\"https:\/\/www.visit-ulcinj.com\/blog\/wp-content\/uploads\/2013\/03\/karate-klub-Champion-Ulqin_KarateClub-Champion-Ulcinj.jpg\",\"contentUrl\":\"https:\/\/www.visit-ulcinj.com\/blog\/wp-content\/uploads\/2013\/03\/karate-klub-Champion-Ulqin_KarateClub-Champion-Ulcinj.jpg\",\"width\":640,\"height\":480},{\"@type\":\"WebPage\",\"@id\":\"https:\/\/www.visit-ulcinj.com\/blog\/2013\/03\/09\/senioret-e-kk-champion-nenkampion-shteteror\/#webpage\",\"url\":\"https:\/\/www.visit-ulcinj.com\/blog\/2013\/03\/09\/senioret-e-kk-champion-nenkampion-shteteror\/\",\"name\":\"Senior\u00ebt e KK ''Champion'' - N\u00ebnkampion Shtet\u00ebror - Lajme nga Ulqini\",\"isPartOf\":{\"@id\":\"https:\/\/www.visit-ulcinj.com\/blog\/#website\"},\"primaryImageOfPage\":{\"@id\":\"https:\/\/www.visit-ulcinj.com\/blog\/2013\/03\/09\/senioret-e-kk-champion-nenkampion-shteteror\/#primaryimage\"},\"datePublished\":\"2013-03-09T17:35:56+00:00\",\"dateModified\":\"2013-03-15T17:07:43+00:00\",\"author\":{\"@id\":\"https:\/\/www.visit-ulcinj.com\/blog\/#\/schema\/person\/dcab619c614d3038751c63bc2aadc06d\"},\"description\":\"Te shtunen me 02.03.2013 ne Podgorice,u mbajt kampionati i Malit te Zi per senior.Klubi i karatese Champion mori pjese me 6 garues.Si cdo here medaljet\",\"breadcrumb\":{\"@id\":\"https:\/\/www.visit-ulcinj.com\/blog\/2013\/03\/09\/senioret-e-kk-champion-nenkampion-shteteror\/#breadcrumb\"},\"inLanguage\":\"en-US\",\"potentialAction\":[{\"@type\":\"ReadAction\",\"target\":[\"https:\/\/www.visit-ulcinj.com\/blog\/2013\/03\/09\/senioret-e-kk-champion-nenkampion-shteteror\/\"]}]},{\"@type\":\"BreadcrumbList\",\"@id\":\"https:\/\/www.visit-ulcinj.com\/blog\/2013\/03\/09\/senioret-e-kk-champion-nenkampion-shteteror\/#breadcrumb\",\"itemListElement\":[{\"@type\":\"ListItem\",\"position\":1,\"name\":\"Senior\u00ebt e KK &#8221;Champion&#8221; &#8211; N\u00ebnkampion Shtet\u00ebror\"}]},{\"@type\":\"Person\",\"@id\":\"https:\/\/www.visit-ulcinj.com\/blog\/#\/schema\/person\/dcab619c614d3038751c63bc2aadc06d\",\"name\":\"ulqini\",\"sameAs\":[\"http:\/\/www.visit-ulcinj.com\"],\"url\":\"https:\/\/www.visit-ulcinj.com\/blog\/author\/admin\/\"}]}<\/script>\n<!-- \/ Yoast SEO plugin. -->","yoast_head_json":{"title":"Senior\u00ebt e KK ''Champion'' - N\u00ebnkampion Shtet\u00ebror - Lajme nga Ulqini","description":"Te shtunen me 02.03.2013 ne Podgorice,u mbajt kampionati i Malit te Zi per senior.Klubi i karatese Champion mori pjese me 6 garues.Si cdo here medaljet","robots":{"index":"index","follow":"follow","max-snippet":"max-snippet:-1","max-image-preview":"max-image-preview:large","max-video-preview":"max-video-preview:-1"},"canonical":"https:\/\/www.visit-ulcinj.com\/blog\/2013\/03\/09\/senioret-e-kk-champion-nenkampion-shteteror\/","og_locale":"en_US","og_type":"article","og_title":"Senior\u00ebt e KK ''Champion'' - N\u00ebnkampion Shtet\u00ebror - Lajme nga Ulqini","og_description":"Te shtunen me 02.03.2013 ne Podgorice,u mbajt kampionati i Malit te Zi per senior.Klubi i karatese Champion mori pjese me 6 garues.Si cdo here medaljet","og_url":"https:\/\/www.visit-ulcinj.com\/blog\/2013\/03\/09\/senioret-e-kk-champion-nenkampion-shteteror\/","og_site_name":"Lajme nga Ulqini","article_published_time":"2013-03-09T17:35:56+00:00","article_modified_time":"2013-03-15T17:07:43+00:00","og_image":[{"url":"http:\/\/www.visit-ulcinj.com\/blog\/wp-content\/uploads\/2013\/03\/karate-klub-Champion-Ulqin_KarateClub-Champion-Ulcinj.jpg"}],"twitter_misc":{"Written by":"ulqini","Est. reading time":"1 minute"},"schema":{"@context":"https:\/\/schema.org","@graph":[{"@type":"WebSite","@id":"https:\/\/www.visit-ulcinj.com\/blog\/#website","url":"https:\/\/www.visit-ulcinj.com\/blog\/","name":"Lajme nga Ulqini","description":"Lajme,Vijesti,Ulqini,Ulqin,Crna Gora,Mali i Zi","potentialAction":[{"@type":"SearchAction","target":{"@type":"EntryPoint","urlTemplate":"https:\/\/www.visit-ulcinj.com\/blog\/?s={search_term_string}"},"query-input":"required name=search_term_string"}],"inLanguage":"en-US"},{"@type":"ImageObject","inLanguage":"en-US","@id":"https:\/\/www.visit-ulcinj.com\/blog\/2013\/03\/09\/senioret-e-kk-champion-nenkampion-shteteror\/#primaryimage","url":"https:\/\/www.visit-ulcinj.com\/blog\/wp-content\/uploads\/2013\/03\/karate-klub-Champion-Ulqin_KarateClub-Champion-Ulcinj.jpg","contentUrl":"https:\/\/www.visit-ulcinj.com\/blog\/wp-content\/uploads\/2013\/03\/karate-klub-Champion-Ulqin_KarateClub-Champion-Ulcinj.jpg","width":640,"height":480},{"@type":"WebPage","@id":"https:\/\/www.visit-ulcinj.com\/blog\/2013\/03\/09\/senioret-e-kk-champion-nenkampion-shteteror\/#webpage","url":"https:\/\/www.visit-ulcinj.com\/blog\/2013\/03\/09\/senioret-e-kk-champion-nenkampion-shteteror\/","name":"Senior\u00ebt e KK ''Champion'' - N\u00ebnkampion Shtet\u00ebror - Lajme nga Ulqini","isPartOf":{"@id":"https:\/\/www.visit-ulcinj.com\/blog\/#website"},"primaryImageOfPage":{"@id":"https:\/\/www.visit-ulcinj.com\/blog\/2013\/03\/09\/senioret-e-kk-champion-nenkampion-shteteror\/#primaryimage"},"datePublished":"2013-03-09T17:35:56+00:00","dateModified":"2013-03-15T17:07:43+00:00","author":{"@id":"https:\/\/www.visit-ulcinj.com\/blog\/#\/schema\/person\/dcab619c614d3038751c63bc2aadc06d"},"description":"Te shtunen me 02.03.2013 ne Podgorice,u mbajt kampionati i Malit te Zi per senior.Klubi i karatese Champion mori pjese me 6 garues.Si cdo here medaljet","breadcrumb":{"@id":"https:\/\/www.visit-ulcinj.com\/blog\/2013\/03\/09\/senioret-e-kk-champion-nenkampion-shteteror\/#breadcrumb"},"inLanguage":"en-US","potentialAction":[{"@type":"ReadAction","target":["https:\/\/www.visit-ulcinj.com\/blog\/2013\/03\/09\/senioret-e-kk-champion-nenkampion-shteteror\/"]}]},{"@type":"BreadcrumbList","@id":"https:\/\/www.visit-ulcinj.com\/blog\/2013\/03\/09\/senioret-e-kk-champion-nenkampion-shteteror\/#breadcrumb","itemListElement":[{"@type":"ListItem","position":1,"name":"Senior\u00ebt e KK &#8221;Champion&#8221; &#8211; N\u00ebnkampion Shtet\u00ebror"}]},{"@type":"Person","@id":"https:\/\/www.visit-ulcinj.com\/blog\/#\/schema\/person\/dcab619c614d3038751c63bc2aadc06d","name":"ulqini","sameAs":["http:\/\/www.visit-ulcinj.com"],"url":"https:\/\/www.visit-ulcinj.com\/blog\/author\/admin\/"}]}},"jetpack_featured_media_url":"","jetpack_sharing_enabled":true,"jetpack_shortlink":"https:\/\/wp.me\/pe6lTn-i4j","_links":{"self":[{"href":"https:\/\/www.visit-ulcinj.com\/blog\/wp-json\/wp\/v2\/posts\/69459"}],"collection":[{"href":"https:\/\/www.visit-ulcinj.com\/blog\/wp-json\/wp\/v2\/posts"}],"about":[{"href":"https:\/\/www.visit-ulcinj.com\/blog\/wp-json\/wp\/v2\/types\/post"}],"author":[{"embeddable":true,"href":"https:\/\/www.visit-ulcinj.com\/blog\/wp-json\/wp\/v2\/users\/1"}],"replies":[{"embeddable":true,"href":"https:\/\/www.visit-ulcinj.com\/blog\/wp-json\/wp\/v2\/comments?post=69459"}],"version-history":[{"count":3,"href":"https:\/\/www.visit-ulcinj.com\/blog\/wp-json\/wp\/v2\/posts\/69459\/revisions"}],"predecessor-version":[{"id":69498,"href":"https:\/\/www.visit-ulcinj.com\/blog\/wp-json\/wp\/v2\/posts\/69459\/revisions\/69498"}],"wp:attachment":[{"href":"https:\/\/www.visit-ulcinj.com\/blog\/wp-json\/wp\/v2\/media?parent=69459"}],"wp:term":[{"taxonomy":"category","embeddable":true,"href":"https:\/\/www.visit-ulcinj.com\/blog\/wp-json\/wp\/v2\/categories?post=69459"},{"taxonomy":"post_tag","embeddable":true,"href":"https:\/\/www.visit-ulcinj.com\/blog\/wp-json\/wp\/v2\/tags?post=69459"}],"curies":[{"name":"wp","href":"https:\/\/api.w.org\/{rel}","templated":true}]}}