{"id":6947,"date":"2008-12-07T17:56:16","date_gmt":"2008-12-07T16:56:16","guid":{"rendered":"http:\/\/www.visit-ulcinj.com\/blog\/?p=6947"},"modified":"2008-12-07T17:56:16","modified_gmt":"2008-12-07T16:56:16","slug":"cestitke-povodom-kurban-bajrama","status":"publish","type":"post","link":"https:\/\/www.visit-ulcinj.com\/blog\/2008\/12\/07\/cestitke-povodom-kurban-bajrama\/","title":{"rendered":"?estitke povodom Kurban Bajrama"},"content":{"rendered":"<p><a href=\"http:\/\/www.visit-ulcinj.com\/blog\/wp-content\/uploads\/2008\/12\/filip-vujanovic.jpg\"><img loading=\"lazy\" class=\"alignleft size-medium wp-image-6948\" title=\"filip-vujanovic\" src=\"http:\/\/www.visit-ulcinj.com\/blog\/wp-content\/uploads\/2008\/12\/filip-vujanovic-300x234.jpg\" alt=\"\" width=\"300\" height=\"234\" srcset=\"https:\/\/www.visit-ulcinj.com\/blog\/wp-content\/uploads\/2008\/12\/filip-vujanovic-300x234.jpg 300w, https:\/\/www.visit-ulcinj.com\/blog\/wp-content\/uploads\/2008\/12\/filip-vujanovic.jpg 470w\" sizes=\"(max-width: 300px) 100vw, 300px\" \/><\/a>Predstavnici crnogorske vlasti i opozicije ?estitali su danas vjernicima Islama i reisu Islamske zajednice u Crnoj Gori Rifatu Fejzi?u Kurban Bajram.<br \/>\n\u201cNeka radost i vrlina darivanja, dobrote i zbli\u017eavanja na?u put do svih nas, da u na\u0161oj Crnoj Gori uvijek budu \u0161irom otvorena vrata me?ukonfesionalnom skladu, saradnji i povjerenju\u201d, ka\u017ee se u ?estitci predsjednika Filipa Vujanovi?a.<br \/>\nOn je po\u017eelio da prazni?ni dani proteknu u atmosferi univerzalnih duhovnih vrijednosti, oli?enim u \u017ertvovanju i milosr?u.<br \/>\n\u201eVeliki islamski praznik Kurban Bajram podsti?e zbli\u017eavanje ljudi i daje nadahnu?e izgradnji skladnih odnosa u dru\u0161tvu. Osim \u0161to pozivaju na utemeljenje vjere, prazni?ni dani podsje?aju na du\u017enost njegovanja dijaloga, zajedni\u0161tva i me?usobnog razumijevanja\u201c, naveo je crnogorski premijer, Milo ?ukanovi?.<br \/>\nOn je po\u017eelio da duh Kurban Bajrama donese mir, radost i blagostanje, osna\u017ei nadu za bolji \u017eivot i afirmi\u0161e uzvi\u0161ene ideje napretka i op\u0161teg dobra, ?emu su Islamska zajednica i njeni vjernici istinski posve?eni.<br \/>\n\u201eS nadom da ?ete i u narednom periodu biti aktivan ?inilac u procesima koji vode evropskoj perspektivi Crne Gore kao otvorenom multikulturnom dru\u0161tvu, iskreno \u017eelim da bajramske dane provedete u radosti i zadovoljstvu\u201c, rekao je ?ukanovi?.<br \/>\nPredsjednik Skup\u0161tine Ranko Krivokapi? naveo je u ?estitki da Kurban Bajram, kao praznik mira, sloge i razumijevanja, treba da bude podsticaj vjernicima da afirmi\u0161u univerzalne vrijednosti su\u017eivota razli?itih naroda, vjera i kultura.<br \/>\n\u201eUvjeren sam da ?e Kurban Bajram donijeti sre?u u Va\u0161e domove, a Crnoj Gori novu snagu da nastaviti putem izgradnje slobodnog dru\u0161tva za dobro svih njenih gra?ana\u201c, ocijenio je on.<br \/>\nPredsjednik Socijalisti?ke narodne partije Sr?an Mili? po\u017eelio je Fejzi?u, sve\u0161tenstvu i vjernicima islamske vjeroispovijesti da prazni?ne dane provedu u duhovnoj radosti, dobrom zdravlju, me?usobnoj slozi, toleranciji i razumijevanju.<br \/>\n\u201eSvi zajedno moramo na svaki na?in da doprinesemo po\u0161tovanju kulturnih i vjerskih razli?itosti u na\u0161oj zemlji radi dobrobiti i napretka svih njenih gra?ana\u201c, naveo je Mili?.<br \/>\nPredsjednik Bo\u0161nja?ke stranke, Rafet Husovi?, je u ?estitki Fejzi?u i pripadnicima islamske vjere naveo da Kurban- Bajram podsje?a na va\u017enost i stalnu potrebu uzajamne pomo?i, ljubavi i pa\u017enje, za dobro i prosperitet pojedinca i zajednice.<br \/>\n&#8220;Kurban je put ?ovjekovog pribli\u017eavanja Stvoritelju, kao \u0161to se i molitvom svaki iskreni vjernik pribli\u017eava Bogu Uzvi\u0161enom. U ovim danima muslimani iz ?itavog svijeta obavljaju had\u017e- hodo?a\u0161?e u kojem ?ovjek spoznaje svoje mjesto u univerzalnom svijetu&#8221;, kazao je on.<br \/>\nOn je rekao da je vjera je zbli\u017eavanje ljudi u ljubavi, dobro?instvu i plemenitosti. &#8220;Radost koju osje?amo dijelimo sa svima-na\u0161im porodicama, prijateljima i kom\u0161ijama, jer najve?a sre?a \u017eivota je kada ?ovjek mo\u017ee podijeliti radost sa drugima&#8221;.<br \/>\n?estitku povodom Kurban Bajrama vjernicima i reisu Islamske zajednice u Crnoj Gori, Rifatu Fejzi?u, uputila je i predsjednica Hrvatske gra?anske inicijative, Marija Vu?inovi?.<br \/>\n<strong>Izvor \/ RTCG<\/strong><\/p>\n","protected":false},"excerpt":{"rendered":"<p>Predstavnici crnogorske vlasti i opozicije ?estitali su danas vjernicima Islama i reisu Islamske zajednice u Crnoj Gori Rifatu Fejzi?u Kurban Bajram. \u201cNeka radost i vrlina darivanja, dobrote i zbli\u017eavanja na?u put do svih nas, da u na\u0161oj Crnoj Gori uvijek budu \u0161irom otvorena vrata me?ukonfesionalnom skladu, saradnji i povjerenju\u201d, ka\u017ee se u ?estitci predsjednika Filipa [&hellip;]<\/p>\n","protected":false},"author":1,"featured_media":0,"comment_status":"open","ping_status":"closed","sticky":false,"template":"","format":"standard","meta":{"spay_email":"","jetpack_publicize_message":"","jetpack_is_tweetstorm":false,"jetpack_publicize_feature_enabled":true},"categories":[12],"tags":[93,5174],"jetpack_publicize_connections":[],"yoast_head":"<!-- This site is optimized with the Yoast SEO plugin v19.1 - https:\/\/yoast.com\/wordpress\/plugins\/seo\/ -->\n<title>?estitke povodom Kurban Bajrama - Lajme nga Ulqini<\/title>\n<meta name=\"description\" content=\"Predstavnici crnogorske vlasti i opozicije ?estitali su danas vjernicima Islama i reisu Islamske zajednice u Crnoj Gori Rifatu Fejzi?u Kurban Bajram.\" \/>\n<meta name=\"robots\" content=\"index, follow, max-snippet:-1, max-image-preview:large, max-video-preview:-1\" \/>\n<link rel=\"canonical\" href=\"https:\/\/www.visit-ulcinj.com\/blog\/2008\/12\/07\/cestitke-povodom-kurban-bajrama\/\" \/>\n<meta property=\"og:locale\" content=\"en_US\" \/>\n<meta property=\"og:type\" content=\"article\" \/>\n<meta property=\"og:title\" content=\"?estitke povodom Kurban Bajrama - Lajme nga Ulqini\" \/>\n<meta property=\"og:description\" content=\"Predstavnici crnogorske vlasti i opozicije ?estitali su danas vjernicima Islama i reisu Islamske zajednice u Crnoj Gori Rifatu Fejzi?u Kurban Bajram.\" \/>\n<meta property=\"og:url\" content=\"https:\/\/www.visit-ulcinj.com\/blog\/2008\/12\/07\/cestitke-povodom-kurban-bajrama\/\" \/>\n<meta property=\"og:site_name\" content=\"Lajme nga Ulqini\" \/>\n<meta property=\"article:published_time\" content=\"2008-12-07T16:56:16+00:00\" \/>\n<meta property=\"og:image\" content=\"http:\/\/www.visit-ulcinj.com\/blog\/wp-content\/uploads\/2008\/12\/filip-vujanovic-300x234.jpg\" \/>\n<meta name=\"twitter:label1\" content=\"Written by\" \/>\n\t<meta name=\"twitter:data1\" content=\"ulqini\" \/>\n\t<meta name=\"twitter:label2\" content=\"Est. reading time\" \/>\n\t<meta name=\"twitter:data2\" content=\"3 minutes\" \/>\n<script type=\"application\/ld+json\" class=\"yoast-schema-graph\">{\"@context\":\"https:\/\/schema.org\",\"@graph\":[{\"@type\":\"WebSite\",\"@id\":\"https:\/\/www.visit-ulcinj.com\/blog\/#website\",\"url\":\"https:\/\/www.visit-ulcinj.com\/blog\/\",\"name\":\"Lajme nga Ulqini\",\"description\":\"Lajme,Vijesti,Ulqini,Ulqin,Crna Gora,Mali i Zi\",\"potentialAction\":[{\"@type\":\"SearchAction\",\"target\":{\"@type\":\"EntryPoint\",\"urlTemplate\":\"https:\/\/www.visit-ulcinj.com\/blog\/?s={search_term_string}\"},\"query-input\":\"required name=search_term_string\"}],\"inLanguage\":\"en-US\"},{\"@type\":\"ImageObject\",\"inLanguage\":\"en-US\",\"@id\":\"https:\/\/www.visit-ulcinj.com\/blog\/2008\/12\/07\/cestitke-povodom-kurban-bajrama\/#primaryimage\",\"url\":\"http:\/\/www.visit-ulcinj.com\/blog\/wp-content\/uploads\/2008\/12\/filip-vujanovic-300x234.jpg\",\"contentUrl\":\"http:\/\/www.visit-ulcinj.com\/blog\/wp-content\/uploads\/2008\/12\/filip-vujanovic-300x234.jpg\"},{\"@type\":\"WebPage\",\"@id\":\"https:\/\/www.visit-ulcinj.com\/blog\/2008\/12\/07\/cestitke-povodom-kurban-bajrama\/#webpage\",\"url\":\"https:\/\/www.visit-ulcinj.com\/blog\/2008\/12\/07\/cestitke-povodom-kurban-bajrama\/\",\"name\":\"?estitke povodom Kurban Bajrama - Lajme nga Ulqini\",\"isPartOf\":{\"@id\":\"https:\/\/www.visit-ulcinj.com\/blog\/#website\"},\"primaryImageOfPage\":{\"@id\":\"https:\/\/www.visit-ulcinj.com\/blog\/2008\/12\/07\/cestitke-povodom-kurban-bajrama\/#primaryimage\"},\"datePublished\":\"2008-12-07T16:56:16+00:00\",\"dateModified\":\"2008-12-07T16:56:16+00:00\",\"author\":{\"@id\":\"https:\/\/www.visit-ulcinj.com\/blog\/#\/schema\/person\/dcab619c614d3038751c63bc2aadc06d\"},\"description\":\"Predstavnici crnogorske vlasti i opozicije ?estitali su danas vjernicima Islama i reisu Islamske zajednice u Crnoj Gori Rifatu Fejzi?u Kurban Bajram.\",\"breadcrumb\":{\"@id\":\"https:\/\/www.visit-ulcinj.com\/blog\/2008\/12\/07\/cestitke-povodom-kurban-bajrama\/#breadcrumb\"},\"inLanguage\":\"en-US\",\"potentialAction\":[{\"@type\":\"ReadAction\",\"target\":[\"https:\/\/www.visit-ulcinj.com\/blog\/2008\/12\/07\/cestitke-povodom-kurban-bajrama\/\"]}]},{\"@type\":\"BreadcrumbList\",\"@id\":\"https:\/\/www.visit-ulcinj.com\/blog\/2008\/12\/07\/cestitke-povodom-kurban-bajrama\/#breadcrumb\",\"itemListElement\":[{\"@type\":\"ListItem\",\"position\":1,\"name\":\"?estitke povodom Kurban Bajrama\"}]},{\"@type\":\"Person\",\"@id\":\"https:\/\/www.visit-ulcinj.com\/blog\/#\/schema\/person\/dcab619c614d3038751c63bc2aadc06d\",\"name\":\"ulqini\",\"sameAs\":[\"http:\/\/www.visit-ulcinj.com\"],\"url\":\"https:\/\/www.visit-ulcinj.com\/blog\/author\/admin\/\"}]}<\/script>\n<!-- \/ Yoast SEO plugin. -->","yoast_head_json":{"title":"?estitke povodom Kurban Bajrama - Lajme nga Ulqini","description":"Predstavnici crnogorske vlasti i opozicije ?estitali su danas vjernicima Islama i reisu Islamske zajednice u Crnoj Gori Rifatu Fejzi?u Kurban Bajram.","robots":{"index":"index","follow":"follow","max-snippet":"max-snippet:-1","max-image-preview":"max-image-preview:large","max-video-preview":"max-video-preview:-1"},"canonical":"https:\/\/www.visit-ulcinj.com\/blog\/2008\/12\/07\/cestitke-povodom-kurban-bajrama\/","og_locale":"en_US","og_type":"article","og_title":"?estitke povodom Kurban Bajrama - Lajme nga Ulqini","og_description":"Predstavnici crnogorske vlasti i opozicije ?estitali su danas vjernicima Islama i reisu Islamske zajednice u Crnoj Gori Rifatu Fejzi?u Kurban Bajram.","og_url":"https:\/\/www.visit-ulcinj.com\/blog\/2008\/12\/07\/cestitke-povodom-kurban-bajrama\/","og_site_name":"Lajme nga Ulqini","article_published_time":"2008-12-07T16:56:16+00:00","og_image":[{"url":"http:\/\/www.visit-ulcinj.com\/blog\/wp-content\/uploads\/2008\/12\/filip-vujanovic-300x234.jpg"}],"twitter_misc":{"Written by":"ulqini","Est. reading time":"3 minutes"},"schema":{"@context":"https:\/\/schema.org","@graph":[{"@type":"WebSite","@id":"https:\/\/www.visit-ulcinj.com\/blog\/#website","url":"https:\/\/www.visit-ulcinj.com\/blog\/","name":"Lajme nga Ulqini","description":"Lajme,Vijesti,Ulqini,Ulqin,Crna Gora,Mali i Zi","potentialAction":[{"@type":"SearchAction","target":{"@type":"EntryPoint","urlTemplate":"https:\/\/www.visit-ulcinj.com\/blog\/?s={search_term_string}"},"query-input":"required name=search_term_string"}],"inLanguage":"en-US"},{"@type":"ImageObject","inLanguage":"en-US","@id":"https:\/\/www.visit-ulcinj.com\/blog\/2008\/12\/07\/cestitke-povodom-kurban-bajrama\/#primaryimage","url":"http:\/\/www.visit-ulcinj.com\/blog\/wp-content\/uploads\/2008\/12\/filip-vujanovic-300x234.jpg","contentUrl":"http:\/\/www.visit-ulcinj.com\/blog\/wp-content\/uploads\/2008\/12\/filip-vujanovic-300x234.jpg"},{"@type":"WebPage","@id":"https:\/\/www.visit-ulcinj.com\/blog\/2008\/12\/07\/cestitke-povodom-kurban-bajrama\/#webpage","url":"https:\/\/www.visit-ulcinj.com\/blog\/2008\/12\/07\/cestitke-povodom-kurban-bajrama\/","name":"?estitke povodom Kurban Bajrama - Lajme nga Ulqini","isPartOf":{"@id":"https:\/\/www.visit-ulcinj.com\/blog\/#website"},"primaryImageOfPage":{"@id":"https:\/\/www.visit-ulcinj.com\/blog\/2008\/12\/07\/cestitke-povodom-kurban-bajrama\/#primaryimage"},"datePublished":"2008-12-07T16:56:16+00:00","dateModified":"2008-12-07T16:56:16+00:00","author":{"@id":"https:\/\/www.visit-ulcinj.com\/blog\/#\/schema\/person\/dcab619c614d3038751c63bc2aadc06d"},"description":"Predstavnici crnogorske vlasti i opozicije ?estitali su danas vjernicima Islama i reisu Islamske zajednice u Crnoj Gori Rifatu Fejzi?u Kurban Bajram.","breadcrumb":{"@id":"https:\/\/www.visit-ulcinj.com\/blog\/2008\/12\/07\/cestitke-povodom-kurban-bajrama\/#breadcrumb"},"inLanguage":"en-US","potentialAction":[{"@type":"ReadAction","target":["https:\/\/www.visit-ulcinj.com\/blog\/2008\/12\/07\/cestitke-povodom-kurban-bajrama\/"]}]},{"@type":"BreadcrumbList","@id":"https:\/\/www.visit-ulcinj.com\/blog\/2008\/12\/07\/cestitke-povodom-kurban-bajrama\/#breadcrumb","itemListElement":[{"@type":"ListItem","position":1,"name":"?estitke povodom Kurban Bajrama"}]},{"@type":"Person","@id":"https:\/\/www.visit-ulcinj.com\/blog\/#\/schema\/person\/dcab619c614d3038751c63bc2aadc06d","name":"ulqini","sameAs":["http:\/\/www.visit-ulcinj.com"],"url":"https:\/\/www.visit-ulcinj.com\/blog\/author\/admin\/"}]}},"jetpack_featured_media_url":"","jetpack_sharing_enabled":true,"jetpack_shortlink":"https:\/\/wp.me\/pe6lTn-1O3","_links":{"self":[{"href":"https:\/\/www.visit-ulcinj.com\/blog\/wp-json\/wp\/v2\/posts\/6947"}],"collection":[{"href":"https:\/\/www.visit-ulcinj.com\/blog\/wp-json\/wp\/v2\/posts"}],"about":[{"href":"https:\/\/www.visit-ulcinj.com\/blog\/wp-json\/wp\/v2\/types\/post"}],"author":[{"embeddable":true,"href":"https:\/\/www.visit-ulcinj.com\/blog\/wp-json\/wp\/v2\/users\/1"}],"replies":[{"embeddable":true,"href":"https:\/\/www.visit-ulcinj.com\/blog\/wp-json\/wp\/v2\/comments?post=6947"}],"version-history":[{"count":0,"href":"https:\/\/www.visit-ulcinj.com\/blog\/wp-json\/wp\/v2\/posts\/6947\/revisions"}],"wp:attachment":[{"href":"https:\/\/www.visit-ulcinj.com\/blog\/wp-json\/wp\/v2\/media?parent=6947"}],"wp:term":[{"taxonomy":"category","embeddable":true,"href":"https:\/\/www.visit-ulcinj.com\/blog\/wp-json\/wp\/v2\/categories?post=6947"},{"taxonomy":"post_tag","embeddable":true,"href":"https:\/\/www.visit-ulcinj.com\/blog\/wp-json\/wp\/v2\/tags?post=6947"}],"curies":[{"name":"wp","href":"https:\/\/api.w.org\/{rel}","templated":true}]}}