{"id":69475,"date":"2013-03-15T17:47:14","date_gmt":"2013-03-15T16:47:14","guid":{"rendered":"http:\/\/www.visit-ulcinj.com\/blog\/?p=69475"},"modified":"2013-03-16T16:26:43","modified_gmt":"2013-03-16T15:26:43","slug":"udsh-ja-reagon-ne-shkarkimin-nga-puna-te-punetoreve","status":"publish","type":"post","link":"https:\/\/www.visit-ulcinj.com\/blog\/2013\/03\/15\/udsh-ja-reagon-ne-shkarkimin-nga-puna-te-punetoreve\/","title":{"rendered":"UDSH-ja reagon n\u00eb shkarkimin nga puna t\u00eb pun\u00ebtor\u00ebve"},"content":{"rendered":"<p><b><a href=\"http:\/\/www.visit-ulcinj.com\/blog\/wp-content\/uploads\/2013\/03\/UNIONI-DEMOKRATIK-I-SHQIPTAREVE-NE-MAL-TE-ZI.jpg\"><img loading=\"lazy\" class=\"alignleft  wp-image-69647\" alt=\"UNIONI-DEMOKRATIK-I-SHQIPTAREVE-NE-MAL-TE-ZI\" src=\"http:\/\/www.visit-ulcinj.com\/blog\/wp-content\/uploads\/2013\/03\/UNIONI-DEMOKRATIK-I-SHQIPTAREVE-NE-MAL-TE-ZI.jpg\" width=\"508\" height=\"349\" \/><\/a>Bresh\u00ebri shkarkimesh nga puna, pun\u00ebtor\u00ebt qiten n\u00eb rrug\u00eb nd\u00ebrsa p\u00ebrgjegj\u00ebsit b\u00ebhen si \u201cfrancez\u201d!<\/b><\/p>\n<p>Edhe pse UDSH para dhe gjat\u00eb fushat\u00ebs p\u00ebr zgjedhje parlamentare vazhdimisht ka paralajm\u00ebruar p\u00ebr fenomenin e \u00e7uditsh\u00ebm t\u00eb pun\u00ebsimeve brenda nat\u00ebs, askush nga pushtetar\u00ebt lokal nuk e pa t\u00eb arsyeshme q\u00eb t\u00eb pakt\u00ebn ti mendoj pasojat q\u00eb vijn\u00eb mbas k\u00ebtyre veprimeve t\u00eb pamenduara dhe pap\u00ebrgjegj\u00ebse.<\/p>\n<p>Njer\u00ebzit jan\u00eb pun\u00ebsuar pa asnj\u00eb lloj kriteri (i ashtuquajturi pun\u00ebsimi ad hoc), vet\u00ebm p\u00ebr nj\u00eb interes, me \u00e7do kusht t\u00eb fitohen zgjedhjet dhe q\u00eb t\u00eb arrihet kjo, q\u00ebllimi e arsyeton mjetin!<\/p>\n<p>Mungesa e parimeve, njer\u00ebzore dhe politike, e mbi t\u00eb gjitha pap\u00ebrgjegj\u00ebsia, i shtyu t\u00eb mos mendojn\u00eb p\u00ebr pasojat, apo, nuk kan\u00eb menduar \u00e7ka pas k\u00ebsaj.<\/p>\n<p>Veprimet e pand\u00ebrgjegjshme t\u00eb ashtuquajturve bamir\u00ebs na soll\u00ebn deri n\u00eb at\u00eb pik\u00eb q\u00eb tani p\u00ebrve\u00e7 shum\u00eb t\u00eb tjera kemi edhe nj\u00eb problem tjet\u00ebr social.<\/p>\n<p>100 persona mbesin pa pun\u00eb, p\u00ebrgjegj\u00ebsit fikin telefonat apo thjesht nuk gjinden askund. P\u00ebrnj\u00ebher\u00eb, askush nuk di asgj\u00eb dhe p\u00ebr t\u00eb gjith\u00eb kjo \u00ebsht\u00eb risi, dhe k\u00ebtu e kemi fjal\u00ebn p\u00ebr K\u00ebshillin Drejtues t\u00eb nd\u00ebrmarrjes, ish drejtorin dhe at\u00eb q\u00eb \u00ebsht\u00eb sot n\u00eb at\u00eb rol, t\u00eb gjith\u00eb brenda nat\u00ebs u b\u00ebn\u00eb \u201cfrancez\u201d. Edhe pse Nd\u00ebrmarrja e uj\u00ebsjell\u00ebsit ka q\u00ebndruar financiarisht keq dhe me v\u00ebshtir\u00ebsi ka mbuluar pagat mujore pun\u00ebtor\u00ebve ekzistues, ato pun\u00ebsuan pa asnj\u00eb kriter, gjoja p\u00ebr tu ndihmuar njer\u00ebzve\u00a0 edhe pse e dinin q\u00eb kjo \u00ebsht\u00eb e paq\u00ebndrueshme. Rezultati i gjith\u00eb k\u00ebsaj \u00ebsht\u00eb 3 milion euro borxhe p\u00ebr nj\u00eb vit.<\/p>\n<p>Duhet t\u00eb jesh artist i padituris\u00eb dhe i paaft\u00ebsis\u00eb q\u00eb t\u00eb arrish nj\u00eb gj\u00eb t\u00eb till\u00eb!<\/p>\n<p>Mos ndoshta po realizohet shakaja e hidhur parazgjedhore, e th\u00ebn\u00eb nga pun\u00ebdh\u00ebn\u00ebsi, e cila thot\u00eb: \u201cmarr\u00ebveshja ishte t\u00eb ju pun\u00ebsoj dhe jo t\u2019u jap rrogat\u201d!<\/p>\n<p>D\u00ebmi \u00ebsht\u00eb b\u00ebr\u00eb, nj\u00ebqind njer\u00ebz mbeten pa pun\u00eb dhe me nj\u00ebqind e pes\u00ebdhjet\u00eb t\u00eb tjer\u00eb q\u00eb jan\u00eb akoma n\u00eb marr\u00ebdh\u00ebnie pune tet\u00eb (8) muaj nuk kan\u00eb marr\u00eb rrog\u00ebn! Pushteti lokal si i vetmi p\u00ebrgjegj\u00ebs p\u00ebr situat\u00ebn e krijuar duhet ti dal n\u00eb ndihm\u00eb k\u00ebtyre njer\u00ebzve q\u00eb u d\u00ebmtuan r\u00ebnd\u00eb. Th\u00ebrrasim kryetarin e komun\u00ebs s\u00eb Ulqinit dhe t\u00eb gjith\u00eb pjes\u00ebtar\u00ebt e pushtetit lokal t\u00eb marrin p\u00ebrgjegj\u00ebsin\u00eb dhe t\u00eb gjejn\u00eb m\u00ebnyr\u00ebn si t\u00eb korrigjohet padrejt\u00ebsia ndaj k\u00ebtyre njer\u00ebzve.\u00a0 P\u00ebr pap\u00ebrgjegj\u00ebsi nuk ka vend, njer\u00ebzit brenda nat\u00ebs kan\u00eb mbet pa pun\u00eb, jo nj\u00eb por nj\u00ebqind, Nd\u00ebrmarrja e uj\u00ebsjell\u00ebsit \u00ebsht\u00eb para kolapsit dhe t\u00eb gjith\u00eb vuajm\u00eb pasojat e k\u00ebsaj situate.<\/p>\n<p>N\u00eb fund, ndaluni s\u00eb qeni \u201c\u201dfrancez\u201d dhe zgjidheni problemin p\u00ebr t\u00eb cilin vet\u00ebm ju jeni fajtor!<\/p>\n<p>&nbsp;<\/p>\n<p>&nbsp;<\/p>\n<p><b>Sh\u00ebrbimi p\u00ebr informim i UDSH-s\u00eb\u00a0 <\/b><\/p>\n","protected":false},"excerpt":{"rendered":"<p>Bresh\u00ebri shkarkimesh nga puna, pun\u00ebtor\u00ebt qiten n\u00eb rrug\u00eb nd\u00ebrsa p\u00ebrgjegj\u00ebsit b\u00ebhen si \u201cfrancez\u201d! Edhe pse UDSH para dhe gjat\u00eb fushat\u00ebs p\u00ebr zgjedhje parlamentare vazhdimisht ka paralajm\u00ebruar p\u00ebr fenomenin e \u00e7uditsh\u00ebm t\u00eb pun\u00ebsimeve brenda nat\u00ebs, askush nga pushtetar\u00ebt lokal nuk e pa t\u00eb arsyeshme q\u00eb t\u00eb pakt\u00ebn ti mendoj pasojat q\u00eb vijn\u00eb mbas k\u00ebtyre veprimeve t\u00eb [&hellip;]<\/p>\n","protected":false},"author":1,"featured_media":0,"comment_status":"open","ping_status":"closed","sticky":false,"template":"","format":"standard","meta":{"spay_email":"","jetpack_publicize_message":"","jetpack_is_tweetstorm":false,"jetpack_publicize_feature_enabled":true},"categories":[6],"tags":[4680,200],"jetpack_publicize_connections":[],"yoast_head":"<!-- This site is optimized with the Yoast SEO plugin v19.1 - https:\/\/yoast.com\/wordpress\/plugins\/seo\/ -->\n<title>UDSH-ja reagon n\u00eb shkarkimin nga puna t\u00eb pun\u00ebtor\u00ebve - Lajme nga Ulqini<\/title>\n<meta name=\"description\" content=\"Bresh\u00ebri shkarkimesh nga puna, pun\u00ebtor\u00ebt qiten n\u00eb rrug\u00eb nd\u00ebrsa p\u00ebrgjegj\u00ebsit b\u00ebhen si \u201cfrancez\u201d! Edhe pse UDSH para dhe gjat\u00eb fushat\u00ebs p\u00ebr zgjedhje\" \/>\n<meta name=\"robots\" content=\"index, follow, max-snippet:-1, max-image-preview:large, max-video-preview:-1\" \/>\n<link rel=\"canonical\" href=\"https:\/\/www.visit-ulcinj.com\/blog\/2013\/03\/15\/udsh-ja-reagon-ne-shkarkimin-nga-puna-te-punetoreve\/\" \/>\n<meta property=\"og:locale\" content=\"en_US\" \/>\n<meta property=\"og:type\" content=\"article\" \/>\n<meta property=\"og:title\" content=\"UDSH-ja reagon n\u00eb shkarkimin nga puna t\u00eb pun\u00ebtor\u00ebve - Lajme nga Ulqini\" \/>\n<meta property=\"og:description\" content=\"Bresh\u00ebri shkarkimesh nga puna, pun\u00ebtor\u00ebt qiten n\u00eb rrug\u00eb nd\u00ebrsa p\u00ebrgjegj\u00ebsit b\u00ebhen si \u201cfrancez\u201d! Edhe pse UDSH para dhe gjat\u00eb fushat\u00ebs p\u00ebr zgjedhje\" \/>\n<meta property=\"og:url\" content=\"https:\/\/www.visit-ulcinj.com\/blog\/2013\/03\/15\/udsh-ja-reagon-ne-shkarkimin-nga-puna-te-punetoreve\/\" \/>\n<meta property=\"og:site_name\" content=\"Lajme nga Ulqini\" \/>\n<meta property=\"article:published_time\" content=\"2013-03-15T16:47:14+00:00\" \/>\n<meta property=\"article:modified_time\" content=\"2013-03-16T15:26:43+00:00\" \/>\n<meta property=\"og:image\" content=\"http:\/\/www.visit-ulcinj.com\/blog\/wp-content\/uploads\/2013\/03\/UNIONI-DEMOKRATIK-I-SHQIPTAREVE-NE-MAL-TE-ZI.jpg\" \/>\n<meta name=\"twitter:label1\" content=\"Written by\" \/>\n\t<meta name=\"twitter:data1\" content=\"ulqini\" \/>\n\t<meta name=\"twitter:label2\" content=\"Est. reading time\" \/>\n\t<meta name=\"twitter:data2\" content=\"3 minutes\" \/>\n<script type=\"application\/ld+json\" class=\"yoast-schema-graph\">{\"@context\":\"https:\/\/schema.org\",\"@graph\":[{\"@type\":\"WebSite\",\"@id\":\"https:\/\/www.visit-ulcinj.com\/blog\/#website\",\"url\":\"https:\/\/www.visit-ulcinj.com\/blog\/\",\"name\":\"Lajme nga Ulqini\",\"description\":\"Lajme,Vijesti,Ulqini,Ulqin,Crna Gora,Mali i Zi\",\"potentialAction\":[{\"@type\":\"SearchAction\",\"target\":{\"@type\":\"EntryPoint\",\"urlTemplate\":\"https:\/\/www.visit-ulcinj.com\/blog\/?s={search_term_string}\"},\"query-input\":\"required name=search_term_string\"}],\"inLanguage\":\"en-US\"},{\"@type\":\"ImageObject\",\"inLanguage\":\"en-US\",\"@id\":\"https:\/\/www.visit-ulcinj.com\/blog\/2013\/03\/15\/udsh-ja-reagon-ne-shkarkimin-nga-puna-te-punetoreve\/#primaryimage\",\"url\":\"https:\/\/www.visit-ulcinj.com\/blog\/wp-content\/uploads\/2013\/03\/UNIONI-DEMOKRATIK-I-SHQIPTAREVE-NE-MAL-TE-ZI.jpg\",\"contentUrl\":\"https:\/\/www.visit-ulcinj.com\/blog\/wp-content\/uploads\/2013\/03\/UNIONI-DEMOKRATIK-I-SHQIPTAREVE-NE-MAL-TE-ZI.jpg\",\"width\":603,\"height\":349},{\"@type\":\"WebPage\",\"@id\":\"https:\/\/www.visit-ulcinj.com\/blog\/2013\/03\/15\/udsh-ja-reagon-ne-shkarkimin-nga-puna-te-punetoreve\/#webpage\",\"url\":\"https:\/\/www.visit-ulcinj.com\/blog\/2013\/03\/15\/udsh-ja-reagon-ne-shkarkimin-nga-puna-te-punetoreve\/\",\"name\":\"UDSH-ja reagon n\u00eb shkarkimin nga puna t\u00eb pun\u00ebtor\u00ebve - Lajme nga Ulqini\",\"isPartOf\":{\"@id\":\"https:\/\/www.visit-ulcinj.com\/blog\/#website\"},\"primaryImageOfPage\":{\"@id\":\"https:\/\/www.visit-ulcinj.com\/blog\/2013\/03\/15\/udsh-ja-reagon-ne-shkarkimin-nga-puna-te-punetoreve\/#primaryimage\"},\"datePublished\":\"2013-03-15T16:47:14+00:00\",\"dateModified\":\"2013-03-16T15:26:43+00:00\",\"author\":{\"@id\":\"https:\/\/www.visit-ulcinj.com\/blog\/#\/schema\/person\/dcab619c614d3038751c63bc2aadc06d\"},\"description\":\"Bresh\u00ebri shkarkimesh nga puna, pun\u00ebtor\u00ebt qiten n\u00eb rrug\u00eb nd\u00ebrsa p\u00ebrgjegj\u00ebsit b\u00ebhen si \u201cfrancez\u201d! Edhe pse UDSH para dhe gjat\u00eb fushat\u00ebs p\u00ebr zgjedhje\",\"breadcrumb\":{\"@id\":\"https:\/\/www.visit-ulcinj.com\/blog\/2013\/03\/15\/udsh-ja-reagon-ne-shkarkimin-nga-puna-te-punetoreve\/#breadcrumb\"},\"inLanguage\":\"en-US\",\"potentialAction\":[{\"@type\":\"ReadAction\",\"target\":[\"https:\/\/www.visit-ulcinj.com\/blog\/2013\/03\/15\/udsh-ja-reagon-ne-shkarkimin-nga-puna-te-punetoreve\/\"]}]},{\"@type\":\"BreadcrumbList\",\"@id\":\"https:\/\/www.visit-ulcinj.com\/blog\/2013\/03\/15\/udsh-ja-reagon-ne-shkarkimin-nga-puna-te-punetoreve\/#breadcrumb\",\"itemListElement\":[{\"@type\":\"ListItem\",\"position\":1,\"name\":\"UDSH-ja reagon n\u00eb shkarkimin nga puna t\u00eb pun\u00ebtor\u00ebve\"}]},{\"@type\":\"Person\",\"@id\":\"https:\/\/www.visit-ulcinj.com\/blog\/#\/schema\/person\/dcab619c614d3038751c63bc2aadc06d\",\"name\":\"ulqini\",\"sameAs\":[\"http:\/\/www.visit-ulcinj.com\"],\"url\":\"https:\/\/www.visit-ulcinj.com\/blog\/author\/admin\/\"}]}<\/script>\n<!-- \/ Yoast SEO plugin. -->","yoast_head_json":{"title":"UDSH-ja reagon n\u00eb shkarkimin nga puna t\u00eb pun\u00ebtor\u00ebve - Lajme nga Ulqini","description":"Bresh\u00ebri shkarkimesh nga puna, pun\u00ebtor\u00ebt qiten n\u00eb rrug\u00eb nd\u00ebrsa p\u00ebrgjegj\u00ebsit b\u00ebhen si \u201cfrancez\u201d! Edhe pse UDSH para dhe gjat\u00eb fushat\u00ebs p\u00ebr zgjedhje","robots":{"index":"index","follow":"follow","max-snippet":"max-snippet:-1","max-image-preview":"max-image-preview:large","max-video-preview":"max-video-preview:-1"},"canonical":"https:\/\/www.visit-ulcinj.com\/blog\/2013\/03\/15\/udsh-ja-reagon-ne-shkarkimin-nga-puna-te-punetoreve\/","og_locale":"en_US","og_type":"article","og_title":"UDSH-ja reagon n\u00eb shkarkimin nga puna t\u00eb pun\u00ebtor\u00ebve - Lajme nga Ulqini","og_description":"Bresh\u00ebri shkarkimesh nga puna, pun\u00ebtor\u00ebt qiten n\u00eb rrug\u00eb nd\u00ebrsa p\u00ebrgjegj\u00ebsit b\u00ebhen si \u201cfrancez\u201d! Edhe pse UDSH para dhe gjat\u00eb fushat\u00ebs p\u00ebr zgjedhje","og_url":"https:\/\/www.visit-ulcinj.com\/blog\/2013\/03\/15\/udsh-ja-reagon-ne-shkarkimin-nga-puna-te-punetoreve\/","og_site_name":"Lajme nga Ulqini","article_published_time":"2013-03-15T16:47:14+00:00","article_modified_time":"2013-03-16T15:26:43+00:00","og_image":[{"url":"http:\/\/www.visit-ulcinj.com\/blog\/wp-content\/uploads\/2013\/03\/UNIONI-DEMOKRATIK-I-SHQIPTAREVE-NE-MAL-TE-ZI.jpg"}],"twitter_misc":{"Written by":"ulqini","Est. reading time":"3 minutes"},"schema":{"@context":"https:\/\/schema.org","@graph":[{"@type":"WebSite","@id":"https:\/\/www.visit-ulcinj.com\/blog\/#website","url":"https:\/\/www.visit-ulcinj.com\/blog\/","name":"Lajme nga Ulqini","description":"Lajme,Vijesti,Ulqini,Ulqin,Crna Gora,Mali i Zi","potentialAction":[{"@type":"SearchAction","target":{"@type":"EntryPoint","urlTemplate":"https:\/\/www.visit-ulcinj.com\/blog\/?s={search_term_string}"},"query-input":"required name=search_term_string"}],"inLanguage":"en-US"},{"@type":"ImageObject","inLanguage":"en-US","@id":"https:\/\/www.visit-ulcinj.com\/blog\/2013\/03\/15\/udsh-ja-reagon-ne-shkarkimin-nga-puna-te-punetoreve\/#primaryimage","url":"https:\/\/www.visit-ulcinj.com\/blog\/wp-content\/uploads\/2013\/03\/UNIONI-DEMOKRATIK-I-SHQIPTAREVE-NE-MAL-TE-ZI.jpg","contentUrl":"https:\/\/www.visit-ulcinj.com\/blog\/wp-content\/uploads\/2013\/03\/UNIONI-DEMOKRATIK-I-SHQIPTAREVE-NE-MAL-TE-ZI.jpg","width":603,"height":349},{"@type":"WebPage","@id":"https:\/\/www.visit-ulcinj.com\/blog\/2013\/03\/15\/udsh-ja-reagon-ne-shkarkimin-nga-puna-te-punetoreve\/#webpage","url":"https:\/\/www.visit-ulcinj.com\/blog\/2013\/03\/15\/udsh-ja-reagon-ne-shkarkimin-nga-puna-te-punetoreve\/","name":"UDSH-ja reagon n\u00eb shkarkimin nga puna t\u00eb pun\u00ebtor\u00ebve - Lajme nga Ulqini","isPartOf":{"@id":"https:\/\/www.visit-ulcinj.com\/blog\/#website"},"primaryImageOfPage":{"@id":"https:\/\/www.visit-ulcinj.com\/blog\/2013\/03\/15\/udsh-ja-reagon-ne-shkarkimin-nga-puna-te-punetoreve\/#primaryimage"},"datePublished":"2013-03-15T16:47:14+00:00","dateModified":"2013-03-16T15:26:43+00:00","author":{"@id":"https:\/\/www.visit-ulcinj.com\/blog\/#\/schema\/person\/dcab619c614d3038751c63bc2aadc06d"},"description":"Bresh\u00ebri shkarkimesh nga puna, pun\u00ebtor\u00ebt qiten n\u00eb rrug\u00eb nd\u00ebrsa p\u00ebrgjegj\u00ebsit b\u00ebhen si \u201cfrancez\u201d! Edhe pse UDSH para dhe gjat\u00eb fushat\u00ebs p\u00ebr zgjedhje","breadcrumb":{"@id":"https:\/\/www.visit-ulcinj.com\/blog\/2013\/03\/15\/udsh-ja-reagon-ne-shkarkimin-nga-puna-te-punetoreve\/#breadcrumb"},"inLanguage":"en-US","potentialAction":[{"@type":"ReadAction","target":["https:\/\/www.visit-ulcinj.com\/blog\/2013\/03\/15\/udsh-ja-reagon-ne-shkarkimin-nga-puna-te-punetoreve\/"]}]},{"@type":"BreadcrumbList","@id":"https:\/\/www.visit-ulcinj.com\/blog\/2013\/03\/15\/udsh-ja-reagon-ne-shkarkimin-nga-puna-te-punetoreve\/#breadcrumb","itemListElement":[{"@type":"ListItem","position":1,"name":"UDSH-ja reagon n\u00eb shkarkimin nga puna t\u00eb pun\u00ebtor\u00ebve"}]},{"@type":"Person","@id":"https:\/\/www.visit-ulcinj.com\/blog\/#\/schema\/person\/dcab619c614d3038751c63bc2aadc06d","name":"ulqini","sameAs":["http:\/\/www.visit-ulcinj.com"],"url":"https:\/\/www.visit-ulcinj.com\/blog\/author\/admin\/"}]}},"jetpack_featured_media_url":"","jetpack_sharing_enabled":true,"jetpack_shortlink":"https:\/\/wp.me\/pe6lTn-i4z","_links":{"self":[{"href":"https:\/\/www.visit-ulcinj.com\/blog\/wp-json\/wp\/v2\/posts\/69475"}],"collection":[{"href":"https:\/\/www.visit-ulcinj.com\/blog\/wp-json\/wp\/v2\/posts"}],"about":[{"href":"https:\/\/www.visit-ulcinj.com\/blog\/wp-json\/wp\/v2\/types\/post"}],"author":[{"embeddable":true,"href":"https:\/\/www.visit-ulcinj.com\/blog\/wp-json\/wp\/v2\/users\/1"}],"replies":[{"embeddable":true,"href":"https:\/\/www.visit-ulcinj.com\/blog\/wp-json\/wp\/v2\/comments?post=69475"}],"version-history":[{"count":4,"href":"https:\/\/www.visit-ulcinj.com\/blog\/wp-json\/wp\/v2\/posts\/69475\/revisions"}],"predecessor-version":[{"id":69648,"href":"https:\/\/www.visit-ulcinj.com\/blog\/wp-json\/wp\/v2\/posts\/69475\/revisions\/69648"}],"wp:attachment":[{"href":"https:\/\/www.visit-ulcinj.com\/blog\/wp-json\/wp\/v2\/media?parent=69475"}],"wp:term":[{"taxonomy":"category","embeddable":true,"href":"https:\/\/www.visit-ulcinj.com\/blog\/wp-json\/wp\/v2\/categories?post=69475"},{"taxonomy":"post_tag","embeddable":true,"href":"https:\/\/www.visit-ulcinj.com\/blog\/wp-json\/wp\/v2\/tags?post=69475"}],"curies":[{"name":"wp","href":"https:\/\/api.w.org\/{rel}","templated":true}]}}