{"id":69510,"date":"2013-03-15T18:26:55","date_gmt":"2013-03-15T17:26:55","guid":{"rendered":"http:\/\/www.visit-ulcinj.com\/blog\/?p=69510"},"modified":"2013-03-15T18:26:55","modified_gmt":"2013-03-15T17:26:55","slug":"reshje-dhe-ere-probleme-ne-rruge-te-ulqinit-video","status":"publish","type":"post","link":"https:\/\/www.visit-ulcinj.com\/blog\/2013\/03\/15\/reshje-dhe-ere-probleme-ne-rruge-te-ulqinit-video\/","title":{"rendered":"Reshje dhe er\u00eb, probleme ne rrug\u00eb te Ulqinit \u2013 Video"},"content":{"rendered":"<p><a href=\"http:\/\/www.visit-ulcinj.com\/blog\/wp-content\/uploads\/2013\/03\/Reshjet-e-shiut-ne-Ulqin.jpg\"><img loading=\"lazy\" class=\"alignleft  wp-image-69511\" alt=\"Reshjet e shiut ne Ulqin\" src=\"http:\/\/www.visit-ulcinj.com\/blog\/wp-content\/uploads\/2013\/03\/Reshjet-e-shiut-ne-Ulqin.jpg\" width=\"508\" height=\"360\" \/><\/a>Reshjet e shiut dhe era e forte ka shkaktuar probleme ne rrug\u00ebt e Ulqinit. Pamvarsisht investimeve te realizuara ne komunen e Ulqinit edhe kete vjesht\u00eb permbytjet nga disa milimetra shi do te jen te pa shmangshme. Kan mjaftuar pak centimetra shi qe sot\u00eb ne lagjet kryesore te qytetit te permbyten nga uji. Problematike jan ato zona ku mungon infrastuktura,dhe ku me shqetesuese edhe hyrja perpara disa shkolave, postes s\u00eb si dhe shume rrugeve tjera te Ulqinit. Bllokimi i kanalit t\u00eb Bratices ka sjell edhe permbytjen e te dyja kraheve te rruges,ku pastrimi i ketyre te fundit duket se ka koh qe nuk eshte bere,ndersa fat\u00ebkeqsisht edhe qendra e qytetit duket se e ka kaluar keto problem me shum\u00eb veshter\u00ebsi.Ju ftojm\u00eb t\u00eb ndiqni 12 sekonda Video nga perbytja e Ulqinit sot\u00eb.<\/p>\n<p><strong><a href=\"https:\/\/www.facebook.com\/media\/set\/?set=a.120352391483708.1073741827.100005268431061&amp;type=1\" target=\"_blank\">Lajme Nga Ulqini<\/a><\/strong><\/p>\n<p><strong><a href=\"https:\/\/www.facebook.com\/media\/set\/?set=a.120352391483708.1073741827.100005268431061&amp;type=1\" target=\"_blank\">P\u00ebr me tep\u00ebr Fototeka e Ulqinit Facebook<\/a><\/strong><\/p>\n\n\t\t<style type=\"text\/css\">\n\t\t\t#gallery-1 {\n\t\t\t\tmargin: auto;\n\t\t\t}\n\t\t\t#gallery-1 .gallery-item {\n\t\t\t\tfloat: left;\n\t\t\t\tmargin-top: 10px;\n\t\t\t\ttext-align: center;\n\t\t\t\twidth: 33%;\n\t\t\t}\n\t\t\t#gallery-1 img {\n\t\t\t\tborder: 2px solid #cfcfcf;\n\t\t\t}\n\t\t\t#gallery-1 .gallery-caption {\n\t\t\t\tmargin-left: 0;\n\t\t\t}\n\t\t\t\/* see gallery_shortcode() in wp-includes\/media.php *\/\n\t\t<\/style>\n\t\t<div id='gallery-1' class='gallery galleryid-69510 gallery-columns-3 gallery-size-thumbnail'><dl class='gallery-item'>\n\t\t\t<dt class='gallery-icon portrait'>\n\t\t\t\t<a href='https:\/\/www.visit-ulcinj.com\/blog\/2013\/03\/15\/reshje-dhe-ere-probleme-ne-rruge-te-ulqinit-video\/reshjet-e-shiut-ne-ulqin-2\/'><img width=\"150\" height=\"150\" src=\"https:\/\/www.visit-ulcinj.com\/blog\/wp-content\/uploads\/2013\/03\/Reshjet-e-shiut-ne-Ulqin.2-150x150.jpg\" class=\"attachment-thumbnail size-thumbnail\" alt=\"\" loading=\"lazy\" \/><\/a>\n\t\t\t<\/dt><\/dl><dl class='gallery-item'>\n\t\t\t<dt class='gallery-icon landscape'>\n\t\t\t\t<a href='https:\/\/www.visit-ulcinj.com\/blog\/2013\/03\/15\/reshje-dhe-ere-probleme-ne-rruge-te-ulqinit-video\/reshjet-e-shiut-ne-ulqin-1\/'><img width=\"150\" height=\"150\" src=\"https:\/\/www.visit-ulcinj.com\/blog\/wp-content\/uploads\/2013\/03\/Reshjet-e-shiut-ne-Ulqin.1-150x150.jpg\" class=\"attachment-thumbnail size-thumbnail\" alt=\"\" loading=\"lazy\" \/><\/a>\n\t\t\t<\/dt><\/dl><dl class='gallery-item'>\n\t\t\t<dt class='gallery-icon landscape'>\n\t\t\t\t<a href='https:\/\/www.visit-ulcinj.com\/blog\/2013\/03\/15\/reshje-dhe-ere-probleme-ne-rruge-te-ulqinit-video\/reshjet-e-shiut-ne-ulqin\/'><img width=\"150\" height=\"150\" src=\"https:\/\/www.visit-ulcinj.com\/blog\/wp-content\/uploads\/2013\/03\/Reshjet-e-shiut-ne-Ulqin-150x150.jpg\" class=\"attachment-thumbnail size-thumbnail\" alt=\"\" loading=\"lazy\" \/><\/a>\n\t\t\t<\/dt><\/dl><br style=\"clear: both\" \/>\n\t\t<\/div>\n\n","protected":false},"excerpt":{"rendered":"<p>Reshjet e shiut dhe era e forte ka shkaktuar probleme ne rrug\u00ebt e Ulqinit. Pamvarsisht investimeve te realizuara ne komunen e Ulqinit edhe kete vjesht\u00eb permbytjet nga disa milimetra shi do te jen te pa shmangshme. Kan mjaftuar pak centimetra shi qe sot\u00eb ne lagjet kryesore te qytetit te permbyten nga uji. Problematike jan ato [&hellip;]<\/p>\n","protected":false},"author":1,"featured_media":0,"comment_status":"open","ping_status":"closed","sticky":false,"template":"","format":"standard","meta":{"spay_email":"","jetpack_publicize_message":"","jetpack_is_tweetstorm":false,"jetpack_publicize_feature_enabled":true},"categories":[11],"tags":[],"jetpack_publicize_connections":[],"yoast_head":"<!-- This site is optimized with the Yoast SEO plugin v19.1 - https:\/\/yoast.com\/wordpress\/plugins\/seo\/ -->\n<title>Reshje dhe er\u00eb, probleme ne rrug\u00eb te Ulqinit \u2013 Video - Lajme nga Ulqini<\/title>\n<meta name=\"description\" content=\"Reshjet e shiut dhe era e forte ka shkaktuar probleme ne rrug\u00ebt e Ulqinit. Pamvarsisht investimeve te realizuara ne komunen e Ulqinit edhe kete vjesht\u00eb\" \/>\n<meta name=\"robots\" content=\"index, follow, max-snippet:-1, max-image-preview:large, max-video-preview:-1\" \/>\n<link rel=\"canonical\" href=\"https:\/\/www.visit-ulcinj.com\/blog\/2013\/03\/15\/reshje-dhe-ere-probleme-ne-rruge-te-ulqinit-video\/\" \/>\n<meta property=\"og:locale\" content=\"en_US\" \/>\n<meta property=\"og:type\" content=\"article\" \/>\n<meta property=\"og:title\" content=\"Reshje dhe er\u00eb, probleme ne rrug\u00eb te Ulqinit \u2013 Video - Lajme nga Ulqini\" \/>\n<meta property=\"og:description\" content=\"Reshjet e shiut dhe era e forte ka shkaktuar probleme ne rrug\u00ebt e Ulqinit. Pamvarsisht investimeve te realizuara ne komunen e Ulqinit edhe kete vjesht\u00eb\" \/>\n<meta property=\"og:url\" content=\"https:\/\/www.visit-ulcinj.com\/blog\/2013\/03\/15\/reshje-dhe-ere-probleme-ne-rruge-te-ulqinit-video\/\" \/>\n<meta property=\"og:site_name\" content=\"Lajme nga Ulqini\" \/>\n<meta property=\"article:published_time\" content=\"2013-03-15T17:26:55+00:00\" \/>\n<meta property=\"og:image\" content=\"https:\/\/www.visit-ulcinj.com\/blog\/wp-content\/uploads\/2013\/03\/Reshjet-e-shiut-ne-Ulqin.2-150x150.jpg\" \/>\n<meta name=\"twitter:label1\" content=\"Written by\" \/>\n\t<meta name=\"twitter:data1\" content=\"ulqini\" \/>\n\t<meta name=\"twitter:label2\" content=\"Est. reading time\" \/>\n\t<meta name=\"twitter:data2\" content=\"1 minute\" \/>\n<script type=\"application\/ld+json\" class=\"yoast-schema-graph\">{\"@context\":\"https:\/\/schema.org\",\"@graph\":[{\"@type\":\"WebSite\",\"@id\":\"https:\/\/www.visit-ulcinj.com\/blog\/#website\",\"url\":\"https:\/\/www.visit-ulcinj.com\/blog\/\",\"name\":\"Lajme nga Ulqini\",\"description\":\"Lajme,Vijesti,Ulqini,Ulqin,Crna Gora,Mali i Zi\",\"potentialAction\":[{\"@type\":\"SearchAction\",\"target\":{\"@type\":\"EntryPoint\",\"urlTemplate\":\"https:\/\/www.visit-ulcinj.com\/blog\/?s={search_term_string}\"},\"query-input\":\"required name=search_term_string\"}],\"inLanguage\":\"en-US\"},{\"@type\":\"ImageObject\",\"inLanguage\":\"en-US\",\"@id\":\"https:\/\/www.visit-ulcinj.com\/blog\/2013\/03\/15\/reshje-dhe-ere-probleme-ne-rruge-te-ulqinit-video\/#primaryimage\",\"url\":\"https:\/\/www.visit-ulcinj.com\/blog\/wp-content\/uploads\/2013\/03\/Reshjet-e-shiut-ne-Ulqin.jpg\",\"contentUrl\":\"https:\/\/www.visit-ulcinj.com\/blog\/wp-content\/uploads\/2013\/03\/Reshjet-e-shiut-ne-Ulqin.jpg\",\"width\":960,\"height\":640},{\"@type\":\"WebPage\",\"@id\":\"https:\/\/www.visit-ulcinj.com\/blog\/2013\/03\/15\/reshje-dhe-ere-probleme-ne-rruge-te-ulqinit-video\/#webpage\",\"url\":\"https:\/\/www.visit-ulcinj.com\/blog\/2013\/03\/15\/reshje-dhe-ere-probleme-ne-rruge-te-ulqinit-video\/\",\"name\":\"Reshje dhe er\u00eb, probleme ne rrug\u00eb te Ulqinit \u2013 Video - Lajme nga Ulqini\",\"isPartOf\":{\"@id\":\"https:\/\/www.visit-ulcinj.com\/blog\/#website\"},\"primaryImageOfPage\":{\"@id\":\"https:\/\/www.visit-ulcinj.com\/blog\/2013\/03\/15\/reshje-dhe-ere-probleme-ne-rruge-te-ulqinit-video\/#primaryimage\"},\"datePublished\":\"2013-03-15T17:26:55+00:00\",\"dateModified\":\"2013-03-15T17:26:55+00:00\",\"author\":{\"@id\":\"https:\/\/www.visit-ulcinj.com\/blog\/#\/schema\/person\/dcab619c614d3038751c63bc2aadc06d\"},\"description\":\"Reshjet e shiut dhe era e forte ka shkaktuar probleme ne rrug\u00ebt e Ulqinit. Pamvarsisht investimeve te realizuara ne komunen e Ulqinit edhe kete vjesht\u00eb\",\"breadcrumb\":{\"@id\":\"https:\/\/www.visit-ulcinj.com\/blog\/2013\/03\/15\/reshje-dhe-ere-probleme-ne-rruge-te-ulqinit-video\/#breadcrumb\"},\"inLanguage\":\"en-US\",\"potentialAction\":[{\"@type\":\"ReadAction\",\"target\":[\"https:\/\/www.visit-ulcinj.com\/blog\/2013\/03\/15\/reshje-dhe-ere-probleme-ne-rruge-te-ulqinit-video\/\"]}]},{\"@type\":\"BreadcrumbList\",\"@id\":\"https:\/\/www.visit-ulcinj.com\/blog\/2013\/03\/15\/reshje-dhe-ere-probleme-ne-rruge-te-ulqinit-video\/#breadcrumb\",\"itemListElement\":[{\"@type\":\"ListItem\",\"position\":1,\"name\":\"Reshje dhe er\u00eb, probleme ne rrug\u00eb te Ulqinit \u2013 Video\"}]},{\"@type\":\"Person\",\"@id\":\"https:\/\/www.visit-ulcinj.com\/blog\/#\/schema\/person\/dcab619c614d3038751c63bc2aadc06d\",\"name\":\"ulqini\",\"sameAs\":[\"http:\/\/www.visit-ulcinj.com\"],\"url\":\"https:\/\/www.visit-ulcinj.com\/blog\/author\/admin\/\"}]}<\/script>\n<!-- \/ Yoast SEO plugin. -->","yoast_head_json":{"title":"Reshje dhe er\u00eb, probleme ne rrug\u00eb te Ulqinit \u2013 Video - Lajme nga Ulqini","description":"Reshjet e shiut dhe era e forte ka shkaktuar probleme ne rrug\u00ebt e Ulqinit. Pamvarsisht investimeve te realizuara ne komunen e Ulqinit edhe kete vjesht\u00eb","robots":{"index":"index","follow":"follow","max-snippet":"max-snippet:-1","max-image-preview":"max-image-preview:large","max-video-preview":"max-video-preview:-1"},"canonical":"https:\/\/www.visit-ulcinj.com\/blog\/2013\/03\/15\/reshje-dhe-ere-probleme-ne-rruge-te-ulqinit-video\/","og_locale":"en_US","og_type":"article","og_title":"Reshje dhe er\u00eb, probleme ne rrug\u00eb te Ulqinit \u2013 Video - Lajme nga Ulqini","og_description":"Reshjet e shiut dhe era e forte ka shkaktuar probleme ne rrug\u00ebt e Ulqinit. Pamvarsisht investimeve te realizuara ne komunen e Ulqinit edhe kete vjesht\u00eb","og_url":"https:\/\/www.visit-ulcinj.com\/blog\/2013\/03\/15\/reshje-dhe-ere-probleme-ne-rruge-te-ulqinit-video\/","og_site_name":"Lajme nga Ulqini","article_published_time":"2013-03-15T17:26:55+00:00","og_image":[{"url":"https:\/\/www.visit-ulcinj.com\/blog\/wp-content\/uploads\/2013\/03\/Reshjet-e-shiut-ne-Ulqin.2-150x150.jpg"}],"twitter_misc":{"Written by":"ulqini","Est. reading time":"1 minute"},"schema":{"@context":"https:\/\/schema.org","@graph":[{"@type":"WebSite","@id":"https:\/\/www.visit-ulcinj.com\/blog\/#website","url":"https:\/\/www.visit-ulcinj.com\/blog\/","name":"Lajme nga Ulqini","description":"Lajme,Vijesti,Ulqini,Ulqin,Crna Gora,Mali i Zi","potentialAction":[{"@type":"SearchAction","target":{"@type":"EntryPoint","urlTemplate":"https:\/\/www.visit-ulcinj.com\/blog\/?s={search_term_string}"},"query-input":"required name=search_term_string"}],"inLanguage":"en-US"},{"@type":"ImageObject","inLanguage":"en-US","@id":"https:\/\/www.visit-ulcinj.com\/blog\/2013\/03\/15\/reshje-dhe-ere-probleme-ne-rruge-te-ulqinit-video\/#primaryimage","url":"https:\/\/www.visit-ulcinj.com\/blog\/wp-content\/uploads\/2013\/03\/Reshjet-e-shiut-ne-Ulqin.jpg","contentUrl":"https:\/\/www.visit-ulcinj.com\/blog\/wp-content\/uploads\/2013\/03\/Reshjet-e-shiut-ne-Ulqin.jpg","width":960,"height":640},{"@type":"WebPage","@id":"https:\/\/www.visit-ulcinj.com\/blog\/2013\/03\/15\/reshje-dhe-ere-probleme-ne-rruge-te-ulqinit-video\/#webpage","url":"https:\/\/www.visit-ulcinj.com\/blog\/2013\/03\/15\/reshje-dhe-ere-probleme-ne-rruge-te-ulqinit-video\/","name":"Reshje dhe er\u00eb, probleme ne rrug\u00eb te Ulqinit \u2013 Video - Lajme nga Ulqini","isPartOf":{"@id":"https:\/\/www.visit-ulcinj.com\/blog\/#website"},"primaryImageOfPage":{"@id":"https:\/\/www.visit-ulcinj.com\/blog\/2013\/03\/15\/reshje-dhe-ere-probleme-ne-rruge-te-ulqinit-video\/#primaryimage"},"datePublished":"2013-03-15T17:26:55+00:00","dateModified":"2013-03-15T17:26:55+00:00","author":{"@id":"https:\/\/www.visit-ulcinj.com\/blog\/#\/schema\/person\/dcab619c614d3038751c63bc2aadc06d"},"description":"Reshjet e shiut dhe era e forte ka shkaktuar probleme ne rrug\u00ebt e Ulqinit. Pamvarsisht investimeve te realizuara ne komunen e Ulqinit edhe kete vjesht\u00eb","breadcrumb":{"@id":"https:\/\/www.visit-ulcinj.com\/blog\/2013\/03\/15\/reshje-dhe-ere-probleme-ne-rruge-te-ulqinit-video\/#breadcrumb"},"inLanguage":"en-US","potentialAction":[{"@type":"ReadAction","target":["https:\/\/www.visit-ulcinj.com\/blog\/2013\/03\/15\/reshje-dhe-ere-probleme-ne-rruge-te-ulqinit-video\/"]}]},{"@type":"BreadcrumbList","@id":"https:\/\/www.visit-ulcinj.com\/blog\/2013\/03\/15\/reshje-dhe-ere-probleme-ne-rruge-te-ulqinit-video\/#breadcrumb","itemListElement":[{"@type":"ListItem","position":1,"name":"Reshje dhe er\u00eb, probleme ne rrug\u00eb te Ulqinit \u2013 Video"}]},{"@type":"Person","@id":"https:\/\/www.visit-ulcinj.com\/blog\/#\/schema\/person\/dcab619c614d3038751c63bc2aadc06d","name":"ulqini","sameAs":["http:\/\/www.visit-ulcinj.com"],"url":"https:\/\/www.visit-ulcinj.com\/blog\/author\/admin\/"}]}},"jetpack_featured_media_url":"","jetpack_sharing_enabled":true,"jetpack_shortlink":"https:\/\/wp.me\/pe6lTn-i58","_links":{"self":[{"href":"https:\/\/www.visit-ulcinj.com\/blog\/wp-json\/wp\/v2\/posts\/69510"}],"collection":[{"href":"https:\/\/www.visit-ulcinj.com\/blog\/wp-json\/wp\/v2\/posts"}],"about":[{"href":"https:\/\/www.visit-ulcinj.com\/blog\/wp-json\/wp\/v2\/types\/post"}],"author":[{"embeddable":true,"href":"https:\/\/www.visit-ulcinj.com\/blog\/wp-json\/wp\/v2\/users\/1"}],"replies":[{"embeddable":true,"href":"https:\/\/www.visit-ulcinj.com\/blog\/wp-json\/wp\/v2\/comments?post=69510"}],"version-history":[{"count":1,"href":"https:\/\/www.visit-ulcinj.com\/blog\/wp-json\/wp\/v2\/posts\/69510\/revisions"}],"predecessor-version":[{"id":69514,"href":"https:\/\/www.visit-ulcinj.com\/blog\/wp-json\/wp\/v2\/posts\/69510\/revisions\/69514"}],"wp:attachment":[{"href":"https:\/\/www.visit-ulcinj.com\/blog\/wp-json\/wp\/v2\/media?parent=69510"}],"wp:term":[{"taxonomy":"category","embeddable":true,"href":"https:\/\/www.visit-ulcinj.com\/blog\/wp-json\/wp\/v2\/categories?post=69510"},{"taxonomy":"post_tag","embeddable":true,"href":"https:\/\/www.visit-ulcinj.com\/blog\/wp-json\/wp\/v2\/tags?post=69510"}],"curies":[{"name":"wp","href":"https:\/\/api.w.org\/{rel}","templated":true}]}}