{"id":69515,"date":"2013-03-15T18:37:12","date_gmt":"2013-03-15T17:37:12","guid":{"rendered":"http:\/\/www.visit-ulcinj.com\/blog\/?p=69515"},"modified":"2013-03-15T18:38:17","modified_gmt":"2013-03-15T17:38:17","slug":"keshillit-te-bi-ulqin-i-kthehet-ne-shfrytezim-trolli-i-ish-xhamise-se-merase","status":"publish","type":"post","link":"https:\/\/www.visit-ulcinj.com\/blog\/2013\/03\/15\/keshillit-te-bi-ulqin-i-kthehet-ne-shfrytezim-trolli-i-ish-xhamise-se-merase\/","title":{"rendered":"K\u00ebshillit t\u00eb BI Ulqin i kthehet n\u00eb shfryt\u00ebzim trolli i ish xhamis\u00eb s\u00eb \u201eMeras\u00eb\u201c"},"content":{"rendered":"<p><a href=\"http:\/\/www.visit-ulcinj.com\/blog\/wp-content\/uploads\/2013\/03\/Parcela-e-Truallit-e-Baskesis-Islame-te-Ulqinit_ish-xhamia-e-meras.jpg\"><img loading=\"lazy\" class=\"alignleft  wp-image-69516\" alt=\"SAMSUNG DIGITAL CAMERA\" src=\"http:\/\/www.visit-ulcinj.com\/blog\/wp-content\/uploads\/2013\/03\/Parcela-e-Truallit-e-Baskesis-Islame-te-Ulqinit_ish-xhamia-e-meras.jpg\" width=\"508\" height=\"360\" \/><\/a>N\u00eb mbledhjen e mbajtur m\u00eb 27.12.2012, Kuvendi komunal Ulqin ka marr\u00eb Vendimin mbi dh\u00ebnien n\u00eb shfryt\u00ebzim t\u00eb patundshm\u00ebris\u00eb pa kompensim K\u00ebshillit t\u00eb BI Ulqin nga parcela katastrale nr. 1406\/2, e dedikuar p\u00ebr parking, t\u00eb regjistruar n\u00eb F.P. 604 KK Ulqin, pron\u00ebsi e Malit t\u00eb Zi \u2013 bart\u00ebs i t\u00eb drejt\u00ebs s\u00eb disponimit Komuna Ulqin, n\u00eb sip\u00ebrfaqe prej 1796 m\u00b2. Kjo patundshm\u00ebri jepet n\u00eb shfryt\u00ebzim pa kompensim deri me zgjidhjen p\u00ebrfundimtare t\u00eb statusit pron\u00ebsor t\u00eb patundshm\u00ebris\u00eb n\u00eb fjal\u00eb dhe v\u00ebnien n\u00eb p\u00ebrdorim p\u00ebr q\u00ebllim n\u00eb p\u00ebrputhje me dokumentet e aprovuara urbanistike.<br \/>\n<a href=\"http:\/\/www.visit-ulcinj.com\/blog\/wp-content\/uploads\/2013\/03\/Parcela-e-Truallit-e-Baskesis-Islame-te-Ulqinit_ish-xhamia-e-meras.1.jpg\"><img loading=\"lazy\" class=\"alignleft  wp-image-69517\" alt=\"Parcela e Truallit e Baskesis Islame te Ulqinit_ish xhamia e meras.1\" src=\"http:\/\/www.visit-ulcinj.com\/blog\/wp-content\/uploads\/2013\/03\/Parcela-e-Truallit-e-Baskesis-Islame-te-Ulqinit_ish-xhamia-e-meras.1.jpg\" width=\"508\" height=\"300\" \/><\/a><\/p>\n<p>N\u00eb baz\u00eb t\u00eb k\u00ebti Vendimi, kryetari i KK Ulqin, z. Nazif Cungu dhe kryetari i K\u00ebshillit t\u00eb BI Ulqin, h. Gazmend Dollaku n\u00ebnshkruan Kontrat\u00ebn mbi dh\u00ebnien n\u00eb shfryt\u00ebzim t\u00eb k\u00ebsaj patundshm\u00ebrie, n\u00eb nenin e tret\u00eb t\u00eb t\u00eb cilit thuhet se \u201eBFI Ulqin nuk guxon pa p\u00eblqimin e KK Ulqin t\u00eb nd\u00ebrmarr\u00eb asnjfar\u00eb pun\u00ebsh nd\u00ebrtimore apo t\u00eb tjera n\u00eb k\u00ebt\u00eb patundshm\u00ebri, t\u00eb cilat i tejkalojn\u00eb nevojat e mir\u00ebmbajtjes s\u00eb patundshm\u00ebris\u00eb. BFI Ulqin obligohet q\u00eb patundshm\u00ebrin\u00eb n\u00eb fjal\u00eb ta p\u00ebrdoroj\u00eb n\u00eb p\u00ebrputhje me q\u00ebllimin p\u00ebr t\u00eb cilin \u00ebsht\u00eb caktuar (parking).\u201c<br \/>\n<a href=\"http:\/\/www.visit-ulcinj.com\/blog\/wp-content\/uploads\/2013\/03\/Parcela-e-Truallit-e-Baskesis-Islame-te-Ulqinit_ish-xhamia-e-meras.2.jpg\"><img loading=\"lazy\" src=\"http:\/\/www.visit-ulcinj.com\/blog\/wp-content\/uploads\/2013\/03\/Parcela-e-Truallit-e-Baskesis-Islame-te-Ulqinit_ish-xhamia-e-meras.2.jpg\" alt=\"SAMSUNG DIGITAL CAMERA\" width=\"508\" height=\"300\" class=\"alignleft size-full wp-image-69518\" \/><\/a><br \/>\nP\u00ebr ndryshe, kjo patundshm\u00ebri ka qen\u00eb pron\u00eb e BI Ulqin deri n\u00eb vitin 1967, kur \u00ebsht\u00eb nacionalizuar me Vendimin e Kuvendit komunal Ulqin nr. 03-209\/2 prej 14.04.1967. Brenda parcel\u00ebs ka qen\u00eb xhamia, e rreth saj varrezet. Me at\u00eb rast, jan\u00eb nacionalizuar disa parcela, t\u00eb cilan kan\u00eb p\u00ebrb\u00ebr\u00eb nj\u00eb t\u00ebr\u00ebsi, dhe ate parcelat 45\/244, 45\/245 dhe pjesa e parcel\u00ebs 45\/319, n\u00eb sip\u00ebrfaqen e p\u00ebrgjithshme prej 3.544 m\u00b2 (si\u00e7 q\u00ebndron n\u00eb Vendim), nd\u00ebrsa sip\u00ebrfaqja e v\u00ebrtet\u00eb ka qen\u00eb 4.240 m\u00b2. Pas asaj, xhamia \u00ebsht\u00eb rr\u00ebzuar, nd\u00ebrsa varrezet jan\u00eb rrafshuar. \u00c7do gj\u00eb q\u00eb \u00ebsht\u00eb nd\u00ebrtuar, \u00ebsht\u00eb nd\u00ebrtuar mbi varreze. Ka mbetur vet\u00ebm tyrbja e familjes Pulti, dhe ate mesiguri p\u00ebr shkak t\u00eb bestytnive (nakleve). Sipas rr\u00ebfimeve gojore t\u00eb t\u00eb moshuar\u00ebve t\u00eb cil\u00ebve iu kujtohet, kjo xhami ka patur nj\u00eb minare prej druri. N\u00eb k\u00ebt\u00eb lokacion \u00ebsht\u00eb pas nd\u00ebrtuar stacioni i at\u00ebhersh\u00ebm i autobusave, e cila \u00ebsht\u00eb rr\u00ebzuar nga termeti i vitit 1979. Prej at\u00ebher\u00ebe deri sot sh\u00ebrben si parking.<\/p>\n<p style=\"text-align: left;\" align=\"right\"><strong>Suad Ukoshata<\/strong><br \/>\n<strong>Burimi: Monteislam.me<\/strong><\/p>\n","protected":false},"excerpt":{"rendered":"<p>N\u00eb mbledhjen e mbajtur m\u00eb 27.12.2012, Kuvendi komunal Ulqin ka marr\u00eb Vendimin mbi dh\u00ebnien n\u00eb shfryt\u00ebzim t\u00eb patundshm\u00ebris\u00eb pa kompensim K\u00ebshillit t\u00eb BI Ulqin nga parcela katastrale nr. 1406\/2, e dedikuar p\u00ebr parking, t\u00eb regjistruar n\u00eb F.P. 604 KK Ulqin, pron\u00ebsi e Malit t\u00eb Zi \u2013 bart\u00ebs i t\u00eb drejt\u00ebs s\u00eb disponimit Komuna Ulqin, n\u00eb [&hellip;]<\/p>\n","protected":false},"author":1,"featured_media":0,"comment_status":"open","ping_status":"closed","sticky":false,"template":"","format":"standard","meta":{"spay_email":"","jetpack_publicize_message":"","jetpack_is_tweetstorm":false,"jetpack_publicize_feature_enabled":true},"categories":[10],"tags":[5029],"jetpack_publicize_connections":[],"yoast_head":"<!-- This site is optimized with the Yoast SEO plugin v19.1 - https:\/\/yoast.com\/wordpress\/plugins\/seo\/ -->\n<title>K\u00ebshillit t\u00eb BI Ulqin i kthehet n\u00eb shfryt\u00ebzim trolli i ish xhamis\u00eb s\u00eb \u201eMeras\u00eb\u201c - Lajme nga Ulqini<\/title>\n<meta name=\"description\" content=\"N\u00eb mbledhjen e mbajtur m\u00eb 27.12.2012, Kuvendi komunal Ulqin ka marr\u00eb Vendimin mbi dh\u00ebnien n\u00eb shfryt\u00ebzim t\u00eb patundshm\u00ebris\u00eb pa kompensim K\u00ebshillit t\u00eb BI\" \/>\n<meta name=\"robots\" content=\"index, follow, max-snippet:-1, max-image-preview:large, max-video-preview:-1\" \/>\n<link rel=\"canonical\" href=\"https:\/\/www.visit-ulcinj.com\/blog\/2013\/03\/15\/keshillit-te-bi-ulqin-i-kthehet-ne-shfrytezim-trolli-i-ish-xhamise-se-merase\/\" \/>\n<meta property=\"og:locale\" content=\"en_US\" \/>\n<meta property=\"og:type\" content=\"article\" \/>\n<meta property=\"og:title\" content=\"K\u00ebshillit t\u00eb BI Ulqin i kthehet n\u00eb shfryt\u00ebzim trolli i ish xhamis\u00eb s\u00eb \u201eMeras\u00eb\u201c - Lajme nga Ulqini\" \/>\n<meta property=\"og:description\" content=\"N\u00eb mbledhjen e mbajtur m\u00eb 27.12.2012, Kuvendi komunal Ulqin ka marr\u00eb Vendimin mbi dh\u00ebnien n\u00eb shfryt\u00ebzim t\u00eb patundshm\u00ebris\u00eb pa kompensim K\u00ebshillit t\u00eb BI\" \/>\n<meta property=\"og:url\" content=\"https:\/\/www.visit-ulcinj.com\/blog\/2013\/03\/15\/keshillit-te-bi-ulqin-i-kthehet-ne-shfrytezim-trolli-i-ish-xhamise-se-merase\/\" \/>\n<meta property=\"og:site_name\" content=\"Lajme nga Ulqini\" \/>\n<meta property=\"article:published_time\" content=\"2013-03-15T17:37:12+00:00\" \/>\n<meta property=\"article:modified_time\" content=\"2013-03-15T17:38:17+00:00\" \/>\n<meta property=\"og:image\" content=\"http:\/\/www.visit-ulcinj.com\/blog\/wp-content\/uploads\/2013\/03\/Parcela-e-Truallit-e-Baskesis-Islame-te-Ulqinit_ish-xhamia-e-meras.jpg\" \/>\n<meta name=\"twitter:label1\" content=\"Written by\" \/>\n\t<meta name=\"twitter:data1\" content=\"ulqini\" \/>\n\t<meta name=\"twitter:label2\" content=\"Est. reading time\" \/>\n\t<meta name=\"twitter:data2\" content=\"2 minutes\" \/>\n<script type=\"application\/ld+json\" class=\"yoast-schema-graph\">{\"@context\":\"https:\/\/schema.org\",\"@graph\":[{\"@type\":\"WebSite\",\"@id\":\"https:\/\/www.visit-ulcinj.com\/blog\/#website\",\"url\":\"https:\/\/www.visit-ulcinj.com\/blog\/\",\"name\":\"Lajme nga Ulqini\",\"description\":\"Lajme,Vijesti,Ulqini,Ulqin,Crna Gora,Mali i Zi\",\"potentialAction\":[{\"@type\":\"SearchAction\",\"target\":{\"@type\":\"EntryPoint\",\"urlTemplate\":\"https:\/\/www.visit-ulcinj.com\/blog\/?s={search_term_string}\"},\"query-input\":\"required name=search_term_string\"}],\"inLanguage\":\"en-US\"},{\"@type\":\"ImageObject\",\"inLanguage\":\"en-US\",\"@id\":\"https:\/\/www.visit-ulcinj.com\/blog\/2013\/03\/15\/keshillit-te-bi-ulqin-i-kthehet-ne-shfrytezim-trolli-i-ish-xhamise-se-merase\/#primaryimage\",\"url\":\"https:\/\/www.visit-ulcinj.com\/blog\/wp-content\/uploads\/2013\/03\/Parcela-e-Truallit-e-Baskesis-Islame-te-Ulqinit_ish-xhamia-e-meras.jpg\",\"contentUrl\":\"https:\/\/www.visit-ulcinj.com\/blog\/wp-content\/uploads\/2013\/03\/Parcela-e-Truallit-e-Baskesis-Islame-te-Ulqinit_ish-xhamia-e-meras.jpg\",\"width\":800,\"height\":600},{\"@type\":\"WebPage\",\"@id\":\"https:\/\/www.visit-ulcinj.com\/blog\/2013\/03\/15\/keshillit-te-bi-ulqin-i-kthehet-ne-shfrytezim-trolli-i-ish-xhamise-se-merase\/#webpage\",\"url\":\"https:\/\/www.visit-ulcinj.com\/blog\/2013\/03\/15\/keshillit-te-bi-ulqin-i-kthehet-ne-shfrytezim-trolli-i-ish-xhamise-se-merase\/\",\"name\":\"K\u00ebshillit t\u00eb BI Ulqin i kthehet n\u00eb shfryt\u00ebzim trolli i ish xhamis\u00eb s\u00eb \u201eMeras\u00eb\u201c - Lajme nga Ulqini\",\"isPartOf\":{\"@id\":\"https:\/\/www.visit-ulcinj.com\/blog\/#website\"},\"primaryImageOfPage\":{\"@id\":\"https:\/\/www.visit-ulcinj.com\/blog\/2013\/03\/15\/keshillit-te-bi-ulqin-i-kthehet-ne-shfrytezim-trolli-i-ish-xhamise-se-merase\/#primaryimage\"},\"datePublished\":\"2013-03-15T17:37:12+00:00\",\"dateModified\":\"2013-03-15T17:38:17+00:00\",\"author\":{\"@id\":\"https:\/\/www.visit-ulcinj.com\/blog\/#\/schema\/person\/dcab619c614d3038751c63bc2aadc06d\"},\"description\":\"N\u00eb mbledhjen e mbajtur m\u00eb 27.12.2012, Kuvendi komunal Ulqin ka marr\u00eb Vendimin mbi dh\u00ebnien n\u00eb shfryt\u00ebzim t\u00eb patundshm\u00ebris\u00eb pa kompensim K\u00ebshillit t\u00eb BI\",\"breadcrumb\":{\"@id\":\"https:\/\/www.visit-ulcinj.com\/blog\/2013\/03\/15\/keshillit-te-bi-ulqin-i-kthehet-ne-shfrytezim-trolli-i-ish-xhamise-se-merase\/#breadcrumb\"},\"inLanguage\":\"en-US\",\"potentialAction\":[{\"@type\":\"ReadAction\",\"target\":[\"https:\/\/www.visit-ulcinj.com\/blog\/2013\/03\/15\/keshillit-te-bi-ulqin-i-kthehet-ne-shfrytezim-trolli-i-ish-xhamise-se-merase\/\"]}]},{\"@type\":\"BreadcrumbList\",\"@id\":\"https:\/\/www.visit-ulcinj.com\/blog\/2013\/03\/15\/keshillit-te-bi-ulqin-i-kthehet-ne-shfrytezim-trolli-i-ish-xhamise-se-merase\/#breadcrumb\",\"itemListElement\":[{\"@type\":\"ListItem\",\"position\":1,\"name\":\"K\u00ebshillit t\u00eb BI Ulqin i kthehet n\u00eb shfryt\u00ebzim trolli i ish xhamis\u00eb s\u00eb \u201eMeras\u00eb\u201c\"}]},{\"@type\":\"Person\",\"@id\":\"https:\/\/www.visit-ulcinj.com\/blog\/#\/schema\/person\/dcab619c614d3038751c63bc2aadc06d\",\"name\":\"ulqini\",\"sameAs\":[\"http:\/\/www.visit-ulcinj.com\"],\"url\":\"https:\/\/www.visit-ulcinj.com\/blog\/author\/admin\/\"}]}<\/script>\n<!-- \/ Yoast SEO plugin. -->","yoast_head_json":{"title":"K\u00ebshillit t\u00eb BI Ulqin i kthehet n\u00eb shfryt\u00ebzim trolli i ish xhamis\u00eb s\u00eb \u201eMeras\u00eb\u201c - Lajme nga Ulqini","description":"N\u00eb mbledhjen e mbajtur m\u00eb 27.12.2012, Kuvendi komunal Ulqin ka marr\u00eb Vendimin mbi dh\u00ebnien n\u00eb shfryt\u00ebzim t\u00eb patundshm\u00ebris\u00eb pa kompensim K\u00ebshillit t\u00eb BI","robots":{"index":"index","follow":"follow","max-snippet":"max-snippet:-1","max-image-preview":"max-image-preview:large","max-video-preview":"max-video-preview:-1"},"canonical":"https:\/\/www.visit-ulcinj.com\/blog\/2013\/03\/15\/keshillit-te-bi-ulqin-i-kthehet-ne-shfrytezim-trolli-i-ish-xhamise-se-merase\/","og_locale":"en_US","og_type":"article","og_title":"K\u00ebshillit t\u00eb BI Ulqin i kthehet n\u00eb shfryt\u00ebzim trolli i ish xhamis\u00eb s\u00eb \u201eMeras\u00eb\u201c - Lajme nga Ulqini","og_description":"N\u00eb mbledhjen e mbajtur m\u00eb 27.12.2012, Kuvendi komunal Ulqin ka marr\u00eb Vendimin mbi dh\u00ebnien n\u00eb shfryt\u00ebzim t\u00eb patundshm\u00ebris\u00eb pa kompensim K\u00ebshillit t\u00eb BI","og_url":"https:\/\/www.visit-ulcinj.com\/blog\/2013\/03\/15\/keshillit-te-bi-ulqin-i-kthehet-ne-shfrytezim-trolli-i-ish-xhamise-se-merase\/","og_site_name":"Lajme nga Ulqini","article_published_time":"2013-03-15T17:37:12+00:00","article_modified_time":"2013-03-15T17:38:17+00:00","og_image":[{"url":"http:\/\/www.visit-ulcinj.com\/blog\/wp-content\/uploads\/2013\/03\/Parcela-e-Truallit-e-Baskesis-Islame-te-Ulqinit_ish-xhamia-e-meras.jpg"}],"twitter_misc":{"Written by":"ulqini","Est. reading time":"2 minutes"},"schema":{"@context":"https:\/\/schema.org","@graph":[{"@type":"WebSite","@id":"https:\/\/www.visit-ulcinj.com\/blog\/#website","url":"https:\/\/www.visit-ulcinj.com\/blog\/","name":"Lajme nga Ulqini","description":"Lajme,Vijesti,Ulqini,Ulqin,Crna Gora,Mali i Zi","potentialAction":[{"@type":"SearchAction","target":{"@type":"EntryPoint","urlTemplate":"https:\/\/www.visit-ulcinj.com\/blog\/?s={search_term_string}"},"query-input":"required name=search_term_string"}],"inLanguage":"en-US"},{"@type":"ImageObject","inLanguage":"en-US","@id":"https:\/\/www.visit-ulcinj.com\/blog\/2013\/03\/15\/keshillit-te-bi-ulqin-i-kthehet-ne-shfrytezim-trolli-i-ish-xhamise-se-merase\/#primaryimage","url":"https:\/\/www.visit-ulcinj.com\/blog\/wp-content\/uploads\/2013\/03\/Parcela-e-Truallit-e-Baskesis-Islame-te-Ulqinit_ish-xhamia-e-meras.jpg","contentUrl":"https:\/\/www.visit-ulcinj.com\/blog\/wp-content\/uploads\/2013\/03\/Parcela-e-Truallit-e-Baskesis-Islame-te-Ulqinit_ish-xhamia-e-meras.jpg","width":800,"height":600},{"@type":"WebPage","@id":"https:\/\/www.visit-ulcinj.com\/blog\/2013\/03\/15\/keshillit-te-bi-ulqin-i-kthehet-ne-shfrytezim-trolli-i-ish-xhamise-se-merase\/#webpage","url":"https:\/\/www.visit-ulcinj.com\/blog\/2013\/03\/15\/keshillit-te-bi-ulqin-i-kthehet-ne-shfrytezim-trolli-i-ish-xhamise-se-merase\/","name":"K\u00ebshillit t\u00eb BI Ulqin i kthehet n\u00eb shfryt\u00ebzim trolli i ish xhamis\u00eb s\u00eb \u201eMeras\u00eb\u201c - Lajme nga Ulqini","isPartOf":{"@id":"https:\/\/www.visit-ulcinj.com\/blog\/#website"},"primaryImageOfPage":{"@id":"https:\/\/www.visit-ulcinj.com\/blog\/2013\/03\/15\/keshillit-te-bi-ulqin-i-kthehet-ne-shfrytezim-trolli-i-ish-xhamise-se-merase\/#primaryimage"},"datePublished":"2013-03-15T17:37:12+00:00","dateModified":"2013-03-15T17:38:17+00:00","author":{"@id":"https:\/\/www.visit-ulcinj.com\/blog\/#\/schema\/person\/dcab619c614d3038751c63bc2aadc06d"},"description":"N\u00eb mbledhjen e mbajtur m\u00eb 27.12.2012, Kuvendi komunal Ulqin ka marr\u00eb Vendimin mbi dh\u00ebnien n\u00eb shfryt\u00ebzim t\u00eb patundshm\u00ebris\u00eb pa kompensim K\u00ebshillit t\u00eb BI","breadcrumb":{"@id":"https:\/\/www.visit-ulcinj.com\/blog\/2013\/03\/15\/keshillit-te-bi-ulqin-i-kthehet-ne-shfrytezim-trolli-i-ish-xhamise-se-merase\/#breadcrumb"},"inLanguage":"en-US","potentialAction":[{"@type":"ReadAction","target":["https:\/\/www.visit-ulcinj.com\/blog\/2013\/03\/15\/keshillit-te-bi-ulqin-i-kthehet-ne-shfrytezim-trolli-i-ish-xhamise-se-merase\/"]}]},{"@type":"BreadcrumbList","@id":"https:\/\/www.visit-ulcinj.com\/blog\/2013\/03\/15\/keshillit-te-bi-ulqin-i-kthehet-ne-shfrytezim-trolli-i-ish-xhamise-se-merase\/#breadcrumb","itemListElement":[{"@type":"ListItem","position":1,"name":"K\u00ebshillit t\u00eb BI Ulqin i kthehet n\u00eb shfryt\u00ebzim trolli i ish xhamis\u00eb s\u00eb \u201eMeras\u00eb\u201c"}]},{"@type":"Person","@id":"https:\/\/www.visit-ulcinj.com\/blog\/#\/schema\/person\/dcab619c614d3038751c63bc2aadc06d","name":"ulqini","sameAs":["http:\/\/www.visit-ulcinj.com"],"url":"https:\/\/www.visit-ulcinj.com\/blog\/author\/admin\/"}]}},"jetpack_featured_media_url":"","jetpack_sharing_enabled":true,"jetpack_shortlink":"https:\/\/wp.me\/pe6lTn-i5d","_links":{"self":[{"href":"https:\/\/www.visit-ulcinj.com\/blog\/wp-json\/wp\/v2\/posts\/69515"}],"collection":[{"href":"https:\/\/www.visit-ulcinj.com\/blog\/wp-json\/wp\/v2\/posts"}],"about":[{"href":"https:\/\/www.visit-ulcinj.com\/blog\/wp-json\/wp\/v2\/types\/post"}],"author":[{"embeddable":true,"href":"https:\/\/www.visit-ulcinj.com\/blog\/wp-json\/wp\/v2\/users\/1"}],"replies":[{"embeddable":true,"href":"https:\/\/www.visit-ulcinj.com\/blog\/wp-json\/wp\/v2\/comments?post=69515"}],"version-history":[{"count":2,"href":"https:\/\/www.visit-ulcinj.com\/blog\/wp-json\/wp\/v2\/posts\/69515\/revisions"}],"predecessor-version":[{"id":69520,"href":"https:\/\/www.visit-ulcinj.com\/blog\/wp-json\/wp\/v2\/posts\/69515\/revisions\/69520"}],"wp:attachment":[{"href":"https:\/\/www.visit-ulcinj.com\/blog\/wp-json\/wp\/v2\/media?parent=69515"}],"wp:term":[{"taxonomy":"category","embeddable":true,"href":"https:\/\/www.visit-ulcinj.com\/blog\/wp-json\/wp\/v2\/categories?post=69515"},{"taxonomy":"post_tag","embeddable":true,"href":"https:\/\/www.visit-ulcinj.com\/blog\/wp-json\/wp\/v2\/tags?post=69515"}],"curies":[{"name":"wp","href":"https:\/\/api.w.org\/{rel}","templated":true}]}}