{"id":69524,"date":"2013-03-15T19:37:00","date_gmt":"2013-03-15T18:37:00","guid":{"rendered":"http:\/\/www.visit-ulcinj.com\/blog\/?p=69524"},"modified":"2013-03-15T19:38:40","modified_gmt":"2013-03-15T18:38:40","slug":"vujanovic-u-ulcinju-bez-podrske-manjina-nema-predsjednika-video","status":"publish","type":"post","link":"https:\/\/www.visit-ulcinj.com\/blog\/2013\/03\/15\/vujanovic-u-ulcinju-bez-podrske-manjina-nema-predsjednika-video\/","title":{"rendered":"Vujanovi\u0107 u Ulcinju: Bez podr\u0161ke manjina nema predsjednika &#8211; Video"},"content":{"rendered":"<div id=\"article_text\">\n<p><a href=\"http:\/\/www.visit-ulcinj.com\/blog\/wp-content\/uploads\/2013\/03\/filip-vujanovic-ulcinj.jpg\"><img loading=\"lazy\" class=\"alignleft  wp-image-69528\" alt=\"filip-vujanovic-ulcinj\" src=\"http:\/\/www.visit-ulcinj.com\/blog\/wp-content\/uploads\/2013\/03\/filip-vujanovic-ulcinj.jpg\" width=\"508\" height=\"300\" \/><\/a>Predsjedni\u010dki kandidat DPS Filip Vujanovi\u0107 kazao je da predsjednik Crne Gore ne mo\u017ee biti onaj ko nema podr\u0161ku manjina.<\/p>\n<p>\u201cZahvalan sam albanskim nacionalnim partijama, Bo\u0161nja\u010dkoj stranci i Matici muslimanskoj koje su mi dale podr\u0161ku. To uskoro o\u010dekujem i od HGIi to je ono \u0161to me ispunjava zadovoljstvom, bez manjina nema predsjednika Crne Gore\u201d, poru\u010dio je Vujanovi\u0107 na promotivnom skupu u sali SO Ulcinj svojim simpatizerima.<\/p>\n<p>On je kazao da je vlast za vrijeme njegovog mandata u kapitalne i infrastruturne projekte u Ulcinju ulo\u017eila preko 41 milion eura:\u201cObe\u0107avam da \u0107emo se i dalje tako odnositi prema Ulcinju. Moramo na pravi na\u010din iskoristiti resurse koje grad posjeduje, prije svega Valdanosa, Velike pla\u017ee i Ade. Tako\u0111e, obe\u0107avam da \u0107u se svim svojim autoritetom zalo\u017eiti da Ulcinj kona\u010dno dobije sportsku dvoranu\u201d, kazao je Vujanovi\u0107.<\/p>\n<p>Na Vujanovi\u0107evog protivkandidata Miodraga Leki\u0107u osvrnuli su se GO DPS Goran Jevri\u0107 i lider DUA Mehmet Zenka.<\/p>\n<p>\u201cU cijelom regionu Albanci nemaju ve\u0107ih prijatelja od Crnogoraca. Zato nemojte dozvoliti da ovdje Leki\u0107, koji personalifikuje politiku koja nas je svojevremeno poni\u017eavala, dobije vi\u0161e glasova nego u Baru ili Crmnici\u201d, poru\u010dio je Jevri\u0107. Zenka je rekao da Leki\u0107 nije opcija Albanaca u Crnoj Gori ve\u0107 da su to \u0110ukanovi\u0107 i Vujanovi\u0107.<br \/>\n<a href=\"http:\/\/www.visit-ulcinj.com\/blog\/wp-content\/uploads\/2013\/03\/filip-vujanovic-ulcinj.3.jpg\"><img loading=\"lazy\" class=\"alignleft  wp-image-69525\" alt=\"filip-vujanovic-ulcinj.3\" src=\"http:\/\/www.visit-ulcinj.com\/blog\/wp-content\/uploads\/2013\/03\/filip-vujanovic-ulcinj.3.jpg\" width=\"508\" height=\"300\" \/><\/a><\/p>\n<p>Zenka je u dva navrata Vujanovi\u0107a oslovio sa g-dine \u0110ukanovi\u0107u \u0161to je izazvalo smijeh ali i aplauz kod prisutnih u sali.<\/p>\n<p>Predsjednik OO DPS Ljoro Nreki\u0107 kazao je da je Vujanovi\u0107 predsjednik koji je uvijek spajao a ne razdvajao ljude.<\/p>\n<p>\u201cUnaprijed vam \u010destitam pobjedu\u201d, kazao je Nreki\u0107.<\/p>\n<p><a href=\"http:\/\/www.visit-ulcinj.com\/blog\/wp-content\/uploads\/2013\/03\/filip-vujanovic-ulcinj.5.jpg\"><img loading=\"lazy\" class=\"alignleft  wp-image-69527\" alt=\"filip-vujanovic-ulcinj.5\" src=\"http:\/\/www.visit-ulcinj.com\/blog\/wp-content\/uploads\/2013\/03\/filip-vujanovic-ulcinj.5.jpg\" width=\"508\" height=\"300\" \/><\/a><\/p>\n<p>Gradona\u0107elnik Ulcinja Nazif Cungu poru\u010dio je Vladi da se ubudu\u0107e na odgovoran na\u010din mora odnosiri prema Ulcinju i kazao da je Forca, \u010diji je lider, preuzela dio odgovornosti.<\/p>\n<p>Politi\u010dki direktor DPS Tarzan Milo\u0161evi\u0107 podsjetio je na period kada je Crna Gora prihvatila na stotine hiljada raseljenih iz biv\u0161e SFRJ.<\/p>\n<p>\u201cDaj \u010dovjeku vlast i vidje\u0107e\u0161 kakav je\u201d, kazao je Milo\u0161evi\u0107.<\/p>\n<p>Na skupu su govorili i Kujtim Sukali\u0107, Donika \u0160krelja, Mahmut Tivari, Suzana Truma, Enisa Martinovi\u0107 i Aleksandra \u010ca\u0111enovi\u0107.<\/p>\n<p><strong>Podr\u0161ka od manjina<\/strong><\/p>\n<p>Glavni odbor BS odlu\u010dio je na sjednici u Ro\u017eajama da na predstoje\u0107im predsjedni\u010dkim izborima da podr\u0161ku predsjedni\u010dkom kandidatu DPS Filipu Vujanovi\u0107u.<\/p>\n<p>\u201cGlavni odbor je ovlastio Predsjedni\u0161tvo da usvoji strategiju i na\u010din djelovanja u kampanji na nastupaju\u0107im predsjedni\u010dkim izborima\u201d, saop\u0161teno je nakon sjednice.<\/p>\n<p><a href=\"http:\/\/www.visit-ulcinj.com\/blog\/wp-content\/uploads\/2013\/03\/filip-vujanovic-ulcinj.4.jpg\"><img loading=\"lazy\" class=\"alignleft  wp-image-69526\" alt=\"filip-vujanovic-ulcinj.4\" src=\"http:\/\/www.visit-ulcinj.com\/blog\/wp-content\/uploads\/2013\/03\/filip-vujanovic-ulcinj.4.jpg\" width=\"508\" height=\"300\" \/><\/a><\/p>\n<p>Nakon Demokratske partije Fatmira \u0110eke, Vujanovi\u0107a je podr\u017eala i Forca, najja\u010da albanska partija u Ulcinju.<\/p>\n<p>U Sporazumu o konkretizaciji prioritetnih pitanja iz koalicionog sporazuma dvije partije navodi se da je podr\u0161ka uslovljena rje\u0161avanjem imovinskih odnosa u Valdanosu u interesu vlasnika maslinjaka, utvr\u0111ivanjem linije Morskog dobra u gradu i zalaganjem za punopravnu op\u0161tinu Tuzi.<\/p>\n<p><a href=\"http:\/\/www.visit-ulcinj.com\/blog\/wp-content\/uploads\/2013\/03\/filip-vujanovic-ulcinj.2.jpg\"><img loading=\"lazy\" class=\"alignleft  wp-image-69530\" alt=\"filip-vujanovic-ulcinj.2\" src=\"http:\/\/www.visit-ulcinj.com\/blog\/wp-content\/uploads\/2013\/03\/filip-vujanovic-ulcinj.2.jpg\" width=\"508\" height=\"300\" \/><\/a><\/p>\n<p>Ni u jednoj od pet stavki novog sporazuma koji su potpisali politi\u010dki direktor DPS-a Tarzan Milo\u0161evi\u0107 i Nazif Cungu ne navode se rokovi. Forca je podsjetila DPS da je obavezna da, shodno ranije zaklju\u010denom sporazumu, rije\u0161i i neka kadrovska pitanja. Tako\u0111e na sastanku dogovoreno je da se predstavnici dvije partije jednom u 30 dana sastanu radi analize, sagledavanja i usagla\u0161avanja me\u0111usobno postignutih dogovora.<\/p>\n<p><strong>Samir Adrovi\u0107<\/strong><br \/>\n<strong><a href=\"http:\/\/www.vijesti.me\/\">Vijesti online<\/a><\/strong><\/p>\n<p><a href=\"http:\/\/www.filipvujanovic.me\/video\/52-promotivni-skup-u-ulcinju-4-mart.html\" target=\"_blank\"><strong>SVA VIDEO FILIPA VUJANOVICA U ULCINJ<\/strong><\/a><\/p>\n<p><iframe loading=\"lazy\" src=\"http:\/\/www.youtube.com\/embed\/e06bGS91E3U\" height=\"360\" width=\"508\" allowfullscreen=\"\" frameborder=\"0\"><\/iframe><\/p>\n<\/div>\n","protected":false},"excerpt":{"rendered":"<p>Predsjedni\u010dki kandidat DPS Filip Vujanovi\u0107 kazao je da predsjednik Crne Gore ne mo\u017ee biti onaj ko nema podr\u0161ku manjina. \u201cZahvalan sam albanskim nacionalnim partijama, Bo\u0161nja\u010dkoj stranci i Matici muslimanskoj koje su mi dale podr\u0161ku. To uskoro o\u010dekujem i od HGIi to je ono \u0161to me ispunjava zadovoljstvom, bez manjina nema predsjednika Crne Gore\u201d, poru\u010dio je [&hellip;]<\/p>\n","protected":false},"author":1,"featured_media":0,"comment_status":"open","ping_status":"closed","sticky":false,"template":"","format":"standard","meta":{"spay_email":"","jetpack_publicize_message":"","jetpack_is_tweetstorm":false,"jetpack_publicize_feature_enabled":true},"categories":[6950],"tags":[19],"jetpack_publicize_connections":[],"yoast_head":"<!-- This site is optimized with the Yoast SEO plugin v19.1 - https:\/\/yoast.com\/wordpress\/plugins\/seo\/ -->\n<title>Vujanovi\u0107 u Ulcinju: Bez podr\u0161ke manjina nema predsjednika - Video - Lajme nga Ulqini<\/title>\n<meta name=\"description\" content=\"Predsjedni\u010dki kandidat DPS Filip Vujanovi\u0107 kazao je da predsjednik Crne Gore ne mo\u017ee biti onaj ko nema podr\u0161ku manjina. \u201cZahvalan sam albanskim\" \/>\n<meta name=\"robots\" content=\"index, follow, max-snippet:-1, max-image-preview:large, max-video-preview:-1\" \/>\n<link rel=\"canonical\" href=\"https:\/\/www.visit-ulcinj.com\/blog\/2013\/03\/15\/vujanovic-u-ulcinju-bez-podrske-manjina-nema-predsjednika-video\/\" \/>\n<meta property=\"og:locale\" content=\"en_US\" \/>\n<meta property=\"og:type\" content=\"article\" \/>\n<meta property=\"og:title\" content=\"Vujanovi\u0107 u Ulcinju: Bez podr\u0161ke manjina nema predsjednika - Video - Lajme nga Ulqini\" \/>\n<meta property=\"og:description\" content=\"Predsjedni\u010dki kandidat DPS Filip Vujanovi\u0107 kazao je da predsjednik Crne Gore ne mo\u017ee biti onaj ko nema podr\u0161ku manjina. \u201cZahvalan sam albanskim\" \/>\n<meta property=\"og:url\" content=\"https:\/\/www.visit-ulcinj.com\/blog\/2013\/03\/15\/vujanovic-u-ulcinju-bez-podrske-manjina-nema-predsjednika-video\/\" \/>\n<meta property=\"og:site_name\" content=\"Lajme nga Ulqini\" \/>\n<meta property=\"article:published_time\" content=\"2013-03-15T18:37:00+00:00\" \/>\n<meta property=\"article:modified_time\" content=\"2013-03-15T18:38:40+00:00\" \/>\n<meta property=\"og:image\" content=\"http:\/\/www.visit-ulcinj.com\/blog\/wp-content\/uploads\/2013\/03\/filip-vujanovic-ulcinj.jpg\" \/>\n<meta name=\"twitter:label1\" content=\"Written by\" \/>\n\t<meta name=\"twitter:data1\" content=\"ulqini\" \/>\n\t<meta name=\"twitter:label2\" content=\"Est. reading time\" \/>\n\t<meta name=\"twitter:data2\" content=\"3 minutes\" \/>\n<script type=\"application\/ld+json\" class=\"yoast-schema-graph\">{\"@context\":\"https:\/\/schema.org\",\"@graph\":[{\"@type\":\"WebSite\",\"@id\":\"https:\/\/www.visit-ulcinj.com\/blog\/#website\",\"url\":\"https:\/\/www.visit-ulcinj.com\/blog\/\",\"name\":\"Lajme nga Ulqini\",\"description\":\"Lajme,Vijesti,Ulqini,Ulqin,Crna Gora,Mali i Zi\",\"potentialAction\":[{\"@type\":\"SearchAction\",\"target\":{\"@type\":\"EntryPoint\",\"urlTemplate\":\"https:\/\/www.visit-ulcinj.com\/blog\/?s={search_term_string}\"},\"query-input\":\"required name=search_term_string\"}],\"inLanguage\":\"en-US\"},{\"@type\":\"ImageObject\",\"inLanguage\":\"en-US\",\"@id\":\"https:\/\/www.visit-ulcinj.com\/blog\/2013\/03\/15\/vujanovic-u-ulcinju-bez-podrske-manjina-nema-predsjednika-video\/#primaryimage\",\"url\":\"https:\/\/www.visit-ulcinj.com\/blog\/wp-content\/uploads\/2013\/03\/filip-vujanovic-ulcinj.jpg\",\"contentUrl\":\"https:\/\/www.visit-ulcinj.com\/blog\/wp-content\/uploads\/2013\/03\/filip-vujanovic-ulcinj.jpg\",\"width\":400,\"height\":300},{\"@type\":\"WebPage\",\"@id\":\"https:\/\/www.visit-ulcinj.com\/blog\/2013\/03\/15\/vujanovic-u-ulcinju-bez-podrske-manjina-nema-predsjednika-video\/#webpage\",\"url\":\"https:\/\/www.visit-ulcinj.com\/blog\/2013\/03\/15\/vujanovic-u-ulcinju-bez-podrske-manjina-nema-predsjednika-video\/\",\"name\":\"Vujanovi\u0107 u Ulcinju: Bez podr\u0161ke manjina nema predsjednika - Video - Lajme nga Ulqini\",\"isPartOf\":{\"@id\":\"https:\/\/www.visit-ulcinj.com\/blog\/#website\"},\"primaryImageOfPage\":{\"@id\":\"https:\/\/www.visit-ulcinj.com\/blog\/2013\/03\/15\/vujanovic-u-ulcinju-bez-podrske-manjina-nema-predsjednika-video\/#primaryimage\"},\"datePublished\":\"2013-03-15T18:37:00+00:00\",\"dateModified\":\"2013-03-15T18:38:40+00:00\",\"author\":{\"@id\":\"https:\/\/www.visit-ulcinj.com\/blog\/#\/schema\/person\/dcab619c614d3038751c63bc2aadc06d\"},\"description\":\"Predsjedni\u010dki kandidat DPS Filip Vujanovi\u0107 kazao je da predsjednik Crne Gore ne mo\u017ee biti onaj ko nema podr\u0161ku manjina. \u201cZahvalan sam albanskim\",\"breadcrumb\":{\"@id\":\"https:\/\/www.visit-ulcinj.com\/blog\/2013\/03\/15\/vujanovic-u-ulcinju-bez-podrske-manjina-nema-predsjednika-video\/#breadcrumb\"},\"inLanguage\":\"en-US\",\"potentialAction\":[{\"@type\":\"ReadAction\",\"target\":[\"https:\/\/www.visit-ulcinj.com\/blog\/2013\/03\/15\/vujanovic-u-ulcinju-bez-podrske-manjina-nema-predsjednika-video\/\"]}]},{\"@type\":\"BreadcrumbList\",\"@id\":\"https:\/\/www.visit-ulcinj.com\/blog\/2013\/03\/15\/vujanovic-u-ulcinju-bez-podrske-manjina-nema-predsjednika-video\/#breadcrumb\",\"itemListElement\":[{\"@type\":\"ListItem\",\"position\":1,\"name\":\"Vujanovi\u0107 u Ulcinju: Bez podr\u0161ke manjina nema predsjednika &#8211; Video\"}]},{\"@type\":\"Person\",\"@id\":\"https:\/\/www.visit-ulcinj.com\/blog\/#\/schema\/person\/dcab619c614d3038751c63bc2aadc06d\",\"name\":\"ulqini\",\"sameAs\":[\"http:\/\/www.visit-ulcinj.com\"],\"url\":\"https:\/\/www.visit-ulcinj.com\/blog\/author\/admin\/\"}]}<\/script>\n<!-- \/ Yoast SEO plugin. -->","yoast_head_json":{"title":"Vujanovi\u0107 u Ulcinju: Bez podr\u0161ke manjina nema predsjednika - Video - Lajme nga Ulqini","description":"Predsjedni\u010dki kandidat DPS Filip Vujanovi\u0107 kazao je da predsjednik Crne Gore ne mo\u017ee biti onaj ko nema podr\u0161ku manjina. \u201cZahvalan sam albanskim","robots":{"index":"index","follow":"follow","max-snippet":"max-snippet:-1","max-image-preview":"max-image-preview:large","max-video-preview":"max-video-preview:-1"},"canonical":"https:\/\/www.visit-ulcinj.com\/blog\/2013\/03\/15\/vujanovic-u-ulcinju-bez-podrske-manjina-nema-predsjednika-video\/","og_locale":"en_US","og_type":"article","og_title":"Vujanovi\u0107 u Ulcinju: Bez podr\u0161ke manjina nema predsjednika - Video - Lajme nga Ulqini","og_description":"Predsjedni\u010dki kandidat DPS Filip Vujanovi\u0107 kazao je da predsjednik Crne Gore ne mo\u017ee biti onaj ko nema podr\u0161ku manjina. \u201cZahvalan sam albanskim","og_url":"https:\/\/www.visit-ulcinj.com\/blog\/2013\/03\/15\/vujanovic-u-ulcinju-bez-podrske-manjina-nema-predsjednika-video\/","og_site_name":"Lajme nga Ulqini","article_published_time":"2013-03-15T18:37:00+00:00","article_modified_time":"2013-03-15T18:38:40+00:00","og_image":[{"url":"http:\/\/www.visit-ulcinj.com\/blog\/wp-content\/uploads\/2013\/03\/filip-vujanovic-ulcinj.jpg"}],"twitter_misc":{"Written by":"ulqini","Est. reading time":"3 minutes"},"schema":{"@context":"https:\/\/schema.org","@graph":[{"@type":"WebSite","@id":"https:\/\/www.visit-ulcinj.com\/blog\/#website","url":"https:\/\/www.visit-ulcinj.com\/blog\/","name":"Lajme nga Ulqini","description":"Lajme,Vijesti,Ulqini,Ulqin,Crna Gora,Mali i Zi","potentialAction":[{"@type":"SearchAction","target":{"@type":"EntryPoint","urlTemplate":"https:\/\/www.visit-ulcinj.com\/blog\/?s={search_term_string}"},"query-input":"required name=search_term_string"}],"inLanguage":"en-US"},{"@type":"ImageObject","inLanguage":"en-US","@id":"https:\/\/www.visit-ulcinj.com\/blog\/2013\/03\/15\/vujanovic-u-ulcinju-bez-podrske-manjina-nema-predsjednika-video\/#primaryimage","url":"https:\/\/www.visit-ulcinj.com\/blog\/wp-content\/uploads\/2013\/03\/filip-vujanovic-ulcinj.jpg","contentUrl":"https:\/\/www.visit-ulcinj.com\/blog\/wp-content\/uploads\/2013\/03\/filip-vujanovic-ulcinj.jpg","width":400,"height":300},{"@type":"WebPage","@id":"https:\/\/www.visit-ulcinj.com\/blog\/2013\/03\/15\/vujanovic-u-ulcinju-bez-podrske-manjina-nema-predsjednika-video\/#webpage","url":"https:\/\/www.visit-ulcinj.com\/blog\/2013\/03\/15\/vujanovic-u-ulcinju-bez-podrske-manjina-nema-predsjednika-video\/","name":"Vujanovi\u0107 u Ulcinju: Bez podr\u0161ke manjina nema predsjednika - Video - Lajme nga Ulqini","isPartOf":{"@id":"https:\/\/www.visit-ulcinj.com\/blog\/#website"},"primaryImageOfPage":{"@id":"https:\/\/www.visit-ulcinj.com\/blog\/2013\/03\/15\/vujanovic-u-ulcinju-bez-podrske-manjina-nema-predsjednika-video\/#primaryimage"},"datePublished":"2013-03-15T18:37:00+00:00","dateModified":"2013-03-15T18:38:40+00:00","author":{"@id":"https:\/\/www.visit-ulcinj.com\/blog\/#\/schema\/person\/dcab619c614d3038751c63bc2aadc06d"},"description":"Predsjedni\u010dki kandidat DPS Filip Vujanovi\u0107 kazao je da predsjednik Crne Gore ne mo\u017ee biti onaj ko nema podr\u0161ku manjina. \u201cZahvalan sam albanskim","breadcrumb":{"@id":"https:\/\/www.visit-ulcinj.com\/blog\/2013\/03\/15\/vujanovic-u-ulcinju-bez-podrske-manjina-nema-predsjednika-video\/#breadcrumb"},"inLanguage":"en-US","potentialAction":[{"@type":"ReadAction","target":["https:\/\/www.visit-ulcinj.com\/blog\/2013\/03\/15\/vujanovic-u-ulcinju-bez-podrske-manjina-nema-predsjednika-video\/"]}]},{"@type":"BreadcrumbList","@id":"https:\/\/www.visit-ulcinj.com\/blog\/2013\/03\/15\/vujanovic-u-ulcinju-bez-podrske-manjina-nema-predsjednika-video\/#breadcrumb","itemListElement":[{"@type":"ListItem","position":1,"name":"Vujanovi\u0107 u Ulcinju: Bez podr\u0161ke manjina nema predsjednika &#8211; Video"}]},{"@type":"Person","@id":"https:\/\/www.visit-ulcinj.com\/blog\/#\/schema\/person\/dcab619c614d3038751c63bc2aadc06d","name":"ulqini","sameAs":["http:\/\/www.visit-ulcinj.com"],"url":"https:\/\/www.visit-ulcinj.com\/blog\/author\/admin\/"}]}},"jetpack_featured_media_url":"","jetpack_sharing_enabled":true,"jetpack_shortlink":"https:\/\/wp.me\/pe6lTn-i5m","_links":{"self":[{"href":"https:\/\/www.visit-ulcinj.com\/blog\/wp-json\/wp\/v2\/posts\/69524"}],"collection":[{"href":"https:\/\/www.visit-ulcinj.com\/blog\/wp-json\/wp\/v2\/posts"}],"about":[{"href":"https:\/\/www.visit-ulcinj.com\/blog\/wp-json\/wp\/v2\/types\/post"}],"author":[{"embeddable":true,"href":"https:\/\/www.visit-ulcinj.com\/blog\/wp-json\/wp\/v2\/users\/1"}],"replies":[{"embeddable":true,"href":"https:\/\/www.visit-ulcinj.com\/blog\/wp-json\/wp\/v2\/comments?post=69524"}],"version-history":[{"count":3,"href":"https:\/\/www.visit-ulcinj.com\/blog\/wp-json\/wp\/v2\/posts\/69524\/revisions"}],"predecessor-version":[{"id":69532,"href":"https:\/\/www.visit-ulcinj.com\/blog\/wp-json\/wp\/v2\/posts\/69524\/revisions\/69532"}],"wp:attachment":[{"href":"https:\/\/www.visit-ulcinj.com\/blog\/wp-json\/wp\/v2\/media?parent=69524"}],"wp:term":[{"taxonomy":"category","embeddable":true,"href":"https:\/\/www.visit-ulcinj.com\/blog\/wp-json\/wp\/v2\/categories?post=69524"},{"taxonomy":"post_tag","embeddable":true,"href":"https:\/\/www.visit-ulcinj.com\/blog\/wp-json\/wp\/v2\/tags?post=69524"}],"curies":[{"name":"wp","href":"https:\/\/api.w.org\/{rel}","templated":true}]}}