{"id":69534,"date":"2013-03-15T19:46:47","date_gmt":"2013-03-15T18:46:47","guid":{"rendered":"http:\/\/www.visit-ulcinj.com\/blog\/?p=69534"},"modified":"2013-03-15T19:46:47","modified_gmt":"2013-03-15T18:46:47","slug":"ulcinj-dio-grada-pod-vodom","status":"publish","type":"post","link":"https:\/\/www.visit-ulcinj.com\/blog\/2013\/03\/15\/ulcinj-dio-grada-pod-vodom\/","title":{"rendered":"Ulcinj: Dio grada pod vodom"},"content":{"rendered":"<p><strong><a href=\"http:\/\/www.visit-ulcinj.com\/blog\/wp-content\/uploads\/2013\/03\/Permbytjet-ne-Ulqin.jpg\"><img loading=\"lazy\" class=\"alignleft  wp-image-69535\" alt=\"Permbytjet-ne-Ulqin\" src=\"http:\/\/www.visit-ulcinj.com\/blog\/wp-content\/uploads\/2013\/03\/Permbytjet-ne-Ulqin.jpg\" width=\"508\" height=\"316\" \/><\/a>ULCINJ \u2013 Dio grada od glavne po\u0161te do Port Milene u \u010detvrtak je bio pod vodom. Usljed velikih ki\u0161a u posljednjih nekoliko dana i ve\u0107eg priliva vode sa okolnih brda, do\u0161lo je do izlivanja Bratice i poplave u neseljima Toto\u0161i i \u0110erane. Ugro\u017een je veliki broj ku\u0107a. Porastao je vodostaj u Port Mileni, a rijeka Bojana je do\u0161la do ta\u010dke kada ozbiljno prijeti da se izlije.<\/strong><\/p>\n<p>Policijska patrola kod restorana \u201ePalma\u201c vra\u0107ala je vozila koja su se uputila prema Velikoj pla\u017ei, s obzirom da je put pored Elektrodistribucije bio neprohodan, usmjeravaju\u0107i ih na pravac prema Gimnaziji. U ovom dijelu grada voda je prijetila da poplavi veliki broj ku\u0107a. Suvih nogu moglo se iza\u0107i samo sa ribarskim gumenim \u010dizmama.<\/p>\n<p>Pored Gimnazije, gdje se mo\u017ee pro\u0107i kolima, na putu je pravi bazen dubok oko\u00a0 40 centimetara, a voda se sliva u mnogobrojne lokale pored puta. Radnici iz pekara, prodavnica, frizerskih salona i kafi\u0107a na sve na\u010dine poku\u0161avaju da svoja radna mjesta odbrane od vode.<\/p>\n<p>Zgrada Komunalnog preduze\u0107a okru\u017eena je vodom, a poplavljena je i benzinska pumpa koja se nalazi neposredno uz nju. Desna strana bulevara, sve do novog mosta na Port Mileni, potpuno je poplavljena. Veliki broj vozila u oba smjera kre\u0107e se samo lijevom stranom puta, dok desnom mogu da pro\u0111u samo vozila sa dizela\u0161i.<\/p>\n<p>Na Bojani vodostaj je do\u0161ao do podova restorana i rijeka ozbiljno prijeti. Putevima koji se nalaze pored Bojane i vode do vikendica moglo se pro\u0107i samo terenskim vozilima.<\/p>\n<p>Ki\u0161a u \u010detvrtak nije prestajala\u2026<\/p>\n<p><strong>A.\u017d.<\/strong><br \/>\n<strong>Izvor: POBJEDA<\/strong><\/p>\n","protected":false},"excerpt":{"rendered":"<p>ULCINJ \u2013 Dio grada od glavne po\u0161te do Port Milene u \u010detvrtak je bio pod vodom. Usljed velikih ki\u0161a u posljednjih nekoliko dana i ve\u0107eg priliva vode sa okolnih brda, do\u0161lo je do izlivanja Bratice i poplave u neseljima Toto\u0161i i \u0110erane. Ugro\u017een je veliki broj ku\u0107a. Porastao je vodostaj u Port Mileni, a rijeka [&hellip;]<\/p>\n","protected":false},"author":1,"featured_media":0,"comment_status":"open","ping_status":"closed","sticky":false,"template":"","format":"standard","meta":{"spay_email":"","jetpack_publicize_message":"","jetpack_is_tweetstorm":false,"jetpack_publicize_feature_enabled":true},"categories":[8337],"tags":[19],"jetpack_publicize_connections":[],"yoast_head":"<!-- This site is optimized with the Yoast SEO plugin v19.1 - https:\/\/yoast.com\/wordpress\/plugins\/seo\/ -->\n<title>Ulcinj: Dio grada pod vodom - Lajme nga Ulqini<\/title>\n<meta name=\"description\" content=\"ULCINJ \u2013 Dio grada od glavne po\u0161te do Port Milene u \u010detvrtak je bio pod vodom. Usljed velikih ki\u0161a u posljednjih nekoliko dana i ve\u0107eg priliva vode sa\" \/>\n<meta name=\"robots\" content=\"index, follow, max-snippet:-1, max-image-preview:large, max-video-preview:-1\" \/>\n<link rel=\"canonical\" href=\"https:\/\/www.visit-ulcinj.com\/blog\/2013\/03\/15\/ulcinj-dio-grada-pod-vodom\/\" \/>\n<meta property=\"og:locale\" content=\"en_US\" \/>\n<meta property=\"og:type\" content=\"article\" \/>\n<meta property=\"og:title\" content=\"Ulcinj: Dio grada pod vodom - Lajme nga Ulqini\" \/>\n<meta property=\"og:description\" content=\"ULCINJ \u2013 Dio grada od glavne po\u0161te do Port Milene u \u010detvrtak je bio pod vodom. Usljed velikih ki\u0161a u posljednjih nekoliko dana i ve\u0107eg priliva vode sa\" \/>\n<meta property=\"og:url\" content=\"https:\/\/www.visit-ulcinj.com\/blog\/2013\/03\/15\/ulcinj-dio-grada-pod-vodom\/\" \/>\n<meta property=\"og:site_name\" content=\"Lajme nga Ulqini\" \/>\n<meta property=\"article:published_time\" content=\"2013-03-15T18:46:47+00:00\" \/>\n<meta property=\"og:image\" content=\"http:\/\/www.visit-ulcinj.com\/blog\/wp-content\/uploads\/2013\/03\/Permbytjet-ne-Ulqin.jpg\" \/>\n<meta name=\"twitter:label1\" content=\"Written by\" \/>\n\t<meta name=\"twitter:data1\" content=\"ulqini\" \/>\n\t<meta name=\"twitter:label2\" content=\"Est. reading time\" \/>\n\t<meta name=\"twitter:data2\" content=\"1 minute\" \/>\n<script type=\"application\/ld+json\" class=\"yoast-schema-graph\">{\"@context\":\"https:\/\/schema.org\",\"@graph\":[{\"@type\":\"WebSite\",\"@id\":\"https:\/\/www.visit-ulcinj.com\/blog\/#website\",\"url\":\"https:\/\/www.visit-ulcinj.com\/blog\/\",\"name\":\"Lajme nga Ulqini\",\"description\":\"Lajme,Vijesti,Ulqini,Ulqin,Crna Gora,Mali i Zi\",\"potentialAction\":[{\"@type\":\"SearchAction\",\"target\":{\"@type\":\"EntryPoint\",\"urlTemplate\":\"https:\/\/www.visit-ulcinj.com\/blog\/?s={search_term_string}\"},\"query-input\":\"required name=search_term_string\"}],\"inLanguage\":\"en-US\"},{\"@type\":\"ImageObject\",\"inLanguage\":\"en-US\",\"@id\":\"https:\/\/www.visit-ulcinj.com\/blog\/2013\/03\/15\/ulcinj-dio-grada-pod-vodom\/#primaryimage\",\"url\":\"https:\/\/www.visit-ulcinj.com\/blog\/wp-content\/uploads\/2013\/03\/Permbytjet-ne-Ulqin.jpg\",\"contentUrl\":\"https:\/\/www.visit-ulcinj.com\/blog\/wp-content\/uploads\/2013\/03\/Permbytjet-ne-Ulqin.jpg\",\"width\":519,\"height\":316},{\"@type\":\"WebPage\",\"@id\":\"https:\/\/www.visit-ulcinj.com\/blog\/2013\/03\/15\/ulcinj-dio-grada-pod-vodom\/#webpage\",\"url\":\"https:\/\/www.visit-ulcinj.com\/blog\/2013\/03\/15\/ulcinj-dio-grada-pod-vodom\/\",\"name\":\"Ulcinj: Dio grada pod vodom - Lajme nga Ulqini\",\"isPartOf\":{\"@id\":\"https:\/\/www.visit-ulcinj.com\/blog\/#website\"},\"primaryImageOfPage\":{\"@id\":\"https:\/\/www.visit-ulcinj.com\/blog\/2013\/03\/15\/ulcinj-dio-grada-pod-vodom\/#primaryimage\"},\"datePublished\":\"2013-03-15T18:46:47+00:00\",\"dateModified\":\"2013-03-15T18:46:47+00:00\",\"author\":{\"@id\":\"https:\/\/www.visit-ulcinj.com\/blog\/#\/schema\/person\/dcab619c614d3038751c63bc2aadc06d\"},\"description\":\"ULCINJ \u2013 Dio grada od glavne po\u0161te do Port Milene u \u010detvrtak je bio pod vodom. Usljed velikih ki\u0161a u posljednjih nekoliko dana i ve\u0107eg priliva vode sa\",\"breadcrumb\":{\"@id\":\"https:\/\/www.visit-ulcinj.com\/blog\/2013\/03\/15\/ulcinj-dio-grada-pod-vodom\/#breadcrumb\"},\"inLanguage\":\"en-US\",\"potentialAction\":[{\"@type\":\"ReadAction\",\"target\":[\"https:\/\/www.visit-ulcinj.com\/blog\/2013\/03\/15\/ulcinj-dio-grada-pod-vodom\/\"]}]},{\"@type\":\"BreadcrumbList\",\"@id\":\"https:\/\/www.visit-ulcinj.com\/blog\/2013\/03\/15\/ulcinj-dio-grada-pod-vodom\/#breadcrumb\",\"itemListElement\":[{\"@type\":\"ListItem\",\"position\":1,\"name\":\"Ulcinj: Dio grada pod vodom\"}]},{\"@type\":\"Person\",\"@id\":\"https:\/\/www.visit-ulcinj.com\/blog\/#\/schema\/person\/dcab619c614d3038751c63bc2aadc06d\",\"name\":\"ulqini\",\"sameAs\":[\"http:\/\/www.visit-ulcinj.com\"],\"url\":\"https:\/\/www.visit-ulcinj.com\/blog\/author\/admin\/\"}]}<\/script>\n<!-- \/ Yoast SEO plugin. -->","yoast_head_json":{"title":"Ulcinj: Dio grada pod vodom - Lajme nga Ulqini","description":"ULCINJ \u2013 Dio grada od glavne po\u0161te do Port Milene u \u010detvrtak je bio pod vodom. Usljed velikih ki\u0161a u posljednjih nekoliko dana i ve\u0107eg priliva vode sa","robots":{"index":"index","follow":"follow","max-snippet":"max-snippet:-1","max-image-preview":"max-image-preview:large","max-video-preview":"max-video-preview:-1"},"canonical":"https:\/\/www.visit-ulcinj.com\/blog\/2013\/03\/15\/ulcinj-dio-grada-pod-vodom\/","og_locale":"en_US","og_type":"article","og_title":"Ulcinj: Dio grada pod vodom - Lajme nga Ulqini","og_description":"ULCINJ \u2013 Dio grada od glavne po\u0161te do Port Milene u \u010detvrtak je bio pod vodom. Usljed velikih ki\u0161a u posljednjih nekoliko dana i ve\u0107eg priliva vode sa","og_url":"https:\/\/www.visit-ulcinj.com\/blog\/2013\/03\/15\/ulcinj-dio-grada-pod-vodom\/","og_site_name":"Lajme nga Ulqini","article_published_time":"2013-03-15T18:46:47+00:00","og_image":[{"url":"http:\/\/www.visit-ulcinj.com\/blog\/wp-content\/uploads\/2013\/03\/Permbytjet-ne-Ulqin.jpg"}],"twitter_misc":{"Written by":"ulqini","Est. reading time":"1 minute"},"schema":{"@context":"https:\/\/schema.org","@graph":[{"@type":"WebSite","@id":"https:\/\/www.visit-ulcinj.com\/blog\/#website","url":"https:\/\/www.visit-ulcinj.com\/blog\/","name":"Lajme nga Ulqini","description":"Lajme,Vijesti,Ulqini,Ulqin,Crna Gora,Mali i Zi","potentialAction":[{"@type":"SearchAction","target":{"@type":"EntryPoint","urlTemplate":"https:\/\/www.visit-ulcinj.com\/blog\/?s={search_term_string}"},"query-input":"required name=search_term_string"}],"inLanguage":"en-US"},{"@type":"ImageObject","inLanguage":"en-US","@id":"https:\/\/www.visit-ulcinj.com\/blog\/2013\/03\/15\/ulcinj-dio-grada-pod-vodom\/#primaryimage","url":"https:\/\/www.visit-ulcinj.com\/blog\/wp-content\/uploads\/2013\/03\/Permbytjet-ne-Ulqin.jpg","contentUrl":"https:\/\/www.visit-ulcinj.com\/blog\/wp-content\/uploads\/2013\/03\/Permbytjet-ne-Ulqin.jpg","width":519,"height":316},{"@type":"WebPage","@id":"https:\/\/www.visit-ulcinj.com\/blog\/2013\/03\/15\/ulcinj-dio-grada-pod-vodom\/#webpage","url":"https:\/\/www.visit-ulcinj.com\/blog\/2013\/03\/15\/ulcinj-dio-grada-pod-vodom\/","name":"Ulcinj: Dio grada pod vodom - Lajme nga Ulqini","isPartOf":{"@id":"https:\/\/www.visit-ulcinj.com\/blog\/#website"},"primaryImageOfPage":{"@id":"https:\/\/www.visit-ulcinj.com\/blog\/2013\/03\/15\/ulcinj-dio-grada-pod-vodom\/#primaryimage"},"datePublished":"2013-03-15T18:46:47+00:00","dateModified":"2013-03-15T18:46:47+00:00","author":{"@id":"https:\/\/www.visit-ulcinj.com\/blog\/#\/schema\/person\/dcab619c614d3038751c63bc2aadc06d"},"description":"ULCINJ \u2013 Dio grada od glavne po\u0161te do Port Milene u \u010detvrtak je bio pod vodom. Usljed velikih ki\u0161a u posljednjih nekoliko dana i ve\u0107eg priliva vode sa","breadcrumb":{"@id":"https:\/\/www.visit-ulcinj.com\/blog\/2013\/03\/15\/ulcinj-dio-grada-pod-vodom\/#breadcrumb"},"inLanguage":"en-US","potentialAction":[{"@type":"ReadAction","target":["https:\/\/www.visit-ulcinj.com\/blog\/2013\/03\/15\/ulcinj-dio-grada-pod-vodom\/"]}]},{"@type":"BreadcrumbList","@id":"https:\/\/www.visit-ulcinj.com\/blog\/2013\/03\/15\/ulcinj-dio-grada-pod-vodom\/#breadcrumb","itemListElement":[{"@type":"ListItem","position":1,"name":"Ulcinj: Dio grada pod vodom"}]},{"@type":"Person","@id":"https:\/\/www.visit-ulcinj.com\/blog\/#\/schema\/person\/dcab619c614d3038751c63bc2aadc06d","name":"ulqini","sameAs":["http:\/\/www.visit-ulcinj.com"],"url":"https:\/\/www.visit-ulcinj.com\/blog\/author\/admin\/"}]}},"jetpack_featured_media_url":"","jetpack_sharing_enabled":true,"jetpack_shortlink":"https:\/\/wp.me\/pe6lTn-i5w","_links":{"self":[{"href":"https:\/\/www.visit-ulcinj.com\/blog\/wp-json\/wp\/v2\/posts\/69534"}],"collection":[{"href":"https:\/\/www.visit-ulcinj.com\/blog\/wp-json\/wp\/v2\/posts"}],"about":[{"href":"https:\/\/www.visit-ulcinj.com\/blog\/wp-json\/wp\/v2\/types\/post"}],"author":[{"embeddable":true,"href":"https:\/\/www.visit-ulcinj.com\/blog\/wp-json\/wp\/v2\/users\/1"}],"replies":[{"embeddable":true,"href":"https:\/\/www.visit-ulcinj.com\/blog\/wp-json\/wp\/v2\/comments?post=69534"}],"version-history":[{"count":1,"href":"https:\/\/www.visit-ulcinj.com\/blog\/wp-json\/wp\/v2\/posts\/69534\/revisions"}],"predecessor-version":[{"id":69536,"href":"https:\/\/www.visit-ulcinj.com\/blog\/wp-json\/wp\/v2\/posts\/69534\/revisions\/69536"}],"wp:attachment":[{"href":"https:\/\/www.visit-ulcinj.com\/blog\/wp-json\/wp\/v2\/media?parent=69534"}],"wp:term":[{"taxonomy":"category","embeddable":true,"href":"https:\/\/www.visit-ulcinj.com\/blog\/wp-json\/wp\/v2\/categories?post=69534"},{"taxonomy":"post_tag","embeddable":true,"href":"https:\/\/www.visit-ulcinj.com\/blog\/wp-json\/wp\/v2\/tags?post=69534"}],"curies":[{"name":"wp","href":"https:\/\/api.w.org\/{rel}","templated":true}]}}