{"id":69537,"date":"2013-03-15T19:51:34","date_gmt":"2013-03-15T18:51:34","guid":{"rendered":"http:\/\/www.visit-ulcinj.com\/blog\/?p=69537"},"modified":"2013-03-15T19:51:48","modified_gmt":"2013-03-15T18:51:48","slug":"ulcinj-hotel-lido-ide-u-proslost","status":"publish","type":"post","link":"https:\/\/www.visit-ulcinj.com\/blog\/2013\/03\/15\/ulcinj-hotel-lido-ide-u-proslost\/","title":{"rendered":"Ulcinj: Hotel \u201eLido\u201d ide u pro\u0161lost"},"content":{"rendered":"<div id=\"attachment_69538\" style=\"width: 518px\" class=\"wp-caption alignleft\"><a href=\"http:\/\/www.visit-ulcinj.com\/blog\/wp-content\/uploads\/2013\/03\/ulcinj-hotel-lido.jpg\"><img aria-describedby=\"caption-attachment-69538\" loading=\"lazy\" class=\" wp-image-69538\" alt=\"ulcinj-hotel-lido\" src=\"http:\/\/www.visit-ulcinj.com\/blog\/wp-content\/uploads\/2013\/03\/ulcinj-hotel-lido.jpg\" width=\"508\" height=\"360\" \/><\/a><p id=\"caption-attachment-69538\" class=\"wp-caption-text\">Foto: Pobjeda<\/p><\/div>\n<p>Zbog nedostatka prostorno-planske dokumentacije i nerije\u0161enih imovinsko-pravnih odnosa, investitorima je svake godine produ\u017eavan rok za izgradnju. Ru\u0161enje je zapo\u010delo prije nedjelju dana a kako Pobjeda saznaje, o\u010dekuje se izgradnja novog\u00a0 hotela.<\/p>\n<p>\u201eKapita estate\u201d je odmah nakon kupovine hotela zapo\u010deo adaptaciju koja je ubrzo prekinuta. Ovaj nekada ekskluzivni hotel godinama unazad izgledao je kao ru\u0161evina. Iako vi\u0161e od sedam godina nije u funkciji, \u201eLido\u201d zapo\u0161ljava oko 40 radnika kojima su i nakon isteka obaveza investitora produ\u017eeni\u00a0 ugovori o radu.<\/p>\n<p>Ukupna stambena povr\u0161ina ovog kompleksa imala je oko 12.000 kvadratnih metara, a uz hotel tu je i 96.000 kvadratnih metara zemlji\u0161ta na veoma atraktivnom prostoru. Hotel \u201eGrand Lido\u201d je imao 52 sobe i \u010detiri apartmana sa ukupno 112 le\u017eaja, a bungalovi ovog hotela su imali 228 soba, \u010detiri apartmana, sa ukupno 550 le\u017eaja.<\/p>\n<p>&nbsp;<\/p>\n<p><strong><em>A.\u017d.<\/em><\/strong><br \/>\n<strong>Izvor: POBJEDA<\/strong><\/p>\n","protected":false},"excerpt":{"rendered":"<p>Zbog nedostatka prostorno-planske dokumentacije i nerije\u0161enih imovinsko-pravnih odnosa, investitorima je svake godine produ\u017eavan rok za izgradnju. Ru\u0161enje je zapo\u010delo prije nedjelju dana a kako Pobjeda saznaje, o\u010dekuje se izgradnja novog\u00a0 hotela. \u201eKapita estate\u201d je odmah nakon kupovine hotela zapo\u010deo adaptaciju koja je ubrzo prekinuta. Ovaj nekada ekskluzivni hotel godinama unazad izgledao je kao ru\u0161evina. Iako [&hellip;]<\/p>\n","protected":false},"author":1,"featured_media":0,"comment_status":"open","ping_status":"closed","sticky":false,"template":"","format":"standard","meta":{"spay_email":"","jetpack_publicize_message":"","jetpack_is_tweetstorm":false,"jetpack_publicize_feature_enabled":true},"categories":[6950],"tags":[19],"jetpack_publicize_connections":[],"yoast_head":"<!-- This site is optimized with the Yoast SEO plugin v19.1 - https:\/\/yoast.com\/wordpress\/plugins\/seo\/ -->\n<title>Ulcinj: Hotel \u201eLido\u201d ide u pro\u0161lost - Lajme nga Ulqini<\/title>\n<meta name=\"description\" content=\"Zbog nedostatka prostorno-planske dokumentacije i nerije\u0161enih imovinsko-pravnih odnosa, investitorima je svake godine produ\u017eavan rok za izgradnju. Ru\u0161enje\" \/>\n<meta name=\"robots\" content=\"index, follow, max-snippet:-1, max-image-preview:large, max-video-preview:-1\" \/>\n<link rel=\"canonical\" href=\"https:\/\/www.visit-ulcinj.com\/blog\/2013\/03\/15\/ulcinj-hotel-lido-ide-u-proslost\/\" \/>\n<meta property=\"og:locale\" content=\"en_US\" \/>\n<meta property=\"og:type\" content=\"article\" \/>\n<meta property=\"og:title\" content=\"Ulcinj: Hotel \u201eLido\u201d ide u pro\u0161lost - Lajme nga Ulqini\" \/>\n<meta property=\"og:description\" content=\"Zbog nedostatka prostorno-planske dokumentacije i nerije\u0161enih imovinsko-pravnih odnosa, investitorima je svake godine produ\u017eavan rok za izgradnju. Ru\u0161enje\" \/>\n<meta property=\"og:url\" content=\"https:\/\/www.visit-ulcinj.com\/blog\/2013\/03\/15\/ulcinj-hotel-lido-ide-u-proslost\/\" \/>\n<meta property=\"og:site_name\" content=\"Lajme nga Ulqini\" \/>\n<meta property=\"article:published_time\" content=\"2013-03-15T18:51:34+00:00\" \/>\n<meta property=\"article:modified_time\" content=\"2013-03-15T18:51:48+00:00\" \/>\n<meta property=\"og:image\" content=\"http:\/\/www.visit-ulcinj.com\/blog\/wp-content\/uploads\/2013\/03\/ulcinj-hotel-lido.jpg\" \/>\n<meta name=\"twitter:label1\" content=\"Written by\" \/>\n\t<meta name=\"twitter:data1\" content=\"ulqini\" \/>\n\t<meta name=\"twitter:label2\" content=\"Est. reading time\" \/>\n\t<meta name=\"twitter:data2\" content=\"1 minute\" \/>\n<script type=\"application\/ld+json\" class=\"yoast-schema-graph\">{\"@context\":\"https:\/\/schema.org\",\"@graph\":[{\"@type\":\"WebSite\",\"@id\":\"https:\/\/www.visit-ulcinj.com\/blog\/#website\",\"url\":\"https:\/\/www.visit-ulcinj.com\/blog\/\",\"name\":\"Lajme nga Ulqini\",\"description\":\"Lajme,Vijesti,Ulqini,Ulqin,Crna Gora,Mali i Zi\",\"potentialAction\":[{\"@type\":\"SearchAction\",\"target\":{\"@type\":\"EntryPoint\",\"urlTemplate\":\"https:\/\/www.visit-ulcinj.com\/blog\/?s={search_term_string}\"},\"query-input\":\"required name=search_term_string\"}],\"inLanguage\":\"en-US\"},{\"@type\":\"ImageObject\",\"inLanguage\":\"en-US\",\"@id\":\"https:\/\/www.visit-ulcinj.com\/blog\/2013\/03\/15\/ulcinj-hotel-lido-ide-u-proslost\/#primaryimage\",\"url\":\"https:\/\/www.visit-ulcinj.com\/blog\/wp-content\/uploads\/2013\/03\/ulcinj-hotel-lido.jpg\",\"contentUrl\":\"https:\/\/www.visit-ulcinj.com\/blog\/wp-content\/uploads\/2013\/03\/ulcinj-hotel-lido.jpg\",\"width\":640,\"height\":480},{\"@type\":\"WebPage\",\"@id\":\"https:\/\/www.visit-ulcinj.com\/blog\/2013\/03\/15\/ulcinj-hotel-lido-ide-u-proslost\/#webpage\",\"url\":\"https:\/\/www.visit-ulcinj.com\/blog\/2013\/03\/15\/ulcinj-hotel-lido-ide-u-proslost\/\",\"name\":\"Ulcinj: Hotel \u201eLido\u201d ide u pro\u0161lost - Lajme nga Ulqini\",\"isPartOf\":{\"@id\":\"https:\/\/www.visit-ulcinj.com\/blog\/#website\"},\"primaryImageOfPage\":{\"@id\":\"https:\/\/www.visit-ulcinj.com\/blog\/2013\/03\/15\/ulcinj-hotel-lido-ide-u-proslost\/#primaryimage\"},\"datePublished\":\"2013-03-15T18:51:34+00:00\",\"dateModified\":\"2013-03-15T18:51:48+00:00\",\"author\":{\"@id\":\"https:\/\/www.visit-ulcinj.com\/blog\/#\/schema\/person\/dcab619c614d3038751c63bc2aadc06d\"},\"description\":\"Zbog nedostatka prostorno-planske dokumentacije i nerije\u0161enih imovinsko-pravnih odnosa, investitorima je svake godine produ\u017eavan rok za izgradnju. Ru\u0161enje\",\"breadcrumb\":{\"@id\":\"https:\/\/www.visit-ulcinj.com\/blog\/2013\/03\/15\/ulcinj-hotel-lido-ide-u-proslost\/#breadcrumb\"},\"inLanguage\":\"en-US\",\"potentialAction\":[{\"@type\":\"ReadAction\",\"target\":[\"https:\/\/www.visit-ulcinj.com\/blog\/2013\/03\/15\/ulcinj-hotel-lido-ide-u-proslost\/\"]}]},{\"@type\":\"BreadcrumbList\",\"@id\":\"https:\/\/www.visit-ulcinj.com\/blog\/2013\/03\/15\/ulcinj-hotel-lido-ide-u-proslost\/#breadcrumb\",\"itemListElement\":[{\"@type\":\"ListItem\",\"position\":1,\"name\":\"Ulcinj: Hotel \u201eLido\u201d ide u pro\u0161lost\"}]},{\"@type\":\"Person\",\"@id\":\"https:\/\/www.visit-ulcinj.com\/blog\/#\/schema\/person\/dcab619c614d3038751c63bc2aadc06d\",\"name\":\"ulqini\",\"sameAs\":[\"http:\/\/www.visit-ulcinj.com\"],\"url\":\"https:\/\/www.visit-ulcinj.com\/blog\/author\/admin\/\"}]}<\/script>\n<!-- \/ Yoast SEO plugin. -->","yoast_head_json":{"title":"Ulcinj: Hotel \u201eLido\u201d ide u pro\u0161lost - Lajme nga Ulqini","description":"Zbog nedostatka prostorno-planske dokumentacije i nerije\u0161enih imovinsko-pravnih odnosa, investitorima je svake godine produ\u017eavan rok za izgradnju. Ru\u0161enje","robots":{"index":"index","follow":"follow","max-snippet":"max-snippet:-1","max-image-preview":"max-image-preview:large","max-video-preview":"max-video-preview:-1"},"canonical":"https:\/\/www.visit-ulcinj.com\/blog\/2013\/03\/15\/ulcinj-hotel-lido-ide-u-proslost\/","og_locale":"en_US","og_type":"article","og_title":"Ulcinj: Hotel \u201eLido\u201d ide u pro\u0161lost - Lajme nga Ulqini","og_description":"Zbog nedostatka prostorno-planske dokumentacije i nerije\u0161enih imovinsko-pravnih odnosa, investitorima je svake godine produ\u017eavan rok za izgradnju. Ru\u0161enje","og_url":"https:\/\/www.visit-ulcinj.com\/blog\/2013\/03\/15\/ulcinj-hotel-lido-ide-u-proslost\/","og_site_name":"Lajme nga Ulqini","article_published_time":"2013-03-15T18:51:34+00:00","article_modified_time":"2013-03-15T18:51:48+00:00","og_image":[{"url":"http:\/\/www.visit-ulcinj.com\/blog\/wp-content\/uploads\/2013\/03\/ulcinj-hotel-lido.jpg"}],"twitter_misc":{"Written by":"ulqini","Est. reading time":"1 minute"},"schema":{"@context":"https:\/\/schema.org","@graph":[{"@type":"WebSite","@id":"https:\/\/www.visit-ulcinj.com\/blog\/#website","url":"https:\/\/www.visit-ulcinj.com\/blog\/","name":"Lajme nga Ulqini","description":"Lajme,Vijesti,Ulqini,Ulqin,Crna Gora,Mali i Zi","potentialAction":[{"@type":"SearchAction","target":{"@type":"EntryPoint","urlTemplate":"https:\/\/www.visit-ulcinj.com\/blog\/?s={search_term_string}"},"query-input":"required name=search_term_string"}],"inLanguage":"en-US"},{"@type":"ImageObject","inLanguage":"en-US","@id":"https:\/\/www.visit-ulcinj.com\/blog\/2013\/03\/15\/ulcinj-hotel-lido-ide-u-proslost\/#primaryimage","url":"https:\/\/www.visit-ulcinj.com\/blog\/wp-content\/uploads\/2013\/03\/ulcinj-hotel-lido.jpg","contentUrl":"https:\/\/www.visit-ulcinj.com\/blog\/wp-content\/uploads\/2013\/03\/ulcinj-hotel-lido.jpg","width":640,"height":480},{"@type":"WebPage","@id":"https:\/\/www.visit-ulcinj.com\/blog\/2013\/03\/15\/ulcinj-hotel-lido-ide-u-proslost\/#webpage","url":"https:\/\/www.visit-ulcinj.com\/blog\/2013\/03\/15\/ulcinj-hotel-lido-ide-u-proslost\/","name":"Ulcinj: Hotel \u201eLido\u201d ide u pro\u0161lost - Lajme nga Ulqini","isPartOf":{"@id":"https:\/\/www.visit-ulcinj.com\/blog\/#website"},"primaryImageOfPage":{"@id":"https:\/\/www.visit-ulcinj.com\/blog\/2013\/03\/15\/ulcinj-hotel-lido-ide-u-proslost\/#primaryimage"},"datePublished":"2013-03-15T18:51:34+00:00","dateModified":"2013-03-15T18:51:48+00:00","author":{"@id":"https:\/\/www.visit-ulcinj.com\/blog\/#\/schema\/person\/dcab619c614d3038751c63bc2aadc06d"},"description":"Zbog nedostatka prostorno-planske dokumentacije i nerije\u0161enih imovinsko-pravnih odnosa, investitorima je svake godine produ\u017eavan rok za izgradnju. Ru\u0161enje","breadcrumb":{"@id":"https:\/\/www.visit-ulcinj.com\/blog\/2013\/03\/15\/ulcinj-hotel-lido-ide-u-proslost\/#breadcrumb"},"inLanguage":"en-US","potentialAction":[{"@type":"ReadAction","target":["https:\/\/www.visit-ulcinj.com\/blog\/2013\/03\/15\/ulcinj-hotel-lido-ide-u-proslost\/"]}]},{"@type":"BreadcrumbList","@id":"https:\/\/www.visit-ulcinj.com\/blog\/2013\/03\/15\/ulcinj-hotel-lido-ide-u-proslost\/#breadcrumb","itemListElement":[{"@type":"ListItem","position":1,"name":"Ulcinj: Hotel \u201eLido\u201d ide u pro\u0161lost"}]},{"@type":"Person","@id":"https:\/\/www.visit-ulcinj.com\/blog\/#\/schema\/person\/dcab619c614d3038751c63bc2aadc06d","name":"ulqini","sameAs":["http:\/\/www.visit-ulcinj.com"],"url":"https:\/\/www.visit-ulcinj.com\/blog\/author\/admin\/"}]}},"jetpack_featured_media_url":"","jetpack_sharing_enabled":true,"jetpack_shortlink":"https:\/\/wp.me\/pe6lTn-i5z","_links":{"self":[{"href":"https:\/\/www.visit-ulcinj.com\/blog\/wp-json\/wp\/v2\/posts\/69537"}],"collection":[{"href":"https:\/\/www.visit-ulcinj.com\/blog\/wp-json\/wp\/v2\/posts"}],"about":[{"href":"https:\/\/www.visit-ulcinj.com\/blog\/wp-json\/wp\/v2\/types\/post"}],"author":[{"embeddable":true,"href":"https:\/\/www.visit-ulcinj.com\/blog\/wp-json\/wp\/v2\/users\/1"}],"replies":[{"embeddable":true,"href":"https:\/\/www.visit-ulcinj.com\/blog\/wp-json\/wp\/v2\/comments?post=69537"}],"version-history":[{"count":2,"href":"https:\/\/www.visit-ulcinj.com\/blog\/wp-json\/wp\/v2\/posts\/69537\/revisions"}],"predecessor-version":[{"id":69540,"href":"https:\/\/www.visit-ulcinj.com\/blog\/wp-json\/wp\/v2\/posts\/69537\/revisions\/69540"}],"wp:attachment":[{"href":"https:\/\/www.visit-ulcinj.com\/blog\/wp-json\/wp\/v2\/media?parent=69537"}],"wp:term":[{"taxonomy":"category","embeddable":true,"href":"https:\/\/www.visit-ulcinj.com\/blog\/wp-json\/wp\/v2\/categories?post=69537"},{"taxonomy":"post_tag","embeddable":true,"href":"https:\/\/www.visit-ulcinj.com\/blog\/wp-json\/wp\/v2\/tags?post=69537"}],"curies":[{"name":"wp","href":"https:\/\/api.w.org\/{rel}","templated":true}]}}