{"id":6954,"date":"2008-12-07T18:05:32","date_gmt":"2008-12-07T17:05:32","guid":{"rendered":"http:\/\/www.visit-ulcinj.com\/blog\/?p=6954"},"modified":"2008-12-07T18:05:32","modified_gmt":"2008-12-07T17:05:32","slug":"enigma-e-historise-malazeze-rasti-i-shasit-13","status":"publish","type":"post","link":"https:\/\/www.visit-ulcinj.com\/blog\/2008\/12\/07\/enigma-e-historise-malazeze-rasti-i-shasit-13\/","title":{"rendered":"ENIGMA E HISTORIS\u00cb MALAZEZE &#8211; RASTI I SHASIT (13)"},"content":{"rendered":"<p>Shasi ilustron problemet e historigorafis\u00eb bashk\u00ebkohore<br \/>\nHistoria e Shasit ilustron problemet e m\u00ebdha dhe t\u00eb thella t\u00eb historiografis\u00eb bashk\u00ebkohore ballkanike q\u00eb i prekin autor\u00ebt q\u00eb punojn\u00eb p\u00ebr t\u00eb gjitha periudhat. N\u00eb thelb, shtetet jugore ballkanike t\u00eb Greqis\u00eb, Shqip\u00ebris\u00eb, Malit t\u00eb Zi, Bullgaris\u00eb, Serbis\u00eb dhe Maqedonis\u00eb ndajn\u00eb t\u00eb nj\u00ebjt\u00ebn histori q\u00eb rrjedh nga shekujt e gjat\u00eb t\u00eb sundimit t\u00eb tyre n\u00eb t\u00eb kaluar\u00ebn nga perandori shum\u00ebkomb\u00ebshe shum\u00ebkonfesionale q\u00eb nga Roma, p\u00ebrmes antikitetit t\u00eb von\u00eb deri n\u00eb periudhat bizantine, veneciane dhe osmane.<\/p>\n<p>P\u00ebrfundim<br \/>\nHistoria e Shasit nuk \u00ebsht\u00eb nj\u00eb mikrobot\u00eb e historis\u00eb s\u00eb Malit t\u00eb Zi si nj\u00eb e t\u00ebr\u00eb, por \u00ebsht\u00eb nj\u00eb rast, studimi i s\u00eb cil\u00ebs ilustron kompleksitetin e m\u00ebnyr\u00ebs s\u00eb paraqitjes komb\u00ebtare q\u00eb do t`i duhet t\u00eb nd\u00ebrtoj\u00eb shteti i shpallur i pavarur tani s\u00eb fundmi. Ajo ilustron gjithashtu problemet e m\u00ebdha dhe t\u00eb thella t\u00eb historiografis\u00eb bashk\u00ebkohore ballkanike q\u00eb i prekin autor\u00ebt q\u00eb punojn\u00eb p\u00ebr t\u00eb gjitha periudhat. N\u00eb thelb, shtetet jugore ballkanike t\u00eb Greqis\u00eb, Shqip\u00ebris\u00eb, Malit t\u00eb Zi, Bullgaris\u00eb, Serbis\u00eb dhe Maqedonis\u00eb ndajn\u00eb t\u00eb nj\u00ebjt\u00ebn histori q\u00eb rrjedh nga shekujt e gjat\u00eb t\u00eb sundimit t\u00eb tyre n\u00eb t\u00eb kaluar\u00ebn nga perandori shum\u00ebkomb\u00ebshe shum\u00ebkonfesionale q\u00eb nga Roma, p\u00ebrmes antikitetit t\u00eb von\u00eb deri n\u00eb periudhat bizantine, veneciane dhe osmane. Sundimi komunist pas vitit 1945 nuk e zvog\u00ebloi pozit\u00ebn e tyre si nj\u00eb trev\u00eb e p\u00ebrplasjeve midis Lindjes dhe Per\u00ebndimit.<br \/>\nBoll\u00ebku i shteteve t\u00eb reja ka nxjerr\u00eb nevoj\u00ebn p\u00ebr p\u00ebrcaktimin e ri historik. Jo m\u00eb pak se shtat\u00eb shtete t\u00eb reja, Bosnja, Kroacia, Sllovenia, Serbia, Maqedonia. Mali i Zi dhe tani s\u00eb fundi edhe Kosova, kan\u00eb dal\u00eb nga shembja e Jugosllavis\u00eb dhe n\u00eb shum\u00eb raste historian\u00ebt vendas do t\u00eb shohin se &#8220;po shp\u00ebtojn\u00eb&#8221; nj\u00eb paraqitje komb\u00ebtare t\u00eb historis\u00eb s\u00eb humbur prej shtremb\u00ebrimeve dhe padrejt\u00ebsive t\u00eb historis\u00eb komuniste.<br \/>\nRasti i studiuar k\u00ebtu tregon q\u00eb k\u00ebrkimet kan\u00eb nevoj\u00eb t\u00eb p\u00ebrqendrohen gjithashtu n\u00eb periudhat e hershme historike, mbi t\u00eb cilat \u00ebsht\u00eb ngritur mitologjia nacionaliste po aq sa dhe n\u00eb periudh\u00ebn e rezistenc\u00ebs ndaj osman\u00ebve dhe n\u00eb urt\u00ebsin\u00eb konvencionale t\u00eb nacionalizmit modern.<br \/>\nN\u00eb literatur\u00ebn ndihm\u00ebse mbi Shasin dhe zon\u00ebn e tij n\u00eb periudhat e lashta dhe ato t\u00eb mesjet\u00ebs ndeshemi me paraqitje kroate, serbe, malazeze dhe shqiptare, q\u00eb konkurrojn\u00eb nj\u00ebra-tjetr\u00ebn, dhe secila nga ato \u00ebsht\u00eb e ngopur me paragjykime. N\u00eb thelbin e problemit q\u00ebndron ndrydhja e kompleksitetit dhe triumfi i ideologjis\u00eb reduktuese. Kjo \u00e7on n\u00eb krijimin e identiteteve &#8211; historive komb\u00ebtare vet\u00ebsh\u00ebrbyese dhe konkurruese t\u00eb cilat shpesh kan\u00eb pretendime shum\u00eb t\u00eb dyshimta sikur jan\u00eb histori t\u00eb jasht\u00ebzakonshme t\u00eb zonave q\u00eb kan\u00eb t\u00eb nj\u00ebjt\u00ebn t\u00eb kaluar n\u00eb Ballkan.<br \/>\nAveril Cameroon<br \/>\nJames Pettifer<br \/>\nkoha javore<\/p>\n","protected":false},"excerpt":{"rendered":"<p>Shasi ilustron problemet e historigorafis\u00eb bashk\u00ebkohore Historia e Shasit ilustron problemet e m\u00ebdha dhe t\u00eb thella t\u00eb historiografis\u00eb bashk\u00ebkohore ballkanike q\u00eb i prekin autor\u00ebt q\u00eb punojn\u00eb p\u00ebr t\u00eb gjitha periudhat. N\u00eb thelb, shtetet jugore ballkanike t\u00eb Greqis\u00eb, Shqip\u00ebris\u00eb, Malit t\u00eb Zi, Bullgaris\u00eb, Serbis\u00eb dhe Maqedonis\u00eb ndajn\u00eb t\u00eb nj\u00ebjt\u00ebn histori q\u00eb rrjedh nga shekujt e gjat\u00eb [&hellip;]<\/p>\n","protected":false},"author":1,"featured_media":0,"comment_status":"open","ping_status":"closed","sticky":false,"template":"","format":"standard","meta":{"spay_email":"","jetpack_publicize_message":"","jetpack_is_tweetstorm":false,"jetpack_publicize_feature_enabled":true},"categories":[8],"tags":[],"jetpack_publicize_connections":[],"yoast_head":"<!-- This site is optimized with the Yoast SEO plugin v19.1 - https:\/\/yoast.com\/wordpress\/plugins\/seo\/ -->\n<title>ENIGMA E HISTORIS\u00cb MALAZEZE - RASTI I SHASIT (13) - Lajme nga Ulqini<\/title>\n<meta name=\"description\" content=\"Shasi ilustron problemet e historigorafis\u00eb bashk\u00ebkohore Historia e Shasit ilustron problemet e m\u00ebdha dhe t\u00eb thella t\u00eb historiografis\u00eb bashk\u00ebkohore\" \/>\n<meta name=\"robots\" content=\"index, follow, max-snippet:-1, max-image-preview:large, max-video-preview:-1\" \/>\n<link rel=\"canonical\" href=\"https:\/\/www.visit-ulcinj.com\/blog\/2008\/12\/07\/enigma-e-historise-malazeze-rasti-i-shasit-13\/\" \/>\n<meta property=\"og:locale\" content=\"en_US\" \/>\n<meta property=\"og:type\" content=\"article\" \/>\n<meta property=\"og:title\" content=\"ENIGMA E HISTORIS\u00cb MALAZEZE - RASTI I SHASIT (13) - Lajme nga Ulqini\" \/>\n<meta property=\"og:description\" content=\"Shasi ilustron problemet e historigorafis\u00eb bashk\u00ebkohore Historia e Shasit ilustron problemet e m\u00ebdha dhe t\u00eb thella t\u00eb historiografis\u00eb bashk\u00ebkohore\" \/>\n<meta property=\"og:url\" content=\"https:\/\/www.visit-ulcinj.com\/blog\/2008\/12\/07\/enigma-e-historise-malazeze-rasti-i-shasit-13\/\" \/>\n<meta property=\"og:site_name\" content=\"Lajme nga Ulqini\" \/>\n<meta property=\"article:published_time\" content=\"2008-12-07T17:05:32+00:00\" \/>\n<meta name=\"twitter:label1\" content=\"Written by\" \/>\n\t<meta name=\"twitter:data1\" content=\"ulqini\" \/>\n\t<meta name=\"twitter:label2\" content=\"Est. reading time\" \/>\n\t<meta name=\"twitter:data2\" content=\"2 minutes\" \/>\n<script type=\"application\/ld+json\" class=\"yoast-schema-graph\">{\"@context\":\"https:\/\/schema.org\",\"@graph\":[{\"@type\":\"WebSite\",\"@id\":\"https:\/\/www.visit-ulcinj.com\/blog\/#website\",\"url\":\"https:\/\/www.visit-ulcinj.com\/blog\/\",\"name\":\"Lajme nga Ulqini\",\"description\":\"Lajme,Vijesti,Ulqini,Ulqin,Crna Gora,Mali i Zi\",\"potentialAction\":[{\"@type\":\"SearchAction\",\"target\":{\"@type\":\"EntryPoint\",\"urlTemplate\":\"https:\/\/www.visit-ulcinj.com\/blog\/?s={search_term_string}\"},\"query-input\":\"required name=search_term_string\"}],\"inLanguage\":\"en-US\"},{\"@type\":\"WebPage\",\"@id\":\"https:\/\/www.visit-ulcinj.com\/blog\/2008\/12\/07\/enigma-e-historise-malazeze-rasti-i-shasit-13\/#webpage\",\"url\":\"https:\/\/www.visit-ulcinj.com\/blog\/2008\/12\/07\/enigma-e-historise-malazeze-rasti-i-shasit-13\/\",\"name\":\"ENIGMA E HISTORIS\u00cb MALAZEZE - RASTI I SHASIT (13) - Lajme nga Ulqini\",\"isPartOf\":{\"@id\":\"https:\/\/www.visit-ulcinj.com\/blog\/#website\"},\"datePublished\":\"2008-12-07T17:05:32+00:00\",\"dateModified\":\"2008-12-07T17:05:32+00:00\",\"author\":{\"@id\":\"https:\/\/www.visit-ulcinj.com\/blog\/#\/schema\/person\/dcab619c614d3038751c63bc2aadc06d\"},\"description\":\"Shasi ilustron problemet e historigorafis\u00eb bashk\u00ebkohore Historia e Shasit ilustron problemet e m\u00ebdha dhe t\u00eb thella t\u00eb historiografis\u00eb bashk\u00ebkohore\",\"breadcrumb\":{\"@id\":\"https:\/\/www.visit-ulcinj.com\/blog\/2008\/12\/07\/enigma-e-historise-malazeze-rasti-i-shasit-13\/#breadcrumb\"},\"inLanguage\":\"en-US\",\"potentialAction\":[{\"@type\":\"ReadAction\",\"target\":[\"https:\/\/www.visit-ulcinj.com\/blog\/2008\/12\/07\/enigma-e-historise-malazeze-rasti-i-shasit-13\/\"]}]},{\"@type\":\"BreadcrumbList\",\"@id\":\"https:\/\/www.visit-ulcinj.com\/blog\/2008\/12\/07\/enigma-e-historise-malazeze-rasti-i-shasit-13\/#breadcrumb\",\"itemListElement\":[{\"@type\":\"ListItem\",\"position\":1,\"name\":\"ENIGMA E HISTORIS\u00cb MALAZEZE &#8211; RASTI I SHASIT (13)\"}]},{\"@type\":\"Person\",\"@id\":\"https:\/\/www.visit-ulcinj.com\/blog\/#\/schema\/person\/dcab619c614d3038751c63bc2aadc06d\",\"name\":\"ulqini\",\"sameAs\":[\"http:\/\/www.visit-ulcinj.com\"],\"url\":\"https:\/\/www.visit-ulcinj.com\/blog\/author\/admin\/\"}]}<\/script>\n<!-- \/ Yoast SEO plugin. -->","yoast_head_json":{"title":"ENIGMA E HISTORIS\u00cb MALAZEZE - RASTI I SHASIT (13) - Lajme nga Ulqini","description":"Shasi ilustron problemet e historigorafis\u00eb bashk\u00ebkohore Historia e Shasit ilustron problemet e m\u00ebdha dhe t\u00eb thella t\u00eb historiografis\u00eb bashk\u00ebkohore","robots":{"index":"index","follow":"follow","max-snippet":"max-snippet:-1","max-image-preview":"max-image-preview:large","max-video-preview":"max-video-preview:-1"},"canonical":"https:\/\/www.visit-ulcinj.com\/blog\/2008\/12\/07\/enigma-e-historise-malazeze-rasti-i-shasit-13\/","og_locale":"en_US","og_type":"article","og_title":"ENIGMA E HISTORIS\u00cb MALAZEZE - RASTI I SHASIT (13) - Lajme nga Ulqini","og_description":"Shasi ilustron problemet e historigorafis\u00eb bashk\u00ebkohore Historia e Shasit ilustron problemet e m\u00ebdha dhe t\u00eb thella t\u00eb historiografis\u00eb bashk\u00ebkohore","og_url":"https:\/\/www.visit-ulcinj.com\/blog\/2008\/12\/07\/enigma-e-historise-malazeze-rasti-i-shasit-13\/","og_site_name":"Lajme nga Ulqini","article_published_time":"2008-12-07T17:05:32+00:00","twitter_misc":{"Written by":"ulqini","Est. reading time":"2 minutes"},"schema":{"@context":"https:\/\/schema.org","@graph":[{"@type":"WebSite","@id":"https:\/\/www.visit-ulcinj.com\/blog\/#website","url":"https:\/\/www.visit-ulcinj.com\/blog\/","name":"Lajme nga Ulqini","description":"Lajme,Vijesti,Ulqini,Ulqin,Crna Gora,Mali i Zi","potentialAction":[{"@type":"SearchAction","target":{"@type":"EntryPoint","urlTemplate":"https:\/\/www.visit-ulcinj.com\/blog\/?s={search_term_string}"},"query-input":"required name=search_term_string"}],"inLanguage":"en-US"},{"@type":"WebPage","@id":"https:\/\/www.visit-ulcinj.com\/blog\/2008\/12\/07\/enigma-e-historise-malazeze-rasti-i-shasit-13\/#webpage","url":"https:\/\/www.visit-ulcinj.com\/blog\/2008\/12\/07\/enigma-e-historise-malazeze-rasti-i-shasit-13\/","name":"ENIGMA E HISTORIS\u00cb MALAZEZE - RASTI I SHASIT (13) - Lajme nga Ulqini","isPartOf":{"@id":"https:\/\/www.visit-ulcinj.com\/blog\/#website"},"datePublished":"2008-12-07T17:05:32+00:00","dateModified":"2008-12-07T17:05:32+00:00","author":{"@id":"https:\/\/www.visit-ulcinj.com\/blog\/#\/schema\/person\/dcab619c614d3038751c63bc2aadc06d"},"description":"Shasi ilustron problemet e historigorafis\u00eb bashk\u00ebkohore Historia e Shasit ilustron problemet e m\u00ebdha dhe t\u00eb thella t\u00eb historiografis\u00eb bashk\u00ebkohore","breadcrumb":{"@id":"https:\/\/www.visit-ulcinj.com\/blog\/2008\/12\/07\/enigma-e-historise-malazeze-rasti-i-shasit-13\/#breadcrumb"},"inLanguage":"en-US","potentialAction":[{"@type":"ReadAction","target":["https:\/\/www.visit-ulcinj.com\/blog\/2008\/12\/07\/enigma-e-historise-malazeze-rasti-i-shasit-13\/"]}]},{"@type":"BreadcrumbList","@id":"https:\/\/www.visit-ulcinj.com\/blog\/2008\/12\/07\/enigma-e-historise-malazeze-rasti-i-shasit-13\/#breadcrumb","itemListElement":[{"@type":"ListItem","position":1,"name":"ENIGMA E HISTORIS\u00cb MALAZEZE &#8211; RASTI I SHASIT (13)"}]},{"@type":"Person","@id":"https:\/\/www.visit-ulcinj.com\/blog\/#\/schema\/person\/dcab619c614d3038751c63bc2aadc06d","name":"ulqini","sameAs":["http:\/\/www.visit-ulcinj.com"],"url":"https:\/\/www.visit-ulcinj.com\/blog\/author\/admin\/"}]}},"jetpack_featured_media_url":"","jetpack_sharing_enabled":true,"jetpack_shortlink":"https:\/\/wp.me\/pe6lTn-1Oa","_links":{"self":[{"href":"https:\/\/www.visit-ulcinj.com\/blog\/wp-json\/wp\/v2\/posts\/6954"}],"collection":[{"href":"https:\/\/www.visit-ulcinj.com\/blog\/wp-json\/wp\/v2\/posts"}],"about":[{"href":"https:\/\/www.visit-ulcinj.com\/blog\/wp-json\/wp\/v2\/types\/post"}],"author":[{"embeddable":true,"href":"https:\/\/www.visit-ulcinj.com\/blog\/wp-json\/wp\/v2\/users\/1"}],"replies":[{"embeddable":true,"href":"https:\/\/www.visit-ulcinj.com\/blog\/wp-json\/wp\/v2\/comments?post=6954"}],"version-history":[{"count":0,"href":"https:\/\/www.visit-ulcinj.com\/blog\/wp-json\/wp\/v2\/posts\/6954\/revisions"}],"wp:attachment":[{"href":"https:\/\/www.visit-ulcinj.com\/blog\/wp-json\/wp\/v2\/media?parent=6954"}],"wp:term":[{"taxonomy":"category","embeddable":true,"href":"https:\/\/www.visit-ulcinj.com\/blog\/wp-json\/wp\/v2\/categories?post=6954"},{"taxonomy":"post_tag","embeddable":true,"href":"https:\/\/www.visit-ulcinj.com\/blog\/wp-json\/wp\/v2\/tags?post=6954"}],"curies":[{"name":"wp","href":"https:\/\/api.w.org\/{rel}","templated":true}]}}