{"id":69562,"date":"2013-03-15T20:53:23","date_gmt":"2013-03-15T19:53:23","guid":{"rendered":"http:\/\/www.visit-ulcinj.com\/blog\/?p=69562"},"modified":"2013-03-16T09:23:15","modified_gmt":"2013-03-16T08:23:15","slug":"reportazhe-video-ulqini-noton-ne-uje","status":"publish","type":"post","link":"https:\/\/www.visit-ulcinj.com\/blog\/2013\/03\/15\/reportazhe-video-ulqini-noton-ne-uje\/","title":{"rendered":"Reportazh\u00eb Video &#8220;Ulqini&#8221; noton ne Uj\u00eb"},"content":{"rendered":"<p><a href=\"http:\/\/www.visit-ulcinj.com\/blog\/wp-content\/uploads\/2013\/03\/PERBYTJE-NE-ULQIN.jpg\"><img loading=\"lazy\" class=\"alignleft  wp-image-69563\" alt=\"PERBYTJE NE ULQIN\" src=\"http:\/\/www.visit-ulcinj.com\/blog\/wp-content\/uploads\/2013\/03\/PERBYTJE-NE-ULQIN.jpg\" width=\"508\" height=\"360\" \/><\/a>Reshjet e shiut dhe era e forte ka shkaktuar probleme ne rrug\u00ebt e Ulqinit. Pamvarsisht investimeve te realizuara ne komunen e Ulqinit edhe kete vjesht\u00eb permbytjet nga disa milimetra shi do te jen te pa shmangshme. Kan mjaftuar pak centimetra shi qe sot\u00eb ne lagjet kryesore te qytetit te permbyten nga uji.<br \/>\n<a href=\"http:\/\/www.visit-ulcinj.com\/blog\/wp-content\/uploads\/2013\/03\/Permbytjet-ne-Ulqin.1.jpg\"><img loading=\"lazy\" class=\"alignleft size-full wp-image-69565\" alt=\"Permbytjet-ne-Ulqin.1\" src=\"http:\/\/www.visit-ulcinj.com\/blog\/wp-content\/uploads\/2013\/03\/Permbytjet-ne-Ulqin.1.jpg\" width=\"508\" height=\"300\" \/><\/a><\/p>\n<p><strong>V\u00ebrejtje shtes\u00eb ekipeve komunale<\/strong><\/p>\n<p>Ministria p\u00ebr pun\u00eb t\u00eb brendshme u ka drejtuar v\u00ebrejtje plot\u00ebsuese ekipeve komunale p\u00ebr\u00a0 udh\u00ebheqjen n\u00eb situatat e jasht\u00ebzakonshme me qellim t\u00eb marrjes s\u00eb masave operative p\u00ebr mbrojtjen e banor\u00ebve dhe t\u00eb mirave materiale n\u00eb nivelin lokal p\u00ebrmes angazhimit t\u00eb t\u00eb gjith\u00eb resurseve disponues njer\u00ebzor\u00eb dhe material.<\/p>\n<p><strong>Nes\u00ebr mot me diell<\/strong><strong>\u00a0<\/strong><\/p>\n<p>Sot n\u00eb Mal t\u00eb Zi mban mot kryesisht i vran\u00ebt n\u00eb pjes\u00ebt veriore t\u00eb republik\u00ebs me bor\u00eb t\u00eb dob\u00ebt , kurse n\u00eb jug dhe pjes\u00ebt q\u00ebndrore pa t\u00eb reshura. Fryn\u00eb er\u00eb mesatare e vende vende deri e fort\u00eb nga drejtimet e veriut.\u00a0 Temperaturat n\u00eb or\u00ebn 13: Petrovac 11 g. Tivar, Ulqin, e Budv\u00eb 10 g, H. Novi 9, Podgoric\u00eb 7, Cetin\u00eb 2, B. Pole, Beran\u00eb e Plav\u00eb 0, Nikshiq e Shavnik -2, Plevle e Rozhaj e Andrivec -3, Kollashin -5, dhe Zhablak -9 g.\u00a0 P\u00ebr nes\u00ebr n\u00eb pjes\u00ebt jugore meteorolog\u00ebt paralajm\u00ebrojn\u00eb t\u00eb mbaj\u00eb mot kryesisht me diell , dhe vende vende me vran\u00ebsira t\u00eb pakta gjat\u00eb or\u00ebve t\u00eb paradit\u00ebs, kurse n\u00eb veri mot t\u00eb vran\u00ebt dhe vende vende me bor\u00eb t\u00eb dob\u00ebt. Do t\u00eb fryj\u00eb er\u00eb mesatare deri e fort\u00eb e kohpaskohe tejet e fort\u00eb nga drejtimi i veriut dhe veri-lindjes e cila n\u00eb or\u00ebt e vota t\u00eb pasdit\u00ebs do t\u00eb dob\u00ebsohet. Temperatura e mengjesit do t\u00eb sillet prej -13 deri n\u00eb 3, kurse m\u00eb e larta e dit\u00ebs prej -6 deri n\u00eb 10 g. C.<br \/>\n<strong>\/ TVCG\/<\/strong><\/p>\n<p><strong><a href=\"https:\/\/www.facebook.com\/media\/set\/?set=a.120352391483708.1073741827.100005268431061&amp;type=1\" target=\"_blank\">Lajme Nga Ulqini<\/a><\/strong><\/p>\n<p><strong><a href=\"https:\/\/www.facebook.com\/media\/set\/?set=a.120352391483708.1073741827.100005268431061&amp;type=1\" target=\"_blank\">P\u00ebr me tep\u00ebr Fototeka e Ulqinit Facebook<\/a><\/strong><\/p>\n<p><iframe loading=\"lazy\" src=\"http:\/\/www.youtube.com\/embed\/88m_DL87vR0\" height=\"360\" width=\"508\" allowfullscreen=\"\" frameborder=\"0\"><\/iframe><\/p>\n","protected":false},"excerpt":{"rendered":"<p>Reshjet e shiut dhe era e forte ka shkaktuar probleme ne rrug\u00ebt e Ulqinit. Pamvarsisht investimeve te realizuara ne komunen e Ulqinit edhe kete vjesht\u00eb permbytjet nga disa milimetra shi do te jen te pa shmangshme. Kan mjaftuar pak centimetra shi qe sot\u00eb ne lagjet kryesore te qytetit te permbyten nga uji. V\u00ebrejtje shtes\u00eb ekipeve [&hellip;]<\/p>\n","protected":false},"author":1,"featured_media":0,"comment_status":"open","ping_status":"closed","sticky":false,"template":"","format":"standard","meta":{"spay_email":"","jetpack_publicize_message":"","jetpack_is_tweetstorm":false,"jetpack_publicize_feature_enabled":true},"categories":[1,11],"tags":[21927],"jetpack_publicize_connections":[],"yoast_head":"<!-- This site is optimized with the Yoast SEO plugin v19.1 - https:\/\/yoast.com\/wordpress\/plugins\/seo\/ -->\n<title>Reportazh\u00eb Video &quot;Ulqini&quot; noton ne Uj\u00eb - Lajme nga Ulqini<\/title>\n<meta name=\"description\" content=\"Reshjet e shiut dhe era e forte ka shkaktuar probleme ne rrug\u00ebt e Ulqinit. Pamvarsisht investimeve te realizuara ne komunen e Ulqinit edhe kete vjesht\u00eb\" \/>\n<meta name=\"robots\" content=\"index, follow, max-snippet:-1, max-image-preview:large, max-video-preview:-1\" \/>\n<link rel=\"canonical\" href=\"https:\/\/www.visit-ulcinj.com\/blog\/2013\/03\/15\/reportazhe-video-ulqini-noton-ne-uje\/\" \/>\n<meta property=\"og:locale\" content=\"en_US\" \/>\n<meta property=\"og:type\" content=\"article\" \/>\n<meta property=\"og:title\" content=\"Reportazh\u00eb Video &quot;Ulqini&quot; noton ne Uj\u00eb - Lajme nga Ulqini\" \/>\n<meta property=\"og:description\" content=\"Reshjet e shiut dhe era e forte ka shkaktuar probleme ne rrug\u00ebt e Ulqinit. Pamvarsisht investimeve te realizuara ne komunen e Ulqinit edhe kete vjesht\u00eb\" \/>\n<meta property=\"og:url\" content=\"https:\/\/www.visit-ulcinj.com\/blog\/2013\/03\/15\/reportazhe-video-ulqini-noton-ne-uje\/\" \/>\n<meta property=\"og:site_name\" content=\"Lajme nga Ulqini\" \/>\n<meta property=\"article:published_time\" content=\"2013-03-15T19:53:23+00:00\" \/>\n<meta property=\"article:modified_time\" content=\"2013-03-16T08:23:15+00:00\" \/>\n<meta property=\"og:image\" content=\"http:\/\/www.visit-ulcinj.com\/blog\/wp-content\/uploads\/2013\/03\/PERBYTJE-NE-ULQIN.jpg\" \/>\n<meta name=\"twitter:label1\" content=\"Written by\" \/>\n\t<meta name=\"twitter:data1\" content=\"ulqini\" \/>\n\t<meta name=\"twitter:label2\" content=\"Est. reading time\" \/>\n\t<meta name=\"twitter:data2\" content=\"2 minutes\" \/>\n<script type=\"application\/ld+json\" class=\"yoast-schema-graph\">{\"@context\":\"https:\/\/schema.org\",\"@graph\":[{\"@type\":\"WebSite\",\"@id\":\"https:\/\/www.visit-ulcinj.com\/blog\/#website\",\"url\":\"https:\/\/www.visit-ulcinj.com\/blog\/\",\"name\":\"Lajme nga Ulqini\",\"description\":\"Lajme,Vijesti,Ulqini,Ulqin,Crna Gora,Mali i Zi\",\"potentialAction\":[{\"@type\":\"SearchAction\",\"target\":{\"@type\":\"EntryPoint\",\"urlTemplate\":\"https:\/\/www.visit-ulcinj.com\/blog\/?s={search_term_string}\"},\"query-input\":\"required name=search_term_string\"}],\"inLanguage\":\"en-US\"},{\"@type\":\"ImageObject\",\"inLanguage\":\"en-US\",\"@id\":\"https:\/\/www.visit-ulcinj.com\/blog\/2013\/03\/15\/reportazhe-video-ulqini-noton-ne-uje\/#primaryimage\",\"url\":\"https:\/\/www.visit-ulcinj.com\/blog\/wp-content\/uploads\/2013\/03\/PERBYTJE-NE-ULQIN.jpg\",\"contentUrl\":\"https:\/\/www.visit-ulcinj.com\/blog\/wp-content\/uploads\/2013\/03\/PERBYTJE-NE-ULQIN.jpg\",\"width\":960,\"height\":720},{\"@type\":\"WebPage\",\"@id\":\"https:\/\/www.visit-ulcinj.com\/blog\/2013\/03\/15\/reportazhe-video-ulqini-noton-ne-uje\/#webpage\",\"url\":\"https:\/\/www.visit-ulcinj.com\/blog\/2013\/03\/15\/reportazhe-video-ulqini-noton-ne-uje\/\",\"name\":\"Reportazh\u00eb Video \\\"Ulqini\\\" noton ne Uj\u00eb - Lajme nga Ulqini\",\"isPartOf\":{\"@id\":\"https:\/\/www.visit-ulcinj.com\/blog\/#website\"},\"primaryImageOfPage\":{\"@id\":\"https:\/\/www.visit-ulcinj.com\/blog\/2013\/03\/15\/reportazhe-video-ulqini-noton-ne-uje\/#primaryimage\"},\"datePublished\":\"2013-03-15T19:53:23+00:00\",\"dateModified\":\"2013-03-16T08:23:15+00:00\",\"author\":{\"@id\":\"https:\/\/www.visit-ulcinj.com\/blog\/#\/schema\/person\/dcab619c614d3038751c63bc2aadc06d\"},\"description\":\"Reshjet e shiut dhe era e forte ka shkaktuar probleme ne rrug\u00ebt e Ulqinit. Pamvarsisht investimeve te realizuara ne komunen e Ulqinit edhe kete vjesht\u00eb\",\"breadcrumb\":{\"@id\":\"https:\/\/www.visit-ulcinj.com\/blog\/2013\/03\/15\/reportazhe-video-ulqini-noton-ne-uje\/#breadcrumb\"},\"inLanguage\":\"en-US\",\"potentialAction\":[{\"@type\":\"ReadAction\",\"target\":[\"https:\/\/www.visit-ulcinj.com\/blog\/2013\/03\/15\/reportazhe-video-ulqini-noton-ne-uje\/\"]}]},{\"@type\":\"BreadcrumbList\",\"@id\":\"https:\/\/www.visit-ulcinj.com\/blog\/2013\/03\/15\/reportazhe-video-ulqini-noton-ne-uje\/#breadcrumb\",\"itemListElement\":[{\"@type\":\"ListItem\",\"position\":1,\"name\":\"Reportazh\u00eb Video &#8220;Ulqini&#8221; noton ne Uj\u00eb\"}]},{\"@type\":\"Person\",\"@id\":\"https:\/\/www.visit-ulcinj.com\/blog\/#\/schema\/person\/dcab619c614d3038751c63bc2aadc06d\",\"name\":\"ulqini\",\"sameAs\":[\"http:\/\/www.visit-ulcinj.com\"],\"url\":\"https:\/\/www.visit-ulcinj.com\/blog\/author\/admin\/\"}]}<\/script>\n<!-- \/ Yoast SEO plugin. -->","yoast_head_json":{"title":"Reportazh\u00eb Video \"Ulqini\" noton ne Uj\u00eb - Lajme nga Ulqini","description":"Reshjet e shiut dhe era e forte ka shkaktuar probleme ne rrug\u00ebt e Ulqinit. Pamvarsisht investimeve te realizuara ne komunen e Ulqinit edhe kete vjesht\u00eb","robots":{"index":"index","follow":"follow","max-snippet":"max-snippet:-1","max-image-preview":"max-image-preview:large","max-video-preview":"max-video-preview:-1"},"canonical":"https:\/\/www.visit-ulcinj.com\/blog\/2013\/03\/15\/reportazhe-video-ulqini-noton-ne-uje\/","og_locale":"en_US","og_type":"article","og_title":"Reportazh\u00eb Video \"Ulqini\" noton ne Uj\u00eb - Lajme nga Ulqini","og_description":"Reshjet e shiut dhe era e forte ka shkaktuar probleme ne rrug\u00ebt e Ulqinit. Pamvarsisht investimeve te realizuara ne komunen e Ulqinit edhe kete vjesht\u00eb","og_url":"https:\/\/www.visit-ulcinj.com\/blog\/2013\/03\/15\/reportazhe-video-ulqini-noton-ne-uje\/","og_site_name":"Lajme nga Ulqini","article_published_time":"2013-03-15T19:53:23+00:00","article_modified_time":"2013-03-16T08:23:15+00:00","og_image":[{"url":"http:\/\/www.visit-ulcinj.com\/blog\/wp-content\/uploads\/2013\/03\/PERBYTJE-NE-ULQIN.jpg"}],"twitter_misc":{"Written by":"ulqini","Est. reading time":"2 minutes"},"schema":{"@context":"https:\/\/schema.org","@graph":[{"@type":"WebSite","@id":"https:\/\/www.visit-ulcinj.com\/blog\/#website","url":"https:\/\/www.visit-ulcinj.com\/blog\/","name":"Lajme nga Ulqini","description":"Lajme,Vijesti,Ulqini,Ulqin,Crna Gora,Mali i Zi","potentialAction":[{"@type":"SearchAction","target":{"@type":"EntryPoint","urlTemplate":"https:\/\/www.visit-ulcinj.com\/blog\/?s={search_term_string}"},"query-input":"required name=search_term_string"}],"inLanguage":"en-US"},{"@type":"ImageObject","inLanguage":"en-US","@id":"https:\/\/www.visit-ulcinj.com\/blog\/2013\/03\/15\/reportazhe-video-ulqini-noton-ne-uje\/#primaryimage","url":"https:\/\/www.visit-ulcinj.com\/blog\/wp-content\/uploads\/2013\/03\/PERBYTJE-NE-ULQIN.jpg","contentUrl":"https:\/\/www.visit-ulcinj.com\/blog\/wp-content\/uploads\/2013\/03\/PERBYTJE-NE-ULQIN.jpg","width":960,"height":720},{"@type":"WebPage","@id":"https:\/\/www.visit-ulcinj.com\/blog\/2013\/03\/15\/reportazhe-video-ulqini-noton-ne-uje\/#webpage","url":"https:\/\/www.visit-ulcinj.com\/blog\/2013\/03\/15\/reportazhe-video-ulqini-noton-ne-uje\/","name":"Reportazh\u00eb Video \"Ulqini\" noton ne Uj\u00eb - Lajme nga Ulqini","isPartOf":{"@id":"https:\/\/www.visit-ulcinj.com\/blog\/#website"},"primaryImageOfPage":{"@id":"https:\/\/www.visit-ulcinj.com\/blog\/2013\/03\/15\/reportazhe-video-ulqini-noton-ne-uje\/#primaryimage"},"datePublished":"2013-03-15T19:53:23+00:00","dateModified":"2013-03-16T08:23:15+00:00","author":{"@id":"https:\/\/www.visit-ulcinj.com\/blog\/#\/schema\/person\/dcab619c614d3038751c63bc2aadc06d"},"description":"Reshjet e shiut dhe era e forte ka shkaktuar probleme ne rrug\u00ebt e Ulqinit. Pamvarsisht investimeve te realizuara ne komunen e Ulqinit edhe kete vjesht\u00eb","breadcrumb":{"@id":"https:\/\/www.visit-ulcinj.com\/blog\/2013\/03\/15\/reportazhe-video-ulqini-noton-ne-uje\/#breadcrumb"},"inLanguage":"en-US","potentialAction":[{"@type":"ReadAction","target":["https:\/\/www.visit-ulcinj.com\/blog\/2013\/03\/15\/reportazhe-video-ulqini-noton-ne-uje\/"]}]},{"@type":"BreadcrumbList","@id":"https:\/\/www.visit-ulcinj.com\/blog\/2013\/03\/15\/reportazhe-video-ulqini-noton-ne-uje\/#breadcrumb","itemListElement":[{"@type":"ListItem","position":1,"name":"Reportazh\u00eb Video &#8220;Ulqini&#8221; noton ne Uj\u00eb"}]},{"@type":"Person","@id":"https:\/\/www.visit-ulcinj.com\/blog\/#\/schema\/person\/dcab619c614d3038751c63bc2aadc06d","name":"ulqini","sameAs":["http:\/\/www.visit-ulcinj.com"],"url":"https:\/\/www.visit-ulcinj.com\/blog\/author\/admin\/"}]}},"jetpack_featured_media_url":"","jetpack_sharing_enabled":true,"jetpack_shortlink":"https:\/\/wp.me\/pe6lTn-i5Y","_links":{"self":[{"href":"https:\/\/www.visit-ulcinj.com\/blog\/wp-json\/wp\/v2\/posts\/69562"}],"collection":[{"href":"https:\/\/www.visit-ulcinj.com\/blog\/wp-json\/wp\/v2\/posts"}],"about":[{"href":"https:\/\/www.visit-ulcinj.com\/blog\/wp-json\/wp\/v2\/types\/post"}],"author":[{"embeddable":true,"href":"https:\/\/www.visit-ulcinj.com\/blog\/wp-json\/wp\/v2\/users\/1"}],"replies":[{"embeddable":true,"href":"https:\/\/www.visit-ulcinj.com\/blog\/wp-json\/wp\/v2\/comments?post=69562"}],"version-history":[{"count":11,"href":"https:\/\/www.visit-ulcinj.com\/blog\/wp-json\/wp\/v2\/posts\/69562\/revisions"}],"predecessor-version":[{"id":69644,"href":"https:\/\/www.visit-ulcinj.com\/blog\/wp-json\/wp\/v2\/posts\/69562\/revisions\/69644"}],"wp:attachment":[{"href":"https:\/\/www.visit-ulcinj.com\/blog\/wp-json\/wp\/v2\/media?parent=69562"}],"wp:term":[{"taxonomy":"category","embeddable":true,"href":"https:\/\/www.visit-ulcinj.com\/blog\/wp-json\/wp\/v2\/categories?post=69562"},{"taxonomy":"post_tag","embeddable":true,"href":"https:\/\/www.visit-ulcinj.com\/blog\/wp-json\/wp\/v2\/tags?post=69562"}],"curies":[{"name":"wp","href":"https:\/\/api.w.org\/{rel}","templated":true}]}}