{"id":6958,"date":"2008-12-07T18:30:21","date_gmt":"2008-12-07T17:30:21","guid":{"rendered":"http:\/\/www.visit-ulcinj.com\/blog\/?p=6958"},"modified":"2008-12-07T19:15:45","modified_gmt":"2008-12-07T18:15:45","slug":"robert-belushi-djali-i-dinastise-mberrin-ne-tirane","status":"publish","type":"post","link":"https:\/\/www.visit-ulcinj.com\/blog\/2008\/12\/07\/robert-belushi-djali-i-dinastise-mberrin-ne-tirane\/","title":{"rendered":"Robert Belushi, djali i dinastis\u00eb mb\u00ebrrin n\u00eb Tiran\u00eb"},"content":{"rendered":"<p><a href=\"http:\/\/www.visit-ulcinj.com\/blog\/wp-content\/uploads\/2008\/12\/robert-belushi_james-belushi.jpg\"><img loading=\"lazy\" class=\"alignleft size-medium wp-image-6959\" title=\"robert-belushi_james-belushi\" src=\"http:\/\/www.visit-ulcinj.com\/blog\/wp-content\/uploads\/2008\/12\/robert-belushi_james-belushi-300x195.jpg\" alt=\"\" width=\"300\" height=\"195\" \/><\/a>Si i ati dhe i biri! \u00cbsht\u00eb rasti i Robert Belushit, djalit te James Belushit. Edhe ai ka ndjekur rrug\u00ebn e kinematografis\u00eb. I ardhur n\u00eb Shqip\u00ebri p\u00ebr t\u00eb dyt\u00ebn her\u00eb pas thuajse 14 vjet\u00ebsh, tashm\u00eb Robert vjen n\u00eb cil\u00ebsin\u00eb e aktorit, n\u00eb filmin \u201cP\u00ebrk\u00ebdheljet e Zimit\u201c, pjesemarr\u00ebs n\u00eb Festivalin Nd\u00ebrkomb\u00ebtar t\u00eb Filmit t\u00eb Shkurt\u00ebr q\u00eb po mbahet k\u00ebto dit\u00eb n\u00eb Tiran\u00eb.<br \/>\n\u201cJam i kenaqur q\u00eb jam k\u00ebtu p\u00ebr festivalin. \u00cbsht\u00eb nj\u00eb event kulturor shum\u00eb i r\u00ebnd\u00ebsish\u00ebm zhvillimi i nj\u00eb festivali nd\u00ebrkomb\u00ebtar t\u00eb filmit. Kinematografia \u00ebsht\u00eb mjeti q\u00eb perdor nj\u00eb gjuh\u00eb shum\u00eb demokratike n\u00eb t\u00eb gjith\u00eb bot\u00ebn\u201d, shprehet Belushi.<br \/>\nPara se t\u00eb niste aktrimin, Robert Belushi ka studiuar p\u00ebr regjisur\u00eb. \u201cFillimisht mendoja t\u00eb b\u00ebhesha regjisor. Frekuentova nj\u00eb shkoll\u00eb p\u00ebr filma. Fillova t\u00eb aktroj pasi u largova nga sht\u00ebpia e tim eti dhe nisa t\u00eb jetoja vet\u00ebm. Kam bere disa filma dhe shum\u00eb teatre. Tani q\u00eb merrem me aktrim kam edhe m\u00eb shum\u00eb gj\u00ebra t\u00eb p\u00ebrbashk\u00ebta p\u00ebr t\u00eb folur me tim at\u00eb\u201d, vijoi pasardh\u00ebsi i dinastis\u00eb me origjin\u00eb shqiptare.<br \/>\nN\u00eb fakt kan\u00eb nj\u00eb raport t\u00eb ve\u00e7ant\u00eb at\u00eb e bir. Robert tregoi per bisedat e tyre mbi origjin\u00ebn shqiptare dhe shakat\u00eb e t\u00eb atit. \u201cM\u00eb flet shum\u00eb p\u00ebr prejardhjen ton\u00eb shqiptare. P\u00ebr paraardhesit tan\u00eb. Ndonj\u00ebher\u00eb b\u00ebn shaka dhe thot\u00eb se \u00ebsht\u00eb rom. Ai punon shum\u00eb. Un\u00eb mendoj se shqiptar\u00ebt n\u00eb p\u00ebrgjith\u00ebsi jan\u00eb popull pun\u00ebtor dhe kjo duket edhe tek im at\u00eb. \u00cbsht\u00eb njeriu m\u00eb pun\u00ebtor q\u00eb njoh. Ai \u00ebsht\u00eb im at\u00eb. \u00cbsht\u00eb heroi im\u201d, shton Robert.<br \/>\nMe nj\u00eb sens t\u00eb holl\u00eb humori q\u00eb e karakterizoi gjat\u00eb gjith\u00eb intervist\u00ebs, Robert Belushi rr\u00ebfeu si e sheh ai Shqip\u00ebrine dhe lidhjen me tok\u00ebn e paraardh\u00ebsve t\u00eb tij. \u201cKam qen\u00eb k\u00ebtu para 14 vjet\u00ebsh. Ndon\u00ebse me gjat\u00ebsi kam mbetur nj\u00ebsoj si at\u00ebher\u00eb, jam rritur dhe i p\u00ebrceptoj gj\u00ebrat ndryshe. Shqip\u00ebria \u00ebsht\u00eb m\u00eb e zhvilluar, m\u00eb moderne. Tirana m\u00eb duket madje edhe m\u00eb e madhe se dikur\u201d, perfundon ai.<br \/>\n<strong>Top Channel<\/strong><\/p>\n<!--YouTube Error: bad URL entered-->\n","protected":false},"excerpt":{"rendered":"<p>Si i ati dhe i biri! \u00cbsht\u00eb rasti i Robert Belushit, djalit te James Belushit. Edhe ai ka ndjekur rrug\u00ebn e kinematografis\u00eb. I ardhur n\u00eb Shqip\u00ebri p\u00ebr t\u00eb dyt\u00ebn her\u00eb pas thuajse 14 vjet\u00ebsh, tashm\u00eb Robert vjen n\u00eb cil\u00ebsin\u00eb e aktorit, n\u00eb filmin \u201cP\u00ebrk\u00ebdheljet e Zimit\u201c, pjesemarr\u00ebs n\u00eb Festivalin Nd\u00ebrkomb\u00ebtar t\u00eb Filmit t\u00eb Shkurt\u00ebr q\u00eb [&hellip;]<\/p>\n","protected":false},"author":1,"featured_media":0,"comment_status":"open","ping_status":"closed","sticky":false,"template":"","format":"standard","meta":{"spay_email":"","jetpack_publicize_message":"","jetpack_is_tweetstorm":false,"jetpack_publicize_feature_enabled":true},"categories":[1],"tags":[5012,5175],"jetpack_publicize_connections":[],"yoast_head":"<!-- This site is optimized with the Yoast SEO plugin v19.1 - https:\/\/yoast.com\/wordpress\/plugins\/seo\/ -->\n<title>Robert Belushi, djali i dinastis\u00eb mb\u00ebrrin n\u00eb Tiran\u00eb - Lajme nga Ulqini<\/title>\n<meta name=\"description\" content=\"Si i ati dhe i biri! \u00cbsht\u00eb rasti i Robert Belushit, djalit te James Belushit. Edhe ai ka ndjekur rrug\u00ebn e kinematografis\u00eb. I ardhur n\u00eb Shqip\u00ebri p\u00ebr t\u00eb\" \/>\n<meta name=\"robots\" content=\"index, follow, max-snippet:-1, max-image-preview:large, max-video-preview:-1\" \/>\n<link rel=\"canonical\" href=\"https:\/\/www.visit-ulcinj.com\/blog\/2008\/12\/07\/robert-belushi-djali-i-dinastise-mberrin-ne-tirane\/\" \/>\n<meta property=\"og:locale\" content=\"en_US\" \/>\n<meta property=\"og:type\" content=\"article\" \/>\n<meta property=\"og:title\" content=\"Robert Belushi, djali i dinastis\u00eb mb\u00ebrrin n\u00eb Tiran\u00eb - Lajme nga Ulqini\" \/>\n<meta property=\"og:description\" content=\"Si i ati dhe i biri! \u00cbsht\u00eb rasti i Robert Belushit, djalit te James Belushit. Edhe ai ka ndjekur rrug\u00ebn e kinematografis\u00eb. I ardhur n\u00eb Shqip\u00ebri p\u00ebr t\u00eb\" \/>\n<meta property=\"og:url\" content=\"https:\/\/www.visit-ulcinj.com\/blog\/2008\/12\/07\/robert-belushi-djali-i-dinastise-mberrin-ne-tirane\/\" \/>\n<meta property=\"og:site_name\" content=\"Lajme nga Ulqini\" \/>\n<meta property=\"article:published_time\" content=\"2008-12-07T17:30:21+00:00\" \/>\n<meta property=\"article:modified_time\" content=\"2008-12-07T18:15:45+00:00\" \/>\n<meta property=\"og:image\" content=\"http:\/\/www.visit-ulcinj.com\/blog\/wp-content\/uploads\/2008\/12\/robert-belushi_james-belushi-300x195.jpg\" \/>\n<meta name=\"twitter:label1\" content=\"Written by\" \/>\n\t<meta name=\"twitter:data1\" content=\"ulqini\" \/>\n\t<meta name=\"twitter:label2\" content=\"Est. reading time\" \/>\n\t<meta name=\"twitter:data2\" content=\"2 minutes\" \/>\n<script type=\"application\/ld+json\" class=\"yoast-schema-graph\">{\"@context\":\"https:\/\/schema.org\",\"@graph\":[{\"@type\":\"WebSite\",\"@id\":\"https:\/\/www.visit-ulcinj.com\/blog\/#website\",\"url\":\"https:\/\/www.visit-ulcinj.com\/blog\/\",\"name\":\"Lajme nga Ulqini\",\"description\":\"Lajme,Vijesti,Ulqini,Ulqin,Crna Gora,Mali i Zi\",\"potentialAction\":[{\"@type\":\"SearchAction\",\"target\":{\"@type\":\"EntryPoint\",\"urlTemplate\":\"https:\/\/www.visit-ulcinj.com\/blog\/?s={search_term_string}\"},\"query-input\":\"required name=search_term_string\"}],\"inLanguage\":\"en-US\"},{\"@type\":\"ImageObject\",\"inLanguage\":\"en-US\",\"@id\":\"https:\/\/www.visit-ulcinj.com\/blog\/2008\/12\/07\/robert-belushi-djali-i-dinastise-mberrin-ne-tirane\/#primaryimage\",\"url\":\"http:\/\/www.visit-ulcinj.com\/blog\/wp-content\/uploads\/2008\/12\/robert-belushi_james-belushi-300x195.jpg\",\"contentUrl\":\"http:\/\/www.visit-ulcinj.com\/blog\/wp-content\/uploads\/2008\/12\/robert-belushi_james-belushi-300x195.jpg\"},{\"@type\":\"WebPage\",\"@id\":\"https:\/\/www.visit-ulcinj.com\/blog\/2008\/12\/07\/robert-belushi-djali-i-dinastise-mberrin-ne-tirane\/#webpage\",\"url\":\"https:\/\/www.visit-ulcinj.com\/blog\/2008\/12\/07\/robert-belushi-djali-i-dinastise-mberrin-ne-tirane\/\",\"name\":\"Robert Belushi, djali i dinastis\u00eb mb\u00ebrrin n\u00eb Tiran\u00eb - Lajme nga Ulqini\",\"isPartOf\":{\"@id\":\"https:\/\/www.visit-ulcinj.com\/blog\/#website\"},\"primaryImageOfPage\":{\"@id\":\"https:\/\/www.visit-ulcinj.com\/blog\/2008\/12\/07\/robert-belushi-djali-i-dinastise-mberrin-ne-tirane\/#primaryimage\"},\"datePublished\":\"2008-12-07T17:30:21+00:00\",\"dateModified\":\"2008-12-07T18:15:45+00:00\",\"author\":{\"@id\":\"https:\/\/www.visit-ulcinj.com\/blog\/#\/schema\/person\/dcab619c614d3038751c63bc2aadc06d\"},\"description\":\"Si i ati dhe i biri! \u00cbsht\u00eb rasti i Robert Belushit, djalit te James Belushit. Edhe ai ka ndjekur rrug\u00ebn e kinematografis\u00eb. I ardhur n\u00eb Shqip\u00ebri p\u00ebr t\u00eb\",\"breadcrumb\":{\"@id\":\"https:\/\/www.visit-ulcinj.com\/blog\/2008\/12\/07\/robert-belushi-djali-i-dinastise-mberrin-ne-tirane\/#breadcrumb\"},\"inLanguage\":\"en-US\",\"potentialAction\":[{\"@type\":\"ReadAction\",\"target\":[\"https:\/\/www.visit-ulcinj.com\/blog\/2008\/12\/07\/robert-belushi-djali-i-dinastise-mberrin-ne-tirane\/\"]}]},{\"@type\":\"BreadcrumbList\",\"@id\":\"https:\/\/www.visit-ulcinj.com\/blog\/2008\/12\/07\/robert-belushi-djali-i-dinastise-mberrin-ne-tirane\/#breadcrumb\",\"itemListElement\":[{\"@type\":\"ListItem\",\"position\":1,\"name\":\"Robert Belushi, djali i dinastis\u00eb mb\u00ebrrin n\u00eb Tiran\u00eb\"}]},{\"@type\":\"Person\",\"@id\":\"https:\/\/www.visit-ulcinj.com\/blog\/#\/schema\/person\/dcab619c614d3038751c63bc2aadc06d\",\"name\":\"ulqini\",\"sameAs\":[\"http:\/\/www.visit-ulcinj.com\"],\"url\":\"https:\/\/www.visit-ulcinj.com\/blog\/author\/admin\/\"}]}<\/script>\n<!-- \/ Yoast SEO plugin. -->","yoast_head_json":{"title":"Robert Belushi, djali i dinastis\u00eb mb\u00ebrrin n\u00eb Tiran\u00eb - Lajme nga Ulqini","description":"Si i ati dhe i biri! \u00cbsht\u00eb rasti i Robert Belushit, djalit te James Belushit. Edhe ai ka ndjekur rrug\u00ebn e kinematografis\u00eb. I ardhur n\u00eb Shqip\u00ebri p\u00ebr t\u00eb","robots":{"index":"index","follow":"follow","max-snippet":"max-snippet:-1","max-image-preview":"max-image-preview:large","max-video-preview":"max-video-preview:-1"},"canonical":"https:\/\/www.visit-ulcinj.com\/blog\/2008\/12\/07\/robert-belushi-djali-i-dinastise-mberrin-ne-tirane\/","og_locale":"en_US","og_type":"article","og_title":"Robert Belushi, djali i dinastis\u00eb mb\u00ebrrin n\u00eb Tiran\u00eb - Lajme nga Ulqini","og_description":"Si i ati dhe i biri! \u00cbsht\u00eb rasti i Robert Belushit, djalit te James Belushit. Edhe ai ka ndjekur rrug\u00ebn e kinematografis\u00eb. I ardhur n\u00eb Shqip\u00ebri p\u00ebr t\u00eb","og_url":"https:\/\/www.visit-ulcinj.com\/blog\/2008\/12\/07\/robert-belushi-djali-i-dinastise-mberrin-ne-tirane\/","og_site_name":"Lajme nga Ulqini","article_published_time":"2008-12-07T17:30:21+00:00","article_modified_time":"2008-12-07T18:15:45+00:00","og_image":[{"url":"http:\/\/www.visit-ulcinj.com\/blog\/wp-content\/uploads\/2008\/12\/robert-belushi_james-belushi-300x195.jpg"}],"twitter_misc":{"Written by":"ulqini","Est. reading time":"2 minutes"},"schema":{"@context":"https:\/\/schema.org","@graph":[{"@type":"WebSite","@id":"https:\/\/www.visit-ulcinj.com\/blog\/#website","url":"https:\/\/www.visit-ulcinj.com\/blog\/","name":"Lajme nga Ulqini","description":"Lajme,Vijesti,Ulqini,Ulqin,Crna Gora,Mali i Zi","potentialAction":[{"@type":"SearchAction","target":{"@type":"EntryPoint","urlTemplate":"https:\/\/www.visit-ulcinj.com\/blog\/?s={search_term_string}"},"query-input":"required name=search_term_string"}],"inLanguage":"en-US"},{"@type":"ImageObject","inLanguage":"en-US","@id":"https:\/\/www.visit-ulcinj.com\/blog\/2008\/12\/07\/robert-belushi-djali-i-dinastise-mberrin-ne-tirane\/#primaryimage","url":"http:\/\/www.visit-ulcinj.com\/blog\/wp-content\/uploads\/2008\/12\/robert-belushi_james-belushi-300x195.jpg","contentUrl":"http:\/\/www.visit-ulcinj.com\/blog\/wp-content\/uploads\/2008\/12\/robert-belushi_james-belushi-300x195.jpg"},{"@type":"WebPage","@id":"https:\/\/www.visit-ulcinj.com\/blog\/2008\/12\/07\/robert-belushi-djali-i-dinastise-mberrin-ne-tirane\/#webpage","url":"https:\/\/www.visit-ulcinj.com\/blog\/2008\/12\/07\/robert-belushi-djali-i-dinastise-mberrin-ne-tirane\/","name":"Robert Belushi, djali i dinastis\u00eb mb\u00ebrrin n\u00eb Tiran\u00eb - Lajme nga Ulqini","isPartOf":{"@id":"https:\/\/www.visit-ulcinj.com\/blog\/#website"},"primaryImageOfPage":{"@id":"https:\/\/www.visit-ulcinj.com\/blog\/2008\/12\/07\/robert-belushi-djali-i-dinastise-mberrin-ne-tirane\/#primaryimage"},"datePublished":"2008-12-07T17:30:21+00:00","dateModified":"2008-12-07T18:15:45+00:00","author":{"@id":"https:\/\/www.visit-ulcinj.com\/blog\/#\/schema\/person\/dcab619c614d3038751c63bc2aadc06d"},"description":"Si i ati dhe i biri! \u00cbsht\u00eb rasti i Robert Belushit, djalit te James Belushit. Edhe ai ka ndjekur rrug\u00ebn e kinematografis\u00eb. I ardhur n\u00eb Shqip\u00ebri p\u00ebr t\u00eb","breadcrumb":{"@id":"https:\/\/www.visit-ulcinj.com\/blog\/2008\/12\/07\/robert-belushi-djali-i-dinastise-mberrin-ne-tirane\/#breadcrumb"},"inLanguage":"en-US","potentialAction":[{"@type":"ReadAction","target":["https:\/\/www.visit-ulcinj.com\/blog\/2008\/12\/07\/robert-belushi-djali-i-dinastise-mberrin-ne-tirane\/"]}]},{"@type":"BreadcrumbList","@id":"https:\/\/www.visit-ulcinj.com\/blog\/2008\/12\/07\/robert-belushi-djali-i-dinastise-mberrin-ne-tirane\/#breadcrumb","itemListElement":[{"@type":"ListItem","position":1,"name":"Robert Belushi, djali i dinastis\u00eb mb\u00ebrrin n\u00eb Tiran\u00eb"}]},{"@type":"Person","@id":"https:\/\/www.visit-ulcinj.com\/blog\/#\/schema\/person\/dcab619c614d3038751c63bc2aadc06d","name":"ulqini","sameAs":["http:\/\/www.visit-ulcinj.com"],"url":"https:\/\/www.visit-ulcinj.com\/blog\/author\/admin\/"}]}},"jetpack_featured_media_url":"","jetpack_sharing_enabled":true,"jetpack_shortlink":"https:\/\/wp.me\/pe6lTn-1Oe","_links":{"self":[{"href":"https:\/\/www.visit-ulcinj.com\/blog\/wp-json\/wp\/v2\/posts\/6958"}],"collection":[{"href":"https:\/\/www.visit-ulcinj.com\/blog\/wp-json\/wp\/v2\/posts"}],"about":[{"href":"https:\/\/www.visit-ulcinj.com\/blog\/wp-json\/wp\/v2\/types\/post"}],"author":[{"embeddable":true,"href":"https:\/\/www.visit-ulcinj.com\/blog\/wp-json\/wp\/v2\/users\/1"}],"replies":[{"embeddable":true,"href":"https:\/\/www.visit-ulcinj.com\/blog\/wp-json\/wp\/v2\/comments?post=6958"}],"version-history":[{"count":0,"href":"https:\/\/www.visit-ulcinj.com\/blog\/wp-json\/wp\/v2\/posts\/6958\/revisions"}],"wp:attachment":[{"href":"https:\/\/www.visit-ulcinj.com\/blog\/wp-json\/wp\/v2\/media?parent=6958"}],"wp:term":[{"taxonomy":"category","embeddable":true,"href":"https:\/\/www.visit-ulcinj.com\/blog\/wp-json\/wp\/v2\/categories?post=6958"},{"taxonomy":"post_tag","embeddable":true,"href":"https:\/\/www.visit-ulcinj.com\/blog\/wp-json\/wp\/v2\/tags?post=6958"}],"curies":[{"name":"wp","href":"https:\/\/api.w.org\/{rel}","templated":true}]}}