{"id":69588,"date":"2013-03-15T22:32:50","date_gmt":"2013-03-15T21:32:50","guid":{"rendered":"http:\/\/www.visit-ulcinj.com\/blog\/?p=69588"},"modified":"2013-03-15T22:32:50","modified_gmt":"2013-03-15T21:32:50","slug":"rrezart-cungu-fitues-i-turneut-ne-kroaci","status":"publish","type":"post","link":"https:\/\/www.visit-ulcinj.com\/blog\/2013\/03\/15\/rrezart-cungu-fitues-i-turneut-ne-kroaci\/","title":{"rendered":"Rrezart Cungu fitues i turneut ne Kroaci"},"content":{"rendered":"<p>Federata e tenisit n\u00eb Kroaci organizoj turneun t\u00eb kategoris 16 vje\u00e7ar n\u00eb Ogulin.<\/p>\n<p>Nga Mali i Zi morr\u00ebn pjes Rrezart Cungu nga Ulqini dhe Maksim Miqkoviq nga Nikshiqi.<\/p>\n<p>Rrezarti n\u00eb xhiron e par\u00eb u takua me Marko Shushanj. Rrezarti fitoj me rezultatin 6:0 6:1.<\/p>\n<p>N\u00eb \u00e7erek-finale u taku me Dominik Horvat. Rrezarti triumfoj p\u00ebrs\u00ebri me t\u00eb nj\u00ebjtin rezultat (6:0 6:1).<\/p>\n<p>Me Filip Shepiq u takua n\u00eb gjys\u00ebm-finale. Djaloshi nga ulqini e befasoj kroatin me rezultatin 6:0 6:0.<br \/>\n<a href=\"http:\/\/www.visit-ulcinj.com\/blog\/wp-content\/uploads\/2013\/03\/Rrezart-Cungu-fitues-i-turneut-ne-Kroaci.jpg\"><img loading=\"lazy\" class=\"alignleft size-full wp-image-69589\" alt=\"Rrezart Cungu fitues i turneut ne Kroaci\" src=\"http:\/\/www.visit-ulcinj.com\/blog\/wp-content\/uploads\/2013\/03\/Rrezart-Cungu-fitues-i-turneut-ne-Kroaci.jpg\" width=\"508\" height=\"600\" \/><\/a><\/p>\n<p>Kund\u00ebrshtari i Rrezartit n\u00eb finale ishte Luka Veseliq. Rrezarit fitoj me rezultatin 6:1 6:1 dhe u shpall fitues i tureut.<\/p>\n<p>Maksim Miqkoviqit i takoj vendi i tret ne k\u00ebt\u00eb turnej.<\/p>\n<p>Federata e tenisit n\u00eb Kroaci \u00ebsht\u00eb e k\u00ebnaqur me lojen dhe rezultatet e Rrezartit. Prandaj vendos\u00ebn q\u00eb Rrezartit t\u2019ja japin \u2018\u2019Wild Card\u2019\u2019 p\u00ebr turneun e kategoris \u2018\u2019Future\u2019\u2019. N\u00ebse Rrezarti do t\u00eb k\u00ebt\u00eb sukses n\u00eb k\u00ebt\u00eb turnej, ather do t\u00eb fitoj pik\u00ebt ATP dhe do t\u00eb r\u00ebnditet n\u00eb rank-listen ATP, n\u00eb t\u00eb cil\u00ebn r\u00ebnditen t\u00ebgjith tenist\u00ebt m\u00eb t\u00eb mir, si\u00e7 jan Roxher Federer, Novak Gjokoviq, Rafel Nadal etj.<\/p>\n<p><strong>Tk Bellevue<\/strong><\/p>\n","protected":false},"excerpt":{"rendered":"<p>Federata e tenisit n\u00eb Kroaci organizoj turneun t\u00eb kategoris 16 vje\u00e7ar n\u00eb Ogulin. Nga Mali i Zi morr\u00ebn pjes Rrezart Cungu nga Ulqini dhe Maksim Miqkoviq nga Nikshiqi. Rrezarti n\u00eb xhiron e par\u00eb u takua me Marko Shushanj. Rrezarti fitoj me rezultatin 6:0 6:1. N\u00eb \u00e7erek-finale u taku me Dominik Horvat. Rrezarti triumfoj p\u00ebrs\u00ebri me [&hellip;]<\/p>\n","protected":false},"author":1,"featured_media":0,"comment_status":"open","ping_status":"closed","sticky":false,"template":"","format":"standard","meta":{"spay_email":"","jetpack_publicize_message":"","jetpack_is_tweetstorm":false,"jetpack_publicize_feature_enabled":true},"categories":[3],"tags":[14441,200],"jetpack_publicize_connections":[],"yoast_head":"<!-- This site is optimized with the Yoast SEO plugin v19.1 - https:\/\/yoast.com\/wordpress\/plugins\/seo\/ -->\n<title>Rrezart Cungu fitues i turneut ne Kroaci - Lajme nga Ulqini<\/title>\n<meta name=\"description\" content=\"Federata e tenisit n\u00eb Kroaci organizoj turneun t\u00eb kategoris 16 vje\u00e7ar n\u00eb Ogulin. Nga Mali i Zi morr\u00ebn pjes Rrezart Cungu nga Ulqini dhe Maksim Miqkoviq\" \/>\n<meta name=\"robots\" content=\"index, follow, max-snippet:-1, max-image-preview:large, max-video-preview:-1\" \/>\n<link rel=\"canonical\" href=\"https:\/\/www.visit-ulcinj.com\/blog\/2013\/03\/15\/rrezart-cungu-fitues-i-turneut-ne-kroaci\/\" \/>\n<meta property=\"og:locale\" content=\"en_US\" \/>\n<meta property=\"og:type\" content=\"article\" \/>\n<meta property=\"og:title\" content=\"Rrezart Cungu fitues i turneut ne Kroaci - Lajme nga Ulqini\" \/>\n<meta property=\"og:description\" content=\"Federata e tenisit n\u00eb Kroaci organizoj turneun t\u00eb kategoris 16 vje\u00e7ar n\u00eb Ogulin. Nga Mali i Zi morr\u00ebn pjes Rrezart Cungu nga Ulqini dhe Maksim Miqkoviq\" \/>\n<meta property=\"og:url\" content=\"https:\/\/www.visit-ulcinj.com\/blog\/2013\/03\/15\/rrezart-cungu-fitues-i-turneut-ne-kroaci\/\" \/>\n<meta property=\"og:site_name\" content=\"Lajme nga Ulqini\" \/>\n<meta property=\"article:published_time\" content=\"2013-03-15T21:32:50+00:00\" \/>\n<meta property=\"og:image\" content=\"http:\/\/www.visit-ulcinj.com\/blog\/wp-content\/uploads\/2013\/03\/Rrezart-Cungu-fitues-i-turneut-ne-Kroaci.jpg\" \/>\n<meta name=\"twitter:label1\" content=\"Written by\" \/>\n\t<meta name=\"twitter:data1\" content=\"ulqini\" \/>\n\t<meta name=\"twitter:label2\" content=\"Est. reading time\" \/>\n\t<meta name=\"twitter:data2\" content=\"1 minute\" \/>\n<script type=\"application\/ld+json\" class=\"yoast-schema-graph\">{\"@context\":\"https:\/\/schema.org\",\"@graph\":[{\"@type\":\"WebSite\",\"@id\":\"https:\/\/www.visit-ulcinj.com\/blog\/#website\",\"url\":\"https:\/\/www.visit-ulcinj.com\/blog\/\",\"name\":\"Lajme nga Ulqini\",\"description\":\"Lajme,Vijesti,Ulqini,Ulqin,Crna Gora,Mali i Zi\",\"potentialAction\":[{\"@type\":\"SearchAction\",\"target\":{\"@type\":\"EntryPoint\",\"urlTemplate\":\"https:\/\/www.visit-ulcinj.com\/blog\/?s={search_term_string}\"},\"query-input\":\"required name=search_term_string\"}],\"inLanguage\":\"en-US\"},{\"@type\":\"ImageObject\",\"inLanguage\":\"en-US\",\"@id\":\"https:\/\/www.visit-ulcinj.com\/blog\/2013\/03\/15\/rrezart-cungu-fitues-i-turneut-ne-kroaci\/#primaryimage\",\"url\":\"https:\/\/www.visit-ulcinj.com\/blog\/wp-content\/uploads\/2013\/03\/Rrezart-Cungu-fitues-i-turneut-ne-Kroaci.jpg\",\"contentUrl\":\"https:\/\/www.visit-ulcinj.com\/blog\/wp-content\/uploads\/2013\/03\/Rrezart-Cungu-fitues-i-turneut-ne-Kroaci.jpg\",\"width\":574,\"height\":960},{\"@type\":\"WebPage\",\"@id\":\"https:\/\/www.visit-ulcinj.com\/blog\/2013\/03\/15\/rrezart-cungu-fitues-i-turneut-ne-kroaci\/#webpage\",\"url\":\"https:\/\/www.visit-ulcinj.com\/blog\/2013\/03\/15\/rrezart-cungu-fitues-i-turneut-ne-kroaci\/\",\"name\":\"Rrezart Cungu fitues i turneut ne Kroaci - Lajme nga Ulqini\",\"isPartOf\":{\"@id\":\"https:\/\/www.visit-ulcinj.com\/blog\/#website\"},\"primaryImageOfPage\":{\"@id\":\"https:\/\/www.visit-ulcinj.com\/blog\/2013\/03\/15\/rrezart-cungu-fitues-i-turneut-ne-kroaci\/#primaryimage\"},\"datePublished\":\"2013-03-15T21:32:50+00:00\",\"dateModified\":\"2013-03-15T21:32:50+00:00\",\"author\":{\"@id\":\"https:\/\/www.visit-ulcinj.com\/blog\/#\/schema\/person\/dcab619c614d3038751c63bc2aadc06d\"},\"description\":\"Federata e tenisit n\u00eb Kroaci organizoj turneun t\u00eb kategoris 16 vje\u00e7ar n\u00eb Ogulin. Nga Mali i Zi morr\u00ebn pjes Rrezart Cungu nga Ulqini dhe Maksim Miqkoviq\",\"breadcrumb\":{\"@id\":\"https:\/\/www.visit-ulcinj.com\/blog\/2013\/03\/15\/rrezart-cungu-fitues-i-turneut-ne-kroaci\/#breadcrumb\"},\"inLanguage\":\"en-US\",\"potentialAction\":[{\"@type\":\"ReadAction\",\"target\":[\"https:\/\/www.visit-ulcinj.com\/blog\/2013\/03\/15\/rrezart-cungu-fitues-i-turneut-ne-kroaci\/\"]}]},{\"@type\":\"BreadcrumbList\",\"@id\":\"https:\/\/www.visit-ulcinj.com\/blog\/2013\/03\/15\/rrezart-cungu-fitues-i-turneut-ne-kroaci\/#breadcrumb\",\"itemListElement\":[{\"@type\":\"ListItem\",\"position\":1,\"name\":\"Rrezart Cungu fitues i turneut ne Kroaci\"}]},{\"@type\":\"Person\",\"@id\":\"https:\/\/www.visit-ulcinj.com\/blog\/#\/schema\/person\/dcab619c614d3038751c63bc2aadc06d\",\"name\":\"ulqini\",\"sameAs\":[\"http:\/\/www.visit-ulcinj.com\"],\"url\":\"https:\/\/www.visit-ulcinj.com\/blog\/author\/admin\/\"}]}<\/script>\n<!-- \/ Yoast SEO plugin. -->","yoast_head_json":{"title":"Rrezart Cungu fitues i turneut ne Kroaci - Lajme nga Ulqini","description":"Federata e tenisit n\u00eb Kroaci organizoj turneun t\u00eb kategoris 16 vje\u00e7ar n\u00eb Ogulin. Nga Mali i Zi morr\u00ebn pjes Rrezart Cungu nga Ulqini dhe Maksim Miqkoviq","robots":{"index":"index","follow":"follow","max-snippet":"max-snippet:-1","max-image-preview":"max-image-preview:large","max-video-preview":"max-video-preview:-1"},"canonical":"https:\/\/www.visit-ulcinj.com\/blog\/2013\/03\/15\/rrezart-cungu-fitues-i-turneut-ne-kroaci\/","og_locale":"en_US","og_type":"article","og_title":"Rrezart Cungu fitues i turneut ne Kroaci - Lajme nga Ulqini","og_description":"Federata e tenisit n\u00eb Kroaci organizoj turneun t\u00eb kategoris 16 vje\u00e7ar n\u00eb Ogulin. Nga Mali i Zi morr\u00ebn pjes Rrezart Cungu nga Ulqini dhe Maksim Miqkoviq","og_url":"https:\/\/www.visit-ulcinj.com\/blog\/2013\/03\/15\/rrezart-cungu-fitues-i-turneut-ne-kroaci\/","og_site_name":"Lajme nga Ulqini","article_published_time":"2013-03-15T21:32:50+00:00","og_image":[{"url":"http:\/\/www.visit-ulcinj.com\/blog\/wp-content\/uploads\/2013\/03\/Rrezart-Cungu-fitues-i-turneut-ne-Kroaci.jpg"}],"twitter_misc":{"Written by":"ulqini","Est. reading time":"1 minute"},"schema":{"@context":"https:\/\/schema.org","@graph":[{"@type":"WebSite","@id":"https:\/\/www.visit-ulcinj.com\/blog\/#website","url":"https:\/\/www.visit-ulcinj.com\/blog\/","name":"Lajme nga Ulqini","description":"Lajme,Vijesti,Ulqini,Ulqin,Crna Gora,Mali i Zi","potentialAction":[{"@type":"SearchAction","target":{"@type":"EntryPoint","urlTemplate":"https:\/\/www.visit-ulcinj.com\/blog\/?s={search_term_string}"},"query-input":"required name=search_term_string"}],"inLanguage":"en-US"},{"@type":"ImageObject","inLanguage":"en-US","@id":"https:\/\/www.visit-ulcinj.com\/blog\/2013\/03\/15\/rrezart-cungu-fitues-i-turneut-ne-kroaci\/#primaryimage","url":"https:\/\/www.visit-ulcinj.com\/blog\/wp-content\/uploads\/2013\/03\/Rrezart-Cungu-fitues-i-turneut-ne-Kroaci.jpg","contentUrl":"https:\/\/www.visit-ulcinj.com\/blog\/wp-content\/uploads\/2013\/03\/Rrezart-Cungu-fitues-i-turneut-ne-Kroaci.jpg","width":574,"height":960},{"@type":"WebPage","@id":"https:\/\/www.visit-ulcinj.com\/blog\/2013\/03\/15\/rrezart-cungu-fitues-i-turneut-ne-kroaci\/#webpage","url":"https:\/\/www.visit-ulcinj.com\/blog\/2013\/03\/15\/rrezart-cungu-fitues-i-turneut-ne-kroaci\/","name":"Rrezart Cungu fitues i turneut ne Kroaci - Lajme nga Ulqini","isPartOf":{"@id":"https:\/\/www.visit-ulcinj.com\/blog\/#website"},"primaryImageOfPage":{"@id":"https:\/\/www.visit-ulcinj.com\/blog\/2013\/03\/15\/rrezart-cungu-fitues-i-turneut-ne-kroaci\/#primaryimage"},"datePublished":"2013-03-15T21:32:50+00:00","dateModified":"2013-03-15T21:32:50+00:00","author":{"@id":"https:\/\/www.visit-ulcinj.com\/blog\/#\/schema\/person\/dcab619c614d3038751c63bc2aadc06d"},"description":"Federata e tenisit n\u00eb Kroaci organizoj turneun t\u00eb kategoris 16 vje\u00e7ar n\u00eb Ogulin. Nga Mali i Zi morr\u00ebn pjes Rrezart Cungu nga Ulqini dhe Maksim Miqkoviq","breadcrumb":{"@id":"https:\/\/www.visit-ulcinj.com\/blog\/2013\/03\/15\/rrezart-cungu-fitues-i-turneut-ne-kroaci\/#breadcrumb"},"inLanguage":"en-US","potentialAction":[{"@type":"ReadAction","target":["https:\/\/www.visit-ulcinj.com\/blog\/2013\/03\/15\/rrezart-cungu-fitues-i-turneut-ne-kroaci\/"]}]},{"@type":"BreadcrumbList","@id":"https:\/\/www.visit-ulcinj.com\/blog\/2013\/03\/15\/rrezart-cungu-fitues-i-turneut-ne-kroaci\/#breadcrumb","itemListElement":[{"@type":"ListItem","position":1,"name":"Rrezart Cungu fitues i turneut ne Kroaci"}]},{"@type":"Person","@id":"https:\/\/www.visit-ulcinj.com\/blog\/#\/schema\/person\/dcab619c614d3038751c63bc2aadc06d","name":"ulqini","sameAs":["http:\/\/www.visit-ulcinj.com"],"url":"https:\/\/www.visit-ulcinj.com\/blog\/author\/admin\/"}]}},"jetpack_featured_media_url":"","jetpack_sharing_enabled":true,"jetpack_shortlink":"https:\/\/wp.me\/pe6lTn-i6o","_links":{"self":[{"href":"https:\/\/www.visit-ulcinj.com\/blog\/wp-json\/wp\/v2\/posts\/69588"}],"collection":[{"href":"https:\/\/www.visit-ulcinj.com\/blog\/wp-json\/wp\/v2\/posts"}],"about":[{"href":"https:\/\/www.visit-ulcinj.com\/blog\/wp-json\/wp\/v2\/types\/post"}],"author":[{"embeddable":true,"href":"https:\/\/www.visit-ulcinj.com\/blog\/wp-json\/wp\/v2\/users\/1"}],"replies":[{"embeddable":true,"href":"https:\/\/www.visit-ulcinj.com\/blog\/wp-json\/wp\/v2\/comments?post=69588"}],"version-history":[{"count":1,"href":"https:\/\/www.visit-ulcinj.com\/blog\/wp-json\/wp\/v2\/posts\/69588\/revisions"}],"predecessor-version":[{"id":69590,"href":"https:\/\/www.visit-ulcinj.com\/blog\/wp-json\/wp\/v2\/posts\/69588\/revisions\/69590"}],"wp:attachment":[{"href":"https:\/\/www.visit-ulcinj.com\/blog\/wp-json\/wp\/v2\/media?parent=69588"}],"wp:term":[{"taxonomy":"category","embeddable":true,"href":"https:\/\/www.visit-ulcinj.com\/blog\/wp-json\/wp\/v2\/categories?post=69588"},{"taxonomy":"post_tag","embeddable":true,"href":"https:\/\/www.visit-ulcinj.com\/blog\/wp-json\/wp\/v2\/tags?post=69588"}],"curies":[{"name":"wp","href":"https:\/\/api.w.org\/{rel}","templated":true}]}}