{"id":69591,"date":"2013-03-16T00:18:54","date_gmt":"2013-03-15T23:18:54","guid":{"rendered":"http:\/\/www.visit-ulcinj.com\/blog\/?p=69591"},"modified":"2013-03-16T00:18:54","modified_gmt":"2013-03-15T23:18:54","slug":"hajrullah-koliqi-portret-i-intelektualit-sime-dobreci","status":"publish","type":"post","link":"https:\/\/www.visit-ulcinj.com\/blog\/2013\/03\/16\/hajrullah-koliqi-portret-i-intelektualit-sime-dobreci\/","title":{"rendered":"Hajrullah Koliqi: Portret i intelektualit Sim\u00eb Dobreci"},"content":{"rendered":"<p><strong><a href=\"http:\/\/www.visit-ulcinj.com\/blog\/wp-content\/uploads\/2013\/03\/Sime-Dobreci-foto.jpg\"><img loading=\"lazy\" class=\"alignleft  wp-image-69592\" alt=\"Sime-Dobreci-foto\" src=\"http:\/\/www.visit-ulcinj.com\/blog\/wp-content\/uploads\/2013\/03\/Sime-Dobreci-foto.jpg\" width=\"350\" height=\"450\" \/><\/a>Portret i intelektualit Sim\u00eb Dobreci &#8211; Pinjolli atdhedash\u00ebs i Gjon Buzukut<\/strong><\/p>\n<p><strong>Nga Prof. dr. Hajrullah Koliqi<\/strong><\/p>\n<p>Lexoj revist\u00ebn \u201cBuzuku\u201d dhe menj\u00ebher\u00eb \u201cfluturoj\u201d n\u00eb: Shestan, Brisk dhe n\u00eb fshatra t\u00eb tjera t\u00eb Kraj\u00ebs, n\u00eb Ulqin, Tivar, Shkod\u00ebr\u2026Udh\u00ebtoj n\u00eb koh\u00eb, n\u00eb shekuj. Kujtoj dhe bashk\u00ebjetoj me: zanat e Rumis\u00eb, baladat, k\u00ebng\u00ebt, vallet, historin\u00eb, krajatat, me fate njer\u00ebzish t\u00eb N\u00ebnrumis\u00eb, me gjuh\u00ebn arb\u00ebrishte, me Gjon Buzukun\u2026 Atje edhe drur\u00ebt dhe gur\u00ebt sikur rr\u00ebfejn\u00eb di\u00e7ka.<\/p>\n<p>Z\u00ebrat e tyre gj\u00ebmojn\u00eb qysh prej shekujsh q\u00eb ik\u00ebn. Futem thell\u00eb n\u00eb rr\u00ebnj\u00ebt e t\u00eb par\u00ebve t\u00eb mi, n\u00eb Kraj\u00ebn e Shkodr\u00ebs, n\u00eb k\u00ebt\u00eb rezervat vlerash t\u00eb m\u00ebdha shpirt\u00ebrore, t\u00eb cilat sot jan\u00eb n\u00eb rrezik nga \u201cdh\u00ebmbi\u201d i koh\u00ebs, nga injoranca dhe tjet\u00ebrsimi i njer\u00ebzve, nga v\u00ebshtir\u00ebsit\u00eb e jet\u00ebs, ashtu si\u00e7 ishte n\u00eb rrezik shpirti dhe ideali i Buzukut n\u00eb shek. XVI.<\/p>\n<p>Shestani, Ljarja dhe fshatrat tjer\u00eb t\u00eb An\u00ebs s\u00eb Sip\u00ebrme t\u00eb Kraj\u00ebs u boshatis\u00ebn, u tjet\u00ebrsua identiteti etnik i shum\u00eb bij\u00ebve dhe bijave tyre. Friksh\u00ebm dhe me shpejt\u00ebsi u zvog\u00eblua dhe po zvog\u00eblohet edhe numri i banor\u00ebve t\u00eb An\u00ebs s\u00eb Poshtme. Por, edhe n\u00eb k\u00ebto rrethana, ka njer\u00ebz t\u00eb k\u00ebtyre an\u00ebve q\u00eb p\u00ebrpiqen t\u2019i ruajn\u00eb vlerat dhe shpirtin e brezave t\u00eb shkuar, ta ruajn\u00eb idealin e shqiptarizm\u00ebs, n\u00ebp\u00ebrmjet t\u00eb ndri\u00e7imit dhe afirmimit t\u00eb vlarave dhe modelit frym\u00ebzues t\u00eb t\u00eb par\u00ebve. At\u00eb e mbajn\u00eb t\u00eb gjall\u00eb pinjoll\u00ebt e tij, nd\u00ebr t\u00eb cil\u00ebt shquhet intelektuali dhe shkenc\u00ebtari atdhetar me rr\u00ebnj\u00eb nga Dobreci (Ljare) i kont\u00ebve t\u00eb Junkajve, prof. dr. Sim\u00eb Dobreci.<\/p>\n<p>Sim\u00eb Dobreci (lindur m\u00eb 1934, n\u00eb Bratic\u00eb t\u00eb Ulqinit), mjek i shquar dhe i nderuar n\u00eb Tivar, Ulqin dhe n\u00eb Prishtin\u00eb, doktor i shkencave t\u00eb mjek\u00ebsis\u00eb, profesor universiteti, autor tekstesh universitare dhe studimesh shkencore- profesionale, tani i pensionuar, sikur t\u00eb kujton Gjon Buzukun, idealin dhe p\u00ebrpjekjet e tij. Ndoshta edhe rr\u00ebnj\u00ebt i kan\u00eb t\u00eb p\u00ebrbashk\u00ebta N\u00eb k\u00ebto an\u00eb, Doktor Sima \u00ebsht\u00eb nj\u00eb majemali e lart\u00eb, e bardh\u00eb si bora e Rumis\u00eb. Trash\u00ebgoi dhe kultivoi, gjat\u00eb gjith\u00eb jet\u00ebs, dashuri t\u00eb ve\u00e7ant\u00eb p\u00ebr vendin dhe p\u00ebr kombin e vet. Emrin e ka Shqiptar, mbiemrin Njeri. \u00cbsht\u00eb shqiptar i mir\u00ebfillt\u00eb dhe altruist i madh, gjithnj\u00eb n\u00eb sh\u00ebrbim t\u00eb njer\u00ebzve, pa asnj\u00eb dallim. \u00cbsht\u00eb fisnik dhe zem\u00ebrbardh\u00eb. Nuk e ndan\u00eb fjal\u00ebn nga vepra.<\/p>\n<p><a href=\"http:\/\/www.visit-ulcinj.com\/blog\/wp-content\/uploads\/2013\/03\/Vizite-nga-Ulqini-Mesharit-t\u00eb-Gjon-Buzukut.2.jpg\"><img loading=\"lazy\" class=\"alignleft  wp-image-69593\" alt=\"Vizite-nga-Ulqini-Mesharit-t\u00eb-Gjon-Buzukut.2\" src=\"http:\/\/www.visit-ulcinj.com\/blog\/wp-content\/uploads\/2013\/03\/Vizite-nga-Ulqini-Mesharit-t\u00eb-Gjon-Buzukut.2.jpg\" width=\"508\" height=\"300\" \/><\/a><br \/>\nPor, Doktor Sim\u00ebs i dhemb shpirti i tij prej atdhetari, i dhemb shpirti p\u00ebr fatin e trevave st\u00ebrgjyshore, p\u00ebr gjakun dhe gjymtyr\u00ebt e shprishura t\u00eb bijve dhe bijave t\u00eb N\u00ebnrumis\u00eb. Megjithat\u00eb, ashtu si Buzuku shekuj m\u00eb par\u00eb, ai nuk pajtohet me k\u00ebt\u00eb gjendje, me p\u00ebrshkrimin dhe me \u201cvajtimin\u201d e saj. Sim\u00eb Dobreci \u00ebsht\u00eb krenar p\u00ebr t\u00eb par\u00ebt e tij dhe ka shpresa p\u00ebr t\u00eb ardhmen. Ka koh\u00eb q\u00eb p\u00ebrpiqet t\u00eb b\u00ebj\u00eb di\u00e7ka me vler\u00eb p\u00ebr brezat e kaluar, p\u00ebr brezin ton\u00eb dhe p\u00ebr brezat q\u00eb do vijn\u00eb. Ndon\u00ebse me nj\u00eb pesh\u00eb moshe mbi supe, Doktor Sima, pa ndjer lodhje dhe pa p\u00ebrfilluar asnj\u00eb penges\u00eb, ashtu si rilind\u00ebs i v\u00ebrtet\u00eb, q\u00ebmtoi dhe q\u00ebmton me akribi dhe me p\u00ebrkushtim p\u00ebr admirim vlera, fakte, ngjarje, personalitete\u2026, sidomos nga e kaluara e An\u00ebss\u00eb Sip\u00ebrme. I evidentoi ato me besnik\u00ebri e me korrektes\u00eb metodologjike dhe i publikoi n\u00eb revist\u00ebn \u201cBuzuku\u201d, n\u00eb gjuh\u00ebn e burimit t\u00eb tyre. Kur lexon njeriu materialet e tilla t\u00eb k\u00ebsaj reviste, natyrsh\u00ebm t\u00eb duket sikur je duke biseduar me Gjon Buzukun, apo me tez\u00ebn Tone! T\u00eb gjitha ato i shoq\u00ebroi dhe diokumentoi me t\u00eb dh\u00ebna t\u00eb nevojshme p\u00ebr burimet e tyre p\u00ebrkat\u00ebse. Doktor Sima, i mb\u00ebshtetur nga bashk\u00ebshortja e tij fisnike, zonja Lule, dhe me ndihm\u00ebn e vullnetmir\u00ebve t\u00eb tjer\u00eb, p\u00ebrpiqet me t\u00eb gjitha forcat dhe me mund\u00ebsit\u00eb q\u00eb ka n\u00eb dispozicion t\u00eb shp\u00ebtoj\u00eb at\u00eb q\u00eb mund t\u00eb shp\u00ebtohet nga pluhuri i harres\u00ebs, t\u00eb ringjall\u00eb at\u00eb q\u00eb mund t\u00eb ringjallet. Shum\u00eb nga p\u00ebrmbajtjet dhe ilustrimet e k\u00ebsaj reviste t\u00eb kujtojn\u00eb Kraj\u00ebn, sidomos Shestanin dhe shestanasit e hersh\u00ebm, t\u00eb shquar p\u00ebr vlera e v\u00ebrtyte t\u00eb larta njer\u00ebzore dhe komb\u00ebtare, pasardh\u00ebsit e t\u00eb cil\u00ebve, dheut dhe varreve t\u00eb t\u00eb par\u00ebve, fatkeq\u00ebsisht, u lan\u00eb lamtumir\u00ebn. O Zot, Shestani-pa shestanas! Kan\u00eb marr\u00eb bot\u00ebn n\u00eb sy!<\/p>\n<p>Koleksioni i 38 numrave t\u00eb revist\u00ebs \u201cBuzuku\u201d, t\u00eb botuar deri sot, \u00ebsht\u00eb nj\u00eb burim shum\u00eb i \u00e7muar, jo vet\u00ebm p\u00ebr kujtes\u00ebn at\u00ebrore dhe komb\u00ebtare, por edhe p\u00ebr studuesit e gjuh\u00ebs, historis\u00eb, etnografis\u00eb, folklorit etj., si t\u00eb k\u00ebtyre an\u00ebve, ashtu edhe n\u00eb shkall\u00eb komb\u00ebtare. Koleksioni i revist\u00ebs \u201cBuzuku\u201d \u00ebsht\u00eb nj\u00eb \u201cp\u00ebrmendore\u201d e t\u00eb par\u00ebve, por edhe nj\u00eb \u201carkiv\u00eb\u201d shum\u00eb e \u00e7muar, nj\u00ebkoh\u00ebsisht.<\/p>\n<p>Doktor Sima \u00ebsht\u00eb pjes\u00ebmarr\u00ebs aktiv edhe n\u00eb aktivitete t\u00eb tjera shoq\u00ebrore, shkencore dhe kulturore, q\u00eb lidhen me Shestanin, Kraj\u00ebn, An\u00ebn e Malit, Ulqinin, Tivarin etj., me t\u00eb tashmen dhe me t\u00eb kaluar\u00ebn e tyre. I vog\u00ebl me trup, por i madh me shpirt dhe me vep\u00ebr, Sim\u00eb Dobreci, ky pinjoll dinjitoz i Gjon Buzukut dhe i t\u00eb par\u00ebve t\u00eb tij, \u00ebsht\u00eb model p\u00ebr t\u2019u ndjekur nga intelektual\u00ebt dhe veprimtar\u00ebt tjer\u00eb t\u00eb k\u00ebtyre trevave t\u00eb Arb\u00ebris\u00eb etnike dhe m\u00eb gjer\u00eb. Personaliteti dhe vepra e prof. dr. Sim\u00eb Dobrecit t\u00eb b\u00ebjn\u00eb t\u00eb mendosh se k\u00ebto treva, n\u00eb t\u00eb gjitha koh\u00ebrat, kan\u00eb patur dhe do t\u00eb ken\u00eb bij\u00eb dhe bija q\u00eb e duan dhe punojn\u00eb p\u00ebr m\u00ebmetin, gjuh\u00ebn, kultur\u00ebn dhe Atdheun e vet. Ndon\u00ebse, shpesh eremit\u00eb, ata jan\u00eb njer\u00ebz me dinjitet dhe me integritet shembullor, ashtu si\u00e7 \u00ebsht\u00eb edhe prof. dr. Sim\u00eb Dobreci.<\/p>\n<p><strong>Koha Javore<\/strong><\/p>\n<p>&nbsp;<\/p>\n","protected":false},"excerpt":{"rendered":"<p>Portret i intelektualit Sim\u00eb Dobreci &#8211; Pinjolli atdhedash\u00ebs i Gjon Buzukut Nga Prof. dr. Hajrullah Koliqi Lexoj revist\u00ebn \u201cBuzuku\u201d dhe menj\u00ebher\u00eb \u201cfluturoj\u201d n\u00eb: Shestan, Brisk dhe n\u00eb fshatra t\u00eb tjera t\u00eb Kraj\u00ebs, n\u00eb Ulqin, Tivar, Shkod\u00ebr\u2026Udh\u00ebtoj n\u00eb koh\u00eb, n\u00eb shekuj. Kujtoj dhe bashk\u00ebjetoj me: zanat e Rumis\u00eb, baladat, k\u00ebng\u00ebt, vallet, historin\u00eb, krajatat, me fate njer\u00ebzish [&hellip;]<\/p>\n","protected":false},"author":1,"featured_media":0,"comment_status":"open","ping_status":"closed","sticky":false,"template":"","format":"standard","meta":{"spay_email":"","jetpack_publicize_message":"","jetpack_is_tweetstorm":false,"jetpack_publicize_feature_enabled":true},"categories":[14249],"tags":[16464,200],"jetpack_publicize_connections":[],"yoast_head":"<!-- This site is optimized with the Yoast SEO plugin v19.1 - https:\/\/yoast.com\/wordpress\/plugins\/seo\/ -->\n<title>Hajrullah Koliqi: Portret i intelektualit Sim\u00eb Dobreci - Lajme nga Ulqini<\/title>\n<meta name=\"description\" content=\"Portret i intelektualit Sim\u00eb Dobreci - Pinjolli atdhedash\u00ebs i Gjon Buzukut Nga Prof. dr. Hajrullah Koliqi Lexoj revist\u00ebn \u201cBuzuku\u201d dhe menj\u00ebher\u00eb \u201cfluturoj\u201d\" \/>\n<meta name=\"robots\" content=\"index, follow, max-snippet:-1, max-image-preview:large, max-video-preview:-1\" \/>\n<link rel=\"canonical\" href=\"https:\/\/www.visit-ulcinj.com\/blog\/2013\/03\/16\/hajrullah-koliqi-portret-i-intelektualit-sime-dobreci\/\" \/>\n<meta property=\"og:locale\" content=\"en_US\" \/>\n<meta property=\"og:type\" content=\"article\" \/>\n<meta property=\"og:title\" content=\"Hajrullah Koliqi: Portret i intelektualit Sim\u00eb Dobreci - Lajme nga Ulqini\" \/>\n<meta property=\"og:description\" content=\"Portret i intelektualit Sim\u00eb Dobreci - Pinjolli atdhedash\u00ebs i Gjon Buzukut Nga Prof. dr. Hajrullah Koliqi Lexoj revist\u00ebn \u201cBuzuku\u201d dhe menj\u00ebher\u00eb \u201cfluturoj\u201d\" \/>\n<meta property=\"og:url\" content=\"https:\/\/www.visit-ulcinj.com\/blog\/2013\/03\/16\/hajrullah-koliqi-portret-i-intelektualit-sime-dobreci\/\" \/>\n<meta property=\"og:site_name\" content=\"Lajme nga Ulqini\" \/>\n<meta property=\"article:published_time\" content=\"2013-03-15T23:18:54+00:00\" \/>\n<meta property=\"og:image\" content=\"http:\/\/www.visit-ulcinj.com\/blog\/wp-content\/uploads\/2013\/03\/Sime-Dobreci-foto.jpg\" \/>\n<meta name=\"twitter:label1\" content=\"Written by\" \/>\n\t<meta name=\"twitter:data1\" content=\"ulqini\" \/>\n\t<meta name=\"twitter:label2\" content=\"Est. reading time\" \/>\n\t<meta name=\"twitter:data2\" content=\"5 minutes\" \/>\n<script type=\"application\/ld+json\" class=\"yoast-schema-graph\">{\"@context\":\"https:\/\/schema.org\",\"@graph\":[{\"@type\":\"WebSite\",\"@id\":\"https:\/\/www.visit-ulcinj.com\/blog\/#website\",\"url\":\"https:\/\/www.visit-ulcinj.com\/blog\/\",\"name\":\"Lajme nga Ulqini\",\"description\":\"Lajme,Vijesti,Ulqini,Ulqin,Crna Gora,Mali i Zi\",\"potentialAction\":[{\"@type\":\"SearchAction\",\"target\":{\"@type\":\"EntryPoint\",\"urlTemplate\":\"https:\/\/www.visit-ulcinj.com\/blog\/?s={search_term_string}\"},\"query-input\":\"required name=search_term_string\"}],\"inLanguage\":\"en-US\"},{\"@type\":\"ImageObject\",\"inLanguage\":\"en-US\",\"@id\":\"https:\/\/www.visit-ulcinj.com\/blog\/2013\/03\/16\/hajrullah-koliqi-portret-i-intelektualit-sime-dobreci\/#primaryimage\",\"url\":\"https:\/\/www.visit-ulcinj.com\/blog\/wp-content\/uploads\/2013\/03\/Sime-Dobreci-foto.jpg\",\"contentUrl\":\"https:\/\/www.visit-ulcinj.com\/blog\/wp-content\/uploads\/2013\/03\/Sime-Dobreci-foto.jpg\",\"width\":799,\"height\":998},{\"@type\":\"WebPage\",\"@id\":\"https:\/\/www.visit-ulcinj.com\/blog\/2013\/03\/16\/hajrullah-koliqi-portret-i-intelektualit-sime-dobreci\/#webpage\",\"url\":\"https:\/\/www.visit-ulcinj.com\/blog\/2013\/03\/16\/hajrullah-koliqi-portret-i-intelektualit-sime-dobreci\/\",\"name\":\"Hajrullah Koliqi: Portret i intelektualit Sim\u00eb Dobreci - Lajme nga Ulqini\",\"isPartOf\":{\"@id\":\"https:\/\/www.visit-ulcinj.com\/blog\/#website\"},\"primaryImageOfPage\":{\"@id\":\"https:\/\/www.visit-ulcinj.com\/blog\/2013\/03\/16\/hajrullah-koliqi-portret-i-intelektualit-sime-dobreci\/#primaryimage\"},\"datePublished\":\"2013-03-15T23:18:54+00:00\",\"dateModified\":\"2013-03-15T23:18:54+00:00\",\"author\":{\"@id\":\"https:\/\/www.visit-ulcinj.com\/blog\/#\/schema\/person\/dcab619c614d3038751c63bc2aadc06d\"},\"description\":\"Portret i intelektualit Sim\u00eb Dobreci - Pinjolli atdhedash\u00ebs i Gjon Buzukut Nga Prof. dr. Hajrullah Koliqi Lexoj revist\u00ebn \u201cBuzuku\u201d dhe menj\u00ebher\u00eb \u201cfluturoj\u201d\",\"breadcrumb\":{\"@id\":\"https:\/\/www.visit-ulcinj.com\/blog\/2013\/03\/16\/hajrullah-koliqi-portret-i-intelektualit-sime-dobreci\/#breadcrumb\"},\"inLanguage\":\"en-US\",\"potentialAction\":[{\"@type\":\"ReadAction\",\"target\":[\"https:\/\/www.visit-ulcinj.com\/blog\/2013\/03\/16\/hajrullah-koliqi-portret-i-intelektualit-sime-dobreci\/\"]}]},{\"@type\":\"BreadcrumbList\",\"@id\":\"https:\/\/www.visit-ulcinj.com\/blog\/2013\/03\/16\/hajrullah-koliqi-portret-i-intelektualit-sime-dobreci\/#breadcrumb\",\"itemListElement\":[{\"@type\":\"ListItem\",\"position\":1,\"name\":\"Hajrullah Koliqi: Portret i intelektualit Sim\u00eb Dobreci\"}]},{\"@type\":\"Person\",\"@id\":\"https:\/\/www.visit-ulcinj.com\/blog\/#\/schema\/person\/dcab619c614d3038751c63bc2aadc06d\",\"name\":\"ulqini\",\"sameAs\":[\"http:\/\/www.visit-ulcinj.com\"],\"url\":\"https:\/\/www.visit-ulcinj.com\/blog\/author\/admin\/\"}]}<\/script>\n<!-- \/ Yoast SEO plugin. -->","yoast_head_json":{"title":"Hajrullah Koliqi: Portret i intelektualit Sim\u00eb Dobreci - Lajme nga Ulqini","description":"Portret i intelektualit Sim\u00eb Dobreci - Pinjolli atdhedash\u00ebs i Gjon Buzukut Nga Prof. dr. Hajrullah Koliqi Lexoj revist\u00ebn \u201cBuzuku\u201d dhe menj\u00ebher\u00eb \u201cfluturoj\u201d","robots":{"index":"index","follow":"follow","max-snippet":"max-snippet:-1","max-image-preview":"max-image-preview:large","max-video-preview":"max-video-preview:-1"},"canonical":"https:\/\/www.visit-ulcinj.com\/blog\/2013\/03\/16\/hajrullah-koliqi-portret-i-intelektualit-sime-dobreci\/","og_locale":"en_US","og_type":"article","og_title":"Hajrullah Koliqi: Portret i intelektualit Sim\u00eb Dobreci - Lajme nga Ulqini","og_description":"Portret i intelektualit Sim\u00eb Dobreci - Pinjolli atdhedash\u00ebs i Gjon Buzukut Nga Prof. dr. Hajrullah Koliqi Lexoj revist\u00ebn \u201cBuzuku\u201d dhe menj\u00ebher\u00eb \u201cfluturoj\u201d","og_url":"https:\/\/www.visit-ulcinj.com\/blog\/2013\/03\/16\/hajrullah-koliqi-portret-i-intelektualit-sime-dobreci\/","og_site_name":"Lajme nga Ulqini","article_published_time":"2013-03-15T23:18:54+00:00","og_image":[{"url":"http:\/\/www.visit-ulcinj.com\/blog\/wp-content\/uploads\/2013\/03\/Sime-Dobreci-foto.jpg"}],"twitter_misc":{"Written by":"ulqini","Est. reading time":"5 minutes"},"schema":{"@context":"https:\/\/schema.org","@graph":[{"@type":"WebSite","@id":"https:\/\/www.visit-ulcinj.com\/blog\/#website","url":"https:\/\/www.visit-ulcinj.com\/blog\/","name":"Lajme nga Ulqini","description":"Lajme,Vijesti,Ulqini,Ulqin,Crna Gora,Mali i Zi","potentialAction":[{"@type":"SearchAction","target":{"@type":"EntryPoint","urlTemplate":"https:\/\/www.visit-ulcinj.com\/blog\/?s={search_term_string}"},"query-input":"required name=search_term_string"}],"inLanguage":"en-US"},{"@type":"ImageObject","inLanguage":"en-US","@id":"https:\/\/www.visit-ulcinj.com\/blog\/2013\/03\/16\/hajrullah-koliqi-portret-i-intelektualit-sime-dobreci\/#primaryimage","url":"https:\/\/www.visit-ulcinj.com\/blog\/wp-content\/uploads\/2013\/03\/Sime-Dobreci-foto.jpg","contentUrl":"https:\/\/www.visit-ulcinj.com\/blog\/wp-content\/uploads\/2013\/03\/Sime-Dobreci-foto.jpg","width":799,"height":998},{"@type":"WebPage","@id":"https:\/\/www.visit-ulcinj.com\/blog\/2013\/03\/16\/hajrullah-koliqi-portret-i-intelektualit-sime-dobreci\/#webpage","url":"https:\/\/www.visit-ulcinj.com\/blog\/2013\/03\/16\/hajrullah-koliqi-portret-i-intelektualit-sime-dobreci\/","name":"Hajrullah Koliqi: Portret i intelektualit Sim\u00eb Dobreci - Lajme nga Ulqini","isPartOf":{"@id":"https:\/\/www.visit-ulcinj.com\/blog\/#website"},"primaryImageOfPage":{"@id":"https:\/\/www.visit-ulcinj.com\/blog\/2013\/03\/16\/hajrullah-koliqi-portret-i-intelektualit-sime-dobreci\/#primaryimage"},"datePublished":"2013-03-15T23:18:54+00:00","dateModified":"2013-03-15T23:18:54+00:00","author":{"@id":"https:\/\/www.visit-ulcinj.com\/blog\/#\/schema\/person\/dcab619c614d3038751c63bc2aadc06d"},"description":"Portret i intelektualit Sim\u00eb Dobreci - Pinjolli atdhedash\u00ebs i Gjon Buzukut Nga Prof. dr. Hajrullah Koliqi Lexoj revist\u00ebn \u201cBuzuku\u201d dhe menj\u00ebher\u00eb \u201cfluturoj\u201d","breadcrumb":{"@id":"https:\/\/www.visit-ulcinj.com\/blog\/2013\/03\/16\/hajrullah-koliqi-portret-i-intelektualit-sime-dobreci\/#breadcrumb"},"inLanguage":"en-US","potentialAction":[{"@type":"ReadAction","target":["https:\/\/www.visit-ulcinj.com\/blog\/2013\/03\/16\/hajrullah-koliqi-portret-i-intelektualit-sime-dobreci\/"]}]},{"@type":"BreadcrumbList","@id":"https:\/\/www.visit-ulcinj.com\/blog\/2013\/03\/16\/hajrullah-koliqi-portret-i-intelektualit-sime-dobreci\/#breadcrumb","itemListElement":[{"@type":"ListItem","position":1,"name":"Hajrullah Koliqi: Portret i intelektualit Sim\u00eb Dobreci"}]},{"@type":"Person","@id":"https:\/\/www.visit-ulcinj.com\/blog\/#\/schema\/person\/dcab619c614d3038751c63bc2aadc06d","name":"ulqini","sameAs":["http:\/\/www.visit-ulcinj.com"],"url":"https:\/\/www.visit-ulcinj.com\/blog\/author\/admin\/"}]}},"jetpack_featured_media_url":"","jetpack_sharing_enabled":true,"jetpack_shortlink":"https:\/\/wp.me\/pe6lTn-i6r","_links":{"self":[{"href":"https:\/\/www.visit-ulcinj.com\/blog\/wp-json\/wp\/v2\/posts\/69591"}],"collection":[{"href":"https:\/\/www.visit-ulcinj.com\/blog\/wp-json\/wp\/v2\/posts"}],"about":[{"href":"https:\/\/www.visit-ulcinj.com\/blog\/wp-json\/wp\/v2\/types\/post"}],"author":[{"embeddable":true,"href":"https:\/\/www.visit-ulcinj.com\/blog\/wp-json\/wp\/v2\/users\/1"}],"replies":[{"embeddable":true,"href":"https:\/\/www.visit-ulcinj.com\/blog\/wp-json\/wp\/v2\/comments?post=69591"}],"version-history":[{"count":1,"href":"https:\/\/www.visit-ulcinj.com\/blog\/wp-json\/wp\/v2\/posts\/69591\/revisions"}],"predecessor-version":[{"id":69594,"href":"https:\/\/www.visit-ulcinj.com\/blog\/wp-json\/wp\/v2\/posts\/69591\/revisions\/69594"}],"wp:attachment":[{"href":"https:\/\/www.visit-ulcinj.com\/blog\/wp-json\/wp\/v2\/media?parent=69591"}],"wp:term":[{"taxonomy":"category","embeddable":true,"href":"https:\/\/www.visit-ulcinj.com\/blog\/wp-json\/wp\/v2\/categories?post=69591"},{"taxonomy":"post_tag","embeddable":true,"href":"https:\/\/www.visit-ulcinj.com\/blog\/wp-json\/wp\/v2\/tags?post=69591"}],"curies":[{"name":"wp","href":"https:\/\/api.w.org\/{rel}","templated":true}]}}