{"id":69598,"date":"2013-03-16T00:37:21","date_gmt":"2013-03-15T23:37:21","guid":{"rendered":"http:\/\/www.visit-ulcinj.com\/blog\/?p=69598"},"modified":"2013-03-16T20:44:19","modified_gmt":"2013-03-16T19:44:19","slug":"shpifje-se-arnita-beqiraj-eshte-e-dashuruar-me-modelin-nga-ulqini","status":"publish","type":"post","link":"https:\/\/www.visit-ulcinj.com\/blog\/2013\/03\/16\/shpifje-se-arnita-beqiraj-eshte-e-dashuruar-me-modelin-nga-ulqini\/","title":{"rendered":"Shpifje se Arnita Beqiraj, eshte e dashuruar me modelin nga Ulqini + Foto"},"content":{"rendered":"<p><a href=\"http:\/\/www.visit-ulcinj.com\/blog\/wp-content\/uploads\/2013\/03\/Arnita-Beqiraj-Muho-Uruci.jpg\"><img loading=\"lazy\" class=\"alignleft  wp-image-69599\" alt=\"Arnita Beqiraj-Muho Uruci\" src=\"http:\/\/www.visit-ulcinj.com\/blog\/wp-content\/uploads\/2013\/03\/Arnita-Beqiraj-Muho-Uruci.jpg\" width=\"508\" height=\"600\" \/><\/a><strong>Simbas te interesuarit Muho R. Uru\u00e7i nga Ulqini k\u00ebto shkrime jo profesionale nga Gazeta Panorama dhe e percjellun ne mediat tjera t\u00eb shkruara jan vet\u00ebm shpifje dhe asgj\u00eb tjet\u00ebr.<\/strong><\/p>\n<p>Javen qe shkoi mediat shqiptare kane shkruar per, si thuhet, nje sherr qe ndodhi mes Arnita Beqirajt dhe Muho R. Uru\u00e7it, kinse te dy jan n\u00eb dashuri.<\/p>\n<p>Por,Muho R. Uru\u00e7i\u00a0 menjehere eshte prononcuar per media dhe i ka quajtur keto shkrime, thjeshte trillime dhe eshte ndjer jo mire per kete gje:<\/p>\n<p>\u201cJam ndier shume keq kur kam kuptuar se ka dale nje lajm i rrejshem per mua dhe Arnita Beqiraj. Ky eshte nje spekulim qe ka dale nga persona te pandergjegjshem te gazetaris\u00eb. Une kam reaguar edhe tek gazeta Panorama Plus, mirepo as ata nuk kishin njohuri nga eshte bere ky spekulim. Dhe ne fund kam kuptuar se kjo eshte vetem nje trillim. Une\u00a0Arnita Beqiraj e kam shoqe dhe mike te mire dhe asnjehere nuk\u00a0 kam pasur lidhje dashurie me Arnit\u00ebn&#8221;,shprehet modeli ulqinak Muho R. Uru\u00e7i.<\/p>\n<p><a href=\"https:\/\/www.facebook.com\/muho.uruci\/photos_stream\" target=\"_blank\"><strong>Foto Muho R. Uru\u00e7i Facebook<\/strong><\/a><\/p>\n<p><strong>Lajme nga Ulqini<\/strong><\/p>\n<p>Ai e quan \u201cmiss\u201d dhe ajo \u201cstar Hollivudi\u201d, duke shprehur k\u00ebshtu hapur afeksionin q\u00eb kan\u00eb p\u00ebr nj\u00ebri-tjetrin. 22- vje\u00e7arja nga Vlora, Arnita Beqiraj, ish- Miss Inteligjenca n\u00eb spektaklin e bukuris\u00eb s\u00eb Vera Grabock\u00ebs, \u201cMiss Albania 2010\u201d, aktualisht \u00ebsht\u00eb prezantuese e \u201cXtra Factor\u201d, nj\u00eb program i \u201cX Factor\u201d n\u00eb TV Klan. E p\u00ebrmendur si vajza e pasionuar pas politik\u00ebs, pasi u angazhua n\u00eb Aleanc\u00ebn Kuqezi, nd\u00ebrsa ndiqte studimet n\u00eb Fakultetin e Juridikut n\u00eb Universitetin Europian t\u00eb Tiran\u00ebs dhe po ashtu studimet p\u00ebr Psikologji n\u00eb Universitetin e Tiran\u00ebs, ajo tashm\u00eb i ka hyr\u00eb televizizionit n\u00eb stilin \u201ctalk show\u201d. Natyrisht q\u00eb dhe nga puna q\u00eb ka nuk i q\u00ebndron larg jet\u00ebs s\u00eb aktiviteteve, si jan\u00eb k\u00ebto foto t\u00eb shkrepura n\u00eb hapjen e nj\u00eb club-i n\u00eb Tiran\u00eb. Ky ka qen\u00eb rasti ku ajo ka pozuar me Muhon, nj\u00eb model simpatik nga Ulqini, t\u00eb cilin e kemi par\u00eb edhe si imazh i reklam\u00ebs \u201cDeka\u201d n\u00eb televizione. Mesa duket, n\u00eb nj\u00eb nga k\u00ebto angazhime t\u00eb tij n\u00eb Tiran\u00eb ai \u00ebsht\u00eb njohur me Arnit\u00ebn. Gjat\u00eb k\u00ebtyre viteve q\u00eb Arnita \u00ebsht\u00eb shpallur miss, \u00ebsht\u00eb p\u00ebrfolur vet\u00ebm nj\u00eb her\u00eb p\u00ebr lidhje me Lorik Can\u00ebn, histori p\u00ebr t\u00eb cil\u00ebn ajo nuk pranoi t\u00eb fliste asnj\u00ebher\u00eb.<\/p>\n<p><strong>Panorama \/ Bota Sot<\/strong><\/p>\n<p>&nbsp;<\/p>\n\n","protected":false},"excerpt":{"rendered":"<p>Simbas te interesuarit Muho R. Uru\u00e7i nga Ulqini k\u00ebto shkrime jo profesionale nga Gazeta Panorama dhe e percjellun ne mediat tjera t\u00eb shkruara jan vet\u00ebm shpifje dhe asgj\u00eb tjet\u00ebr. Javen qe shkoi mediat shqiptare kane shkruar per, si thuhet, nje sherr qe ndodhi mes Arnita Beqirajt dhe Muho R. Uru\u00e7it, kinse te dy jan n\u00eb [&hellip;]<\/p>\n","protected":false},"author":1,"featured_media":0,"comment_status":"open","ping_status":"closed","sticky":false,"template":"","format":"standard","meta":{"spay_email":"","jetpack_publicize_message":"","jetpack_is_tweetstorm":false,"jetpack_publicize_feature_enabled":true},"categories":[5,1],"tags":[21929,2306,3797,200,18],"jetpack_publicize_connections":[],"yoast_head":"<!-- This site is optimized with the Yoast SEO plugin v19.1 - https:\/\/yoast.com\/wordpress\/plugins\/seo\/ -->\n<title>Shpifje se Arnita Beqiraj, eshte e dashuruar me modelin nga Ulqini + Foto - Lajme nga Ulqini<\/title>\n<meta name=\"description\" content=\"Simbas te interesuarit Muho R. Uru\u00e7i nga Ulqini k\u00ebto shkrime jo profesionale nga Gazeta Panorama dhe e percjellun ne mediat tjera t\u00eb shkruara jan vet\u00ebm\" \/>\n<meta name=\"robots\" content=\"index, follow, max-snippet:-1, max-image-preview:large, max-video-preview:-1\" \/>\n<link rel=\"canonical\" href=\"https:\/\/www.visit-ulcinj.com\/blog\/2013\/03\/16\/shpifje-se-arnita-beqiraj-eshte-e-dashuruar-me-modelin-nga-ulqini\/\" \/>\n<meta property=\"og:locale\" content=\"en_US\" \/>\n<meta property=\"og:type\" content=\"article\" \/>\n<meta property=\"og:title\" content=\"Shpifje se Arnita Beqiraj, eshte e dashuruar me modelin nga Ulqini + Foto - Lajme nga Ulqini\" \/>\n<meta property=\"og:description\" content=\"Simbas te interesuarit Muho R. Uru\u00e7i nga Ulqini k\u00ebto shkrime jo profesionale nga Gazeta Panorama dhe e percjellun ne mediat tjera t\u00eb shkruara jan vet\u00ebm\" \/>\n<meta property=\"og:url\" content=\"https:\/\/www.visit-ulcinj.com\/blog\/2013\/03\/16\/shpifje-se-arnita-beqiraj-eshte-e-dashuruar-me-modelin-nga-ulqini\/\" \/>\n<meta property=\"og:site_name\" content=\"Lajme nga Ulqini\" \/>\n<meta property=\"article:published_time\" content=\"2013-03-15T23:37:21+00:00\" \/>\n<meta property=\"article:modified_time\" content=\"2013-03-16T19:44:19+00:00\" \/>\n<meta property=\"og:image\" content=\"https:\/\/www.visit-ulcinj.com\/blog\/wp-content\/uploads\/2013\/03\/Muho-R.-Uruci.7-150x150.jpg\" \/>\n<meta name=\"twitter:label1\" content=\"Written by\" \/>\n\t<meta name=\"twitter:data1\" content=\"ulqini\" \/>\n\t<meta name=\"twitter:label2\" content=\"Est. reading time\" \/>\n\t<meta name=\"twitter:data2\" content=\"2 minutes\" \/>\n<script type=\"application\/ld+json\" class=\"yoast-schema-graph\">{\"@context\":\"https:\/\/schema.org\",\"@graph\":[{\"@type\":\"WebSite\",\"@id\":\"https:\/\/www.visit-ulcinj.com\/blog\/#website\",\"url\":\"https:\/\/www.visit-ulcinj.com\/blog\/\",\"name\":\"Lajme nga Ulqini\",\"description\":\"Lajme,Vijesti,Ulqini,Ulqin,Crna Gora,Mali i Zi\",\"potentialAction\":[{\"@type\":\"SearchAction\",\"target\":{\"@type\":\"EntryPoint\",\"urlTemplate\":\"https:\/\/www.visit-ulcinj.com\/blog\/?s={search_term_string}\"},\"query-input\":\"required name=search_term_string\"}],\"inLanguage\":\"en-US\"},{\"@type\":\"ImageObject\",\"inLanguage\":\"en-US\",\"@id\":\"https:\/\/www.visit-ulcinj.com\/blog\/2013\/03\/16\/shpifje-se-arnita-beqiraj-eshte-e-dashuruar-me-modelin-nga-ulqini\/#primaryimage\",\"url\":\"http:\/\/www.visit-ulcinj.com\/blog\/wp-content\/uploads\/2013\/03\/Arnita-Beqiraj-Muho-Uruci.jpg\",\"contentUrl\":\"http:\/\/www.visit-ulcinj.com\/blog\/wp-content\/uploads\/2013\/03\/Arnita-Beqiraj-Muho-Uruci.jpg\"},{\"@type\":\"WebPage\",\"@id\":\"https:\/\/www.visit-ulcinj.com\/blog\/2013\/03\/16\/shpifje-se-arnita-beqiraj-eshte-e-dashuruar-me-modelin-nga-ulqini\/#webpage\",\"url\":\"https:\/\/www.visit-ulcinj.com\/blog\/2013\/03\/16\/shpifje-se-arnita-beqiraj-eshte-e-dashuruar-me-modelin-nga-ulqini\/\",\"name\":\"Shpifje se Arnita Beqiraj, eshte e dashuruar me modelin nga Ulqini + Foto - Lajme nga Ulqini\",\"isPartOf\":{\"@id\":\"https:\/\/www.visit-ulcinj.com\/blog\/#website\"},\"primaryImageOfPage\":{\"@id\":\"https:\/\/www.visit-ulcinj.com\/blog\/2013\/03\/16\/shpifje-se-arnita-beqiraj-eshte-e-dashuruar-me-modelin-nga-ulqini\/#primaryimage\"},\"datePublished\":\"2013-03-15T23:37:21+00:00\",\"dateModified\":\"2013-03-16T19:44:19+00:00\",\"author\":{\"@id\":\"https:\/\/www.visit-ulcinj.com\/blog\/#\/schema\/person\/dcab619c614d3038751c63bc2aadc06d\"},\"description\":\"Simbas te interesuarit Muho R. Uru\u00e7i nga Ulqini k\u00ebto shkrime jo profesionale nga Gazeta Panorama dhe e percjellun ne mediat tjera t\u00eb shkruara jan vet\u00ebm\",\"breadcrumb\":{\"@id\":\"https:\/\/www.visit-ulcinj.com\/blog\/2013\/03\/16\/shpifje-se-arnita-beqiraj-eshte-e-dashuruar-me-modelin-nga-ulqini\/#breadcrumb\"},\"inLanguage\":\"en-US\",\"potentialAction\":[{\"@type\":\"ReadAction\",\"target\":[\"https:\/\/www.visit-ulcinj.com\/blog\/2013\/03\/16\/shpifje-se-arnita-beqiraj-eshte-e-dashuruar-me-modelin-nga-ulqini\/\"]}]},{\"@type\":\"BreadcrumbList\",\"@id\":\"https:\/\/www.visit-ulcinj.com\/blog\/2013\/03\/16\/shpifje-se-arnita-beqiraj-eshte-e-dashuruar-me-modelin-nga-ulqini\/#breadcrumb\",\"itemListElement\":[{\"@type\":\"ListItem\",\"position\":1,\"name\":\"Shpifje se Arnita Beqiraj, eshte e dashuruar me modelin nga Ulqini + Foto\"}]},{\"@type\":\"Person\",\"@id\":\"https:\/\/www.visit-ulcinj.com\/blog\/#\/schema\/person\/dcab619c614d3038751c63bc2aadc06d\",\"name\":\"ulqini\",\"sameAs\":[\"http:\/\/www.visit-ulcinj.com\"],\"url\":\"https:\/\/www.visit-ulcinj.com\/blog\/author\/admin\/\"}]}<\/script>\n<!-- \/ Yoast SEO plugin. -->","yoast_head_json":{"title":"Shpifje se Arnita Beqiraj, eshte e dashuruar me modelin nga Ulqini + Foto - Lajme nga Ulqini","description":"Simbas te interesuarit Muho R. Uru\u00e7i nga Ulqini k\u00ebto shkrime jo profesionale nga Gazeta Panorama dhe e percjellun ne mediat tjera t\u00eb shkruara jan vet\u00ebm","robots":{"index":"index","follow":"follow","max-snippet":"max-snippet:-1","max-image-preview":"max-image-preview:large","max-video-preview":"max-video-preview:-1"},"canonical":"https:\/\/www.visit-ulcinj.com\/blog\/2013\/03\/16\/shpifje-se-arnita-beqiraj-eshte-e-dashuruar-me-modelin-nga-ulqini\/","og_locale":"en_US","og_type":"article","og_title":"Shpifje se Arnita Beqiraj, eshte e dashuruar me modelin nga Ulqini + Foto - Lajme nga Ulqini","og_description":"Simbas te interesuarit Muho R. Uru\u00e7i nga Ulqini k\u00ebto shkrime jo profesionale nga Gazeta Panorama dhe e percjellun ne mediat tjera t\u00eb shkruara jan vet\u00ebm","og_url":"https:\/\/www.visit-ulcinj.com\/blog\/2013\/03\/16\/shpifje-se-arnita-beqiraj-eshte-e-dashuruar-me-modelin-nga-ulqini\/","og_site_name":"Lajme nga Ulqini","article_published_time":"2013-03-15T23:37:21+00:00","article_modified_time":"2013-03-16T19:44:19+00:00","og_image":[{"url":"https:\/\/www.visit-ulcinj.com\/blog\/wp-content\/uploads\/2013\/03\/Muho-R.-Uruci.7-150x150.jpg"}],"twitter_misc":{"Written by":"ulqini","Est. reading time":"2 minutes"},"schema":{"@context":"https:\/\/schema.org","@graph":[{"@type":"WebSite","@id":"https:\/\/www.visit-ulcinj.com\/blog\/#website","url":"https:\/\/www.visit-ulcinj.com\/blog\/","name":"Lajme nga Ulqini","description":"Lajme,Vijesti,Ulqini,Ulqin,Crna Gora,Mali i Zi","potentialAction":[{"@type":"SearchAction","target":{"@type":"EntryPoint","urlTemplate":"https:\/\/www.visit-ulcinj.com\/blog\/?s={search_term_string}"},"query-input":"required name=search_term_string"}],"inLanguage":"en-US"},{"@type":"ImageObject","inLanguage":"en-US","@id":"https:\/\/www.visit-ulcinj.com\/blog\/2013\/03\/16\/shpifje-se-arnita-beqiraj-eshte-e-dashuruar-me-modelin-nga-ulqini\/#primaryimage","url":"http:\/\/www.visit-ulcinj.com\/blog\/wp-content\/uploads\/2013\/03\/Arnita-Beqiraj-Muho-Uruci.jpg","contentUrl":"http:\/\/www.visit-ulcinj.com\/blog\/wp-content\/uploads\/2013\/03\/Arnita-Beqiraj-Muho-Uruci.jpg"},{"@type":"WebPage","@id":"https:\/\/www.visit-ulcinj.com\/blog\/2013\/03\/16\/shpifje-se-arnita-beqiraj-eshte-e-dashuruar-me-modelin-nga-ulqini\/#webpage","url":"https:\/\/www.visit-ulcinj.com\/blog\/2013\/03\/16\/shpifje-se-arnita-beqiraj-eshte-e-dashuruar-me-modelin-nga-ulqini\/","name":"Shpifje se Arnita Beqiraj, eshte e dashuruar me modelin nga Ulqini + Foto - Lajme nga Ulqini","isPartOf":{"@id":"https:\/\/www.visit-ulcinj.com\/blog\/#website"},"primaryImageOfPage":{"@id":"https:\/\/www.visit-ulcinj.com\/blog\/2013\/03\/16\/shpifje-se-arnita-beqiraj-eshte-e-dashuruar-me-modelin-nga-ulqini\/#primaryimage"},"datePublished":"2013-03-15T23:37:21+00:00","dateModified":"2013-03-16T19:44:19+00:00","author":{"@id":"https:\/\/www.visit-ulcinj.com\/blog\/#\/schema\/person\/dcab619c614d3038751c63bc2aadc06d"},"description":"Simbas te interesuarit Muho R. Uru\u00e7i nga Ulqini k\u00ebto shkrime jo profesionale nga Gazeta Panorama dhe e percjellun ne mediat tjera t\u00eb shkruara jan vet\u00ebm","breadcrumb":{"@id":"https:\/\/www.visit-ulcinj.com\/blog\/2013\/03\/16\/shpifje-se-arnita-beqiraj-eshte-e-dashuruar-me-modelin-nga-ulqini\/#breadcrumb"},"inLanguage":"en-US","potentialAction":[{"@type":"ReadAction","target":["https:\/\/www.visit-ulcinj.com\/blog\/2013\/03\/16\/shpifje-se-arnita-beqiraj-eshte-e-dashuruar-me-modelin-nga-ulqini\/"]}]},{"@type":"BreadcrumbList","@id":"https:\/\/www.visit-ulcinj.com\/blog\/2013\/03\/16\/shpifje-se-arnita-beqiraj-eshte-e-dashuruar-me-modelin-nga-ulqini\/#breadcrumb","itemListElement":[{"@type":"ListItem","position":1,"name":"Shpifje se Arnita Beqiraj, eshte e dashuruar me modelin nga Ulqini + Foto"}]},{"@type":"Person","@id":"https:\/\/www.visit-ulcinj.com\/blog\/#\/schema\/person\/dcab619c614d3038751c63bc2aadc06d","name":"ulqini","sameAs":["http:\/\/www.visit-ulcinj.com"],"url":"https:\/\/www.visit-ulcinj.com\/blog\/author\/admin\/"}]}},"jetpack_featured_media_url":"","jetpack_sharing_enabled":true,"jetpack_shortlink":"https:\/\/wp.me\/pe6lTn-i6y","_links":{"self":[{"href":"https:\/\/www.visit-ulcinj.com\/blog\/wp-json\/wp\/v2\/posts\/69598"}],"collection":[{"href":"https:\/\/www.visit-ulcinj.com\/blog\/wp-json\/wp\/v2\/posts"}],"about":[{"href":"https:\/\/www.visit-ulcinj.com\/blog\/wp-json\/wp\/v2\/types\/post"}],"author":[{"embeddable":true,"href":"https:\/\/www.visit-ulcinj.com\/blog\/wp-json\/wp\/v2\/users\/1"}],"replies":[{"embeddable":true,"href":"https:\/\/www.visit-ulcinj.com\/blog\/wp-json\/wp\/v2\/comments?post=69598"}],"version-history":[{"count":16,"href":"https:\/\/www.visit-ulcinj.com\/blog\/wp-json\/wp\/v2\/posts\/69598\/revisions"}],"predecessor-version":[{"id":69700,"href":"https:\/\/www.visit-ulcinj.com\/blog\/wp-json\/wp\/v2\/posts\/69598\/revisions\/69700"}],"wp:attachment":[{"href":"https:\/\/www.visit-ulcinj.com\/blog\/wp-json\/wp\/v2\/media?parent=69598"}],"wp:term":[{"taxonomy":"category","embeddable":true,"href":"https:\/\/www.visit-ulcinj.com\/blog\/wp-json\/wp\/v2\/categories?post=69598"},{"taxonomy":"post_tag","embeddable":true,"href":"https:\/\/www.visit-ulcinj.com\/blog\/wp-json\/wp\/v2\/tags?post=69598"}],"curies":[{"name":"wp","href":"https:\/\/api.w.org\/{rel}","templated":true}]}}