{"id":69609,"date":"2013-03-16T08:03:55","date_gmt":"2013-03-16T07:03:55","guid":{"rendered":"http:\/\/www.visit-ulcinj.com\/blog\/?p=69609"},"modified":"2013-03-16T08:03:55","modified_gmt":"2013-03-16T07:03:55","slug":"elvana-perulje-atyre-qe-na-dhane-jete","status":"publish","type":"post","link":"https:\/\/www.visit-ulcinj.com\/blog\/2013\/03\/16\/elvana-perulje-atyre-qe-na-dhane-jete\/","title":{"rendered":"Elvana: P\u00ebrulje atyre q\u00eb na dhan\u00eb jet\u00eb!"},"content":{"rendered":"<div>\n<p><a href=\"http:\/\/www.visit-ulcinj.com\/blog\/wp-content\/uploads\/2013\/03\/elvanagjata.jpg\"><img loading=\"lazy\" class=\"alignleft  wp-image-69610\" alt=\"elvanagjata\" src=\"http:\/\/www.visit-ulcinj.com\/blog\/wp-content\/uploads\/2013\/03\/elvanagjata.jpg\" width=\"508\" height=\"356\" \/><\/a>K\u00ebng\u00ebtarja e suksesshme Elvana Gjata, me an\u00eb t\u00eb nj\u00eb statusi q\u00eb ka postuar n\u00eb profilin e saj n\u00eb \u201cFacebook\u201d ka b\u00ebr\u00eb nj\u00eb dedikim shum\u00eb t\u00eb ndjer\u00eb p\u00ebr prind\u00ebrit e saj.<\/p>\n<p>\u201cZgjedh ta ndaj me ju k\u00ebt\u00eb ndjesi timen shum\u00eb t\u00eb sinqert\u00eb\u2026 Ndonj\u00ebher\u00eb rutina, problemet dhe streset e pun\u00ebve ditore na b\u00ebjn\u00eb t\u00eb lem\u00eb pas dore disa nga gj\u00ebrat m\u00eb t\u00eb shtrenjta q\u00eb kemi n\u00eb jet\u00eb, duke harruar q\u00eb nuk jemi t\u00eb p\u00ebrjetsh\u00ebm&#8230; Ndaj kur u ktheva n\u00eb sht\u00ebpi, vrapova drejt prind\u00ebrve t\u00eb mi dhe me lot n\u00eb sy nisa t\u2019i puth e p\u00ebrqafoj pa pushim, duke fal\u00ebnderuar Zotin q\u00eb i kam n\u00eb jet\u00eb&#8230;<\/p>\n<p>Bekime, Mir\u00ebnjohje dhe P\u00ebrulje atyre q\u00eb na dhan\u00eb jet\u00eb!\u201d, ky \u00ebsht\u00eb statusi, i cili \u00e7do koment mbi t\u00eb do ta kishte t\u00eb tep\u00ebrt.<\/p>\n<p><strong>Zeri<br \/>\n<\/strong><\/p>\n<!--YouTube Error: bad URL entered-->\n<\/div>\n","protected":false},"excerpt":{"rendered":"<p>K\u00ebng\u00ebtarja e suksesshme Elvana Gjata, me an\u00eb t\u00eb nj\u00eb statusi q\u00eb ka postuar n\u00eb profilin e saj n\u00eb \u201cFacebook\u201d ka b\u00ebr\u00eb nj\u00eb dedikim shum\u00eb t\u00eb ndjer\u00eb p\u00ebr prind\u00ebrit e saj. \u201cZgjedh ta ndaj me ju k\u00ebt\u00eb ndjesi timen shum\u00eb t\u00eb sinqert\u00eb\u2026 Ndonj\u00ebher\u00eb rutina, problemet dhe streset e pun\u00ebve ditore na b\u00ebjn\u00eb t\u00eb lem\u00eb pas dore [&hellip;]<\/p>\n","protected":false},"author":1,"featured_media":0,"comment_status":"open","ping_status":"closed","sticky":false,"template":"","format":"standard","meta":{"spay_email":"","jetpack_publicize_message":"","jetpack_is_tweetstorm":false,"jetpack_publicize_feature_enabled":true},"categories":[1],"tags":[7760],"jetpack_publicize_connections":[],"yoast_head":"<!-- This site is optimized with the Yoast SEO plugin v19.1 - https:\/\/yoast.com\/wordpress\/plugins\/seo\/ -->\n<title>Elvana: P\u00ebrulje atyre q\u00eb na dhan\u00eb jet\u00eb! - Lajme nga Ulqini<\/title>\n<meta name=\"description\" content=\"K\u00ebng\u00ebtarja e suksesshme Elvana Gjata, me an\u00eb t\u00eb nj\u00eb statusi q\u00eb ka postuar n\u00eb profilin e saj n\u00eb \u201cFacebook\u201d ka b\u00ebr\u00eb nj\u00eb dedikim shum\u00eb t\u00eb ndjer\u00eb p\u00ebr\" \/>\n<meta name=\"robots\" content=\"index, follow, max-snippet:-1, max-image-preview:large, max-video-preview:-1\" \/>\n<link rel=\"canonical\" href=\"https:\/\/www.visit-ulcinj.com\/blog\/2013\/03\/16\/elvana-perulje-atyre-qe-na-dhane-jete\/\" \/>\n<meta property=\"og:locale\" content=\"en_US\" \/>\n<meta property=\"og:type\" content=\"article\" \/>\n<meta property=\"og:title\" content=\"Elvana: P\u00ebrulje atyre q\u00eb na dhan\u00eb jet\u00eb! - Lajme nga Ulqini\" \/>\n<meta property=\"og:description\" content=\"K\u00ebng\u00ebtarja e suksesshme Elvana Gjata, me an\u00eb t\u00eb nj\u00eb statusi q\u00eb ka postuar n\u00eb profilin e saj n\u00eb \u201cFacebook\u201d ka b\u00ebr\u00eb nj\u00eb dedikim shum\u00eb t\u00eb ndjer\u00eb p\u00ebr\" \/>\n<meta property=\"og:url\" content=\"https:\/\/www.visit-ulcinj.com\/blog\/2013\/03\/16\/elvana-perulje-atyre-qe-na-dhane-jete\/\" \/>\n<meta property=\"og:site_name\" content=\"Lajme nga Ulqini\" \/>\n<meta property=\"article:published_time\" content=\"2013-03-16T07:03:55+00:00\" \/>\n<meta property=\"og:image\" content=\"http:\/\/www.visit-ulcinj.com\/blog\/wp-content\/uploads\/2013\/03\/elvanagjata.jpg\" \/>\n<meta name=\"twitter:label1\" content=\"Written by\" \/>\n\t<meta name=\"twitter:data1\" content=\"ulqini\" \/>\n\t<meta name=\"twitter:label2\" content=\"Est. reading time\" \/>\n\t<meta name=\"twitter:data2\" content=\"1 minute\" \/>\n<script type=\"application\/ld+json\" class=\"yoast-schema-graph\">{\"@context\":\"https:\/\/schema.org\",\"@graph\":[{\"@type\":\"WebSite\",\"@id\":\"https:\/\/www.visit-ulcinj.com\/blog\/#website\",\"url\":\"https:\/\/www.visit-ulcinj.com\/blog\/\",\"name\":\"Lajme nga Ulqini\",\"description\":\"Lajme,Vijesti,Ulqini,Ulqin,Crna Gora,Mali i Zi\",\"potentialAction\":[{\"@type\":\"SearchAction\",\"target\":{\"@type\":\"EntryPoint\",\"urlTemplate\":\"https:\/\/www.visit-ulcinj.com\/blog\/?s={search_term_string}\"},\"query-input\":\"required name=search_term_string\"}],\"inLanguage\":\"en-US\"},{\"@type\":\"ImageObject\",\"inLanguage\":\"en-US\",\"@id\":\"https:\/\/www.visit-ulcinj.com\/blog\/2013\/03\/16\/elvana-perulje-atyre-qe-na-dhane-jete\/#primaryimage\",\"url\":\"http:\/\/www.visit-ulcinj.com\/blog\/wp-content\/uploads\/2013\/03\/elvanagjata.jpg\",\"contentUrl\":\"http:\/\/www.visit-ulcinj.com\/blog\/wp-content\/uploads\/2013\/03\/elvanagjata.jpg\"},{\"@type\":\"WebPage\",\"@id\":\"https:\/\/www.visit-ulcinj.com\/blog\/2013\/03\/16\/elvana-perulje-atyre-qe-na-dhane-jete\/#webpage\",\"url\":\"https:\/\/www.visit-ulcinj.com\/blog\/2013\/03\/16\/elvana-perulje-atyre-qe-na-dhane-jete\/\",\"name\":\"Elvana: P\u00ebrulje atyre q\u00eb na dhan\u00eb jet\u00eb! - Lajme nga Ulqini\",\"isPartOf\":{\"@id\":\"https:\/\/www.visit-ulcinj.com\/blog\/#website\"},\"primaryImageOfPage\":{\"@id\":\"https:\/\/www.visit-ulcinj.com\/blog\/2013\/03\/16\/elvana-perulje-atyre-qe-na-dhane-jete\/#primaryimage\"},\"datePublished\":\"2013-03-16T07:03:55+00:00\",\"dateModified\":\"2013-03-16T07:03:55+00:00\",\"author\":{\"@id\":\"https:\/\/www.visit-ulcinj.com\/blog\/#\/schema\/person\/dcab619c614d3038751c63bc2aadc06d\"},\"description\":\"K\u00ebng\u00ebtarja e suksesshme Elvana Gjata, me an\u00eb t\u00eb nj\u00eb statusi q\u00eb ka postuar n\u00eb profilin e saj n\u00eb \u201cFacebook\u201d ka b\u00ebr\u00eb nj\u00eb dedikim shum\u00eb t\u00eb ndjer\u00eb p\u00ebr\",\"breadcrumb\":{\"@id\":\"https:\/\/www.visit-ulcinj.com\/blog\/2013\/03\/16\/elvana-perulje-atyre-qe-na-dhane-jete\/#breadcrumb\"},\"inLanguage\":\"en-US\",\"potentialAction\":[{\"@type\":\"ReadAction\",\"target\":[\"https:\/\/www.visit-ulcinj.com\/blog\/2013\/03\/16\/elvana-perulje-atyre-qe-na-dhane-jete\/\"]}]},{\"@type\":\"BreadcrumbList\",\"@id\":\"https:\/\/www.visit-ulcinj.com\/blog\/2013\/03\/16\/elvana-perulje-atyre-qe-na-dhane-jete\/#breadcrumb\",\"itemListElement\":[{\"@type\":\"ListItem\",\"position\":1,\"name\":\"Elvana: P\u00ebrulje atyre q\u00eb na dhan\u00eb jet\u00eb!\"}]},{\"@type\":\"Person\",\"@id\":\"https:\/\/www.visit-ulcinj.com\/blog\/#\/schema\/person\/dcab619c614d3038751c63bc2aadc06d\",\"name\":\"ulqini\",\"sameAs\":[\"http:\/\/www.visit-ulcinj.com\"],\"url\":\"https:\/\/www.visit-ulcinj.com\/blog\/author\/admin\/\"}]}<\/script>\n<!-- \/ Yoast SEO plugin. -->","yoast_head_json":{"title":"Elvana: P\u00ebrulje atyre q\u00eb na dhan\u00eb jet\u00eb! - Lajme nga Ulqini","description":"K\u00ebng\u00ebtarja e suksesshme Elvana Gjata, me an\u00eb t\u00eb nj\u00eb statusi q\u00eb ka postuar n\u00eb profilin e saj n\u00eb \u201cFacebook\u201d ka b\u00ebr\u00eb nj\u00eb dedikim shum\u00eb t\u00eb ndjer\u00eb p\u00ebr","robots":{"index":"index","follow":"follow","max-snippet":"max-snippet:-1","max-image-preview":"max-image-preview:large","max-video-preview":"max-video-preview:-1"},"canonical":"https:\/\/www.visit-ulcinj.com\/blog\/2013\/03\/16\/elvana-perulje-atyre-qe-na-dhane-jete\/","og_locale":"en_US","og_type":"article","og_title":"Elvana: P\u00ebrulje atyre q\u00eb na dhan\u00eb jet\u00eb! - Lajme nga Ulqini","og_description":"K\u00ebng\u00ebtarja e suksesshme Elvana Gjata, me an\u00eb t\u00eb nj\u00eb statusi q\u00eb ka postuar n\u00eb profilin e saj n\u00eb \u201cFacebook\u201d ka b\u00ebr\u00eb nj\u00eb dedikim shum\u00eb t\u00eb ndjer\u00eb p\u00ebr","og_url":"https:\/\/www.visit-ulcinj.com\/blog\/2013\/03\/16\/elvana-perulje-atyre-qe-na-dhane-jete\/","og_site_name":"Lajme nga Ulqini","article_published_time":"2013-03-16T07:03:55+00:00","og_image":[{"url":"http:\/\/www.visit-ulcinj.com\/blog\/wp-content\/uploads\/2013\/03\/elvanagjata.jpg"}],"twitter_misc":{"Written by":"ulqini","Est. reading time":"1 minute"},"schema":{"@context":"https:\/\/schema.org","@graph":[{"@type":"WebSite","@id":"https:\/\/www.visit-ulcinj.com\/blog\/#website","url":"https:\/\/www.visit-ulcinj.com\/blog\/","name":"Lajme nga Ulqini","description":"Lajme,Vijesti,Ulqini,Ulqin,Crna Gora,Mali i Zi","potentialAction":[{"@type":"SearchAction","target":{"@type":"EntryPoint","urlTemplate":"https:\/\/www.visit-ulcinj.com\/blog\/?s={search_term_string}"},"query-input":"required name=search_term_string"}],"inLanguage":"en-US"},{"@type":"ImageObject","inLanguage":"en-US","@id":"https:\/\/www.visit-ulcinj.com\/blog\/2013\/03\/16\/elvana-perulje-atyre-qe-na-dhane-jete\/#primaryimage","url":"http:\/\/www.visit-ulcinj.com\/blog\/wp-content\/uploads\/2013\/03\/elvanagjata.jpg","contentUrl":"http:\/\/www.visit-ulcinj.com\/blog\/wp-content\/uploads\/2013\/03\/elvanagjata.jpg"},{"@type":"WebPage","@id":"https:\/\/www.visit-ulcinj.com\/blog\/2013\/03\/16\/elvana-perulje-atyre-qe-na-dhane-jete\/#webpage","url":"https:\/\/www.visit-ulcinj.com\/blog\/2013\/03\/16\/elvana-perulje-atyre-qe-na-dhane-jete\/","name":"Elvana: P\u00ebrulje atyre q\u00eb na dhan\u00eb jet\u00eb! - Lajme nga Ulqini","isPartOf":{"@id":"https:\/\/www.visit-ulcinj.com\/blog\/#website"},"primaryImageOfPage":{"@id":"https:\/\/www.visit-ulcinj.com\/blog\/2013\/03\/16\/elvana-perulje-atyre-qe-na-dhane-jete\/#primaryimage"},"datePublished":"2013-03-16T07:03:55+00:00","dateModified":"2013-03-16T07:03:55+00:00","author":{"@id":"https:\/\/www.visit-ulcinj.com\/blog\/#\/schema\/person\/dcab619c614d3038751c63bc2aadc06d"},"description":"K\u00ebng\u00ebtarja e suksesshme Elvana Gjata, me an\u00eb t\u00eb nj\u00eb statusi q\u00eb ka postuar n\u00eb profilin e saj n\u00eb \u201cFacebook\u201d ka b\u00ebr\u00eb nj\u00eb dedikim shum\u00eb t\u00eb ndjer\u00eb p\u00ebr","breadcrumb":{"@id":"https:\/\/www.visit-ulcinj.com\/blog\/2013\/03\/16\/elvana-perulje-atyre-qe-na-dhane-jete\/#breadcrumb"},"inLanguage":"en-US","potentialAction":[{"@type":"ReadAction","target":["https:\/\/www.visit-ulcinj.com\/blog\/2013\/03\/16\/elvana-perulje-atyre-qe-na-dhane-jete\/"]}]},{"@type":"BreadcrumbList","@id":"https:\/\/www.visit-ulcinj.com\/blog\/2013\/03\/16\/elvana-perulje-atyre-qe-na-dhane-jete\/#breadcrumb","itemListElement":[{"@type":"ListItem","position":1,"name":"Elvana: P\u00ebrulje atyre q\u00eb na dhan\u00eb jet\u00eb!"}]},{"@type":"Person","@id":"https:\/\/www.visit-ulcinj.com\/blog\/#\/schema\/person\/dcab619c614d3038751c63bc2aadc06d","name":"ulqini","sameAs":["http:\/\/www.visit-ulcinj.com"],"url":"https:\/\/www.visit-ulcinj.com\/blog\/author\/admin\/"}]}},"jetpack_featured_media_url":"","jetpack_sharing_enabled":true,"jetpack_shortlink":"https:\/\/wp.me\/pe6lTn-i6J","_links":{"self":[{"href":"https:\/\/www.visit-ulcinj.com\/blog\/wp-json\/wp\/v2\/posts\/69609"}],"collection":[{"href":"https:\/\/www.visit-ulcinj.com\/blog\/wp-json\/wp\/v2\/posts"}],"about":[{"href":"https:\/\/www.visit-ulcinj.com\/blog\/wp-json\/wp\/v2\/types\/post"}],"author":[{"embeddable":true,"href":"https:\/\/www.visit-ulcinj.com\/blog\/wp-json\/wp\/v2\/users\/1"}],"replies":[{"embeddable":true,"href":"https:\/\/www.visit-ulcinj.com\/blog\/wp-json\/wp\/v2\/comments?post=69609"}],"version-history":[{"count":1,"href":"https:\/\/www.visit-ulcinj.com\/blog\/wp-json\/wp\/v2\/posts\/69609\/revisions"}],"predecessor-version":[{"id":69611,"href":"https:\/\/www.visit-ulcinj.com\/blog\/wp-json\/wp\/v2\/posts\/69609\/revisions\/69611"}],"wp:attachment":[{"href":"https:\/\/www.visit-ulcinj.com\/blog\/wp-json\/wp\/v2\/media?parent=69609"}],"wp:term":[{"taxonomy":"category","embeddable":true,"href":"https:\/\/www.visit-ulcinj.com\/blog\/wp-json\/wp\/v2\/categories?post=69609"},{"taxonomy":"post_tag","embeddable":true,"href":"https:\/\/www.visit-ulcinj.com\/blog\/wp-json\/wp\/v2\/tags?post=69609"}],"curies":[{"name":"wp","href":"https:\/\/api.w.org\/{rel}","templated":true}]}}