{"id":69612,"date":"2013-03-16T08:09:20","date_gmt":"2013-03-16T07:09:20","guid":{"rendered":"http:\/\/www.visit-ulcinj.com\/blog\/?p=69612"},"modified":"2013-03-16T08:09:20","modified_gmt":"2013-03-16T07:09:20","slug":"sabri-fejzullahu-paralajmeron-nje-vere-te-nxehte","status":"publish","type":"post","link":"https:\/\/www.visit-ulcinj.com\/blog\/2013\/03\/16\/sabri-fejzullahu-paralajmeron-nje-vere-te-nxehte\/","title":{"rendered":"Sabri Fejzullahu paralajm\u00ebron nj\u00eb ver\u00eb t\u00eb nxeht\u00eb"},"content":{"rendered":"<p><a href=\"http:\/\/www.visit-ulcinj.com\/blog\/wp-content\/uploads\/2013\/03\/Sabri-Fejzullahu.jpg\"><img loading=\"lazy\" class=\"alignleft  wp-image-69613\" alt=\"Sabri Fejzullahu\" src=\"http:\/\/www.visit-ulcinj.com\/blog\/wp-content\/uploads\/2013\/03\/Sabri-Fejzullahu.jpg\" width=\"508\" height=\"360\" \/><\/a>I shum\u00ebk\u00ebrkuari Sabri Fejzullahu nuk ka t\u00eb ndalur me projektet e tij t\u00eb nj\u00ebpasnj\u00ebshme, ai na b\u00ebn t\u00eb ditur se aktualisht \u00ebsht\u00eb duke punuar n\u00eb albumin e tij t\u00eb ri, i cili pritet t\u00eb dal\u00eb n\u00eb muajin qershor.<\/p>\n<p>\u201cAlbumi do t\u2019i p\u00ebrmbaj\u00eb 10 k\u00ebng\u00eb, ku 6 prej tyre jan\u00eb t\u00eb p\u00ebrfunduara. Jam duke punuar mjaft shum\u00eb n\u00eb k\u00ebt\u00eb album dhe besoj se do t\u2019u sjell\u00eb nj\u00eb ver\u00eb t\u00eb nxeht\u00eb me k\u00ebng\u00ebt q\u00eb jemi duke i realizuar\u201d, ka th\u00ebn\u00eb ai p\u00ebr \u201cZ\u00ebri\u201d.<\/p>\n<p>N\u00eb k\u00ebt\u00eb album Sabriu do t\u00eb paraqitet edhe me nj\u00eb duet t\u00eb ri me k\u00ebng\u00ebtarin Mc Kresha me t\u00eb cilin ka realizuar k\u00ebng\u00ebn \u201cEdhe nj\u00eb ver\u00eb\u201d e cila do t\u2019i paraprij\u00eb k\u00ebtij albumi. N\u00eb k\u00ebt\u00eb album Sabriu \u00ebsht\u00eb duke punuar me Alban Fortun\u00ebn, Virusin, Flori Mumajesin, Fatmir Muj\u00ebn etj.. Sipas Sabriut albumi do t\u00eb dal\u00eb n\u00eb treg bashk\u00eb me dy videoklipe t\u00eb reja.<\/p>\n<p>K. B.<\/p>\n<!--YouTube Error: bad URL entered-->\n","protected":false},"excerpt":{"rendered":"<p>I shum\u00ebk\u00ebrkuari Sabri Fejzullahu nuk ka t\u00eb ndalur me projektet e tij t\u00eb nj\u00ebpasnj\u00ebshme, ai na b\u00ebn t\u00eb ditur se aktualisht \u00ebsht\u00eb duke punuar n\u00eb albumin e tij t\u00eb ri, i cili pritet t\u00eb dal\u00eb n\u00eb muajin qershor. \u201cAlbumi do t\u2019i p\u00ebrmbaj\u00eb 10 k\u00ebng\u00eb, ku 6 prej tyre jan\u00eb t\u00eb p\u00ebrfunduara. Jam duke punuar mjaft [&hellip;]<\/p>\n","protected":false},"author":1,"featured_media":0,"comment_status":"open","ping_status":"closed","sticky":false,"template":"","format":"standard","meta":{"spay_email":"","jetpack_publicize_message":"","jetpack_is_tweetstorm":false,"jetpack_publicize_feature_enabled":true},"categories":[1],"tags":[19677,19806,16036,8966,19514,19511,19459,19513,6693,4684,19460],"jetpack_publicize_connections":[],"yoast_head":"<!-- This site is optimized with the Yoast SEO plugin v19.1 - https:\/\/yoast.com\/wordpress\/plugins\/seo\/ -->\n<title>Sabri Fejzullahu paralajm\u00ebron nj\u00eb ver\u00eb t\u00eb nxeht\u00eb - Lajme nga Ulqini<\/title>\n<meta name=\"description\" content=\"I shum\u00ebk\u00ebrkuari Sabri Fejzullahu nuk ka t\u00eb ndalur me projektet e tij t\u00eb nj\u00ebpasnj\u00ebshme, ai na b\u00ebn t\u00eb ditur se aktualisht \u00ebsht\u00eb duke punuar n\u00eb albumin e tij\" \/>\n<meta name=\"robots\" content=\"index, follow, max-snippet:-1, max-image-preview:large, max-video-preview:-1\" \/>\n<link rel=\"canonical\" href=\"https:\/\/www.visit-ulcinj.com\/blog\/2013\/03\/16\/sabri-fejzullahu-paralajmeron-nje-vere-te-nxehte\/\" \/>\n<meta property=\"og:locale\" content=\"en_US\" \/>\n<meta property=\"og:type\" content=\"article\" \/>\n<meta property=\"og:title\" content=\"Sabri Fejzullahu paralajm\u00ebron nj\u00eb ver\u00eb t\u00eb nxeht\u00eb - Lajme nga Ulqini\" \/>\n<meta property=\"og:description\" content=\"I shum\u00ebk\u00ebrkuari Sabri Fejzullahu nuk ka t\u00eb ndalur me projektet e tij t\u00eb nj\u00ebpasnj\u00ebshme, ai na b\u00ebn t\u00eb ditur se aktualisht \u00ebsht\u00eb duke punuar n\u00eb albumin e tij\" \/>\n<meta property=\"og:url\" content=\"https:\/\/www.visit-ulcinj.com\/blog\/2013\/03\/16\/sabri-fejzullahu-paralajmeron-nje-vere-te-nxehte\/\" \/>\n<meta property=\"og:site_name\" content=\"Lajme nga Ulqini\" \/>\n<meta property=\"article:published_time\" content=\"2013-03-16T07:09:20+00:00\" \/>\n<meta property=\"og:image\" content=\"http:\/\/www.visit-ulcinj.com\/blog\/wp-content\/uploads\/2013\/03\/Sabri-Fejzullahu.jpg\" \/>\n<meta name=\"twitter:label1\" content=\"Written by\" \/>\n\t<meta name=\"twitter:data1\" content=\"ulqini\" \/>\n\t<meta name=\"twitter:label2\" content=\"Est. reading time\" \/>\n\t<meta name=\"twitter:data2\" content=\"1 minute\" \/>\n<script type=\"application\/ld+json\" class=\"yoast-schema-graph\">{\"@context\":\"https:\/\/schema.org\",\"@graph\":[{\"@type\":\"WebSite\",\"@id\":\"https:\/\/www.visit-ulcinj.com\/blog\/#website\",\"url\":\"https:\/\/www.visit-ulcinj.com\/blog\/\",\"name\":\"Lajme nga Ulqini\",\"description\":\"Lajme,Vijesti,Ulqini,Ulqin,Crna Gora,Mali i Zi\",\"potentialAction\":[{\"@type\":\"SearchAction\",\"target\":{\"@type\":\"EntryPoint\",\"urlTemplate\":\"https:\/\/www.visit-ulcinj.com\/blog\/?s={search_term_string}\"},\"query-input\":\"required name=search_term_string\"}],\"inLanguage\":\"en-US\"},{\"@type\":\"ImageObject\",\"inLanguage\":\"en-US\",\"@id\":\"https:\/\/www.visit-ulcinj.com\/blog\/2013\/03\/16\/sabri-fejzullahu-paralajmeron-nje-vere-te-nxehte\/#primaryimage\",\"url\":\"https:\/\/www.visit-ulcinj.com\/blog\/wp-content\/uploads\/2013\/03\/Sabri-Fejzullahu.jpg\",\"contentUrl\":\"https:\/\/www.visit-ulcinj.com\/blog\/wp-content\/uploads\/2013\/03\/Sabri-Fejzullahu.jpg\",\"width\":500,\"height\":434},{\"@type\":\"WebPage\",\"@id\":\"https:\/\/www.visit-ulcinj.com\/blog\/2013\/03\/16\/sabri-fejzullahu-paralajmeron-nje-vere-te-nxehte\/#webpage\",\"url\":\"https:\/\/www.visit-ulcinj.com\/blog\/2013\/03\/16\/sabri-fejzullahu-paralajmeron-nje-vere-te-nxehte\/\",\"name\":\"Sabri Fejzullahu paralajm\u00ebron nj\u00eb ver\u00eb t\u00eb nxeht\u00eb - Lajme nga Ulqini\",\"isPartOf\":{\"@id\":\"https:\/\/www.visit-ulcinj.com\/blog\/#website\"},\"primaryImageOfPage\":{\"@id\":\"https:\/\/www.visit-ulcinj.com\/blog\/2013\/03\/16\/sabri-fejzullahu-paralajmeron-nje-vere-te-nxehte\/#primaryimage\"},\"datePublished\":\"2013-03-16T07:09:20+00:00\",\"dateModified\":\"2013-03-16T07:09:20+00:00\",\"author\":{\"@id\":\"https:\/\/www.visit-ulcinj.com\/blog\/#\/schema\/person\/dcab619c614d3038751c63bc2aadc06d\"},\"description\":\"I shum\u00ebk\u00ebrkuari Sabri Fejzullahu nuk ka t\u00eb ndalur me projektet e tij t\u00eb nj\u00ebpasnj\u00ebshme, ai na b\u00ebn t\u00eb ditur se aktualisht \u00ebsht\u00eb duke punuar n\u00eb albumin e tij\",\"breadcrumb\":{\"@id\":\"https:\/\/www.visit-ulcinj.com\/blog\/2013\/03\/16\/sabri-fejzullahu-paralajmeron-nje-vere-te-nxehte\/#breadcrumb\"},\"inLanguage\":\"en-US\",\"potentialAction\":[{\"@type\":\"ReadAction\",\"target\":[\"https:\/\/www.visit-ulcinj.com\/blog\/2013\/03\/16\/sabri-fejzullahu-paralajmeron-nje-vere-te-nxehte\/\"]}]},{\"@type\":\"BreadcrumbList\",\"@id\":\"https:\/\/www.visit-ulcinj.com\/blog\/2013\/03\/16\/sabri-fejzullahu-paralajmeron-nje-vere-te-nxehte\/#breadcrumb\",\"itemListElement\":[{\"@type\":\"ListItem\",\"position\":1,\"name\":\"Sabri Fejzullahu paralajm\u00ebron nj\u00eb ver\u00eb t\u00eb nxeht\u00eb\"}]},{\"@type\":\"Person\",\"@id\":\"https:\/\/www.visit-ulcinj.com\/blog\/#\/schema\/person\/dcab619c614d3038751c63bc2aadc06d\",\"name\":\"ulqini\",\"sameAs\":[\"http:\/\/www.visit-ulcinj.com\"],\"url\":\"https:\/\/www.visit-ulcinj.com\/blog\/author\/admin\/\"}]}<\/script>\n<!-- \/ Yoast SEO plugin. -->","yoast_head_json":{"title":"Sabri Fejzullahu paralajm\u00ebron nj\u00eb ver\u00eb t\u00eb nxeht\u00eb - Lajme nga Ulqini","description":"I shum\u00ebk\u00ebrkuari Sabri Fejzullahu nuk ka t\u00eb ndalur me projektet e tij t\u00eb nj\u00ebpasnj\u00ebshme, ai na b\u00ebn t\u00eb ditur se aktualisht \u00ebsht\u00eb duke punuar n\u00eb albumin e tij","robots":{"index":"index","follow":"follow","max-snippet":"max-snippet:-1","max-image-preview":"max-image-preview:large","max-video-preview":"max-video-preview:-1"},"canonical":"https:\/\/www.visit-ulcinj.com\/blog\/2013\/03\/16\/sabri-fejzullahu-paralajmeron-nje-vere-te-nxehte\/","og_locale":"en_US","og_type":"article","og_title":"Sabri Fejzullahu paralajm\u00ebron nj\u00eb ver\u00eb t\u00eb nxeht\u00eb - Lajme nga Ulqini","og_description":"I shum\u00ebk\u00ebrkuari Sabri Fejzullahu nuk ka t\u00eb ndalur me projektet e tij t\u00eb nj\u00ebpasnj\u00ebshme, ai na b\u00ebn t\u00eb ditur se aktualisht \u00ebsht\u00eb duke punuar n\u00eb albumin e tij","og_url":"https:\/\/www.visit-ulcinj.com\/blog\/2013\/03\/16\/sabri-fejzullahu-paralajmeron-nje-vere-te-nxehte\/","og_site_name":"Lajme nga Ulqini","article_published_time":"2013-03-16T07:09:20+00:00","og_image":[{"url":"http:\/\/www.visit-ulcinj.com\/blog\/wp-content\/uploads\/2013\/03\/Sabri-Fejzullahu.jpg"}],"twitter_misc":{"Written by":"ulqini","Est. reading time":"1 minute"},"schema":{"@context":"https:\/\/schema.org","@graph":[{"@type":"WebSite","@id":"https:\/\/www.visit-ulcinj.com\/blog\/#website","url":"https:\/\/www.visit-ulcinj.com\/blog\/","name":"Lajme nga Ulqini","description":"Lajme,Vijesti,Ulqini,Ulqin,Crna Gora,Mali i Zi","potentialAction":[{"@type":"SearchAction","target":{"@type":"EntryPoint","urlTemplate":"https:\/\/www.visit-ulcinj.com\/blog\/?s={search_term_string}"},"query-input":"required name=search_term_string"}],"inLanguage":"en-US"},{"@type":"ImageObject","inLanguage":"en-US","@id":"https:\/\/www.visit-ulcinj.com\/blog\/2013\/03\/16\/sabri-fejzullahu-paralajmeron-nje-vere-te-nxehte\/#primaryimage","url":"https:\/\/www.visit-ulcinj.com\/blog\/wp-content\/uploads\/2013\/03\/Sabri-Fejzullahu.jpg","contentUrl":"https:\/\/www.visit-ulcinj.com\/blog\/wp-content\/uploads\/2013\/03\/Sabri-Fejzullahu.jpg","width":500,"height":434},{"@type":"WebPage","@id":"https:\/\/www.visit-ulcinj.com\/blog\/2013\/03\/16\/sabri-fejzullahu-paralajmeron-nje-vere-te-nxehte\/#webpage","url":"https:\/\/www.visit-ulcinj.com\/blog\/2013\/03\/16\/sabri-fejzullahu-paralajmeron-nje-vere-te-nxehte\/","name":"Sabri Fejzullahu paralajm\u00ebron nj\u00eb ver\u00eb t\u00eb nxeht\u00eb - Lajme nga Ulqini","isPartOf":{"@id":"https:\/\/www.visit-ulcinj.com\/blog\/#website"},"primaryImageOfPage":{"@id":"https:\/\/www.visit-ulcinj.com\/blog\/2013\/03\/16\/sabri-fejzullahu-paralajmeron-nje-vere-te-nxehte\/#primaryimage"},"datePublished":"2013-03-16T07:09:20+00:00","dateModified":"2013-03-16T07:09:20+00:00","author":{"@id":"https:\/\/www.visit-ulcinj.com\/blog\/#\/schema\/person\/dcab619c614d3038751c63bc2aadc06d"},"description":"I shum\u00ebk\u00ebrkuari Sabri Fejzullahu nuk ka t\u00eb ndalur me projektet e tij t\u00eb nj\u00ebpasnj\u00ebshme, ai na b\u00ebn t\u00eb ditur se aktualisht \u00ebsht\u00eb duke punuar n\u00eb albumin e tij","breadcrumb":{"@id":"https:\/\/www.visit-ulcinj.com\/blog\/2013\/03\/16\/sabri-fejzullahu-paralajmeron-nje-vere-te-nxehte\/#breadcrumb"},"inLanguage":"en-US","potentialAction":[{"@type":"ReadAction","target":["https:\/\/www.visit-ulcinj.com\/blog\/2013\/03\/16\/sabri-fejzullahu-paralajmeron-nje-vere-te-nxehte\/"]}]},{"@type":"BreadcrumbList","@id":"https:\/\/www.visit-ulcinj.com\/blog\/2013\/03\/16\/sabri-fejzullahu-paralajmeron-nje-vere-te-nxehte\/#breadcrumb","itemListElement":[{"@type":"ListItem","position":1,"name":"Sabri Fejzullahu paralajm\u00ebron nj\u00eb ver\u00eb t\u00eb nxeht\u00eb"}]},{"@type":"Person","@id":"https:\/\/www.visit-ulcinj.com\/blog\/#\/schema\/person\/dcab619c614d3038751c63bc2aadc06d","name":"ulqini","sameAs":["http:\/\/www.visit-ulcinj.com"],"url":"https:\/\/www.visit-ulcinj.com\/blog\/author\/admin\/"}]}},"jetpack_featured_media_url":"","jetpack_sharing_enabled":true,"jetpack_shortlink":"https:\/\/wp.me\/pe6lTn-i6M","_links":{"self":[{"href":"https:\/\/www.visit-ulcinj.com\/blog\/wp-json\/wp\/v2\/posts\/69612"}],"collection":[{"href":"https:\/\/www.visit-ulcinj.com\/blog\/wp-json\/wp\/v2\/posts"}],"about":[{"href":"https:\/\/www.visit-ulcinj.com\/blog\/wp-json\/wp\/v2\/types\/post"}],"author":[{"embeddable":true,"href":"https:\/\/www.visit-ulcinj.com\/blog\/wp-json\/wp\/v2\/users\/1"}],"replies":[{"embeddable":true,"href":"https:\/\/www.visit-ulcinj.com\/blog\/wp-json\/wp\/v2\/comments?post=69612"}],"version-history":[{"count":1,"href":"https:\/\/www.visit-ulcinj.com\/blog\/wp-json\/wp\/v2\/posts\/69612\/revisions"}],"predecessor-version":[{"id":69614,"href":"https:\/\/www.visit-ulcinj.com\/blog\/wp-json\/wp\/v2\/posts\/69612\/revisions\/69614"}],"wp:attachment":[{"href":"https:\/\/www.visit-ulcinj.com\/blog\/wp-json\/wp\/v2\/media?parent=69612"}],"wp:term":[{"taxonomy":"category","embeddable":true,"href":"https:\/\/www.visit-ulcinj.com\/blog\/wp-json\/wp\/v2\/categories?post=69612"},{"taxonomy":"post_tag","embeddable":true,"href":"https:\/\/www.visit-ulcinj.com\/blog\/wp-json\/wp\/v2\/tags?post=69612"}],"curies":[{"name":"wp","href":"https:\/\/api.w.org\/{rel}","templated":true}]}}